{"id":15882,"date":"2017-04-03T13:11:20","date_gmt":"2017-04-03T13:11:20","guid":{"rendered":"http:\/\/www.psol50.org.br\/?p=15882"},"modified":"2017-04-03T13:11:20","modified_gmt":"2017-04-03T13:11:20","slug":"temer-ignora-clamor-das-ruas-e-sanciona-terceirizacao-ampla-e-irrestrita","status":"publish","type":"post","link":"https:\/\/psol50.org.br\/temer-ignora-clamor-das-ruas-e-sanciona-terceirizacao-ampla-e-irrestrita\/","title":{"rendered":"Temer ignora clamor das ruas e sanciona terceiriza\u00e7\u00e3o ampla e irrestrita"},"content":{"rendered":"<p>Mesmo com toda encena\u00e7\u00e3o de parte da base de apoio do governo, incluindo a bancada do PMDB no Senado, e com os protestos que tomaram conta do pa\u00eds na \u00faltima sexta-feira (31\/03), o presidente Michel Temer sancionou, nesse mesmo dia, a lei que trata da terceiriza\u00e7\u00e3o ampla e irrestrita, prevista no Projeto de Lei n\u00ba 4302\/1998 inclu\u00eddo da &#8220;noite para o dia&#8221; na pauta de vota\u00e7\u00e3o da C\u00e2mara pelo presidente Rodrigo Maia (DEM-RJ) e aprovado no dia 22 de mar\u00e7o. Na ocasi\u00e3o, toda a bancada do PSOL votou contra.<\/p>\n<p>Embora tenha vetado tr\u00eas dispositivos, o governo manteve o cerne da proposta, que \u00e9 a possibilidade da terceiriza\u00e7\u00e3o nas \u00e1reas fins de uma empresa, incluindo no servi\u00e7o p\u00fablico. Foram vetados o par\u00e1grafo 3\u00ba, do Artigo 10 &#8211; que previa a possibilidade de prorroga\u00e7\u00e3o do prazo de 270 dias dos contratos tempor\u00e1rios ou de experi\u00eancia -, e os artigos 11 e 12 \u2013 que repetiam itens que j\u00e1 est\u00e3o no Artigo 7 da Constitui\u00e7\u00e3o Federal. Um desse itens vetados assegurava ao trabalhador tempor\u00e1rio sal\u00e1rio, jornada e prote\u00e7\u00e3o previdenci\u00e1ria e contra acidentes equivalentes ao de pessoas que trabalham na mesma fun\u00e7\u00e3o ou cargo da empresa contratante.<\/p>\n<p>Com receio de que as press\u00f5es aumentassem, Temer decidiu antecipar a san\u00e7\u00e3o da lei, prevista inicialmente para o dia 12 de abril em um evento no Pal\u00e1cio do Planalto, com a presen\u00e7a de parlamentares e empres\u00e1rios.<\/p>\n<p>O an\u00fancio da san\u00e7\u00e3o aconteceu no mesmo dia em que movimentos sociais e entidades sindicais promoveram protestos\u00a0em 23 estados e no Distrito Federal, contra as reformas da Previd\u00eancia e trabalhista propostas pelo governo Temer e tamb\u00e9m contra a lei da terceiriza\u00e7\u00e3o aprovada pela C\u00e2mara. Coincidiu tamb\u00e9m com a divulga\u00e7\u00e3o de uma <a href=\"http:\/\/www.psol50.org.br\/blog\/2017\/03\/31\/ibope-55-acham-temer-ruim-ou-pessimo-aprovacao-desaba-para-10\/\" target=\"_blank\" rel=\"noopener\"><strong><span style=\"color: #0000ff;\">pesquisa Ibope que revelou que apenas 10% da popula\u00e7\u00e3o aprova o atual governo<\/span><\/strong><\/a>.<\/p>\n<p>Na quarta-feira (29), nove senadores do PMDB assinaram uma carta pedindo que Temer n\u00e3o sancionasse o texto como foi aprovado pela C\u00e2mara dos Deputados.<\/p>\n<p><strong>PSOL aciona STF<\/strong><br \/>\nCom o objetivo de impedir a san\u00e7\u00e3o da nova lei, o PSOL protocolou no dia 29 de mar\u00e7o, no Supremo Tribunal Federal (STF), o <a href=\"http:\/\/www.psol50.org.br\/blog\/2017\/03\/30\/psol-entra-com-acao-no-stf-para-reverter-terceirizacao-aprovada-por-temer-e-maia\/\" target=\"_blank\" rel=\"noopener\"><strong><span style=\"color: #0000ff;\">Mandado de Seguran\u00e7a n\u00ba 14.848\/2017<\/span><\/strong><\/a> para que fosse considerada ilegal a decis\u00e3o do presidente da C\u00e2mara, Rodrigo Maia (DEM-RJ), de anular o parecer da Comiss\u00e3o de Trabalho, Administra\u00e7\u00e3o e Servi\u00e7o P\u00fablico (CTASP) sobre o Projeto de Lei n\u00ba 4302\/2016. A proposta foi aprovada ap\u00f3s ficar paralisada cerca de 15 anos na Casa, uma vez que em 2000 foi aprovada pelo Senado e em 2002 retornou para a C\u00e2mara para que nos deputados analisassem as altera\u00e7\u00f5es feitas naquela Casa. Desde ent\u00e3o, a mat\u00e9ria, apresentada ainda pelo governo de Fernando Henrique Cardoso, em 1998, n\u00e3o \u201candava\u201d.<\/p>\n<p>O mandado tinha um pedido de urg\u00eancia para impedir a tramita\u00e7\u00e3o do PL4302\/1998 e, consequentemente, inviabilizar a san\u00e7\u00e3o presidencial, at\u00e9 que o v\u00edcio no processo legislativo seja corrigido. Para os deputados do PSOL, Rodrigo Maia agiu arbitrariamente, em decis\u00e3o monocr\u00e1tica, ao anular o parecer j\u00e1 aprovado pela Comiss\u00e3o de Trabalho para obter o resultado que o governo desejava.<\/p>\n<p>Temer ignorou a press\u00e3o das ruas e sancionou mais uma mat\u00e9ria que retira direitos da classe trabalhadora. E a a\u00e7\u00e3o foi no mesmo dia em que milhares foram \u00e0s ruas, protestar contra a terceiriza\u00e7\u00e3o e as reformas previdenci\u00e1ria e trabalhista. Mais do que nunca a greve geral, marcada para o dia 28 de abril, faz-se necess\u00e1ria e deve ter a ades\u00e3o de todas as categorias, dos setores p\u00fablico e privado. Com uma mobiliza\u00e7\u00e3o intensa, ainda ser\u00e1 poss\u00edvel barrar os novos\u00a0ataques do governo ileg\u00edtimo.<\/p>\n","protected":false},"excerpt":{"rendered":"<p>Mesmo com toda encena\u00e7\u00e3o de parte da base de apoio do governo, incluindo a bancada do PMDB no Senado, e com os protestos que tomaram conta do pa\u00eds na \u00faltima sexta-feira (31\/03), o presidente Michel Temer sancionou, nesse mesmo dia, a lei que trata da terceiriza\u00e7\u00e3o ampla e irrestrita, prevista no Projeto de Lei n\u00ba [&hellip;]<\/p>\n","protected":false},"author":2,"featured_media":15281,"comment_status":"open","ping_status":"open","sticky":false,"template":"","format":"standard","meta":{"_acf_changed":false,"footnotes":""},"categories":[1882,6],"tags":[704,406,13,1748,3029,116,3030,2949],"class_list":{"0":"post-15882","1":"post","2":"type-post","3":"status-publish","4":"format-standard","5":"has-post-thumbnail","7":"category-brasil","8":"category-noticias","9":"tag-ameacas","10":"tag-direitos","11":"tag-lei","12":"tag-michel-temer","13":"tag-pl-4302","14":"tag-protestos","15":"tag-sancao","16":"tag-terceirizacao"},"acf":[],"yoast_head":"<!-- This site is optimized with the Yoast SEO plugin v26.5 - https:\/\/yoast.com\/wordpress\/plugins\/seo\/ -->\n<title>Temer ignora clamor das ruas e sanciona terceiriza\u00e7\u00e3o ampla e irrestrita - PSOL 50<\/title>\n<meta name=\"robots\" content=\"index, follow, max-snippet:-1, max-image-preview:large, max-video-preview:-1\" \/>\n<link rel=\"canonical\" href=\"https:\/\/psol50.org.br\/temer-ignora-clamor-das-ruas-e-sanciona-terceirizacao-ampla-e-irrestrita\/\" \/>\n<meta property=\"og:locale\" content=\"pt_BR\" \/>\n<meta property=\"og:type\" content=\"article\" \/>\n<meta property=\"og:title\" content=\"Temer ignora clamor das ruas e sanciona terceiriza\u00e7\u00e3o ampla e irrestrita - PSOL 50\" \/>\n<meta property=\"og:description\" content=\"Mesmo com toda encena\u00e7\u00e3o de parte da base de apoio do governo, incluindo a bancada do PMDB no Senado, e com os protestos que tomaram conta do pa\u00eds na \u00faltima sexta-feira (31\/03), o presidente Michel Temer sancionou, nesse mesmo dia, a lei que trata da terceiriza\u00e7\u00e3o ampla e irrestrita, prevista no Projeto de Lei n\u00ba [&hellip;]\" \/>\n<meta property=\"og:url\" content=\"https:\/\/psol50.org.br\/temer-ignora-clamor-das-ruas-e-sanciona-terceirizacao-ampla-e-irrestrita\/\" \/>\n<meta property=\"og:site_name\" content=\"PSOL 50\" \/>\n<meta property=\"article:publisher\" content=\"https:\/\/www.facebook.com\/psol50\" \/>\n<meta property=\"article:published_time\" content=\"2017-04-03T13:11:20+00:00\" \/>\n<meta property=\"og:image\" content=\"https:\/\/psol50.org.br\/inc\/uploads\/2018\/07\/capa.png\" \/>\n\t<meta property=\"og:image:width\" content=\"1350\" \/>\n\t<meta property=\"og:image:height\" content=\"900\" \/>\n\t<meta property=\"og:image:type\" content=\"image\/png\" \/>\n<meta name=\"author\" content=\"Comunica\u00e7\u00e3o PSOL\" \/>\n<meta name=\"twitter:card\" content=\"summary_large_image\" \/>\n<meta name=\"twitter:creator\" content=\"@psol50\" \/>\n<meta name=\"twitter:site\" content=\"@psol50\" \/>\n<meta name=\"twitter:label1\" content=\"Escrito por\" \/>\n\t<meta name=\"twitter:data1\" content=\"Comunica\u00e7\u00e3o PSOL\" \/>\n\t<meta name=\"twitter:label2\" content=\"Est. tempo de leitura\" \/>\n\t<meta name=\"twitter:data2\" content=\"3 minutos\" \/>\n<script type=\"application\/ld+json\" class=\"yoast-schema-graph\">{\"@context\":\"https:\/\/schema.org\",\"@graph\":[{\"@type\":\"Article\",\"@id\":\"https:\/\/psol50.org.br\/temer-ignora-clamor-das-ruas-e-sanciona-terceirizacao-ampla-e-irrestrita\/#article\",\"isPartOf\":{\"@id\":\"https:\/\/psol50.org.br\/temer-ignora-clamor-das-ruas-e-sanciona-terceirizacao-ampla-e-irrestrita\/\"},\"author\":{\"name\":\"Comunica\u00e7\u00e3o PSOL\",\"@id\":\"https:\/\/psol50.org.br\/#\/schema\/person\/475dfa57d0b815993c714c2e96491fcd\"},\"headline\":\"Temer ignora clamor das ruas e sanciona terceiriza\u00e7\u00e3o ampla e irrestrita\",\"datePublished\":\"2017-04-03T13:11:20+00:00\",\"mainEntityOfPage\":{\"@id\":\"https:\/\/psol50.org.br\/temer-ignora-clamor-das-ruas-e-sanciona-terceirizacao-ampla-e-irrestrita\/\"},\"wordCount\":642,\"commentCount\":0,\"publisher\":{\"@id\":\"https:\/\/psol50.org.br\/#organization\"},\"image\":{\"@id\":\"https:\/\/psol50.org.br\/temer-ignora-clamor-das-ruas-e-sanciona-terceirizacao-ampla-e-irrestrita\/#primaryimage\"},\"thumbnailUrl\":\"\",\"keywords\":[\"amea\u00e7as\",\"direitos\",\"lei\",\"Michel Temer\",\"PL 4302\",\"protestos\",\"san\u00e7\u00e3o\",\"terceiriza\u00e7\u00e3o\"],\"articleSection\":[\"Brasil\",\"Not\u00edcias\"],\"inLanguage\":\"pt-BR\",\"potentialAction\":[{\"@type\":\"CommentAction\",\"name\":\"Comment\",\"target\":[\"https:\/\/psol50.org.br\/temer-ignora-clamor-das-ruas-e-sanciona-terceirizacao-ampla-e-irrestrita\/#respond\"]}]},{\"@type\":\"WebPage\",\"@id\":\"https:\/\/psol50.org.br\/temer-ignora-clamor-das-ruas-e-sanciona-terceirizacao-ampla-e-irrestrita\/\",\"url\":\"https:\/\/psol50.org.br\/temer-ignora-clamor-das-ruas-e-sanciona-terceirizacao-ampla-e-irrestrita\/\",\"name\":\"Temer ignora clamor das ruas e sanciona terceiriza\u00e7\u00e3o ampla e irrestrita - PSOL 50\",\"isPartOf\":{\"@id\":\"https:\/\/psol50.org.br\/#website\"},\"primaryImageOfPage\":{\"@id\":\"https:\/\/psol50.org.br\/temer-ignora-clamor-das-ruas-e-sanciona-terceirizacao-ampla-e-irrestrita\/#primaryimage\"},\"image\":{\"@id\":\"https:\/\/psol50.org.br\/temer-ignora-clamor-das-ruas-e-sanciona-terceirizacao-ampla-e-irrestrita\/#primaryimage\"},\"thumbnailUrl\":\"\",\"datePublished\":\"2017-04-03T13:11:20+00:00\",\"breadcrumb\":{\"@id\":\"https:\/\/psol50.org.br\/temer-ignora-clamor-das-ruas-e-sanciona-terceirizacao-ampla-e-irrestrita\/#breadcrumb\"},\"inLanguage\":\"pt-BR\",\"potentialAction\":[{\"@type\":\"ReadAction\",\"target\":[\"https:\/\/psol50.org.br\/temer-ignora-clamor-das-ruas-e-sanciona-terceirizacao-ampla-e-irrestrita\/\"]}]},{\"@type\":\"ImageObject\",\"inLanguage\":\"pt-BR\",\"@id\":\"https:\/\/psol50.org.br\/temer-ignora-clamor-das-ruas-e-sanciona-terceirizacao-ampla-e-irrestrita\/#primaryimage\",\"url\":\"\",\"contentUrl\":\"\"},{\"@type\":\"BreadcrumbList\",\"@id\":\"https:\/\/psol50.org.br\/temer-ignora-clamor-das-ruas-e-sanciona-terceirizacao-ampla-e-irrestrita\/#breadcrumb\",\"itemListElement\":[{\"@type\":\"ListItem\",\"position\":1,\"name\":\"In\u00edcio\",\"item\":\"https:\/\/psol50.org.br\/\"},{\"@type\":\"ListItem\",\"position\":2,\"name\":\"Temer ignora clamor das ruas e sanciona terceiriza\u00e7\u00e3o ampla e irrestrita\"}]},{\"@type\":\"WebSite\",\"@id\":\"https:\/\/psol50.org.br\/#website\",\"url\":\"https:\/\/psol50.org.br\/\",\"name\":\"PSOL 50\",\"description\":\"Site oficial do Partido Socialismo e Liberdade\",\"publisher\":{\"@id\":\"https:\/\/psol50.org.br\/#organization\"},\"alternateName\":\"PSOL50\",\"potentialAction\":[{\"@type\":\"SearchAction\",\"target\":{\"@type\":\"EntryPoint\",\"urlTemplate\":\"https:\/\/psol50.org.br\/?s={search_term_string}\"},\"query-input\":{\"@type\":\"PropertyValueSpecification\",\"valueRequired\":true,\"valueName\":\"search_term_string\"}}],\"inLanguage\":\"pt-BR\"},{\"@type\":\"Organization\",\"@id\":\"https:\/\/psol50.org.br\/#organization\",\"name\":\"PSOL 50\",\"alternateName\":\"PSOL 50\",\"url\":\"https:\/\/psol50.org.br\/\",\"logo\":{\"@type\":\"ImageObject\",\"inLanguage\":\"pt-BR\",\"@id\":\"https:\/\/psol50.org.br\/#\/schema\/logo\/image\/\",\"url\":\"https:\/\/psol50.org.br\/inc\/uploads\/2018\/07\/capa.png\",\"contentUrl\":\"https:\/\/psol50.org.br\/inc\/uploads\/2018\/07\/capa.png\",\"width\":1350,\"height\":900,\"caption\":\"PSOL 50\"},\"image\":{\"@id\":\"https:\/\/psol50.org.br\/#\/schema\/logo\/image\/\"},\"sameAs\":[\"https:\/\/www.facebook.com\/psol50\",\"https:\/\/x.com\/psol50\",\"https:\/\/www.instagram.com\/psol50\/\",\"https:\/\/www.youtube.com\/channel\/UC7SnJS5o1os7a6CaiNabzcg\"]},{\"@type\":\"Person\",\"@id\":\"https:\/\/psol50.org.br\/#\/schema\/person\/475dfa57d0b815993c714c2e96491fcd\",\"name\":\"Comunica\u00e7\u00e3o PSOL\",\"image\":{\"@type\":\"ImageObject\",\"inLanguage\":\"pt-BR\",\"@id\":\"https:\/\/psol50.org.br\/#\/schema\/person\/image\/\",\"url\":\"https:\/\/secure.gravatar.com\/avatar\/b34fc4f4e468a4e51785917065a3db57b841f5c95dba6ad8c73aaf8f66f8f9bf?s=96&d=mm&r=g\",\"contentUrl\":\"https:\/\/secure.gravatar.com\/avatar\/b34fc4f4e468a4e51785917065a3db57b841f5c95dba6ad8c73aaf8f66f8f9bf?s=96&d=mm&r=g\",\"caption\":\"Comunica\u00e7\u00e3o PSOL\"}}]}<\/script>\n<!-- \/ Yoast SEO plugin. -->","yoast_head_json":{"title":"Temer ignora clamor das ruas e sanciona terceiriza\u00e7\u00e3o ampla e irrestrita - PSOL 50","robots":{"index":"index","follow":"follow","max-snippet":"max-snippet:-1","max-image-preview":"max-image-preview:large","max-video-preview":"max-video-preview:-1"},"canonical":"https:\/\/psol50.org.br\/temer-ignora-clamor-das-ruas-e-sanciona-terceirizacao-ampla-e-irrestrita\/","og_locale":"pt_BR","og_type":"article","og_title":"Temer ignora clamor das ruas e sanciona terceiriza\u00e7\u00e3o ampla e irrestrita - PSOL 50","og_description":"Mesmo com toda encena\u00e7\u00e3o de parte da base de apoio do governo, incluindo a bancada do PMDB no Senado, e com os protestos que tomaram conta do pa\u00eds na \u00faltima sexta-feira (31\/03), o presidente Michel Temer sancionou, nesse mesmo dia, a lei que trata da terceiriza\u00e7\u00e3o ampla e irrestrita, prevista no Projeto de Lei n\u00ba [&hellip;]","og_url":"https:\/\/psol50.org.br\/temer-ignora-clamor-das-ruas-e-sanciona-terceirizacao-ampla-e-irrestrita\/","og_site_name":"PSOL 50","article_publisher":"https:\/\/www.facebook.com\/psol50","article_published_time":"2017-04-03T13:11:20+00:00","og_image":[{"width":1350,"height":900,"url":"https:\/\/psol50.org.br\/inc\/uploads\/2018\/07\/capa.png","type":"image\/png"}],"author":"Comunica\u00e7\u00e3o PSOL","twitter_card":"summary_large_image","twitter_creator":"@psol50","twitter_site":"@psol50","twitter_misc":{"Escrito por":"Comunica\u00e7\u00e3o PSOL","Est. tempo de leitura":"3 minutos"},"schema":{"@context":"https:\/\/schema.org","@graph":[{"@type":"Article","@id":"https:\/\/psol50.org.br\/temer-ignora-clamor-das-ruas-e-sanciona-terceirizacao-ampla-e-irrestrita\/#article","isPartOf":{"@id":"https:\/\/psol50.org.br\/temer-ignora-clamor-das-ruas-e-sanciona-terceirizacao-ampla-e-irrestrita\/"},"author":{"name":"Comunica\u00e7\u00e3o PSOL","@id":"https:\/\/psol50.org.br\/#\/schema\/person\/475dfa57d0b815993c714c2e96491fcd"},"headline":"Temer ignora clamor das ruas e sanciona terceiriza\u00e7\u00e3o ampla e irrestrita","datePublished":"2017-04-03T13:11:20+00:00","mainEntityOfPage":{"@id":"https:\/\/psol50.org.br\/temer-ignora-clamor-das-ruas-e-sanciona-terceirizacao-ampla-e-irrestrita\/"},"wordCount":642,"commentCount":0,"publisher":{"@id":"https:\/\/psol50.org.br\/#organization"},"image":{"@id":"https:\/\/psol50.org.br\/temer-ignora-clamor-das-ruas-e-sanciona-terceirizacao-ampla-e-irrestrita\/#primaryimage"},"thumbnailUrl":"","keywords":["amea\u00e7as","direitos","lei","Michel Temer","PL 4302","protestos","san\u00e7\u00e3o","terceiriza\u00e7\u00e3o"],"articleSection":["Brasil","Not\u00edcias"],"inLanguage":"pt-BR","potentialAction":[{"@type":"CommentAction","name":"Comment","target":["https:\/\/psol50.org.br\/temer-ignora-clamor-das-ruas-e-sanciona-terceirizacao-ampla-e-irrestrita\/#respond"]}]},{"@type":"WebPage","@id":"https:\/\/psol50.org.br\/temer-ignora-clamor-das-ruas-e-sanciona-terceirizacao-ampla-e-irrestrita\/","url":"https:\/\/psol50.org.br\/temer-ignora-clamor-das-ruas-e-sanciona-terceirizacao-ampla-e-irrestrita\/","name":"Temer ignora clamor das ruas e sanciona terceiriza\u00e7\u00e3o ampla e irrestrita - PSOL 50","isPartOf":{"@id":"https:\/\/psol50.org.br\/#website"},"primaryImageOfPage":{"@id":"https:\/\/psol50.org.br\/temer-ignora-clamor-das-ruas-e-sanciona-terceirizacao-ampla-e-irrestrita\/#primaryimage"},"image":{"@id":"https:\/\/psol50.org.br\/temer-ignora-clamor-das-ruas-e-sanciona-terceirizacao-ampla-e-irrestrita\/#primaryimage"},"thumbnailUrl":"","datePublished":"2017-04-03T13:11:20+00:00","breadcrumb":{"@id":"https:\/\/psol50.org.br\/temer-ignora-clamor-das-ruas-e-sanciona-terceirizacao-ampla-e-irrestrita\/#breadcrumb"},"inLanguage":"pt-BR","potentialAction":[{"@type":"ReadAction","target":["https:\/\/psol50.org.br\/temer-ignora-clamor-das-ruas-e-sanciona-terceirizacao-ampla-e-irrestrita\/"]}]},{"@type":"ImageObject","inLanguage":"pt-BR","@id":"https:\/\/psol50.org.br\/temer-ignora-clamor-das-ruas-e-sanciona-terceirizacao-ampla-e-irrestrita\/#primaryimage","url":"","contentUrl":""},{"@type":"BreadcrumbList","@id":"https:\/\/psol50.org.br\/temer-ignora-clamor-das-ruas-e-sanciona-terceirizacao-ampla-e-irrestrita\/#breadcrumb","itemListElement":[{"@type":"ListItem","position":1,"name":"In\u00edcio","item":"https:\/\/psol50.org.br\/"},{"@type":"ListItem","position":2,"name":"Temer ignora clamor das ruas e sanciona terceiriza\u00e7\u00e3o ampla e irrestrita"}]},{"@type":"WebSite","@id":"https:\/\/psol50.org.br\/#website","url":"https:\/\/psol50.org.br\/","name":"PSOL 50","description":"Site oficial do Partido Socialismo e Liberdade","publisher":{"@id":"https:\/\/psol50.org.br\/#organization"},"alternateName":"PSOL50","potentialAction":[{"@type":"SearchAction","target":{"@type":"EntryPoint","urlTemplate":"https:\/\/psol50.org.br\/?s={search_term_string}"},"query-input":{"@type":"PropertyValueSpecification","valueRequired":true,"valueName":"search_term_string"}}],"inLanguage":"pt-BR"},{"@type":"Organization","@id":"https:\/\/psol50.org.br\/#organization","name":"PSOL 50","alternateName":"PSOL 50","url":"https:\/\/psol50.org.br\/","logo":{"@type":"ImageObject","inLanguage":"pt-BR","@id":"https:\/\/psol50.org.br\/#\/schema\/logo\/image\/","url":"https:\/\/psol50.org.br\/inc\/uploads\/2018\/07\/capa.png","contentUrl":"https:\/\/psol50.org.br\/inc\/uploads\/2018\/07\/capa.png","width":1350,"height":900,"caption":"PSOL 50"},"image":{"@id":"https:\/\/psol50.org.br\/#\/schema\/logo\/image\/"},"sameAs":["https:\/\/www.facebook.com\/psol50","https:\/\/x.com\/psol50","https:\/\/www.instagram.com\/psol50\/","https:\/\/www.youtube.com\/channel\/UC7SnJS5o1os7a6CaiNabzcg"]},{"@type":"Person","@id":"https:\/\/psol50.org.br\/#\/schema\/person\/475dfa57d0b815993c714c2e96491fcd","name":"Comunica\u00e7\u00e3o PSOL","image":{"@type":"ImageObject","inLanguage":"pt-BR","@id":"https:\/\/psol50.org.br\/#\/schema\/person\/image\/","url":"https:\/\/secure.gravatar.com\/avatar\/b34fc4f4e468a4e51785917065a3db57b841f5c95dba6ad8c73aaf8f66f8f9bf?s=96&d=mm&r=g","contentUrl":"https:\/\/secure.gravatar.com\/avatar\/b34fc4f4e468a4e51785917065a3db57b841f5c95dba6ad8c73aaf8f66f8f9bf?s=96&d=mm&r=g","caption":"Comunica\u00e7\u00e3o PSOL"}}]}},"_links":{"self":[{"href":"https:\/\/psol50.org.br\/rest\/wp\/v2\/posts\/15882","targetHints":{"allow":["GET"]}}],"collection":[{"href":"https:\/\/psol50.org.br\/rest\/wp\/v2\/posts"}],"about":[{"href":"https:\/\/psol50.org.br\/rest\/wp\/v2\/types\/post"}],"author":[{"embeddable":true,"href":"https:\/\/psol50.org.br\/rest\/wp\/v2\/users\/2"}],"replies":[{"embeddable":true,"href":"https:\/\/psol50.org.br\/rest\/wp\/v2\/comments?post=15882"}],"version-history":[{"count":0,"href":"https:\/\/psol50.org.br\/rest\/wp\/v2\/posts\/15882\/revisions"}],"wp:featuredmedia":[{"embeddable":true,"href":"https:\/\/psol50.org.br\/rest\/"}],"wp:attachment":[{"href":"https:\/\/psol50.org.br\/rest\/wp\/v2\/media?parent=15882"}],"wp:term":[{"taxonomy":"category","embeddable":true,"href":"https:\/\/psol50.org.br\/rest\/wp\/v2\/categories?post=15882"},{"taxonomy":"post_tag","embeddable":true,"href":"https:\/\/psol50.org.br\/rest\/wp\/v2\/tags?post=15882"}],"curies":[{"name":"wp","href":"https:\/\/api.w.org\/{rel}","templated":true}]}}