{"id":1589,"date":"2011-07-22T00:00:00","date_gmt":"2011-07-22T00:00:00","guid":{"rendered":"http:\/\/psol50.org.br\/arquivo\/2011\/07\/22\/psol-sao-bernardo-sp-exige-acao-imediata-da-prefeitura-e-da-sabesp\/"},"modified":"2011-07-22T00:00:00","modified_gmt":"2011-07-22T00:00:00","slug":"psol-sao-bernardo-sp-exige-acao-imediata-da-prefeitura-e-da-sabesp","status":"publish","type":"post","link":"https:\/\/psol50.org.br\/psol-sao-bernardo-sp-exige-acao-imediata-da-prefeitura-e-da-sabesp\/","title":{"rendered":"PSOL S\u00e3o Bernardo (SP) exige a\u00e7\u00e3o imediata da prefeitura e da Sabesp"},"content":{"rendered":"<p><a rel=\"attachment wp-att-9527\" href=\"http:\/\/psol50.org.br\/blog\/2011\/07\/22\/psol-sao-bernardo-sp-exige-acao-imediata-da-prefeitura-e-da-sabesp\/aldosantos_sbc\/\"><img loading=\"lazy\" decoding=\"async\" class=\"alignleft size-full wp-image-9527\" src=\"http:\/\/psol50.org.br\/files\/2011\/07\/AldoSantos_SBC.jpg\" alt=\"\" width=\"260\" height=\"171\" \/><\/a>Aldo Santos, ex-vereador, coordenador do Sindicato dos Professores do Estado de S\u00e3o Paulo-APEOESP- SBC, presidente da APROFFESP, membro do Coletivo Nacional de Filosofia e da Executiva Nacional do PSOL exige do prefeito de S\u00e3o Bernardo do Campo (SP), Luiz Marinho (PT) e da Sabesp, empresa de economia mista respons\u00e1vel pelo fornecimento de \u00e1gua, coleta e tratamento de esgotos do Estado de S\u00e3o Paulo, que acordem e atendam os interesses da popula\u00e7\u00e3o. Veja aqui o relato feito por ele:<\/p>\n<p>Mais uma vez, moradores do Jardim independ\u00eancia, principalmente nas ruas mais altas, v\u00eam sofrendo com a frequente irregularidade no fornecimento de \u00e1gua a popula\u00e7\u00e3o. Na Rua em que moro, a \u00e1gua tem chegado muito tarde da noite e bem cedo j\u00e1 n\u00e3o existe mais o precioso l\u00edquido, per\u00edodo no qual n\u00e3o enche nem a caixa d\u2019\u00e1gua.<\/p>\n<p>Nesse per\u00edodo de f\u00e9rias, para se ter uma id\u00e9ia do transtorno que \u00e9 tomar banho de canequinha e conviver com a higieniza\u00e7\u00e3o inadequada ocasionada pela falta de \u00e1gua. Frequentemente temos denunciado, mas a Sabesp e o Prefeito Marinho est\u00e3o parecendo cegos, surdos e mudos aos reclamos do povo.<\/p>\n<p>Numa cidade com um or\u00e7amento de mais de 3 bilh\u00f5es, \u00e9 injustific\u00e1vel sob todos os aspectos, n\u00e3o se assegurar aos moradores contribuintes os direitos b\u00e1sicos tais como \u00e1gua, luz, transporte e outros. Espero que a Sabesp e atual administra\u00e7\u00e3o se pronunciem sobre esse frequente problema que tem sido objeto de den\u00fancias e at\u00e9 manchetes em jornais.<\/p>\n<p>As contas de \u00e1gua s\u00e3o fartas, enquanto o l\u00edquido em si n\u00e3o \u00e9 o suficiente para atender a demanda de todos os moradores ou, n\u00e3o chega com regularidade necess\u00e1ria em todas as casas.<\/p>\n<p>Na campanha passada, o atual prefeito falava e dizia bravatas em rela\u00e7\u00e3o ao Sabesp; que iria tomar as devidas provid\u00eancias sobre a falta de \u00e1gua e outras mazelas dos desservi\u00e7os da empresa. Depois de ter ganhado as elei\u00e7\u00f5es deu uma banana para o povo. Dentro dessa l\u00f3gica, defendemos a estatiza\u00e7\u00e3o dos servi\u00e7os b\u00e1sicos pela Prefeitura, para se assegurar os direitos fundamentais e dignos da pessoa humana.<br \/>\n<a href=\"http:\/\/psolsaobernardo.blogspot.com\/\"><strong><br \/>\n*Fonte: S\u00edtio do PSOL-SBC (SP) <\/strong><\/a><\/p>\n","protected":false},"excerpt":{"rendered":"<p>Aldo Santos, ex-vereador, coordenador do Sindicato dos Professores do Estado de S\u00e3o Paulo-APEOESP- SBC, presidente da APROFFESP, membro do Coletivo Nacional de Filosofia e da Executiva Nacional do PSOL exige do prefeito de S\u00e3o Bernardo do Campo (SP), Luiz Marinho (PT) e da Sabesp, empresa de economia mista respons\u00e1vel pelo fornecimento de \u00e1gua, coleta e [&hellip;]<\/p>\n","protected":false},"author":2,"featured_media":0,"comment_status":"open","ping_status":"open","sticky":false,"template":"","format":"standard","meta":{"_acf_changed":false,"footnotes":""},"categories":[4766],"tags":[],"class_list":{"0":"post-1589","1":"post","2":"type-post","3":"status-publish","4":"format-standard","6":"category-arquivo"},"acf":[],"yoast_head":"<!-- This site is optimized with the Yoast SEO plugin v26.5 - https:\/\/yoast.com\/wordpress\/plugins\/seo\/ -->\n<title>PSOL S\u00e3o Bernardo (SP) exige a\u00e7\u00e3o imediata da prefeitura e da Sabesp - PSOL 50<\/title>\n<meta name=\"robots\" content=\"index, follow, max-snippet:-1, max-image-preview:large, max-video-preview:-1\" \/>\n<link rel=\"canonical\" href=\"https:\/\/psol50.org.br\/psol-sao-bernardo-sp-exige-acao-imediata-da-prefeitura-e-da-sabesp\/\" \/>\n<meta property=\"og:locale\" content=\"pt_BR\" \/>\n<meta property=\"og:type\" content=\"article\" \/>\n<meta property=\"og:title\" content=\"PSOL S\u00e3o Bernardo (SP) exige a\u00e7\u00e3o imediata da prefeitura e da Sabesp - PSOL 50\" \/>\n<meta property=\"og:description\" content=\"Aldo Santos, ex-vereador, coordenador do Sindicato dos Professores do Estado de S\u00e3o Paulo-APEOESP- SBC, presidente da APROFFESP, membro do Coletivo Nacional de Filosofia e da Executiva Nacional do PSOL exige do prefeito de S\u00e3o Bernardo do Campo (SP), Luiz Marinho (PT) e da Sabesp, empresa de economia mista respons\u00e1vel pelo fornecimento de \u00e1gua, coleta e [&hellip;]\" \/>\n<meta property=\"og:url\" content=\"https:\/\/psol50.org.br\/psol-sao-bernardo-sp-exige-acao-imediata-da-prefeitura-e-da-sabesp\/\" \/>\n<meta property=\"og:site_name\" content=\"PSOL 50\" \/>\n<meta property=\"article:publisher\" content=\"https:\/\/www.facebook.com\/psol50\" \/>\n<meta property=\"article:published_time\" content=\"2011-07-22T00:00:00+00:00\" \/>\n<meta property=\"og:image\" content=\"http:\/\/psol50.org.br\/files\/2011\/07\/AldoSantos_SBC.jpg\" \/>\n<meta name=\"author\" content=\"Comunica\u00e7\u00e3o PSOL\" \/>\n<meta name=\"twitter:card\" content=\"summary_large_image\" \/>\n<meta name=\"twitter:creator\" content=\"@psol50\" \/>\n<meta name=\"twitter:site\" content=\"@psol50\" \/>\n<meta name=\"twitter:label1\" content=\"Escrito por\" \/>\n\t<meta name=\"twitter:data1\" content=\"Comunica\u00e7\u00e3o PSOL\" \/>\n\t<meta name=\"twitter:label2\" content=\"Est. tempo de leitura\" \/>\n\t<meta name=\"twitter:data2\" content=\"2 minutos\" \/>\n<script type=\"application\/ld+json\" class=\"yoast-schema-graph\">{\"@context\":\"https:\/\/schema.org\",\"@graph\":[{\"@type\":\"Article\",\"@id\":\"https:\/\/psol50.org.br\/psol-sao-bernardo-sp-exige-acao-imediata-da-prefeitura-e-da-sabesp\/#article\",\"isPartOf\":{\"@id\":\"https:\/\/psol50.org.br\/psol-sao-bernardo-sp-exige-acao-imediata-da-prefeitura-e-da-sabesp\/\"},\"author\":{\"name\":\"Comunica\u00e7\u00e3o PSOL\",\"@id\":\"https:\/\/psol50.org.br\/#\/schema\/person\/475dfa57d0b815993c714c2e96491fcd\"},\"headline\":\"PSOL S\u00e3o Bernardo (SP) exige a\u00e7\u00e3o imediata da prefeitura e da Sabesp\",\"datePublished\":\"2011-07-22T00:00:00+00:00\",\"mainEntityOfPage\":{\"@id\":\"https:\/\/psol50.org.br\/psol-sao-bernardo-sp-exige-acao-imediata-da-prefeitura-e-da-sabesp\/\"},\"wordCount\":391,\"commentCount\":0,\"publisher\":{\"@id\":\"https:\/\/psol50.org.br\/#organization\"},\"image\":{\"@id\":\"https:\/\/psol50.org.br\/psol-sao-bernardo-sp-exige-acao-imediata-da-prefeitura-e-da-sabesp\/#primaryimage\"},\"thumbnailUrl\":\"http:\/\/psol50.org.br\/files\/2011\/07\/AldoSantos_SBC.jpg\",\"articleSection\":[\"Arquivo\"],\"inLanguage\":\"pt-BR\",\"potentialAction\":[{\"@type\":\"CommentAction\",\"name\":\"Comment\",\"target\":[\"https:\/\/psol50.org.br\/psol-sao-bernardo-sp-exige-acao-imediata-da-prefeitura-e-da-sabesp\/#respond\"]}]},{\"@type\":\"WebPage\",\"@id\":\"https:\/\/psol50.org.br\/psol-sao-bernardo-sp-exige-acao-imediata-da-prefeitura-e-da-sabesp\/\",\"url\":\"https:\/\/psol50.org.br\/psol-sao-bernardo-sp-exige-acao-imediata-da-prefeitura-e-da-sabesp\/\",\"name\":\"PSOL S\u00e3o Bernardo (SP) exige a\u00e7\u00e3o imediata da prefeitura e da Sabesp - PSOL 50\",\"isPartOf\":{\"@id\":\"https:\/\/psol50.org.br\/#website\"},\"primaryImageOfPage\":{\"@id\":\"https:\/\/psol50.org.br\/psol-sao-bernardo-sp-exige-acao-imediata-da-prefeitura-e-da-sabesp\/#primaryimage\"},\"image\":{\"@id\":\"https:\/\/psol50.org.br\/psol-sao-bernardo-sp-exige-acao-imediata-da-prefeitura-e-da-sabesp\/#primaryimage\"},\"thumbnailUrl\":\"http:\/\/psol50.org.br\/files\/2011\/07\/AldoSantos_SBC.jpg\",\"datePublished\":\"2011-07-22T00:00:00+00:00\",\"breadcrumb\":{\"@id\":\"https:\/\/psol50.org.br\/psol-sao-bernardo-sp-exige-acao-imediata-da-prefeitura-e-da-sabesp\/#breadcrumb\"},\"inLanguage\":\"pt-BR\",\"potentialAction\":[{\"@type\":\"ReadAction\",\"target\":[\"https:\/\/psol50.org.br\/psol-sao-bernardo-sp-exige-acao-imediata-da-prefeitura-e-da-sabesp\/\"]}]},{\"@type\":\"ImageObject\",\"inLanguage\":\"pt-BR\",\"@id\":\"https:\/\/psol50.org.br\/psol-sao-bernardo-sp-exige-acao-imediata-da-prefeitura-e-da-sabesp\/#primaryimage\",\"url\":\"http:\/\/psol50.org.br\/files\/2011\/07\/AldoSantos_SBC.jpg\",\"contentUrl\":\"http:\/\/psol50.org.br\/files\/2011\/07\/AldoSantos_SBC.jpg\"},{\"@type\":\"BreadcrumbList\",\"@id\":\"https:\/\/psol50.org.br\/psol-sao-bernardo-sp-exige-acao-imediata-da-prefeitura-e-da-sabesp\/#breadcrumb\",\"itemListElement\":[{\"@type\":\"ListItem\",\"position\":1,\"name\":\"In\u00edcio\",\"item\":\"https:\/\/psol50.org.br\/\"},{\"@type\":\"ListItem\",\"position\":2,\"name\":\"PSOL S\u00e3o Bernardo (SP) exige a\u00e7\u00e3o imediata da prefeitura e da Sabesp\"}]},{\"@type\":\"WebSite\",\"@id\":\"https:\/\/psol50.org.br\/#website\",\"url\":\"https:\/\/psol50.org.br\/\",\"name\":\"PSOL 50\",\"description\":\"Site oficial do Partido Socialismo e Liberdade\",\"publisher\":{\"@id\":\"https:\/\/psol50.org.br\/#organization\"},\"alternateName\":\"PSOL50\",\"potentialAction\":[{\"@type\":\"SearchAction\",\"target\":{\"@type\":\"EntryPoint\",\"urlTemplate\":\"https:\/\/psol50.org.br\/?s={search_term_string}\"},\"query-input\":{\"@type\":\"PropertyValueSpecification\",\"valueRequired\":true,\"valueName\":\"search_term_string\"}}],\"inLanguage\":\"pt-BR\"},{\"@type\":\"Organization\",\"@id\":\"https:\/\/psol50.org.br\/#organization\",\"name\":\"PSOL 50\",\"alternateName\":\"PSOL 50\",\"url\":\"https:\/\/psol50.org.br\/\",\"logo\":{\"@type\":\"ImageObject\",\"inLanguage\":\"pt-BR\",\"@id\":\"https:\/\/psol50.org.br\/#\/schema\/logo\/image\/\",\"url\":\"https:\/\/psol50.org.br\/inc\/uploads\/2018\/07\/capa.png\",\"contentUrl\":\"https:\/\/psol50.org.br\/inc\/uploads\/2018\/07\/capa.png\",\"width\":1350,\"height\":900,\"caption\":\"PSOL 50\"},\"image\":{\"@id\":\"https:\/\/psol50.org.br\/#\/schema\/logo\/image\/\"},\"sameAs\":[\"https:\/\/www.facebook.com\/psol50\",\"https:\/\/x.com\/psol50\",\"https:\/\/www.instagram.com\/psol50\/\",\"https:\/\/www.youtube.com\/channel\/UC7SnJS5o1os7a6CaiNabzcg\"]},{\"@type\":\"Person\",\"@id\":\"https:\/\/psol50.org.br\/#\/schema\/person\/475dfa57d0b815993c714c2e96491fcd\",\"name\":\"Comunica\u00e7\u00e3o PSOL\",\"image\":{\"@type\":\"ImageObject\",\"inLanguage\":\"pt-BR\",\"@id\":\"https:\/\/psol50.org.br\/#\/schema\/person\/image\/\",\"url\":\"https:\/\/secure.gravatar.com\/avatar\/b34fc4f4e468a4e51785917065a3db57b841f5c95dba6ad8c73aaf8f66f8f9bf?s=96&d=mm&r=g\",\"contentUrl\":\"https:\/\/secure.gravatar.com\/avatar\/b34fc4f4e468a4e51785917065a3db57b841f5c95dba6ad8c73aaf8f66f8f9bf?s=96&d=mm&r=g\",\"caption\":\"Comunica\u00e7\u00e3o PSOL\"}}]}<\/script>\n<!-- \/ Yoast SEO plugin. -->","yoast_head_json":{"title":"PSOL S\u00e3o Bernardo (SP) exige a\u00e7\u00e3o imediata da prefeitura e da Sabesp - PSOL 50","robots":{"index":"index","follow":"follow","max-snippet":"max-snippet:-1","max-image-preview":"max-image-preview:large","max-video-preview":"max-video-preview:-1"},"canonical":"https:\/\/psol50.org.br\/psol-sao-bernardo-sp-exige-acao-imediata-da-prefeitura-e-da-sabesp\/","og_locale":"pt_BR","og_type":"article","og_title":"PSOL S\u00e3o Bernardo (SP) exige a\u00e7\u00e3o imediata da prefeitura e da Sabesp - PSOL 50","og_description":"Aldo Santos, ex-vereador, coordenador do Sindicato dos Professores do Estado de S\u00e3o Paulo-APEOESP- SBC, presidente da APROFFESP, membro do Coletivo Nacional de Filosofia e da Executiva Nacional do PSOL exige do prefeito de S\u00e3o Bernardo do Campo (SP), Luiz Marinho (PT) e da Sabesp, empresa de economia mista respons\u00e1vel pelo fornecimento de \u00e1gua, coleta e [&hellip;]","og_url":"https:\/\/psol50.org.br\/psol-sao-bernardo-sp-exige-acao-imediata-da-prefeitura-e-da-sabesp\/","og_site_name":"PSOL 50","article_publisher":"https:\/\/www.facebook.com\/psol50","article_published_time":"2011-07-22T00:00:00+00:00","og_image":[{"url":"http:\/\/psol50.org.br\/files\/2011\/07\/AldoSantos_SBC.jpg","type":"","width":"","height":""}],"author":"Comunica\u00e7\u00e3o PSOL","twitter_card":"summary_large_image","twitter_creator":"@psol50","twitter_site":"@psol50","twitter_misc":{"Escrito por":"Comunica\u00e7\u00e3o PSOL","Est. tempo de leitura":"2 minutos"},"schema":{"@context":"https:\/\/schema.org","@graph":[{"@type":"Article","@id":"https:\/\/psol50.org.br\/psol-sao-bernardo-sp-exige-acao-imediata-da-prefeitura-e-da-sabesp\/#article","isPartOf":{"@id":"https:\/\/psol50.org.br\/psol-sao-bernardo-sp-exige-acao-imediata-da-prefeitura-e-da-sabesp\/"},"author":{"name":"Comunica\u00e7\u00e3o PSOL","@id":"https:\/\/psol50.org.br\/#\/schema\/person\/475dfa57d0b815993c714c2e96491fcd"},"headline":"PSOL S\u00e3o Bernardo (SP) exige a\u00e7\u00e3o imediata da prefeitura e da Sabesp","datePublished":"2011-07-22T00:00:00+00:00","mainEntityOfPage":{"@id":"https:\/\/psol50.org.br\/psol-sao-bernardo-sp-exige-acao-imediata-da-prefeitura-e-da-sabesp\/"},"wordCount":391,"commentCount":0,"publisher":{"@id":"https:\/\/psol50.org.br\/#organization"},"image":{"@id":"https:\/\/psol50.org.br\/psol-sao-bernardo-sp-exige-acao-imediata-da-prefeitura-e-da-sabesp\/#primaryimage"},"thumbnailUrl":"http:\/\/psol50.org.br\/files\/2011\/07\/AldoSantos_SBC.jpg","articleSection":["Arquivo"],"inLanguage":"pt-BR","potentialAction":[{"@type":"CommentAction","name":"Comment","target":["https:\/\/psol50.org.br\/psol-sao-bernardo-sp-exige-acao-imediata-da-prefeitura-e-da-sabesp\/#respond"]}]},{"@type":"WebPage","@id":"https:\/\/psol50.org.br\/psol-sao-bernardo-sp-exige-acao-imediata-da-prefeitura-e-da-sabesp\/","url":"https:\/\/psol50.org.br\/psol-sao-bernardo-sp-exige-acao-imediata-da-prefeitura-e-da-sabesp\/","name":"PSOL S\u00e3o Bernardo (SP) exige a\u00e7\u00e3o imediata da prefeitura e da Sabesp - PSOL 50","isPartOf":{"@id":"https:\/\/psol50.org.br\/#website"},"primaryImageOfPage":{"@id":"https:\/\/psol50.org.br\/psol-sao-bernardo-sp-exige-acao-imediata-da-prefeitura-e-da-sabesp\/#primaryimage"},"image":{"@id":"https:\/\/psol50.org.br\/psol-sao-bernardo-sp-exige-acao-imediata-da-prefeitura-e-da-sabesp\/#primaryimage"},"thumbnailUrl":"http:\/\/psol50.org.br\/files\/2011\/07\/AldoSantos_SBC.jpg","datePublished":"2011-07-22T00:00:00+00:00","breadcrumb":{"@id":"https:\/\/psol50.org.br\/psol-sao-bernardo-sp-exige-acao-imediata-da-prefeitura-e-da-sabesp\/#breadcrumb"},"inLanguage":"pt-BR","potentialAction":[{"@type":"ReadAction","target":["https:\/\/psol50.org.br\/psol-sao-bernardo-sp-exige-acao-imediata-da-prefeitura-e-da-sabesp\/"]}]},{"@type":"ImageObject","inLanguage":"pt-BR","@id":"https:\/\/psol50.org.br\/psol-sao-bernardo-sp-exige-acao-imediata-da-prefeitura-e-da-sabesp\/#primaryimage","url":"http:\/\/psol50.org.br\/files\/2011\/07\/AldoSantos_SBC.jpg","contentUrl":"http:\/\/psol50.org.br\/files\/2011\/07\/AldoSantos_SBC.jpg"},{"@type":"BreadcrumbList","@id":"https:\/\/psol50.org.br\/psol-sao-bernardo-sp-exige-acao-imediata-da-prefeitura-e-da-sabesp\/#breadcrumb","itemListElement":[{"@type":"ListItem","position":1,"name":"In\u00edcio","item":"https:\/\/psol50.org.br\/"},{"@type":"ListItem","position":2,"name":"PSOL S\u00e3o Bernardo (SP) exige a\u00e7\u00e3o imediata da prefeitura e da Sabesp"}]},{"@type":"WebSite","@id":"https:\/\/psol50.org.br\/#website","url":"https:\/\/psol50.org.br\/","name":"PSOL 50","description":"Site oficial do Partido Socialismo e Liberdade","publisher":{"@id":"https:\/\/psol50.org.br\/#organization"},"alternateName":"PSOL50","potentialAction":[{"@type":"SearchAction","target":{"@type":"EntryPoint","urlTemplate":"https:\/\/psol50.org.br\/?s={search_term_string}"},"query-input":{"@type":"PropertyValueSpecification","valueRequired":true,"valueName":"search_term_string"}}],"inLanguage":"pt-BR"},{"@type":"Organization","@id":"https:\/\/psol50.org.br\/#organization","name":"PSOL 50","alternateName":"PSOL 50","url":"https:\/\/psol50.org.br\/","logo":{"@type":"ImageObject","inLanguage":"pt-BR","@id":"https:\/\/psol50.org.br\/#\/schema\/logo\/image\/","url":"https:\/\/psol50.org.br\/inc\/uploads\/2018\/07\/capa.png","contentUrl":"https:\/\/psol50.org.br\/inc\/uploads\/2018\/07\/capa.png","width":1350,"height":900,"caption":"PSOL 50"},"image":{"@id":"https:\/\/psol50.org.br\/#\/schema\/logo\/image\/"},"sameAs":["https:\/\/www.facebook.com\/psol50","https:\/\/x.com\/psol50","https:\/\/www.instagram.com\/psol50\/","https:\/\/www.youtube.com\/channel\/UC7SnJS5o1os7a6CaiNabzcg"]},{"@type":"Person","@id":"https:\/\/psol50.org.br\/#\/schema\/person\/475dfa57d0b815993c714c2e96491fcd","name":"Comunica\u00e7\u00e3o PSOL","image":{"@type":"ImageObject","inLanguage":"pt-BR","@id":"https:\/\/psol50.org.br\/#\/schema\/person\/image\/","url":"https:\/\/secure.gravatar.com\/avatar\/b34fc4f4e468a4e51785917065a3db57b841f5c95dba6ad8c73aaf8f66f8f9bf?s=96&d=mm&r=g","contentUrl":"https:\/\/secure.gravatar.com\/avatar\/b34fc4f4e468a4e51785917065a3db57b841f5c95dba6ad8c73aaf8f66f8f9bf?s=96&d=mm&r=g","caption":"Comunica\u00e7\u00e3o PSOL"}}]}},"_links":{"self":[{"href":"https:\/\/psol50.org.br\/rest\/wp\/v2\/posts\/1589","targetHints":{"allow":["GET"]}}],"collection":[{"href":"https:\/\/psol50.org.br\/rest\/wp\/v2\/posts"}],"about":[{"href":"https:\/\/psol50.org.br\/rest\/wp\/v2\/types\/post"}],"author":[{"embeddable":true,"href":"https:\/\/psol50.org.br\/rest\/wp\/v2\/users\/2"}],"replies":[{"embeddable":true,"href":"https:\/\/psol50.org.br\/rest\/wp\/v2\/comments?post=1589"}],"version-history":[{"count":0,"href":"https:\/\/psol50.org.br\/rest\/wp\/v2\/posts\/1589\/revisions"}],"wp:attachment":[{"href":"https:\/\/psol50.org.br\/rest\/wp\/v2\/media?parent=1589"}],"wp:term":[{"taxonomy":"category","embeddable":true,"href":"https:\/\/psol50.org.br\/rest\/wp\/v2\/categories?post=1589"},{"taxonomy":"post_tag","embeddable":true,"href":"https:\/\/psol50.org.br\/rest\/wp\/v2\/tags?post=1589"}],"curies":[{"name":"wp","href":"https:\/\/api.w.org\/{rel}","templated":true}]}}