{"id":15890,"date":"2017-04-03T19:57:51","date_gmt":"2017-04-03T19:57:51","guid":{"rendered":"http:\/\/www.psol50.org.br\/?p=15890"},"modified":"2017-04-03T19:57:51","modified_gmt":"2017-04-03T19:57:51","slug":"debate-sobre-descriminalizacao-do-aborto-ganha-forca-no-stf","status":"publish","type":"post","link":"https:\/\/psol50.org.br\/debate-sobre-descriminalizacao-do-aborto-ganha-forca-no-stf\/","title":{"rendered":"Debate sobre descriminaliza\u00e7\u00e3o do aborto ganha for\u00e7a no STF: Barroso se declara a favor"},"content":{"rendered":"<p>Em palestra realizada no Superior Tribunal de Justi\u00e7a (STJ) na \u00faltima sexta (31), o ministro Lu\u00eds Roberto Barroso afirmou que a criminaliza\u00e7\u00e3o do aborto \u00e9 uma dram\u00e1tica viola\u00e7\u00e3o dos direitos fundamentais das mulheres.\u00a0O\u00a0argumento do ministro possui significativa\u00a0relev\u00e2ncia para o movimento feminista\u00a0e demonstra um avan\u00e7o no debate sobre a\u00a0inconstitucionalidade da proibi\u00e7\u00e3o do ato.<\/p>\n<p>Para Barroso, a criminaliza\u00e7\u00e3o\u00a0\u201cviola sua autonomia [da mulher] e viola a igualdade, porque se os homens engravidassem isso j\u00e1 teria sido resolvido h\u00e1 muito tempo\u201d. O ministro afirmou, ainda, que o Estado deve promover pol\u00edticas de sa\u00fade reprodutiva para evitar que\u00a0seja necess\u00e1rio interromper a gravidez,\u00a0fazendo assim com que o aborto seja &#8220;raro, mas seguro&#8221;.<\/p>\n<p>\u201cNingu\u00e9m precisa ser a favor do aborto. Todo mundo pode conservar a convic\u00e7\u00e3o que quiser. Mas n\u00e3o se pode ignorar que 500 mil mulheres fazem aborto no Brasil, e que 150 mil intercorr\u00eancias ocorrem\u201d, defendeu Barroso.<\/p>\n<p><strong>Leia mais: <span style=\"color: #0000ff;\"><a style=\"color: #0000ff;\" href=\"http:\/\/www.psol50.org.br\/blog\/2017\/03\/10\/entenda-a-acao-do-psol-pela-descriminalizacao-do-aborto\/\">Entenda a a\u00e7\u00e3o do PSOL pela descriminaliza\u00e7\u00e3o do aborto<\/a><\/span><\/strong><\/p>\n<p>A discuss\u00e3o diz respeito \u00e0\u00a0<span style=\"color: #0000ff;\"><strong><a style=\"color: #0000ff;\" href=\"http:\/\/www.psol50.org.br\/blog\/2017\/03\/07\/pela-vida-das-mulheres-psol-protocola-acao-no-stf-contra-criminalizacao-do-aborto\/\">a\u00e7\u00e3o protocolada pelo PSOL e pela Anis &#8211; Instituto de Bio\u00e9tica no dia 7 de mar\u00e7o<\/a><\/strong><\/span>, v\u00e9spera do Dia Internacional de Luta das Mulheres. A a\u00e7\u00e3o\u00a0pede que o artigo do\u00a0C\u00f3digo Penal o qual trata sobre o aborto seja revisado de modo que respeite os direitos das mulheres previstos na Constitui\u00e7\u00e3o. Dessa maneira, gesta\u00e7\u00f5es de at\u00e9 12 semanas poderiam ser interrompidas sem restri\u00e7\u00f5es e sem puni\u00e7\u00e3o para a mulher e para os m\u00e9dicos que a realizam.<\/p>\n<p>Segundo Gabriela Rondon, advogada e pesquisadora da Anis,\u00a0o ministro reiterou a posi\u00e7\u00e3o correta de compreender a criminaliza\u00e7\u00e3o do aborto como grave viola\u00e7\u00e3o de direitos fundamentais das mulheres, que \u00e9 tamb\u00e9m o argumento da a\u00e7\u00e3o. &#8220;Isso mostra que a Corte est\u00e1 pronta para decidir&#8221;, assegura.<\/p>\n<p>Na ter\u00e7a-feira passada (28), a ministra do STF Rosa Weber, relatora da a\u00e7\u00e3o,\u00a0<span style=\"color: #0000ff;\"><strong><a style=\"color: #0000ff;\" href=\"http:\/\/www.psol50.org.br\/blog\/2017\/03\/28\/temer-camara-e-senado-tem-ate-5-dias-para-se-manifestar-sobre-acao-do-psol-pela-descriminalizacao-do-aborto\/\">deu cinco dias de prazo para que o Planalto, a C\u00e2mara e o Senado se manifestassem sobre o tema<\/a><\/strong><\/span>.<\/p>\n","protected":false},"excerpt":{"rendered":"<p>Em palestra realizada no Superior Tribunal de Justi\u00e7a (STJ) na \u00faltima sexta (31), o ministro Lu\u00eds Roberto Barroso afirmou que a criminaliza\u00e7\u00e3o do aborto \u00e9 uma dram\u00e1tica viola\u00e7\u00e3o dos direitos fundamentais das mulheres.\u00a0O\u00a0argumento do ministro possui significativa\u00a0relev\u00e2ncia para o movimento feminista\u00a0e demonstra um avan\u00e7o no debate sobre a\u00a0inconstitucionalidade da proibi\u00e7\u00e3o do ato. Para Barroso, a [&hellip;]<\/p>\n","protected":false},"author":2,"featured_media":11318,"comment_status":"open","ping_status":"open","sticky":false,"template":"","format":"standard","meta":{"_acf_changed":false,"footnotes":""},"categories":[1882,6],"tags":[824,1311,979,30,907,45],"class_list":{"0":"post-15890","1":"post","2":"type-post","3":"status-publish","4":"format-standard","5":"has-post-thumbnail","7":"category-brasil","8":"category-noticias","9":"tag-aborto","10":"tag-acao","11":"tag-descriminalizacao","12":"tag-feminismo","13":"tag-luis-roberto-barroso","14":"tag-stf"},"acf":[],"yoast_head":"<!-- This site is optimized with the Yoast SEO plugin v26.5 - https:\/\/yoast.com\/wordpress\/plugins\/seo\/ -->\n<title>Debate sobre descriminaliza\u00e7\u00e3o do aborto ganha for\u00e7a no STF: Barroso se declara a favor - PSOL 50<\/title>\n<meta name=\"robots\" content=\"index, follow, max-snippet:-1, max-image-preview:large, max-video-preview:-1\" \/>\n<link rel=\"canonical\" href=\"https:\/\/psol50.org.br\/debate-sobre-descriminalizacao-do-aborto-ganha-forca-no-stf\/\" \/>\n<meta property=\"og:locale\" content=\"pt_BR\" \/>\n<meta property=\"og:type\" content=\"article\" \/>\n<meta property=\"og:title\" content=\"Debate sobre descriminaliza\u00e7\u00e3o do aborto ganha for\u00e7a no STF: Barroso se declara a favor - PSOL 50\" \/>\n<meta property=\"og:description\" content=\"Em palestra realizada no Superior Tribunal de Justi\u00e7a (STJ) na \u00faltima sexta (31), o ministro Lu\u00eds Roberto Barroso afirmou que a criminaliza\u00e7\u00e3o do aborto \u00e9 uma dram\u00e1tica viola\u00e7\u00e3o dos direitos fundamentais das mulheres.\u00a0O\u00a0argumento do ministro possui significativa\u00a0relev\u00e2ncia para o movimento feminista\u00a0e demonstra um avan\u00e7o no debate sobre a\u00a0inconstitucionalidade da proibi\u00e7\u00e3o do ato. Para Barroso, a [&hellip;]\" \/>\n<meta property=\"og:url\" content=\"https:\/\/psol50.org.br\/debate-sobre-descriminalizacao-do-aborto-ganha-forca-no-stf\/\" \/>\n<meta property=\"og:site_name\" content=\"PSOL 50\" \/>\n<meta property=\"article:publisher\" content=\"https:\/\/www.facebook.com\/psol50\" \/>\n<meta property=\"article:published_time\" content=\"2017-04-03T19:57:51+00:00\" \/>\n<meta property=\"og:image\" content=\"https:\/\/psol50.org.br\/inc\/uploads\/2018\/07\/capa.png\" \/>\n\t<meta property=\"og:image:width\" content=\"1350\" \/>\n\t<meta property=\"og:image:height\" content=\"900\" \/>\n\t<meta property=\"og:image:type\" content=\"image\/png\" \/>\n<meta name=\"author\" content=\"Comunica\u00e7\u00e3o PSOL\" \/>\n<meta name=\"twitter:card\" content=\"summary_large_image\" \/>\n<meta name=\"twitter:creator\" content=\"@psol50\" \/>\n<meta name=\"twitter:site\" content=\"@psol50\" \/>\n<meta name=\"twitter:label1\" content=\"Escrito por\" \/>\n\t<meta name=\"twitter:data1\" content=\"Comunica\u00e7\u00e3o PSOL\" \/>\n\t<meta name=\"twitter:label2\" content=\"Est. tempo de leitura\" \/>\n\t<meta name=\"twitter:data2\" content=\"2 minutos\" \/>\n<script type=\"application\/ld+json\" class=\"yoast-schema-graph\">{\"@context\":\"https:\/\/schema.org\",\"@graph\":[{\"@type\":\"Article\",\"@id\":\"https:\/\/psol50.org.br\/debate-sobre-descriminalizacao-do-aborto-ganha-forca-no-stf\/#article\",\"isPartOf\":{\"@id\":\"https:\/\/psol50.org.br\/debate-sobre-descriminalizacao-do-aborto-ganha-forca-no-stf\/\"},\"author\":{\"name\":\"Comunica\u00e7\u00e3o PSOL\",\"@id\":\"https:\/\/psol50.org.br\/#\/schema\/person\/475dfa57d0b815993c714c2e96491fcd\"},\"headline\":\"Debate sobre descriminaliza\u00e7\u00e3o do aborto ganha for\u00e7a no STF: Barroso se declara a favor\",\"datePublished\":\"2017-04-03T19:57:51+00:00\",\"mainEntityOfPage\":{\"@id\":\"https:\/\/psol50.org.br\/debate-sobre-descriminalizacao-do-aborto-ganha-forca-no-stf\/\"},\"wordCount\":365,\"commentCount\":0,\"publisher\":{\"@id\":\"https:\/\/psol50.org.br\/#organization\"},\"image\":{\"@id\":\"https:\/\/psol50.org.br\/debate-sobre-descriminalizacao-do-aborto-ganha-forca-no-stf\/#primaryimage\"},\"thumbnailUrl\":\"\",\"keywords\":[\"aborto\",\"a\u00e7\u00e3o\",\"descriminaliza\u00e7\u00e3o\",\"feminismo\",\"Lu\u00eds Roberto Barroso\",\"STF\"],\"articleSection\":[\"Brasil\",\"Not\u00edcias\"],\"inLanguage\":\"pt-BR\",\"potentialAction\":[{\"@type\":\"CommentAction\",\"name\":\"Comment\",\"target\":[\"https:\/\/psol50.org.br\/debate-sobre-descriminalizacao-do-aborto-ganha-forca-no-stf\/#respond\"]}]},{\"@type\":\"WebPage\",\"@id\":\"https:\/\/psol50.org.br\/debate-sobre-descriminalizacao-do-aborto-ganha-forca-no-stf\/\",\"url\":\"https:\/\/psol50.org.br\/debate-sobre-descriminalizacao-do-aborto-ganha-forca-no-stf\/\",\"name\":\"Debate sobre descriminaliza\u00e7\u00e3o do aborto ganha for\u00e7a no STF: Barroso se declara a favor - PSOL 50\",\"isPartOf\":{\"@id\":\"https:\/\/psol50.org.br\/#website\"},\"primaryImageOfPage\":{\"@id\":\"https:\/\/psol50.org.br\/debate-sobre-descriminalizacao-do-aborto-ganha-forca-no-stf\/#primaryimage\"},\"image\":{\"@id\":\"https:\/\/psol50.org.br\/debate-sobre-descriminalizacao-do-aborto-ganha-forca-no-stf\/#primaryimage\"},\"thumbnailUrl\":\"\",\"datePublished\":\"2017-04-03T19:57:51+00:00\",\"breadcrumb\":{\"@id\":\"https:\/\/psol50.org.br\/debate-sobre-descriminalizacao-do-aborto-ganha-forca-no-stf\/#breadcrumb\"},\"inLanguage\":\"pt-BR\",\"potentialAction\":[{\"@type\":\"ReadAction\",\"target\":[\"https:\/\/psol50.org.br\/debate-sobre-descriminalizacao-do-aborto-ganha-forca-no-stf\/\"]}]},{\"@type\":\"ImageObject\",\"inLanguage\":\"pt-BR\",\"@id\":\"https:\/\/psol50.org.br\/debate-sobre-descriminalizacao-do-aborto-ganha-forca-no-stf\/#primaryimage\",\"url\":\"\",\"contentUrl\":\"\"},{\"@type\":\"BreadcrumbList\",\"@id\":\"https:\/\/psol50.org.br\/debate-sobre-descriminalizacao-do-aborto-ganha-forca-no-stf\/#breadcrumb\",\"itemListElement\":[{\"@type\":\"ListItem\",\"position\":1,\"name\":\"In\u00edcio\",\"item\":\"https:\/\/psol50.org.br\/\"},{\"@type\":\"ListItem\",\"position\":2,\"name\":\"Debate sobre descriminaliza\u00e7\u00e3o do aborto ganha for\u00e7a no STF: Barroso se declara a favor\"}]},{\"@type\":\"WebSite\",\"@id\":\"https:\/\/psol50.org.br\/#website\",\"url\":\"https:\/\/psol50.org.br\/\",\"name\":\"PSOL 50\",\"description\":\"Site oficial do Partido Socialismo e Liberdade\",\"publisher\":{\"@id\":\"https:\/\/psol50.org.br\/#organization\"},\"alternateName\":\"PSOL50\",\"potentialAction\":[{\"@type\":\"SearchAction\",\"target\":{\"@type\":\"EntryPoint\",\"urlTemplate\":\"https:\/\/psol50.org.br\/?s={search_term_string}\"},\"query-input\":{\"@type\":\"PropertyValueSpecification\",\"valueRequired\":true,\"valueName\":\"search_term_string\"}}],\"inLanguage\":\"pt-BR\"},{\"@type\":\"Organization\",\"@id\":\"https:\/\/psol50.org.br\/#organization\",\"name\":\"PSOL 50\",\"alternateName\":\"PSOL 50\",\"url\":\"https:\/\/psol50.org.br\/\",\"logo\":{\"@type\":\"ImageObject\",\"inLanguage\":\"pt-BR\",\"@id\":\"https:\/\/psol50.org.br\/#\/schema\/logo\/image\/\",\"url\":\"https:\/\/psol50.org.br\/inc\/uploads\/2018\/07\/capa.png\",\"contentUrl\":\"https:\/\/psol50.org.br\/inc\/uploads\/2018\/07\/capa.png\",\"width\":1350,\"height\":900,\"caption\":\"PSOL 50\"},\"image\":{\"@id\":\"https:\/\/psol50.org.br\/#\/schema\/logo\/image\/\"},\"sameAs\":[\"https:\/\/www.facebook.com\/psol50\",\"https:\/\/x.com\/psol50\",\"https:\/\/www.instagram.com\/psol50\/\",\"https:\/\/www.youtube.com\/channel\/UC7SnJS5o1os7a6CaiNabzcg\"]},{\"@type\":\"Person\",\"@id\":\"https:\/\/psol50.org.br\/#\/schema\/person\/475dfa57d0b815993c714c2e96491fcd\",\"name\":\"Comunica\u00e7\u00e3o PSOL\",\"image\":{\"@type\":\"ImageObject\",\"inLanguage\":\"pt-BR\",\"@id\":\"https:\/\/psol50.org.br\/#\/schema\/person\/image\/\",\"url\":\"https:\/\/secure.gravatar.com\/avatar\/b34fc4f4e468a4e51785917065a3db57b841f5c95dba6ad8c73aaf8f66f8f9bf?s=96&d=mm&r=g\",\"contentUrl\":\"https:\/\/secure.gravatar.com\/avatar\/b34fc4f4e468a4e51785917065a3db57b841f5c95dba6ad8c73aaf8f66f8f9bf?s=96&d=mm&r=g\",\"caption\":\"Comunica\u00e7\u00e3o PSOL\"}}]}<\/script>\n<!-- \/ Yoast SEO plugin. -->","yoast_head_json":{"title":"Debate sobre descriminaliza\u00e7\u00e3o do aborto ganha for\u00e7a no STF: Barroso se declara a favor - PSOL 50","robots":{"index":"index","follow":"follow","max-snippet":"max-snippet:-1","max-image-preview":"max-image-preview:large","max-video-preview":"max-video-preview:-1"},"canonical":"https:\/\/psol50.org.br\/debate-sobre-descriminalizacao-do-aborto-ganha-forca-no-stf\/","og_locale":"pt_BR","og_type":"article","og_title":"Debate sobre descriminaliza\u00e7\u00e3o do aborto ganha for\u00e7a no STF: Barroso se declara a favor - PSOL 50","og_description":"Em palestra realizada no Superior Tribunal de Justi\u00e7a (STJ) na \u00faltima sexta (31), o ministro Lu\u00eds Roberto Barroso afirmou que a criminaliza\u00e7\u00e3o do aborto \u00e9 uma dram\u00e1tica viola\u00e7\u00e3o dos direitos fundamentais das mulheres.\u00a0O\u00a0argumento do ministro possui significativa\u00a0relev\u00e2ncia para o movimento feminista\u00a0e demonstra um avan\u00e7o no debate sobre a\u00a0inconstitucionalidade da proibi\u00e7\u00e3o do ato. Para Barroso, a [&hellip;]","og_url":"https:\/\/psol50.org.br\/debate-sobre-descriminalizacao-do-aborto-ganha-forca-no-stf\/","og_site_name":"PSOL 50","article_publisher":"https:\/\/www.facebook.com\/psol50","article_published_time":"2017-04-03T19:57:51+00:00","og_image":[{"width":1350,"height":900,"url":"https:\/\/psol50.org.br\/inc\/uploads\/2018\/07\/capa.png","type":"image\/png"}],"author":"Comunica\u00e7\u00e3o PSOL","twitter_card":"summary_large_image","twitter_creator":"@psol50","twitter_site":"@psol50","twitter_misc":{"Escrito por":"Comunica\u00e7\u00e3o PSOL","Est. tempo de leitura":"2 minutos"},"schema":{"@context":"https:\/\/schema.org","@graph":[{"@type":"Article","@id":"https:\/\/psol50.org.br\/debate-sobre-descriminalizacao-do-aborto-ganha-forca-no-stf\/#article","isPartOf":{"@id":"https:\/\/psol50.org.br\/debate-sobre-descriminalizacao-do-aborto-ganha-forca-no-stf\/"},"author":{"name":"Comunica\u00e7\u00e3o PSOL","@id":"https:\/\/psol50.org.br\/#\/schema\/person\/475dfa57d0b815993c714c2e96491fcd"},"headline":"Debate sobre descriminaliza\u00e7\u00e3o do aborto ganha for\u00e7a no STF: Barroso se declara a favor","datePublished":"2017-04-03T19:57:51+00:00","mainEntityOfPage":{"@id":"https:\/\/psol50.org.br\/debate-sobre-descriminalizacao-do-aborto-ganha-forca-no-stf\/"},"wordCount":365,"commentCount":0,"publisher":{"@id":"https:\/\/psol50.org.br\/#organization"},"image":{"@id":"https:\/\/psol50.org.br\/debate-sobre-descriminalizacao-do-aborto-ganha-forca-no-stf\/#primaryimage"},"thumbnailUrl":"","keywords":["aborto","a\u00e7\u00e3o","descriminaliza\u00e7\u00e3o","feminismo","Lu\u00eds Roberto Barroso","STF"],"articleSection":["Brasil","Not\u00edcias"],"inLanguage":"pt-BR","potentialAction":[{"@type":"CommentAction","name":"Comment","target":["https:\/\/psol50.org.br\/debate-sobre-descriminalizacao-do-aborto-ganha-forca-no-stf\/#respond"]}]},{"@type":"WebPage","@id":"https:\/\/psol50.org.br\/debate-sobre-descriminalizacao-do-aborto-ganha-forca-no-stf\/","url":"https:\/\/psol50.org.br\/debate-sobre-descriminalizacao-do-aborto-ganha-forca-no-stf\/","name":"Debate sobre descriminaliza\u00e7\u00e3o do aborto ganha for\u00e7a no STF: Barroso se declara a favor - PSOL 50","isPartOf":{"@id":"https:\/\/psol50.org.br\/#website"},"primaryImageOfPage":{"@id":"https:\/\/psol50.org.br\/debate-sobre-descriminalizacao-do-aborto-ganha-forca-no-stf\/#primaryimage"},"image":{"@id":"https:\/\/psol50.org.br\/debate-sobre-descriminalizacao-do-aborto-ganha-forca-no-stf\/#primaryimage"},"thumbnailUrl":"","datePublished":"2017-04-03T19:57:51+00:00","breadcrumb":{"@id":"https:\/\/psol50.org.br\/debate-sobre-descriminalizacao-do-aborto-ganha-forca-no-stf\/#breadcrumb"},"inLanguage":"pt-BR","potentialAction":[{"@type":"ReadAction","target":["https:\/\/psol50.org.br\/debate-sobre-descriminalizacao-do-aborto-ganha-forca-no-stf\/"]}]},{"@type":"ImageObject","inLanguage":"pt-BR","@id":"https:\/\/psol50.org.br\/debate-sobre-descriminalizacao-do-aborto-ganha-forca-no-stf\/#primaryimage","url":"","contentUrl":""},{"@type":"BreadcrumbList","@id":"https:\/\/psol50.org.br\/debate-sobre-descriminalizacao-do-aborto-ganha-forca-no-stf\/#breadcrumb","itemListElement":[{"@type":"ListItem","position":1,"name":"In\u00edcio","item":"https:\/\/psol50.org.br\/"},{"@type":"ListItem","position":2,"name":"Debate sobre descriminaliza\u00e7\u00e3o do aborto ganha for\u00e7a no STF: Barroso se declara a favor"}]},{"@type":"WebSite","@id":"https:\/\/psol50.org.br\/#website","url":"https:\/\/psol50.org.br\/","name":"PSOL 50","description":"Site oficial do Partido Socialismo e Liberdade","publisher":{"@id":"https:\/\/psol50.org.br\/#organization"},"alternateName":"PSOL50","potentialAction":[{"@type":"SearchAction","target":{"@type":"EntryPoint","urlTemplate":"https:\/\/psol50.org.br\/?s={search_term_string}"},"query-input":{"@type":"PropertyValueSpecification","valueRequired":true,"valueName":"search_term_string"}}],"inLanguage":"pt-BR"},{"@type":"Organization","@id":"https:\/\/psol50.org.br\/#organization","name":"PSOL 50","alternateName":"PSOL 50","url":"https:\/\/psol50.org.br\/","logo":{"@type":"ImageObject","inLanguage":"pt-BR","@id":"https:\/\/psol50.org.br\/#\/schema\/logo\/image\/","url":"https:\/\/psol50.org.br\/inc\/uploads\/2018\/07\/capa.png","contentUrl":"https:\/\/psol50.org.br\/inc\/uploads\/2018\/07\/capa.png","width":1350,"height":900,"caption":"PSOL 50"},"image":{"@id":"https:\/\/psol50.org.br\/#\/schema\/logo\/image\/"},"sameAs":["https:\/\/www.facebook.com\/psol50","https:\/\/x.com\/psol50","https:\/\/www.instagram.com\/psol50\/","https:\/\/www.youtube.com\/channel\/UC7SnJS5o1os7a6CaiNabzcg"]},{"@type":"Person","@id":"https:\/\/psol50.org.br\/#\/schema\/person\/475dfa57d0b815993c714c2e96491fcd","name":"Comunica\u00e7\u00e3o PSOL","image":{"@type":"ImageObject","inLanguage":"pt-BR","@id":"https:\/\/psol50.org.br\/#\/schema\/person\/image\/","url":"https:\/\/secure.gravatar.com\/avatar\/b34fc4f4e468a4e51785917065a3db57b841f5c95dba6ad8c73aaf8f66f8f9bf?s=96&d=mm&r=g","contentUrl":"https:\/\/secure.gravatar.com\/avatar\/b34fc4f4e468a4e51785917065a3db57b841f5c95dba6ad8c73aaf8f66f8f9bf?s=96&d=mm&r=g","caption":"Comunica\u00e7\u00e3o PSOL"}}]}},"_links":{"self":[{"href":"https:\/\/psol50.org.br\/rest\/wp\/v2\/posts\/15890","targetHints":{"allow":["GET"]}}],"collection":[{"href":"https:\/\/psol50.org.br\/rest\/wp\/v2\/posts"}],"about":[{"href":"https:\/\/psol50.org.br\/rest\/wp\/v2\/types\/post"}],"author":[{"embeddable":true,"href":"https:\/\/psol50.org.br\/rest\/wp\/v2\/users\/2"}],"replies":[{"embeddable":true,"href":"https:\/\/psol50.org.br\/rest\/wp\/v2\/comments?post=15890"}],"version-history":[{"count":0,"href":"https:\/\/psol50.org.br\/rest\/wp\/v2\/posts\/15890\/revisions"}],"wp:featuredmedia":[{"embeddable":true,"href":"https:\/\/psol50.org.br\/rest\/"}],"wp:attachment":[{"href":"https:\/\/psol50.org.br\/rest\/wp\/v2\/media?parent=15890"}],"wp:term":[{"taxonomy":"category","embeddable":true,"href":"https:\/\/psol50.org.br\/rest\/wp\/v2\/categories?post=15890"},{"taxonomy":"post_tag","embeddable":true,"href":"https:\/\/psol50.org.br\/rest\/wp\/v2\/tags?post=15890"}],"curies":[{"name":"wp","href":"https:\/\/api.w.org\/{rel}","templated":true}]}}