{"id":15891,"date":"2017-04-03T19:17:20","date_gmt":"2017-04-03T19:17:20","guid":{"rendered":"http:\/\/www.psol50.org.br\/?p=15891"},"modified":"2017-04-03T19:17:20","modified_gmt":"2017-04-03T19:17:20","slug":"psol-defende-cassacao-de-temer-no-tse-e-convocacao-de-eleicoes-diretas","status":"publish","type":"post","link":"https:\/\/psol50.org.br\/psol-defende-cassacao-de-temer-no-tse-e-convocacao-de-eleicoes-diretas\/","title":{"rendered":"PSOL defende cassa\u00e7\u00e3o de Temer no TSE e convoca\u00e7\u00e3o de elei\u00e7\u00f5es diretas"},"content":{"rendered":"<p>Come\u00e7a nessa ter\u00e7a-feira (4) o julgamento sobre a cassa\u00e7\u00e3o da chapa Dilma-Temer no Tribunal Superior Eleitoral (TSE), acusada de abuso de poder econ\u00f4mico nas elei\u00e7\u00f5es 2014.<\/p>\n<p>A acusa\u00e7\u00e3o foi movida pelo PSDB ap\u00f3s o resultado do pleito, no qual o candidato do partido, A\u00e9cio Neves, foi derrotado. Agora, os mesmos tucanos tentam rever o seu pr\u00f3prio processo &#8211; querem &#8220;separar&#8221; o processo entre presidenci\u00e1vel e vice, de forma a julgar apenas Dilma, j\u00e1 que fazem parte do governo ileg\u00edtimo de Michel Temer.<\/p>\n<p>Pesa contra a t\u00e1tica do PSDB &#8211; e, provavelmente, do amigo de primeira hora de Temer, o ministro e presidente do TSE Gilmar Mendes &#8211; o relat\u00f3rio do ministro Herman Benjamin, da mesma corte, que deve acolher as den\u00fancias de irregularidades\u00a0presentes nas dela\u00e7\u00f5es premiadas dos executivos da Odebrecht.<\/p>\n<p>O\u00a0PSOL considera que h\u00e1 elementos suficientes que justifiquem a cassa\u00e7\u00e3o de Temer pelo TSE. Assim, defende que o processo seja conduzido com lisura. O partido est\u00e1 atento a movimenta\u00e7\u00f5es do governo golpista para atrasar o julgamento at\u00e9 que consiga trocar ministros da corte para incluir nomes de aliados pol\u00edticos.<\/p>\n<p>O presidente do partido, Luiz Ara\u00fajo, critica\u00a0a nova posi\u00e7\u00e3o tucana. &#8220;O PSOL defende que as elei\u00e7\u00f5es sejam limpas e que todos os delitos sejam apurados. As evid\u00eancias que foram levantadas mostram que houve caixa dois e a legisla\u00e7\u00e3o estabelece a cassa\u00e7\u00e3o da chapa nesses casos. O casu\u00edsmo do PSDB de querer cassar apenas Dilma para salvar seu aliado Temer \u00e9 uma indec\u00eancia jur\u00eddica.&#8221;<\/p>\n<p>Desde que foi consumado o golpe parlamentar de 2016, que levou Temer de forma ileg\u00edtima \u00e0 Presid\u00eancia da Rep\u00fablica, o PSOL defende que a sa\u00edda para a crise pol\u00edtica \u00e9 a convoca\u00e7\u00e3o de novas elei\u00e7\u00f5es diretas para o cargo. Para o partido, apenas colocando de novo o poder de decis\u00e3o nas m\u00e3os do povo \u00e9 poss\u00edvel refazer o pacto democr\u00e1tico e avan\u00e7ar na luta pelos direitos sociais no Brasil.<\/p>\n<p>&#8220;\u00c9 necess\u00e1rio cassar a chapa para tirar o ileg\u00edtimo Temer do poder, mas \u00e9 preciso\u00a0que se convoque novas elei\u00e7\u00f5es diretas para que o povo possa votar em seu futuro&#8221;, afirma Luiz Ara\u00fajo. &#8220;\u00c9 inadmiss\u00edvel que este congresso, absolutamente\u00a0contaminado e envolvido em corrup\u00e7\u00e3o, tenha o direito de indicar quem vai governar o Brasil at\u00e9 2018.&#8221;<\/p>\n<p>Para o deputado Ivan Valente, n\u00e3o h\u00e1 espa\u00e7o para manobras. &#8220;A sociedade espera celeridade nesse julgamento. N\u00e3o podemos aceitar um presidente envolvido at\u00e9 o pesco\u00e7o em esc\u00e2ndalos de corrup\u00e7\u00e3o. A atual situa\u00e7\u00e3o \u00e9 uma viol\u00eancia contra a democracia.&#8221;<\/p>\n<p>O coordenador do MTST Guilherme Boulos, em <span style=\"color: #3366ff;\"><strong><a style=\"color: #3366ff;\" href=\"https:\/\/www.cartacapital.com.br\/politica\/o-brasil-a-merce-de-gilmar-mendes\" target=\"_blank\" rel=\"noopener\">artigo publicado na <em>CartaCapital<\/em><\/a><\/strong><\/span>, concorda com a posi\u00e7\u00e3o do PSOL e afirma que o futuro do Brasil deve voltar para as m\u00e3os do povo.\u00a0&#8220;A \u00fanica solu\u00e7\u00e3o que pode, de fato, trazer alguma estabilidade duradoura \u00e9 a destitui\u00e7\u00e3o de Temer, seguida da imediata convoca\u00e7\u00e3o de novas elei\u00e7\u00f5es e de um chamado \u00e0 decis\u00e3o popular em rela\u00e7\u00e3o \u00e0s mudan\u00e7as do sistema pol\u00edtico. O futuro do Brasil precisa ser decidido pela maioria do povo, nas urnas e nas ruas&#8221;.<\/p>\n","protected":false},"excerpt":{"rendered":"<p>Come\u00e7a nessa ter\u00e7a-feira (4) o julgamento sobre a cassa\u00e7\u00e3o da chapa Dilma-Temer no Tribunal Superior Eleitoral (TSE), acusada de abuso de poder econ\u00f4mico nas elei\u00e7\u00f5es 2014. A acusa\u00e7\u00e3o foi movida pelo PSDB ap\u00f3s o resultado do pleito, no qual o candidato do partido, A\u00e9cio Neves, foi derrotado. Agora, os mesmos tucanos tentam rever o seu [&hellip;]<\/p>\n","protected":false},"author":2,"featured_media":15915,"comment_status":"open","ping_status":"open","sticky":false,"template":"","format":"standard","meta":{"_acf_changed":false,"footnotes":""},"categories":[1882,6,14],"tags":[278,2792,2169,977,552,1801,1748,22,830],"class_list":{"0":"post-15891","1":"post","2":"type-post","3":"status-publish","4":"format-standard","5":"has-post-thumbnail","7":"category-brasil","8":"category-noticias","9":"category-partido","10":"tag-cassacao","11":"tag-dilma-rousseff","12":"tag-fora-temer","13":"tag-guilherme-boulos","14":"tag-ivan-valente","15":"tag-luiz-araujo","16":"tag-michel-temer","17":"tag-psol","18":"tag-tse"},"acf":[],"yoast_head":"<!-- This site is optimized with the Yoast SEO plugin v26.5 - https:\/\/yoast.com\/wordpress\/plugins\/seo\/ -->\n<title>PSOL defende cassa\u00e7\u00e3o de Temer no TSE e convoca\u00e7\u00e3o de elei\u00e7\u00f5es diretas - PSOL 50<\/title>\n<meta name=\"robots\" content=\"index, follow, max-snippet:-1, max-image-preview:large, max-video-preview:-1\" \/>\n<link rel=\"canonical\" href=\"https:\/\/psol50.org.br\/psol-defende-cassacao-de-temer-no-tse-e-convocacao-de-eleicoes-diretas\/\" \/>\n<meta property=\"og:locale\" content=\"pt_BR\" \/>\n<meta property=\"og:type\" content=\"article\" \/>\n<meta property=\"og:title\" content=\"PSOL defende cassa\u00e7\u00e3o de Temer no TSE e convoca\u00e7\u00e3o de elei\u00e7\u00f5es diretas - PSOL 50\" \/>\n<meta property=\"og:description\" content=\"Come\u00e7a nessa ter\u00e7a-feira (4) o julgamento sobre a cassa\u00e7\u00e3o da chapa Dilma-Temer no Tribunal Superior Eleitoral (TSE), acusada de abuso de poder econ\u00f4mico nas elei\u00e7\u00f5es 2014. A acusa\u00e7\u00e3o foi movida pelo PSDB ap\u00f3s o resultado do pleito, no qual o candidato do partido, A\u00e9cio Neves, foi derrotado. Agora, os mesmos tucanos tentam rever o seu [&hellip;]\" \/>\n<meta property=\"og:url\" content=\"https:\/\/psol50.org.br\/psol-defende-cassacao-de-temer-no-tse-e-convocacao-de-eleicoes-diretas\/\" \/>\n<meta property=\"og:site_name\" content=\"PSOL 50\" \/>\n<meta property=\"article:publisher\" content=\"https:\/\/www.facebook.com\/psol50\" \/>\n<meta property=\"article:published_time\" content=\"2017-04-03T19:17:20+00:00\" \/>\n<meta property=\"og:image\" content=\"https:\/\/psol50.org.br\/inc\/uploads\/2018\/07\/capa.png\" \/>\n\t<meta property=\"og:image:width\" content=\"1350\" \/>\n\t<meta property=\"og:image:height\" content=\"900\" \/>\n\t<meta property=\"og:image:type\" content=\"image\/png\" \/>\n<meta name=\"author\" content=\"Comunica\u00e7\u00e3o PSOL\" \/>\n<meta name=\"twitter:card\" content=\"summary_large_image\" \/>\n<meta name=\"twitter:creator\" content=\"@psol50\" \/>\n<meta name=\"twitter:site\" content=\"@psol50\" \/>\n<meta name=\"twitter:label1\" content=\"Escrito por\" \/>\n\t<meta name=\"twitter:data1\" content=\"Comunica\u00e7\u00e3o PSOL\" \/>\n\t<meta name=\"twitter:label2\" content=\"Est. tempo de leitura\" \/>\n\t<meta name=\"twitter:data2\" content=\"3 minutos\" \/>\n<script type=\"application\/ld+json\" class=\"yoast-schema-graph\">{\"@context\":\"https:\/\/schema.org\",\"@graph\":[{\"@type\":\"Article\",\"@id\":\"https:\/\/psol50.org.br\/psol-defende-cassacao-de-temer-no-tse-e-convocacao-de-eleicoes-diretas\/#article\",\"isPartOf\":{\"@id\":\"https:\/\/psol50.org.br\/psol-defende-cassacao-de-temer-no-tse-e-convocacao-de-eleicoes-diretas\/\"},\"author\":{\"name\":\"Comunica\u00e7\u00e3o PSOL\",\"@id\":\"https:\/\/psol50.org.br\/#\/schema\/person\/475dfa57d0b815993c714c2e96491fcd\"},\"headline\":\"PSOL defende cassa\u00e7\u00e3o de Temer no TSE e convoca\u00e7\u00e3o de elei\u00e7\u00f5es diretas\",\"datePublished\":\"2017-04-03T19:17:20+00:00\",\"mainEntityOfPage\":{\"@id\":\"https:\/\/psol50.org.br\/psol-defende-cassacao-de-temer-no-tse-e-convocacao-de-eleicoes-diretas\/\"},\"wordCount\":556,\"commentCount\":0,\"publisher\":{\"@id\":\"https:\/\/psol50.org.br\/#organization\"},\"image\":{\"@id\":\"https:\/\/psol50.org.br\/psol-defende-cassacao-de-temer-no-tse-e-convocacao-de-eleicoes-diretas\/#primaryimage\"},\"thumbnailUrl\":\"\",\"keywords\":[\"cassa\u00e7\u00e3o\",\"Dilma Rousseff\",\"Fora Temer\",\"Guilherme Boulos\",\"Ivan Valente\",\"Luiz Ara\u00fajo\",\"Michel Temer\",\"PSOL\",\"TSE\"],\"articleSection\":[\"Brasil\",\"Not\u00edcias\",\"Partido\"],\"inLanguage\":\"pt-BR\",\"potentialAction\":[{\"@type\":\"CommentAction\",\"name\":\"Comment\",\"target\":[\"https:\/\/psol50.org.br\/psol-defende-cassacao-de-temer-no-tse-e-convocacao-de-eleicoes-diretas\/#respond\"]}]},{\"@type\":\"WebPage\",\"@id\":\"https:\/\/psol50.org.br\/psol-defende-cassacao-de-temer-no-tse-e-convocacao-de-eleicoes-diretas\/\",\"url\":\"https:\/\/psol50.org.br\/psol-defende-cassacao-de-temer-no-tse-e-convocacao-de-eleicoes-diretas\/\",\"name\":\"PSOL defende cassa\u00e7\u00e3o de Temer no TSE e convoca\u00e7\u00e3o de elei\u00e7\u00f5es diretas - PSOL 50\",\"isPartOf\":{\"@id\":\"https:\/\/psol50.org.br\/#website\"},\"primaryImageOfPage\":{\"@id\":\"https:\/\/psol50.org.br\/psol-defende-cassacao-de-temer-no-tse-e-convocacao-de-eleicoes-diretas\/#primaryimage\"},\"image\":{\"@id\":\"https:\/\/psol50.org.br\/psol-defende-cassacao-de-temer-no-tse-e-convocacao-de-eleicoes-diretas\/#primaryimage\"},\"thumbnailUrl\":\"\",\"datePublished\":\"2017-04-03T19:17:20+00:00\",\"breadcrumb\":{\"@id\":\"https:\/\/psol50.org.br\/psol-defende-cassacao-de-temer-no-tse-e-convocacao-de-eleicoes-diretas\/#breadcrumb\"},\"inLanguage\":\"pt-BR\",\"potentialAction\":[{\"@type\":\"ReadAction\",\"target\":[\"https:\/\/psol50.org.br\/psol-defende-cassacao-de-temer-no-tse-e-convocacao-de-eleicoes-diretas\/\"]}]},{\"@type\":\"ImageObject\",\"inLanguage\":\"pt-BR\",\"@id\":\"https:\/\/psol50.org.br\/psol-defende-cassacao-de-temer-no-tse-e-convocacao-de-eleicoes-diretas\/#primaryimage\",\"url\":\"\",\"contentUrl\":\"\"},{\"@type\":\"BreadcrumbList\",\"@id\":\"https:\/\/psol50.org.br\/psol-defende-cassacao-de-temer-no-tse-e-convocacao-de-eleicoes-diretas\/#breadcrumb\",\"itemListElement\":[{\"@type\":\"ListItem\",\"position\":1,\"name\":\"In\u00edcio\",\"item\":\"https:\/\/psol50.org.br\/\"},{\"@type\":\"ListItem\",\"position\":2,\"name\":\"PSOL defende cassa\u00e7\u00e3o de Temer no TSE e convoca\u00e7\u00e3o de elei\u00e7\u00f5es diretas\"}]},{\"@type\":\"WebSite\",\"@id\":\"https:\/\/psol50.org.br\/#website\",\"url\":\"https:\/\/psol50.org.br\/\",\"name\":\"PSOL 50\",\"description\":\"Site oficial do Partido Socialismo e Liberdade\",\"publisher\":{\"@id\":\"https:\/\/psol50.org.br\/#organization\"},\"alternateName\":\"PSOL50\",\"potentialAction\":[{\"@type\":\"SearchAction\",\"target\":{\"@type\":\"EntryPoint\",\"urlTemplate\":\"https:\/\/psol50.org.br\/?s={search_term_string}\"},\"query-input\":{\"@type\":\"PropertyValueSpecification\",\"valueRequired\":true,\"valueName\":\"search_term_string\"}}],\"inLanguage\":\"pt-BR\"},{\"@type\":\"Organization\",\"@id\":\"https:\/\/psol50.org.br\/#organization\",\"name\":\"PSOL 50\",\"alternateName\":\"PSOL 50\",\"url\":\"https:\/\/psol50.org.br\/\",\"logo\":{\"@type\":\"ImageObject\",\"inLanguage\":\"pt-BR\",\"@id\":\"https:\/\/psol50.org.br\/#\/schema\/logo\/image\/\",\"url\":\"https:\/\/psol50.org.br\/inc\/uploads\/2018\/07\/capa.png\",\"contentUrl\":\"https:\/\/psol50.org.br\/inc\/uploads\/2018\/07\/capa.png\",\"width\":1350,\"height\":900,\"caption\":\"PSOL 50\"},\"image\":{\"@id\":\"https:\/\/psol50.org.br\/#\/schema\/logo\/image\/\"},\"sameAs\":[\"https:\/\/www.facebook.com\/psol50\",\"https:\/\/x.com\/psol50\",\"https:\/\/www.instagram.com\/psol50\/\",\"https:\/\/www.youtube.com\/channel\/UC7SnJS5o1os7a6CaiNabzcg\"]},{\"@type\":\"Person\",\"@id\":\"https:\/\/psol50.org.br\/#\/schema\/person\/475dfa57d0b815993c714c2e96491fcd\",\"name\":\"Comunica\u00e7\u00e3o PSOL\",\"image\":{\"@type\":\"ImageObject\",\"inLanguage\":\"pt-BR\",\"@id\":\"https:\/\/psol50.org.br\/#\/schema\/person\/image\/\",\"url\":\"https:\/\/secure.gravatar.com\/avatar\/b34fc4f4e468a4e51785917065a3db57b841f5c95dba6ad8c73aaf8f66f8f9bf?s=96&d=mm&r=g\",\"contentUrl\":\"https:\/\/secure.gravatar.com\/avatar\/b34fc4f4e468a4e51785917065a3db57b841f5c95dba6ad8c73aaf8f66f8f9bf?s=96&d=mm&r=g\",\"caption\":\"Comunica\u00e7\u00e3o PSOL\"}}]}<\/script>\n<!-- \/ Yoast SEO plugin. -->","yoast_head_json":{"title":"PSOL defende cassa\u00e7\u00e3o de Temer no TSE e convoca\u00e7\u00e3o de elei\u00e7\u00f5es diretas - PSOL 50","robots":{"index":"index","follow":"follow","max-snippet":"max-snippet:-1","max-image-preview":"max-image-preview:large","max-video-preview":"max-video-preview:-1"},"canonical":"https:\/\/psol50.org.br\/psol-defende-cassacao-de-temer-no-tse-e-convocacao-de-eleicoes-diretas\/","og_locale":"pt_BR","og_type":"article","og_title":"PSOL defende cassa\u00e7\u00e3o de Temer no TSE e convoca\u00e7\u00e3o de elei\u00e7\u00f5es diretas - PSOL 50","og_description":"Come\u00e7a nessa ter\u00e7a-feira (4) o julgamento sobre a cassa\u00e7\u00e3o da chapa Dilma-Temer no Tribunal Superior Eleitoral (TSE), acusada de abuso de poder econ\u00f4mico nas elei\u00e7\u00f5es 2014. A acusa\u00e7\u00e3o foi movida pelo PSDB ap\u00f3s o resultado do pleito, no qual o candidato do partido, A\u00e9cio Neves, foi derrotado. Agora, os mesmos tucanos tentam rever o seu [&hellip;]","og_url":"https:\/\/psol50.org.br\/psol-defende-cassacao-de-temer-no-tse-e-convocacao-de-eleicoes-diretas\/","og_site_name":"PSOL 50","article_publisher":"https:\/\/www.facebook.com\/psol50","article_published_time":"2017-04-03T19:17:20+00:00","og_image":[{"width":1350,"height":900,"url":"https:\/\/psol50.org.br\/inc\/uploads\/2018\/07\/capa.png","type":"image\/png"}],"author":"Comunica\u00e7\u00e3o PSOL","twitter_card":"summary_large_image","twitter_creator":"@psol50","twitter_site":"@psol50","twitter_misc":{"Escrito por":"Comunica\u00e7\u00e3o PSOL","Est. tempo de leitura":"3 minutos"},"schema":{"@context":"https:\/\/schema.org","@graph":[{"@type":"Article","@id":"https:\/\/psol50.org.br\/psol-defende-cassacao-de-temer-no-tse-e-convocacao-de-eleicoes-diretas\/#article","isPartOf":{"@id":"https:\/\/psol50.org.br\/psol-defende-cassacao-de-temer-no-tse-e-convocacao-de-eleicoes-diretas\/"},"author":{"name":"Comunica\u00e7\u00e3o PSOL","@id":"https:\/\/psol50.org.br\/#\/schema\/person\/475dfa57d0b815993c714c2e96491fcd"},"headline":"PSOL defende cassa\u00e7\u00e3o de Temer no TSE e convoca\u00e7\u00e3o de elei\u00e7\u00f5es diretas","datePublished":"2017-04-03T19:17:20+00:00","mainEntityOfPage":{"@id":"https:\/\/psol50.org.br\/psol-defende-cassacao-de-temer-no-tse-e-convocacao-de-eleicoes-diretas\/"},"wordCount":556,"commentCount":0,"publisher":{"@id":"https:\/\/psol50.org.br\/#organization"},"image":{"@id":"https:\/\/psol50.org.br\/psol-defende-cassacao-de-temer-no-tse-e-convocacao-de-eleicoes-diretas\/#primaryimage"},"thumbnailUrl":"","keywords":["cassa\u00e7\u00e3o","Dilma Rousseff","Fora Temer","Guilherme Boulos","Ivan Valente","Luiz Ara\u00fajo","Michel Temer","PSOL","TSE"],"articleSection":["Brasil","Not\u00edcias","Partido"],"inLanguage":"pt-BR","potentialAction":[{"@type":"CommentAction","name":"Comment","target":["https:\/\/psol50.org.br\/psol-defende-cassacao-de-temer-no-tse-e-convocacao-de-eleicoes-diretas\/#respond"]}]},{"@type":"WebPage","@id":"https:\/\/psol50.org.br\/psol-defende-cassacao-de-temer-no-tse-e-convocacao-de-eleicoes-diretas\/","url":"https:\/\/psol50.org.br\/psol-defende-cassacao-de-temer-no-tse-e-convocacao-de-eleicoes-diretas\/","name":"PSOL defende cassa\u00e7\u00e3o de Temer no TSE e convoca\u00e7\u00e3o de elei\u00e7\u00f5es diretas - PSOL 50","isPartOf":{"@id":"https:\/\/psol50.org.br\/#website"},"primaryImageOfPage":{"@id":"https:\/\/psol50.org.br\/psol-defende-cassacao-de-temer-no-tse-e-convocacao-de-eleicoes-diretas\/#primaryimage"},"image":{"@id":"https:\/\/psol50.org.br\/psol-defende-cassacao-de-temer-no-tse-e-convocacao-de-eleicoes-diretas\/#primaryimage"},"thumbnailUrl":"","datePublished":"2017-04-03T19:17:20+00:00","breadcrumb":{"@id":"https:\/\/psol50.org.br\/psol-defende-cassacao-de-temer-no-tse-e-convocacao-de-eleicoes-diretas\/#breadcrumb"},"inLanguage":"pt-BR","potentialAction":[{"@type":"ReadAction","target":["https:\/\/psol50.org.br\/psol-defende-cassacao-de-temer-no-tse-e-convocacao-de-eleicoes-diretas\/"]}]},{"@type":"ImageObject","inLanguage":"pt-BR","@id":"https:\/\/psol50.org.br\/psol-defende-cassacao-de-temer-no-tse-e-convocacao-de-eleicoes-diretas\/#primaryimage","url":"","contentUrl":""},{"@type":"BreadcrumbList","@id":"https:\/\/psol50.org.br\/psol-defende-cassacao-de-temer-no-tse-e-convocacao-de-eleicoes-diretas\/#breadcrumb","itemListElement":[{"@type":"ListItem","position":1,"name":"In\u00edcio","item":"https:\/\/psol50.org.br\/"},{"@type":"ListItem","position":2,"name":"PSOL defende cassa\u00e7\u00e3o de Temer no TSE e convoca\u00e7\u00e3o de elei\u00e7\u00f5es diretas"}]},{"@type":"WebSite","@id":"https:\/\/psol50.org.br\/#website","url":"https:\/\/psol50.org.br\/","name":"PSOL 50","description":"Site oficial do Partido Socialismo e Liberdade","publisher":{"@id":"https:\/\/psol50.org.br\/#organization"},"alternateName":"PSOL50","potentialAction":[{"@type":"SearchAction","target":{"@type":"EntryPoint","urlTemplate":"https:\/\/psol50.org.br\/?s={search_term_string}"},"query-input":{"@type":"PropertyValueSpecification","valueRequired":true,"valueName":"search_term_string"}}],"inLanguage":"pt-BR"},{"@type":"Organization","@id":"https:\/\/psol50.org.br\/#organization","name":"PSOL 50","alternateName":"PSOL 50","url":"https:\/\/psol50.org.br\/","logo":{"@type":"ImageObject","inLanguage":"pt-BR","@id":"https:\/\/psol50.org.br\/#\/schema\/logo\/image\/","url":"https:\/\/psol50.org.br\/inc\/uploads\/2018\/07\/capa.png","contentUrl":"https:\/\/psol50.org.br\/inc\/uploads\/2018\/07\/capa.png","width":1350,"height":900,"caption":"PSOL 50"},"image":{"@id":"https:\/\/psol50.org.br\/#\/schema\/logo\/image\/"},"sameAs":["https:\/\/www.facebook.com\/psol50","https:\/\/x.com\/psol50","https:\/\/www.instagram.com\/psol50\/","https:\/\/www.youtube.com\/channel\/UC7SnJS5o1os7a6CaiNabzcg"]},{"@type":"Person","@id":"https:\/\/psol50.org.br\/#\/schema\/person\/475dfa57d0b815993c714c2e96491fcd","name":"Comunica\u00e7\u00e3o PSOL","image":{"@type":"ImageObject","inLanguage":"pt-BR","@id":"https:\/\/psol50.org.br\/#\/schema\/person\/image\/","url":"https:\/\/secure.gravatar.com\/avatar\/b34fc4f4e468a4e51785917065a3db57b841f5c95dba6ad8c73aaf8f66f8f9bf?s=96&d=mm&r=g","contentUrl":"https:\/\/secure.gravatar.com\/avatar\/b34fc4f4e468a4e51785917065a3db57b841f5c95dba6ad8c73aaf8f66f8f9bf?s=96&d=mm&r=g","caption":"Comunica\u00e7\u00e3o PSOL"}}]}},"_links":{"self":[{"href":"https:\/\/psol50.org.br\/rest\/wp\/v2\/posts\/15891","targetHints":{"allow":["GET"]}}],"collection":[{"href":"https:\/\/psol50.org.br\/rest\/wp\/v2\/posts"}],"about":[{"href":"https:\/\/psol50.org.br\/rest\/wp\/v2\/types\/post"}],"author":[{"embeddable":true,"href":"https:\/\/psol50.org.br\/rest\/wp\/v2\/users\/2"}],"replies":[{"embeddable":true,"href":"https:\/\/psol50.org.br\/rest\/wp\/v2\/comments?post=15891"}],"version-history":[{"count":0,"href":"https:\/\/psol50.org.br\/rest\/wp\/v2\/posts\/15891\/revisions"}],"wp:featuredmedia":[{"embeddable":true,"href":"https:\/\/psol50.org.br\/rest\/"}],"wp:attachment":[{"href":"https:\/\/psol50.org.br\/rest\/wp\/v2\/media?parent=15891"}],"wp:term":[{"taxonomy":"category","embeddable":true,"href":"https:\/\/psol50.org.br\/rest\/wp\/v2\/categories?post=15891"},{"taxonomy":"post_tag","embeddable":true,"href":"https:\/\/psol50.org.br\/rest\/wp\/v2\/tags?post=15891"}],"curies":[{"name":"wp","href":"https:\/\/api.w.org\/{rel}","templated":true}]}}