{"id":1591,"date":"2011-07-28T00:00:00","date_gmt":"2011-07-28T00:00:00","guid":{"rendered":"http:\/\/psol50.org.br\/arquivo\/2011\/07\/28\/perola-da-politicagem-macaense\/"},"modified":"2011-07-28T00:00:00","modified_gmt":"2011-07-28T00:00:00","slug":"perola-da-politicagem-macaense","status":"publish","type":"post","link":"https:\/\/psol50.org.br\/perola-da-politicagem-macaense\/","title":{"rendered":"P\u00e9rola da politicagem macaense"},"content":{"rendered":"<p><strong><em>*Por Leonardo Mosquito<\/em><\/strong><\/p>\n<p>Com o intuito de antecipar as elei\u00e7\u00f5es e a  propaganda eleitoral, levando a popula\u00e7\u00e3o a esquecer dos problemas  concretos cotidianos e de seus respons\u00e1veis, atores da cena pol\u00edtica  macaense tentam conduzir-nos ao frenesi enlouquecido das trocas de  favores, interesses pessoais, obras de maquiagem, etc, t\u00edpicos da  \u201cpoliticagem\u201d eleitoreira.<\/p>\n<div style=\"text-align: justify\"><a href=\"http:\/\/psolriodasostras.files.wordpress.com\/2011\/07\/charge-troca-de-partido.jpg\"><img loading=\"lazy\" decoding=\"async\" src=\"http:\/\/psolriodasostras.files.wordpress.com\/2011\/07\/charge-troca-de-partido.jpg?w=238&amp;h=190\" alt=\"\" width=\"238\" height=\"190\" \/><\/a><\/p>\n<p style=\"text-align: justify\"><strong>PSOL n\u00e3o \u00e9 legenda de aluguel!<\/strong><\/p>\n<p><em><strong>Surgem boatos nada inocentes a respeito  de um partido, o PSOL, no munic\u00edpio de Maca\u00e9-RJ. Partido este \u201cpequeno,  mas n\u00e3o nanico\u201d, parafraseando Pl\u00ednio de Arruda Sampaio. Tal \u2018boato\u2019  daria conta da \u2018infiltra\u00e7\u00e3o\u2019, quero dizer, da \u2018filia\u00e7\u00e3o\u2019 para fins  apenas eleitoreiros de uma figurinha j\u00e1 conhecida do meio pol\u00edtico. N\u00e3o  vale nem citar o nome\u2026 <\/strong><\/em><\/p>\n<\/div>\n<p style=\"text-align: justify\">Bem isso significa dizer que o PSOL  incomoda a muita gente por ser o partido que mais cresceu no pa\u00eds  alicer\u00e7ado pela luta, e n\u00e3o por conchavos. Um partido sem envolvimento  com as maracutaias t\u00e3o comuns em nosso munic\u00edpio.<\/p>\n<p style=\"text-align: justify\">Pois, ent\u00e3o, a organiza\u00e7\u00e3o do PSOL de  Maca\u00e9 (n\u00facleo Serramar) n\u00e3o reconhece tal processo de filia\u00e7\u00e3o, como  nenhum outro nesses moldes e sob tais interesses, e vai seguir vigilante  caso investidas oportunistas sejam tentadas.<\/p>\n<p style=\"text-align: justify\">O PSOL Serramar vai seguir incomodando e  afirmando que quaisquer filia\u00e7\u00f5es ao partido que n\u00e3o sejam pelas vias da  luta e da milit\u00e2ncia concreta, ser\u00e3o debatidas pelo n\u00facleo que por sua  vez est\u00e1 preocupado com a resolu\u00e7\u00e3o dos problemas do povo, com as causas  coletivas dos trabalhadores.<\/p>\n<p style=\"text-align: justify\">Se no pr\u00f3ximo ano participarmos das  elei\u00e7\u00f5es na cidade, ser\u00e1 para manifestar a luta da popula\u00e7\u00e3o macaense e  de toda a regi\u00e3o contra os problemas reais como a baixa qualidade nos  transportes, a falta de acesso \u00e0 moradia e \u00e0 terra, ao emprego, a  degrada\u00e7\u00e3o ambiental, os baixos sal\u00e1rios e a explora\u00e7\u00e3o dos  trabalhadores, o descaso com a probidade administrativa da coisa  p\u00fablica. Estaremos mobilizados em prol de transpar\u00eancia pol\u00edtica,  democracia real, poder de decis\u00e3o e controle social e participa\u00e7\u00e3o  direta da popula\u00e7\u00e3o nos rumos do munic\u00edpio\u2026<\/p>\n<div style=\"text-align: justify\"><a href=\"http:\/\/psolriodasostras.files.wordpress.com\/2011\/07\/charge20candidatos.jpg\"><img loading=\"lazy\" decoding=\"async\" src=\"http:\/\/psolriodasostras.files.wordpress.com\/2011\/07\/charge20candidatos.jpg?w=230&amp;h=224\" alt=\"\" width=\"230\" height=\"224\" \/><\/a><strong>Basta de oportunistas!<\/strong><\/p>\n<\/div>\n<p style=\"text-align: justify\">No mais tudo, \u00e9 fofoca, pois trata-se de  \u00e9poca para alguns irrespons\u00e1veis darem as costas aos problemas reais da  popula\u00e7\u00e3o enquanto movem seus pe\u00f5es no tabuleiro do fisiologismo  pol\u00edtico e dos interesses escusos.<\/p>\n<p style=\"text-align: justify\"><strong>Viva o Socialismo! Viva a Liberdade!<\/strong><\/p>\n<p style=\"text-align: justify\"><em><strong>*L\u00e9o Mosquito \u00e9 petroleiro e\u00a0militante do n\u00facleo Serramar do PSOL \u2013 RJ<\/strong><\/em><\/p>\n","protected":false},"excerpt":{"rendered":"<p>*Por Leonardo Mosquito Com o intuito de antecipar as elei\u00e7\u00f5es e a propaganda eleitoral, levando a popula\u00e7\u00e3o a esquecer dos problemas concretos cotidianos e de seus respons\u00e1veis, atores da cena pol\u00edtica macaense tentam conduzir-nos ao frenesi enlouquecido das trocas de favores, interesses pessoais, obras de maquiagem, etc, t\u00edpicos da \u201cpoliticagem\u201d eleitoreira. PSOL n\u00e3o \u00e9 legenda [&hellip;]<\/p>\n","protected":false},"author":2,"featured_media":0,"comment_status":"open","ping_status":"open","sticky":false,"template":"","format":"standard","meta":{"_acf_changed":false,"footnotes":""},"categories":[4766],"tags":[],"class_list":{"0":"post-1591","1":"post","2":"type-post","3":"status-publish","4":"format-standard","6":"category-arquivo"},"acf":[],"yoast_head":"<!-- This site is optimized with the Yoast SEO plugin v26.5 - https:\/\/yoast.com\/wordpress\/plugins\/seo\/ -->\n<title>P\u00e9rola da politicagem macaense - PSOL 50<\/title>\n<meta name=\"robots\" content=\"index, follow, max-snippet:-1, max-image-preview:large, max-video-preview:-1\" \/>\n<link rel=\"canonical\" href=\"https:\/\/psol50.org.br\/perola-da-politicagem-macaense\/\" \/>\n<meta property=\"og:locale\" content=\"pt_BR\" \/>\n<meta property=\"og:type\" content=\"article\" \/>\n<meta property=\"og:title\" content=\"P\u00e9rola da politicagem macaense - PSOL 50\" \/>\n<meta property=\"og:description\" content=\"*Por Leonardo Mosquito Com o intuito de antecipar as elei\u00e7\u00f5es e a propaganda eleitoral, levando a popula\u00e7\u00e3o a esquecer dos problemas concretos cotidianos e de seus respons\u00e1veis, atores da cena pol\u00edtica macaense tentam conduzir-nos ao frenesi enlouquecido das trocas de favores, interesses pessoais, obras de maquiagem, etc, t\u00edpicos da \u201cpoliticagem\u201d eleitoreira. PSOL n\u00e3o \u00e9 legenda [&hellip;]\" \/>\n<meta property=\"og:url\" content=\"https:\/\/psol50.org.br\/perola-da-politicagem-macaense\/\" \/>\n<meta property=\"og:site_name\" content=\"PSOL 50\" \/>\n<meta property=\"article:publisher\" content=\"https:\/\/www.facebook.com\/psol50\" \/>\n<meta property=\"article:published_time\" content=\"2011-07-28T00:00:00+00:00\" \/>\n<meta property=\"og:image\" content=\"http:\/\/psolriodasostras.files.wordpress.com\/2011\/07\/charge-troca-de-partido.jpg?w=238&amp;h=190\" \/>\n<meta name=\"author\" content=\"Comunica\u00e7\u00e3o PSOL\" \/>\n<meta name=\"twitter:card\" content=\"summary_large_image\" \/>\n<meta name=\"twitter:creator\" content=\"@psol50\" \/>\n<meta name=\"twitter:site\" content=\"@psol50\" \/>\n<meta name=\"twitter:label1\" content=\"Escrito por\" \/>\n\t<meta name=\"twitter:data1\" content=\"Comunica\u00e7\u00e3o PSOL\" \/>\n\t<meta name=\"twitter:label2\" content=\"Est. tempo de leitura\" \/>\n\t<meta name=\"twitter:data2\" content=\"2 minutos\" \/>\n<script type=\"application\/ld+json\" class=\"yoast-schema-graph\">{\"@context\":\"https:\/\/schema.org\",\"@graph\":[{\"@type\":\"Article\",\"@id\":\"https:\/\/psol50.org.br\/perola-da-politicagem-macaense\/#article\",\"isPartOf\":{\"@id\":\"https:\/\/psol50.org.br\/perola-da-politicagem-macaense\/\"},\"author\":{\"name\":\"Comunica\u00e7\u00e3o PSOL\",\"@id\":\"https:\/\/psol50.org.br\/#\/schema\/person\/475dfa57d0b815993c714c2e96491fcd\"},\"headline\":\"P\u00e9rola da politicagem macaense\",\"datePublished\":\"2011-07-28T00:00:00+00:00\",\"mainEntityOfPage\":{\"@id\":\"https:\/\/psol50.org.br\/perola-da-politicagem-macaense\/\"},\"wordCount\":422,\"commentCount\":0,\"publisher\":{\"@id\":\"https:\/\/psol50.org.br\/#organization\"},\"image\":{\"@id\":\"https:\/\/psol50.org.br\/perola-da-politicagem-macaense\/#primaryimage\"},\"thumbnailUrl\":\"http:\/\/psolriodasostras.files.wordpress.com\/2011\/07\/charge-troca-de-partido.jpg?w=238&amp;h=190\",\"articleSection\":[\"Arquivo\"],\"inLanguage\":\"pt-BR\",\"potentialAction\":[{\"@type\":\"CommentAction\",\"name\":\"Comment\",\"target\":[\"https:\/\/psol50.org.br\/perola-da-politicagem-macaense\/#respond\"]}]},{\"@type\":\"WebPage\",\"@id\":\"https:\/\/psol50.org.br\/perola-da-politicagem-macaense\/\",\"url\":\"https:\/\/psol50.org.br\/perola-da-politicagem-macaense\/\",\"name\":\"P\u00e9rola da politicagem macaense - PSOL 50\",\"isPartOf\":{\"@id\":\"https:\/\/psol50.org.br\/#website\"},\"primaryImageOfPage\":{\"@id\":\"https:\/\/psol50.org.br\/perola-da-politicagem-macaense\/#primaryimage\"},\"image\":{\"@id\":\"https:\/\/psol50.org.br\/perola-da-politicagem-macaense\/#primaryimage\"},\"thumbnailUrl\":\"http:\/\/psolriodasostras.files.wordpress.com\/2011\/07\/charge-troca-de-partido.jpg?w=238&amp;h=190\",\"datePublished\":\"2011-07-28T00:00:00+00:00\",\"breadcrumb\":{\"@id\":\"https:\/\/psol50.org.br\/perola-da-politicagem-macaense\/#breadcrumb\"},\"inLanguage\":\"pt-BR\",\"potentialAction\":[{\"@type\":\"ReadAction\",\"target\":[\"https:\/\/psol50.org.br\/perola-da-politicagem-macaense\/\"]}]},{\"@type\":\"ImageObject\",\"inLanguage\":\"pt-BR\",\"@id\":\"https:\/\/psol50.org.br\/perola-da-politicagem-macaense\/#primaryimage\",\"url\":\"http:\/\/psolriodasostras.files.wordpress.com\/2011\/07\/charge-troca-de-partido.jpg?w=238&amp;h=190\",\"contentUrl\":\"http:\/\/psolriodasostras.files.wordpress.com\/2011\/07\/charge-troca-de-partido.jpg?w=238&amp;h=190\"},{\"@type\":\"BreadcrumbList\",\"@id\":\"https:\/\/psol50.org.br\/perola-da-politicagem-macaense\/#breadcrumb\",\"itemListElement\":[{\"@type\":\"ListItem\",\"position\":1,\"name\":\"In\u00edcio\",\"item\":\"https:\/\/psol50.org.br\/\"},{\"@type\":\"ListItem\",\"position\":2,\"name\":\"P\u00e9rola da politicagem macaense\"}]},{\"@type\":\"WebSite\",\"@id\":\"https:\/\/psol50.org.br\/#website\",\"url\":\"https:\/\/psol50.org.br\/\",\"name\":\"PSOL 50\",\"description\":\"Site oficial do Partido Socialismo e Liberdade\",\"publisher\":{\"@id\":\"https:\/\/psol50.org.br\/#organization\"},\"alternateName\":\"PSOL50\",\"potentialAction\":[{\"@type\":\"SearchAction\",\"target\":{\"@type\":\"EntryPoint\",\"urlTemplate\":\"https:\/\/psol50.org.br\/?s={search_term_string}\"},\"query-input\":{\"@type\":\"PropertyValueSpecification\",\"valueRequired\":true,\"valueName\":\"search_term_string\"}}],\"inLanguage\":\"pt-BR\"},{\"@type\":\"Organization\",\"@id\":\"https:\/\/psol50.org.br\/#organization\",\"name\":\"PSOL 50\",\"alternateName\":\"PSOL 50\",\"url\":\"https:\/\/psol50.org.br\/\",\"logo\":{\"@type\":\"ImageObject\",\"inLanguage\":\"pt-BR\",\"@id\":\"https:\/\/psol50.org.br\/#\/schema\/logo\/image\/\",\"url\":\"https:\/\/psol50.org.br\/inc\/uploads\/2018\/07\/capa.png\",\"contentUrl\":\"https:\/\/psol50.org.br\/inc\/uploads\/2018\/07\/capa.png\",\"width\":1350,\"height\":900,\"caption\":\"PSOL 50\"},\"image\":{\"@id\":\"https:\/\/psol50.org.br\/#\/schema\/logo\/image\/\"},\"sameAs\":[\"https:\/\/www.facebook.com\/psol50\",\"https:\/\/x.com\/psol50\",\"https:\/\/www.instagram.com\/psol50\/\",\"https:\/\/www.youtube.com\/channel\/UC7SnJS5o1os7a6CaiNabzcg\"]},{\"@type\":\"Person\",\"@id\":\"https:\/\/psol50.org.br\/#\/schema\/person\/475dfa57d0b815993c714c2e96491fcd\",\"name\":\"Comunica\u00e7\u00e3o PSOL\",\"image\":{\"@type\":\"ImageObject\",\"inLanguage\":\"pt-BR\",\"@id\":\"https:\/\/psol50.org.br\/#\/schema\/person\/image\/\",\"url\":\"https:\/\/secure.gravatar.com\/avatar\/b34fc4f4e468a4e51785917065a3db57b841f5c95dba6ad8c73aaf8f66f8f9bf?s=96&d=mm&r=g\",\"contentUrl\":\"https:\/\/secure.gravatar.com\/avatar\/b34fc4f4e468a4e51785917065a3db57b841f5c95dba6ad8c73aaf8f66f8f9bf?s=96&d=mm&r=g\",\"caption\":\"Comunica\u00e7\u00e3o PSOL\"}}]}<\/script>\n<!-- \/ Yoast SEO plugin. -->","yoast_head_json":{"title":"P\u00e9rola da politicagem macaense - PSOL 50","robots":{"index":"index","follow":"follow","max-snippet":"max-snippet:-1","max-image-preview":"max-image-preview:large","max-video-preview":"max-video-preview:-1"},"canonical":"https:\/\/psol50.org.br\/perola-da-politicagem-macaense\/","og_locale":"pt_BR","og_type":"article","og_title":"P\u00e9rola da politicagem macaense - PSOL 50","og_description":"*Por Leonardo Mosquito Com o intuito de antecipar as elei\u00e7\u00f5es e a propaganda eleitoral, levando a popula\u00e7\u00e3o a esquecer dos problemas concretos cotidianos e de seus respons\u00e1veis, atores da cena pol\u00edtica macaense tentam conduzir-nos ao frenesi enlouquecido das trocas de favores, interesses pessoais, obras de maquiagem, etc, t\u00edpicos da \u201cpoliticagem\u201d eleitoreira. PSOL n\u00e3o \u00e9 legenda [&hellip;]","og_url":"https:\/\/psol50.org.br\/perola-da-politicagem-macaense\/","og_site_name":"PSOL 50","article_publisher":"https:\/\/www.facebook.com\/psol50","article_published_time":"2011-07-28T00:00:00+00:00","og_image":[{"url":"http:\/\/psolriodasostras.files.wordpress.com\/2011\/07\/charge-troca-de-partido.jpg?w=238&amp;h=190","type":"","width":"","height":""}],"author":"Comunica\u00e7\u00e3o PSOL","twitter_card":"summary_large_image","twitter_creator":"@psol50","twitter_site":"@psol50","twitter_misc":{"Escrito por":"Comunica\u00e7\u00e3o PSOL","Est. tempo de leitura":"2 minutos"},"schema":{"@context":"https:\/\/schema.org","@graph":[{"@type":"Article","@id":"https:\/\/psol50.org.br\/perola-da-politicagem-macaense\/#article","isPartOf":{"@id":"https:\/\/psol50.org.br\/perola-da-politicagem-macaense\/"},"author":{"name":"Comunica\u00e7\u00e3o PSOL","@id":"https:\/\/psol50.org.br\/#\/schema\/person\/475dfa57d0b815993c714c2e96491fcd"},"headline":"P\u00e9rola da politicagem macaense","datePublished":"2011-07-28T00:00:00+00:00","mainEntityOfPage":{"@id":"https:\/\/psol50.org.br\/perola-da-politicagem-macaense\/"},"wordCount":422,"commentCount":0,"publisher":{"@id":"https:\/\/psol50.org.br\/#organization"},"image":{"@id":"https:\/\/psol50.org.br\/perola-da-politicagem-macaense\/#primaryimage"},"thumbnailUrl":"http:\/\/psolriodasostras.files.wordpress.com\/2011\/07\/charge-troca-de-partido.jpg?w=238&amp;h=190","articleSection":["Arquivo"],"inLanguage":"pt-BR","potentialAction":[{"@type":"CommentAction","name":"Comment","target":["https:\/\/psol50.org.br\/perola-da-politicagem-macaense\/#respond"]}]},{"@type":"WebPage","@id":"https:\/\/psol50.org.br\/perola-da-politicagem-macaense\/","url":"https:\/\/psol50.org.br\/perola-da-politicagem-macaense\/","name":"P\u00e9rola da politicagem macaense - PSOL 50","isPartOf":{"@id":"https:\/\/psol50.org.br\/#website"},"primaryImageOfPage":{"@id":"https:\/\/psol50.org.br\/perola-da-politicagem-macaense\/#primaryimage"},"image":{"@id":"https:\/\/psol50.org.br\/perola-da-politicagem-macaense\/#primaryimage"},"thumbnailUrl":"http:\/\/psolriodasostras.files.wordpress.com\/2011\/07\/charge-troca-de-partido.jpg?w=238&amp;h=190","datePublished":"2011-07-28T00:00:00+00:00","breadcrumb":{"@id":"https:\/\/psol50.org.br\/perola-da-politicagem-macaense\/#breadcrumb"},"inLanguage":"pt-BR","potentialAction":[{"@type":"ReadAction","target":["https:\/\/psol50.org.br\/perola-da-politicagem-macaense\/"]}]},{"@type":"ImageObject","inLanguage":"pt-BR","@id":"https:\/\/psol50.org.br\/perola-da-politicagem-macaense\/#primaryimage","url":"http:\/\/psolriodasostras.files.wordpress.com\/2011\/07\/charge-troca-de-partido.jpg?w=238&amp;h=190","contentUrl":"http:\/\/psolriodasostras.files.wordpress.com\/2011\/07\/charge-troca-de-partido.jpg?w=238&amp;h=190"},{"@type":"BreadcrumbList","@id":"https:\/\/psol50.org.br\/perola-da-politicagem-macaense\/#breadcrumb","itemListElement":[{"@type":"ListItem","position":1,"name":"In\u00edcio","item":"https:\/\/psol50.org.br\/"},{"@type":"ListItem","position":2,"name":"P\u00e9rola da politicagem macaense"}]},{"@type":"WebSite","@id":"https:\/\/psol50.org.br\/#website","url":"https:\/\/psol50.org.br\/","name":"PSOL 50","description":"Site oficial do Partido Socialismo e Liberdade","publisher":{"@id":"https:\/\/psol50.org.br\/#organization"},"alternateName":"PSOL50","potentialAction":[{"@type":"SearchAction","target":{"@type":"EntryPoint","urlTemplate":"https:\/\/psol50.org.br\/?s={search_term_string}"},"query-input":{"@type":"PropertyValueSpecification","valueRequired":true,"valueName":"search_term_string"}}],"inLanguage":"pt-BR"},{"@type":"Organization","@id":"https:\/\/psol50.org.br\/#organization","name":"PSOL 50","alternateName":"PSOL 50","url":"https:\/\/psol50.org.br\/","logo":{"@type":"ImageObject","inLanguage":"pt-BR","@id":"https:\/\/psol50.org.br\/#\/schema\/logo\/image\/","url":"https:\/\/psol50.org.br\/inc\/uploads\/2018\/07\/capa.png","contentUrl":"https:\/\/psol50.org.br\/inc\/uploads\/2018\/07\/capa.png","width":1350,"height":900,"caption":"PSOL 50"},"image":{"@id":"https:\/\/psol50.org.br\/#\/schema\/logo\/image\/"},"sameAs":["https:\/\/www.facebook.com\/psol50","https:\/\/x.com\/psol50","https:\/\/www.instagram.com\/psol50\/","https:\/\/www.youtube.com\/channel\/UC7SnJS5o1os7a6CaiNabzcg"]},{"@type":"Person","@id":"https:\/\/psol50.org.br\/#\/schema\/person\/475dfa57d0b815993c714c2e96491fcd","name":"Comunica\u00e7\u00e3o PSOL","image":{"@type":"ImageObject","inLanguage":"pt-BR","@id":"https:\/\/psol50.org.br\/#\/schema\/person\/image\/","url":"https:\/\/secure.gravatar.com\/avatar\/b34fc4f4e468a4e51785917065a3db57b841f5c95dba6ad8c73aaf8f66f8f9bf?s=96&d=mm&r=g","contentUrl":"https:\/\/secure.gravatar.com\/avatar\/b34fc4f4e468a4e51785917065a3db57b841f5c95dba6ad8c73aaf8f66f8f9bf?s=96&d=mm&r=g","caption":"Comunica\u00e7\u00e3o PSOL"}}]}},"_links":{"self":[{"href":"https:\/\/psol50.org.br\/rest\/wp\/v2\/posts\/1591","targetHints":{"allow":["GET"]}}],"collection":[{"href":"https:\/\/psol50.org.br\/rest\/wp\/v2\/posts"}],"about":[{"href":"https:\/\/psol50.org.br\/rest\/wp\/v2\/types\/post"}],"author":[{"embeddable":true,"href":"https:\/\/psol50.org.br\/rest\/wp\/v2\/users\/2"}],"replies":[{"embeddable":true,"href":"https:\/\/psol50.org.br\/rest\/wp\/v2\/comments?post=1591"}],"version-history":[{"count":0,"href":"https:\/\/psol50.org.br\/rest\/wp\/v2\/posts\/1591\/revisions"}],"wp:attachment":[{"href":"https:\/\/psol50.org.br\/rest\/wp\/v2\/media?parent=1591"}],"wp:term":[{"taxonomy":"category","embeddable":true,"href":"https:\/\/psol50.org.br\/rest\/wp\/v2\/categories?post=1591"},{"taxonomy":"post_tag","embeddable":true,"href":"https:\/\/psol50.org.br\/rest\/wp\/v2\/tags?post=1591"}],"curies":[{"name":"wp","href":"https:\/\/api.w.org\/{rel}","templated":true}]}}