{"id":15913,"date":"2017-04-04T13:34:32","date_gmt":"2017-04-04T13:34:32","guid":{"rendered":"http:\/\/www.psol50.org.br\/?p=15913"},"modified":"2017-04-04T13:34:32","modified_gmt":"2017-04-04T13:34:32","slug":"em-defesa-dos-direitos-e-da-democracia-rumo-a-greve-geral-em-2804","status":"publish","type":"post","link":"https:\/\/psol50.org.br\/em-defesa-dos-direitos-e-da-democracia-rumo-a-greve-geral-em-2804\/","title":{"rendered":"Em defesa dos direitos e da democracia: rumo \u00e0 greve geral em 28\/04"},"content":{"rendered":"<p>28 de abril \u00e9 dia de greve geral contra a reforma da Previd\u00eancia, a reforma trabalhista e a lei de terceiriza\u00e7\u00f5es. As frentes de mobiliza\u00e7\u00e3o Povo Sem Medo e Brasil Popular, bem como movimentos sociais e as centrais sindicais, como a Intersindical e a CSP &#8211; Conlutas, j\u00e1 est\u00e3o neste momento mobilizando em todo o pa\u00eds para fazer do dia um grande marco da luta contra o governo Temer.<\/p>\n<p>O PSOL faz parte da mobiliza\u00e7\u00e3o. A Executiva Nacional do partido, reunida no \u00faltimo s\u00e1bado (01\/04) em S\u00e3o Paulo,\u00a0reafirmou a pol\u00edtica de ampla convoca\u00e7\u00e3o dos militantes partid\u00e1rios para participarem, em todas as cidades, das atividades da greve, bem como das manifesta\u00e7\u00f5es que est\u00e3o sendo pensadas para o 1\u00ba de maio, Dia Internacional dos Trabalhadores.<\/p>\n<p>A resolu\u00e7\u00e3o pol\u00edtica aprovada pela executiva do partido afirma que &#8220;n\u00e3o resta d\u00favida de que a hora \u00e9 de fortalecer a frente \u00fanica contra o governo e destrui\u00e7\u00e3o dos direitos previdenci\u00e1rios e trabalhistas, bem como pela imediata revoga\u00e7\u00e3o do PL que regulamenta a terceiriza\u00e7\u00e3o. Uma data \u00e9 central: a convoca\u00e7\u00e3o da greve geral para o dia 28 de abril&#8221;.<\/p>\n<p>E continua: &#8220;\u00c9 hora de tomar a ofensiva em defesa dos direitos e da democracia, contra a corrup\u00e7\u00e3o e as contrarreformas do governo Temer, que justificam o apoio pol\u00edtico e material das elites para o golpe de um ano atr\u00e1s.&#8221;<\/p>\n<p><span style=\"color: #3366ff;\"><strong><a href=\"http:\/\/www.psol50.org.br\/blog\/2017\/04\/05\/psol-participa-ativamente-da-construcao-da-greve-geral\/\" target=\"_blank\" rel=\"noopener\">Leia a \u00edntegra da resolu\u00e7\u00e3o clicando aqui<\/a>.<\/strong><\/span><\/p>\n<p>&nbsp;<\/p>\n<p>&nbsp;<\/p>\n","protected":false},"excerpt":{"rendered":"<p>28 de abril \u00e9 dia de greve geral contra a reforma da Previd\u00eancia, a reforma trabalhista e a lei de terceiriza\u00e7\u00f5es. As frentes de mobiliza\u00e7\u00e3o Povo Sem Medo e Brasil Popular, bem como movimentos sociais e as centrais sindicais, como a Intersindical e a CSP &#8211; Conlutas, j\u00e1 est\u00e3o neste momento mobilizando em todo o [&hellip;]<\/p>\n","protected":false},"author":2,"featured_media":15360,"comment_status":"open","ping_status":"open","sticky":false,"template":"","format":"standard","meta":{"_acf_changed":false,"footnotes":""},"categories":[1882,1104,6,14,72],"tags":[242,1793,3034,1945],"class_list":{"0":"post-15913","1":"post","2":"type-post","3":"status-publish","4":"format-standard","5":"has-post-thumbnail","7":"category-brasil","8":"category-movimento","9":"category-noticias","10":"category-partido","11":"category-resolucoes","12":"tag-executiva-nacional-do-psol","13":"tag-greve-geral","14":"tag-intersindical","15":"tag-povo-sem-medo"},"acf":[],"yoast_head":"<!-- This site is optimized with the Yoast SEO plugin v26.5 - https:\/\/yoast.com\/wordpress\/plugins\/seo\/ -->\n<title>Em defesa dos direitos e da democracia: rumo \u00e0 greve geral em 28\/04 - PSOL 50<\/title>\n<meta name=\"robots\" content=\"index, follow, max-snippet:-1, max-image-preview:large, max-video-preview:-1\" \/>\n<link rel=\"canonical\" href=\"https:\/\/psol50.org.br\/em-defesa-dos-direitos-e-da-democracia-rumo-a-greve-geral-em-2804\/\" \/>\n<meta property=\"og:locale\" content=\"pt_BR\" \/>\n<meta property=\"og:type\" content=\"article\" \/>\n<meta property=\"og:title\" content=\"Em defesa dos direitos e da democracia: rumo \u00e0 greve geral em 28\/04 - PSOL 50\" \/>\n<meta property=\"og:description\" content=\"28 de abril \u00e9 dia de greve geral contra a reforma da Previd\u00eancia, a reforma trabalhista e a lei de terceiriza\u00e7\u00f5es. As frentes de mobiliza\u00e7\u00e3o Povo Sem Medo e Brasil Popular, bem como movimentos sociais e as centrais sindicais, como a Intersindical e a CSP &#8211; Conlutas, j\u00e1 est\u00e3o neste momento mobilizando em todo o [&hellip;]\" \/>\n<meta property=\"og:url\" content=\"https:\/\/psol50.org.br\/em-defesa-dos-direitos-e-da-democracia-rumo-a-greve-geral-em-2804\/\" \/>\n<meta property=\"og:site_name\" content=\"PSOL 50\" \/>\n<meta property=\"article:publisher\" content=\"https:\/\/www.facebook.com\/psol50\" \/>\n<meta property=\"article:published_time\" content=\"2017-04-04T13:34:32+00:00\" \/>\n<meta property=\"og:image\" content=\"https:\/\/psol50.org.br\/inc\/uploads\/2018\/07\/capa.png\" \/>\n\t<meta property=\"og:image:width\" content=\"1350\" \/>\n\t<meta property=\"og:image:height\" content=\"900\" \/>\n\t<meta property=\"og:image:type\" content=\"image\/png\" \/>\n<meta name=\"author\" content=\"Comunica\u00e7\u00e3o PSOL\" \/>\n<meta name=\"twitter:card\" content=\"summary_large_image\" \/>\n<meta name=\"twitter:creator\" content=\"@psol50\" \/>\n<meta name=\"twitter:site\" content=\"@psol50\" \/>\n<meta name=\"twitter:label1\" content=\"Escrito por\" \/>\n\t<meta name=\"twitter:data1\" content=\"Comunica\u00e7\u00e3o PSOL\" \/>\n\t<meta name=\"twitter:label2\" content=\"Est. tempo de leitura\" \/>\n\t<meta name=\"twitter:data2\" content=\"1 minuto\" \/>\n<script type=\"application\/ld+json\" class=\"yoast-schema-graph\">{\"@context\":\"https:\/\/schema.org\",\"@graph\":[{\"@type\":\"Article\",\"@id\":\"https:\/\/psol50.org.br\/em-defesa-dos-direitos-e-da-democracia-rumo-a-greve-geral-em-2804\/#article\",\"isPartOf\":{\"@id\":\"https:\/\/psol50.org.br\/em-defesa-dos-direitos-e-da-democracia-rumo-a-greve-geral-em-2804\/\"},\"author\":{\"name\":\"Comunica\u00e7\u00e3o PSOL\",\"@id\":\"https:\/\/psol50.org.br\/#\/schema\/person\/475dfa57d0b815993c714c2e96491fcd\"},\"headline\":\"Em defesa dos direitos e da democracia: rumo \u00e0 greve geral em 28\/04\",\"datePublished\":\"2017-04-04T13:34:32+00:00\",\"mainEntityOfPage\":{\"@id\":\"https:\/\/psol50.org.br\/em-defesa-dos-direitos-e-da-democracia-rumo-a-greve-geral-em-2804\/\"},\"wordCount\":261,\"commentCount\":0,\"publisher\":{\"@id\":\"https:\/\/psol50.org.br\/#organization\"},\"image\":{\"@id\":\"https:\/\/psol50.org.br\/em-defesa-dos-direitos-e-da-democracia-rumo-a-greve-geral-em-2804\/#primaryimage\"},\"thumbnailUrl\":\"\",\"keywords\":[\"Executiva Nacional do PSOL\",\"greve geral\",\"Intersindical\",\"Povo Sem medo\"],\"articleSection\":[\"Brasil\",\"Movimento\",\"Not\u00edcias\",\"Partido\",\"Resolu\u00e7\u00f5es\"],\"inLanguage\":\"pt-BR\",\"potentialAction\":[{\"@type\":\"CommentAction\",\"name\":\"Comment\",\"target\":[\"https:\/\/psol50.org.br\/em-defesa-dos-direitos-e-da-democracia-rumo-a-greve-geral-em-2804\/#respond\"]}]},{\"@type\":\"WebPage\",\"@id\":\"https:\/\/psol50.org.br\/em-defesa-dos-direitos-e-da-democracia-rumo-a-greve-geral-em-2804\/\",\"url\":\"https:\/\/psol50.org.br\/em-defesa-dos-direitos-e-da-democracia-rumo-a-greve-geral-em-2804\/\",\"name\":\"Em defesa dos direitos e da democracia: rumo \u00e0 greve geral em 28\/04 - PSOL 50\",\"isPartOf\":{\"@id\":\"https:\/\/psol50.org.br\/#website\"},\"primaryImageOfPage\":{\"@id\":\"https:\/\/psol50.org.br\/em-defesa-dos-direitos-e-da-democracia-rumo-a-greve-geral-em-2804\/#primaryimage\"},\"image\":{\"@id\":\"https:\/\/psol50.org.br\/em-defesa-dos-direitos-e-da-democracia-rumo-a-greve-geral-em-2804\/#primaryimage\"},\"thumbnailUrl\":\"\",\"datePublished\":\"2017-04-04T13:34:32+00:00\",\"breadcrumb\":{\"@id\":\"https:\/\/psol50.org.br\/em-defesa-dos-direitos-e-da-democracia-rumo-a-greve-geral-em-2804\/#breadcrumb\"},\"inLanguage\":\"pt-BR\",\"potentialAction\":[{\"@type\":\"ReadAction\",\"target\":[\"https:\/\/psol50.org.br\/em-defesa-dos-direitos-e-da-democracia-rumo-a-greve-geral-em-2804\/\"]}]},{\"@type\":\"ImageObject\",\"inLanguage\":\"pt-BR\",\"@id\":\"https:\/\/psol50.org.br\/em-defesa-dos-direitos-e-da-democracia-rumo-a-greve-geral-em-2804\/#primaryimage\",\"url\":\"\",\"contentUrl\":\"\"},{\"@type\":\"BreadcrumbList\",\"@id\":\"https:\/\/psol50.org.br\/em-defesa-dos-direitos-e-da-democracia-rumo-a-greve-geral-em-2804\/#breadcrumb\",\"itemListElement\":[{\"@type\":\"ListItem\",\"position\":1,\"name\":\"In\u00edcio\",\"item\":\"https:\/\/psol50.org.br\/\"},{\"@type\":\"ListItem\",\"position\":2,\"name\":\"Em defesa dos direitos e da democracia: rumo \u00e0 greve geral em 28\/04\"}]},{\"@type\":\"WebSite\",\"@id\":\"https:\/\/psol50.org.br\/#website\",\"url\":\"https:\/\/psol50.org.br\/\",\"name\":\"PSOL 50\",\"description\":\"Site oficial do Partido Socialismo e Liberdade\",\"publisher\":{\"@id\":\"https:\/\/psol50.org.br\/#organization\"},\"alternateName\":\"PSOL50\",\"potentialAction\":[{\"@type\":\"SearchAction\",\"target\":{\"@type\":\"EntryPoint\",\"urlTemplate\":\"https:\/\/psol50.org.br\/?s={search_term_string}\"},\"query-input\":{\"@type\":\"PropertyValueSpecification\",\"valueRequired\":true,\"valueName\":\"search_term_string\"}}],\"inLanguage\":\"pt-BR\"},{\"@type\":\"Organization\",\"@id\":\"https:\/\/psol50.org.br\/#organization\",\"name\":\"PSOL 50\",\"alternateName\":\"PSOL 50\",\"url\":\"https:\/\/psol50.org.br\/\",\"logo\":{\"@type\":\"ImageObject\",\"inLanguage\":\"pt-BR\",\"@id\":\"https:\/\/psol50.org.br\/#\/schema\/logo\/image\/\",\"url\":\"https:\/\/psol50.org.br\/inc\/uploads\/2018\/07\/capa.png\",\"contentUrl\":\"https:\/\/psol50.org.br\/inc\/uploads\/2018\/07\/capa.png\",\"width\":1350,\"height\":900,\"caption\":\"PSOL 50\"},\"image\":{\"@id\":\"https:\/\/psol50.org.br\/#\/schema\/logo\/image\/\"},\"sameAs\":[\"https:\/\/www.facebook.com\/psol50\",\"https:\/\/x.com\/psol50\",\"https:\/\/www.instagram.com\/psol50\/\",\"https:\/\/www.youtube.com\/channel\/UC7SnJS5o1os7a6CaiNabzcg\"]},{\"@type\":\"Person\",\"@id\":\"https:\/\/psol50.org.br\/#\/schema\/person\/475dfa57d0b815993c714c2e96491fcd\",\"name\":\"Comunica\u00e7\u00e3o PSOL\",\"image\":{\"@type\":\"ImageObject\",\"inLanguage\":\"pt-BR\",\"@id\":\"https:\/\/psol50.org.br\/#\/schema\/person\/image\/\",\"url\":\"https:\/\/secure.gravatar.com\/avatar\/b34fc4f4e468a4e51785917065a3db57b841f5c95dba6ad8c73aaf8f66f8f9bf?s=96&d=mm&r=g\",\"contentUrl\":\"https:\/\/secure.gravatar.com\/avatar\/b34fc4f4e468a4e51785917065a3db57b841f5c95dba6ad8c73aaf8f66f8f9bf?s=96&d=mm&r=g\",\"caption\":\"Comunica\u00e7\u00e3o PSOL\"}}]}<\/script>\n<!-- \/ Yoast SEO plugin. -->","yoast_head_json":{"title":"Em defesa dos direitos e da democracia: rumo \u00e0 greve geral em 28\/04 - PSOL 50","robots":{"index":"index","follow":"follow","max-snippet":"max-snippet:-1","max-image-preview":"max-image-preview:large","max-video-preview":"max-video-preview:-1"},"canonical":"https:\/\/psol50.org.br\/em-defesa-dos-direitos-e-da-democracia-rumo-a-greve-geral-em-2804\/","og_locale":"pt_BR","og_type":"article","og_title":"Em defesa dos direitos e da democracia: rumo \u00e0 greve geral em 28\/04 - PSOL 50","og_description":"28 de abril \u00e9 dia de greve geral contra a reforma da Previd\u00eancia, a reforma trabalhista e a lei de terceiriza\u00e7\u00f5es. As frentes de mobiliza\u00e7\u00e3o Povo Sem Medo e Brasil Popular, bem como movimentos sociais e as centrais sindicais, como a Intersindical e a CSP &#8211; Conlutas, j\u00e1 est\u00e3o neste momento mobilizando em todo o [&hellip;]","og_url":"https:\/\/psol50.org.br\/em-defesa-dos-direitos-e-da-democracia-rumo-a-greve-geral-em-2804\/","og_site_name":"PSOL 50","article_publisher":"https:\/\/www.facebook.com\/psol50","article_published_time":"2017-04-04T13:34:32+00:00","og_image":[{"width":1350,"height":900,"url":"https:\/\/psol50.org.br\/inc\/uploads\/2018\/07\/capa.png","type":"image\/png"}],"author":"Comunica\u00e7\u00e3o PSOL","twitter_card":"summary_large_image","twitter_creator":"@psol50","twitter_site":"@psol50","twitter_misc":{"Escrito por":"Comunica\u00e7\u00e3o PSOL","Est. tempo de leitura":"1 minuto"},"schema":{"@context":"https:\/\/schema.org","@graph":[{"@type":"Article","@id":"https:\/\/psol50.org.br\/em-defesa-dos-direitos-e-da-democracia-rumo-a-greve-geral-em-2804\/#article","isPartOf":{"@id":"https:\/\/psol50.org.br\/em-defesa-dos-direitos-e-da-democracia-rumo-a-greve-geral-em-2804\/"},"author":{"name":"Comunica\u00e7\u00e3o PSOL","@id":"https:\/\/psol50.org.br\/#\/schema\/person\/475dfa57d0b815993c714c2e96491fcd"},"headline":"Em defesa dos direitos e da democracia: rumo \u00e0 greve geral em 28\/04","datePublished":"2017-04-04T13:34:32+00:00","mainEntityOfPage":{"@id":"https:\/\/psol50.org.br\/em-defesa-dos-direitos-e-da-democracia-rumo-a-greve-geral-em-2804\/"},"wordCount":261,"commentCount":0,"publisher":{"@id":"https:\/\/psol50.org.br\/#organization"},"image":{"@id":"https:\/\/psol50.org.br\/em-defesa-dos-direitos-e-da-democracia-rumo-a-greve-geral-em-2804\/#primaryimage"},"thumbnailUrl":"","keywords":["Executiva Nacional do PSOL","greve geral","Intersindical","Povo Sem medo"],"articleSection":["Brasil","Movimento","Not\u00edcias","Partido","Resolu\u00e7\u00f5es"],"inLanguage":"pt-BR","potentialAction":[{"@type":"CommentAction","name":"Comment","target":["https:\/\/psol50.org.br\/em-defesa-dos-direitos-e-da-democracia-rumo-a-greve-geral-em-2804\/#respond"]}]},{"@type":"WebPage","@id":"https:\/\/psol50.org.br\/em-defesa-dos-direitos-e-da-democracia-rumo-a-greve-geral-em-2804\/","url":"https:\/\/psol50.org.br\/em-defesa-dos-direitos-e-da-democracia-rumo-a-greve-geral-em-2804\/","name":"Em defesa dos direitos e da democracia: rumo \u00e0 greve geral em 28\/04 - PSOL 50","isPartOf":{"@id":"https:\/\/psol50.org.br\/#website"},"primaryImageOfPage":{"@id":"https:\/\/psol50.org.br\/em-defesa-dos-direitos-e-da-democracia-rumo-a-greve-geral-em-2804\/#primaryimage"},"image":{"@id":"https:\/\/psol50.org.br\/em-defesa-dos-direitos-e-da-democracia-rumo-a-greve-geral-em-2804\/#primaryimage"},"thumbnailUrl":"","datePublished":"2017-04-04T13:34:32+00:00","breadcrumb":{"@id":"https:\/\/psol50.org.br\/em-defesa-dos-direitos-e-da-democracia-rumo-a-greve-geral-em-2804\/#breadcrumb"},"inLanguage":"pt-BR","potentialAction":[{"@type":"ReadAction","target":["https:\/\/psol50.org.br\/em-defesa-dos-direitos-e-da-democracia-rumo-a-greve-geral-em-2804\/"]}]},{"@type":"ImageObject","inLanguage":"pt-BR","@id":"https:\/\/psol50.org.br\/em-defesa-dos-direitos-e-da-democracia-rumo-a-greve-geral-em-2804\/#primaryimage","url":"","contentUrl":""},{"@type":"BreadcrumbList","@id":"https:\/\/psol50.org.br\/em-defesa-dos-direitos-e-da-democracia-rumo-a-greve-geral-em-2804\/#breadcrumb","itemListElement":[{"@type":"ListItem","position":1,"name":"In\u00edcio","item":"https:\/\/psol50.org.br\/"},{"@type":"ListItem","position":2,"name":"Em defesa dos direitos e da democracia: rumo \u00e0 greve geral em 28\/04"}]},{"@type":"WebSite","@id":"https:\/\/psol50.org.br\/#website","url":"https:\/\/psol50.org.br\/","name":"PSOL 50","description":"Site oficial do Partido Socialismo e Liberdade","publisher":{"@id":"https:\/\/psol50.org.br\/#organization"},"alternateName":"PSOL50","potentialAction":[{"@type":"SearchAction","target":{"@type":"EntryPoint","urlTemplate":"https:\/\/psol50.org.br\/?s={search_term_string}"},"query-input":{"@type":"PropertyValueSpecification","valueRequired":true,"valueName":"search_term_string"}}],"inLanguage":"pt-BR"},{"@type":"Organization","@id":"https:\/\/psol50.org.br\/#organization","name":"PSOL 50","alternateName":"PSOL 50","url":"https:\/\/psol50.org.br\/","logo":{"@type":"ImageObject","inLanguage":"pt-BR","@id":"https:\/\/psol50.org.br\/#\/schema\/logo\/image\/","url":"https:\/\/psol50.org.br\/inc\/uploads\/2018\/07\/capa.png","contentUrl":"https:\/\/psol50.org.br\/inc\/uploads\/2018\/07\/capa.png","width":1350,"height":900,"caption":"PSOL 50"},"image":{"@id":"https:\/\/psol50.org.br\/#\/schema\/logo\/image\/"},"sameAs":["https:\/\/www.facebook.com\/psol50","https:\/\/x.com\/psol50","https:\/\/www.instagram.com\/psol50\/","https:\/\/www.youtube.com\/channel\/UC7SnJS5o1os7a6CaiNabzcg"]},{"@type":"Person","@id":"https:\/\/psol50.org.br\/#\/schema\/person\/475dfa57d0b815993c714c2e96491fcd","name":"Comunica\u00e7\u00e3o PSOL","image":{"@type":"ImageObject","inLanguage":"pt-BR","@id":"https:\/\/psol50.org.br\/#\/schema\/person\/image\/","url":"https:\/\/secure.gravatar.com\/avatar\/b34fc4f4e468a4e51785917065a3db57b841f5c95dba6ad8c73aaf8f66f8f9bf?s=96&d=mm&r=g","contentUrl":"https:\/\/secure.gravatar.com\/avatar\/b34fc4f4e468a4e51785917065a3db57b841f5c95dba6ad8c73aaf8f66f8f9bf?s=96&d=mm&r=g","caption":"Comunica\u00e7\u00e3o PSOL"}}]}},"_links":{"self":[{"href":"https:\/\/psol50.org.br\/rest\/wp\/v2\/posts\/15913","targetHints":{"allow":["GET"]}}],"collection":[{"href":"https:\/\/psol50.org.br\/rest\/wp\/v2\/posts"}],"about":[{"href":"https:\/\/psol50.org.br\/rest\/wp\/v2\/types\/post"}],"author":[{"embeddable":true,"href":"https:\/\/psol50.org.br\/rest\/wp\/v2\/users\/2"}],"replies":[{"embeddable":true,"href":"https:\/\/psol50.org.br\/rest\/wp\/v2\/comments?post=15913"}],"version-history":[{"count":0,"href":"https:\/\/psol50.org.br\/rest\/wp\/v2\/posts\/15913\/revisions"}],"wp:featuredmedia":[{"embeddable":true,"href":"https:\/\/psol50.org.br\/rest\/"}],"wp:attachment":[{"href":"https:\/\/psol50.org.br\/rest\/wp\/v2\/media?parent=15913"}],"wp:term":[{"taxonomy":"category","embeddable":true,"href":"https:\/\/psol50.org.br\/rest\/wp\/v2\/categories?post=15913"},{"taxonomy":"post_tag","embeddable":true,"href":"https:\/\/psol50.org.br\/rest\/wp\/v2\/tags?post=15913"}],"curies":[{"name":"wp","href":"https:\/\/api.w.org\/{rel}","templated":true}]}}