{"id":15957,"date":"2017-04-05T12:09:24","date_gmt":"2017-04-05T12:09:24","guid":{"rendered":"http:\/\/www.psol50.org.br\/?p=15957"},"modified":"2017-04-05T12:09:24","modified_gmt":"2017-04-05T12:09:24","slug":"psol-participa-ativamente-da-construcao-da-greve-geral","status":"publish","type":"post","link":"https:\/\/psol50.org.br\/psol-participa-ativamente-da-construcao-da-greve-geral\/","title":{"rendered":"PSOL participa ativamente da constru\u00e7\u00e3o da greve geral"},"content":{"rendered":"<p>Confira, abaixo, a resolu\u00e7\u00e3o aprovada pela Executiva Nacional do PSOL, durante reuni\u00e3o realizada no dia 1\u00ba de abril, em S\u00e3o Paulo, sobre a participa\u00e7\u00e3o do partido na greve geral do dia 28 de abril.<\/p>\n<p><strong>PSOL participa ativamente da constru\u00e7\u00e3o da greve geral<br \/>\n<\/strong><br \/>\nNo dia 28 de abril, trabalhadores de v\u00e1rias categorias, dos servi\u00e7os p\u00fablico e privado, v\u00e3o parar o pa\u00eds com o objetivo de barrar os ataques promovidos pelo governo de Michel Temer e pela base governista no congresso nacional. A data foi aprovada no dia 27\/03, em reuni\u00e3o, em S\u00e3o Paulo, com as presen\u00e7as de todas as centrais sindicais do pa\u00eds.<\/p>\n<p>As contrarreformas previdenci\u00e1ria e trabalhista e a Lei das terceiriza\u00e7\u00f5es, s\u00e3o medidas orientadas pelo FMI e pelo imperialismo norte-americano. Propostas que o PSOL, nas ruas e no parlamento, vem denunciando desde muito tempo. Os ataques deste governo corrupto e empresarial, comandado pelo PMDB e PSDB, exigem uma resposta unificada da classe trabalhadora. Sem d\u00favida \u00e9 necess\u00e1rio um dia de paralisa\u00e7\u00e3o unificada, que consiga parar a produ\u00e7\u00e3o e os setores de servi\u00e7os, com\u00e9rcio e o funcionalismo p\u00fablico. Tamb\u00e9m ser\u00e1 fundamental a unidade com a juventude, os setores populares, os sem-teto, o movimento feminista, o povo negro, para construir gigantescas passeatas. Construir essa manifesta\u00e7\u00e3o com toda nossa energia, por meio de assembleias e comit\u00eas de base nas diversas categorias, reuni\u00f5es nos bairros, favelas, igrejas, escolas e universidades para construir comit\u00eas populares, plen\u00e1rias estaduais e municipais das Centrais, Sindicatos e movimentos sociais, para coordenar as principais manifesta\u00e7\u00f5es, pronunciamentos no parlamento, campanhas de divulga\u00e7\u00e3o massiva.<\/p>\n<p>O PSOL, como em outros momentos, apoia e constr\u00f3i a greve geral do dia 28 de abril e se coloca \u00e0 disposi\u00e7\u00e3o das Centrais e dos Sindicatos para ajudar no triunfo dessa mobiliza\u00e7\u00e3o unit\u00e1ria, para que a greve seja bem organizada com paralisa\u00e7\u00f5es efetivas e fortes passeatas para barrar as contrarreformas de Michel Temer e Rodrigo Maia. Nossos militantes, dirigentes nos movimentos sociais, nossos parlamentares, estar\u00e3o participando ativamente desse momento hist\u00f3rico.Convidamos nossos filiados e eleitores e se somarem nessa jornada, com a mesma dedica\u00e7\u00e3o de nossa \u00faltima campanha municipal. \u00c9 hora dos que moram no andar debaixo mostrarem sua insatisfa\u00e7\u00e3o e repudio \u00e0 terceiriza\u00e7\u00e3o, ao desmonte da Previd\u00eancia e ao fim dos direitos trabalhistas.<\/p>\n<p><strong>S\u00e3o Paulo\/SP, 1\u00ba de abril de 2017<\/strong><br \/>\n<strong>Executiva Nacional do PSOL<\/strong><\/p>\n","protected":false},"excerpt":{"rendered":"<p>Confira, abaixo, a resolu\u00e7\u00e3o aprovada pela Executiva Nacional do PSOL, durante reuni\u00e3o realizada no dia 1\u00ba de abril, em S\u00e3o Paulo, sobre a participa\u00e7\u00e3o do partido na greve geral do dia 28 de abril. PSOL participa ativamente da constru\u00e7\u00e3o da greve geral No dia 28 de abril, trabalhadores de v\u00e1rias categorias, dos servi\u00e7os p\u00fablico e [&hellip;]<\/p>\n","protected":false},"author":2,"featured_media":0,"comment_status":"open","ping_status":"open","sticky":false,"template":"","format":"standard","meta":{"_acf_changed":false,"footnotes":""},"categories":[14,72],"tags":[3000,406,1367,1793,1748,22,39,1669,1315],"class_list":{"0":"post-15957","1":"post","2":"type-post","3":"status-publish","4":"format-standard","6":"category-partido","7":"category-resolucoes","8":"tag-28-de-abril","9":"tag-direitos","10":"tag-executiva-nacional","11":"tag-greve-geral","12":"tag-michel-temer","13":"tag-psol","14":"tag-reforma-da-previdencia","15":"tag-reforma-trabalhista","16":"tag-resolucao"},"acf":[],"yoast_head":"<!-- This site is optimized with the Yoast SEO plugin v26.5 - https:\/\/yoast.com\/wordpress\/plugins\/seo\/ -->\n<title>PSOL participa ativamente da constru\u00e7\u00e3o da greve geral - PSOL 50<\/title>\n<meta name=\"robots\" content=\"index, follow, max-snippet:-1, max-image-preview:large, max-video-preview:-1\" \/>\n<link rel=\"canonical\" href=\"https:\/\/psol50.org.br\/psol-participa-ativamente-da-construcao-da-greve-geral\/\" \/>\n<meta property=\"og:locale\" content=\"pt_BR\" \/>\n<meta property=\"og:type\" content=\"article\" \/>\n<meta property=\"og:title\" content=\"PSOL participa ativamente da constru\u00e7\u00e3o da greve geral - PSOL 50\" \/>\n<meta property=\"og:description\" content=\"Confira, abaixo, a resolu\u00e7\u00e3o aprovada pela Executiva Nacional do PSOL, durante reuni\u00e3o realizada no dia 1\u00ba de abril, em S\u00e3o Paulo, sobre a participa\u00e7\u00e3o do partido na greve geral do dia 28 de abril. PSOL participa ativamente da constru\u00e7\u00e3o da greve geral No dia 28 de abril, trabalhadores de v\u00e1rias categorias, dos servi\u00e7os p\u00fablico e [&hellip;]\" \/>\n<meta property=\"og:url\" content=\"https:\/\/psol50.org.br\/psol-participa-ativamente-da-construcao-da-greve-geral\/\" \/>\n<meta property=\"og:site_name\" content=\"PSOL 50\" \/>\n<meta property=\"article:publisher\" content=\"https:\/\/www.facebook.com\/psol50\" \/>\n<meta property=\"article:published_time\" content=\"2017-04-05T12:09:24+00:00\" \/>\n<meta property=\"og:image\" content=\"https:\/\/psol50.org.br\/inc\/uploads\/2018\/07\/capa.png\" \/>\n\t<meta property=\"og:image:width\" content=\"1350\" \/>\n\t<meta property=\"og:image:height\" content=\"900\" \/>\n\t<meta property=\"og:image:type\" content=\"image\/png\" \/>\n<meta name=\"author\" content=\"Comunica\u00e7\u00e3o PSOL\" \/>\n<meta name=\"twitter:card\" content=\"summary_large_image\" \/>\n<meta name=\"twitter:creator\" content=\"@psol50\" \/>\n<meta name=\"twitter:site\" content=\"@psol50\" \/>\n<meta name=\"twitter:label1\" content=\"Escrito por\" \/>\n\t<meta name=\"twitter:data1\" content=\"Comunica\u00e7\u00e3o PSOL\" \/>\n\t<meta name=\"twitter:label2\" content=\"Est. tempo de leitura\" \/>\n\t<meta name=\"twitter:data2\" content=\"2 minutos\" \/>\n<script type=\"application\/ld+json\" class=\"yoast-schema-graph\">{\"@context\":\"https:\/\/schema.org\",\"@graph\":[{\"@type\":\"Article\",\"@id\":\"https:\/\/psol50.org.br\/psol-participa-ativamente-da-construcao-da-greve-geral\/#article\",\"isPartOf\":{\"@id\":\"https:\/\/psol50.org.br\/psol-participa-ativamente-da-construcao-da-greve-geral\/\"},\"author\":{\"name\":\"Comunica\u00e7\u00e3o PSOL\",\"@id\":\"https:\/\/psol50.org.br\/#\/schema\/person\/475dfa57d0b815993c714c2e96491fcd\"},\"headline\":\"PSOL participa ativamente da constru\u00e7\u00e3o da greve geral\",\"datePublished\":\"2017-04-05T12:09:24+00:00\",\"mainEntityOfPage\":{\"@id\":\"https:\/\/psol50.org.br\/psol-participa-ativamente-da-construcao-da-greve-geral\/\"},\"wordCount\":422,\"commentCount\":0,\"publisher\":{\"@id\":\"https:\/\/psol50.org.br\/#organization\"},\"keywords\":[\"28 de abril\",\"direitos\",\"Executiva Nacional\",\"greve geral\",\"Michel Temer\",\"PSOL\",\"reforma da previd\u00eancia\",\"reforma trabalhista\",\"resolu\u00e7\u00e3o\"],\"articleSection\":[\"Partido\",\"Resolu\u00e7\u00f5es\"],\"inLanguage\":\"pt-BR\",\"potentialAction\":[{\"@type\":\"CommentAction\",\"name\":\"Comment\",\"target\":[\"https:\/\/psol50.org.br\/psol-participa-ativamente-da-construcao-da-greve-geral\/#respond\"]}]},{\"@type\":\"WebPage\",\"@id\":\"https:\/\/psol50.org.br\/psol-participa-ativamente-da-construcao-da-greve-geral\/\",\"url\":\"https:\/\/psol50.org.br\/psol-participa-ativamente-da-construcao-da-greve-geral\/\",\"name\":\"PSOL participa ativamente da constru\u00e7\u00e3o da greve geral - PSOL 50\",\"isPartOf\":{\"@id\":\"https:\/\/psol50.org.br\/#website\"},\"datePublished\":\"2017-04-05T12:09:24+00:00\",\"breadcrumb\":{\"@id\":\"https:\/\/psol50.org.br\/psol-participa-ativamente-da-construcao-da-greve-geral\/#breadcrumb\"},\"inLanguage\":\"pt-BR\",\"potentialAction\":[{\"@type\":\"ReadAction\",\"target\":[\"https:\/\/psol50.org.br\/psol-participa-ativamente-da-construcao-da-greve-geral\/\"]}]},{\"@type\":\"BreadcrumbList\",\"@id\":\"https:\/\/psol50.org.br\/psol-participa-ativamente-da-construcao-da-greve-geral\/#breadcrumb\",\"itemListElement\":[{\"@type\":\"ListItem\",\"position\":1,\"name\":\"In\u00edcio\",\"item\":\"https:\/\/psol50.org.br\/\"},{\"@type\":\"ListItem\",\"position\":2,\"name\":\"PSOL participa ativamente da constru\u00e7\u00e3o da greve geral\"}]},{\"@type\":\"WebSite\",\"@id\":\"https:\/\/psol50.org.br\/#website\",\"url\":\"https:\/\/psol50.org.br\/\",\"name\":\"PSOL 50\",\"description\":\"Site oficial do Partido Socialismo e Liberdade\",\"publisher\":{\"@id\":\"https:\/\/psol50.org.br\/#organization\"},\"alternateName\":\"PSOL50\",\"potentialAction\":[{\"@type\":\"SearchAction\",\"target\":{\"@type\":\"EntryPoint\",\"urlTemplate\":\"https:\/\/psol50.org.br\/?s={search_term_string}\"},\"query-input\":{\"@type\":\"PropertyValueSpecification\",\"valueRequired\":true,\"valueName\":\"search_term_string\"}}],\"inLanguage\":\"pt-BR\"},{\"@type\":\"Organization\",\"@id\":\"https:\/\/psol50.org.br\/#organization\",\"name\":\"PSOL 50\",\"alternateName\":\"PSOL 50\",\"url\":\"https:\/\/psol50.org.br\/\",\"logo\":{\"@type\":\"ImageObject\",\"inLanguage\":\"pt-BR\",\"@id\":\"https:\/\/psol50.org.br\/#\/schema\/logo\/image\/\",\"url\":\"https:\/\/psol50.org.br\/inc\/uploads\/2018\/07\/capa.png\",\"contentUrl\":\"https:\/\/psol50.org.br\/inc\/uploads\/2018\/07\/capa.png\",\"width\":1350,\"height\":900,\"caption\":\"PSOL 50\"},\"image\":{\"@id\":\"https:\/\/psol50.org.br\/#\/schema\/logo\/image\/\"},\"sameAs\":[\"https:\/\/www.facebook.com\/psol50\",\"https:\/\/x.com\/psol50\",\"https:\/\/www.instagram.com\/psol50\/\",\"https:\/\/www.youtube.com\/channel\/UC7SnJS5o1os7a6CaiNabzcg\"]},{\"@type\":\"Person\",\"@id\":\"https:\/\/psol50.org.br\/#\/schema\/person\/475dfa57d0b815993c714c2e96491fcd\",\"name\":\"Comunica\u00e7\u00e3o PSOL\",\"image\":{\"@type\":\"ImageObject\",\"inLanguage\":\"pt-BR\",\"@id\":\"https:\/\/psol50.org.br\/#\/schema\/person\/image\/\",\"url\":\"https:\/\/secure.gravatar.com\/avatar\/b34fc4f4e468a4e51785917065a3db57b841f5c95dba6ad8c73aaf8f66f8f9bf?s=96&d=mm&r=g\",\"contentUrl\":\"https:\/\/secure.gravatar.com\/avatar\/b34fc4f4e468a4e51785917065a3db57b841f5c95dba6ad8c73aaf8f66f8f9bf?s=96&d=mm&r=g\",\"caption\":\"Comunica\u00e7\u00e3o PSOL\"}}]}<\/script>\n<!-- \/ Yoast SEO plugin. -->","yoast_head_json":{"title":"PSOL participa ativamente da constru\u00e7\u00e3o da greve geral - PSOL 50","robots":{"index":"index","follow":"follow","max-snippet":"max-snippet:-1","max-image-preview":"max-image-preview:large","max-video-preview":"max-video-preview:-1"},"canonical":"https:\/\/psol50.org.br\/psol-participa-ativamente-da-construcao-da-greve-geral\/","og_locale":"pt_BR","og_type":"article","og_title":"PSOL participa ativamente da constru\u00e7\u00e3o da greve geral - PSOL 50","og_description":"Confira, abaixo, a resolu\u00e7\u00e3o aprovada pela Executiva Nacional do PSOL, durante reuni\u00e3o realizada no dia 1\u00ba de abril, em S\u00e3o Paulo, sobre a participa\u00e7\u00e3o do partido na greve geral do dia 28 de abril. PSOL participa ativamente da constru\u00e7\u00e3o da greve geral No dia 28 de abril, trabalhadores de v\u00e1rias categorias, dos servi\u00e7os p\u00fablico e [&hellip;]","og_url":"https:\/\/psol50.org.br\/psol-participa-ativamente-da-construcao-da-greve-geral\/","og_site_name":"PSOL 50","article_publisher":"https:\/\/www.facebook.com\/psol50","article_published_time":"2017-04-05T12:09:24+00:00","og_image":[{"width":1350,"height":900,"url":"https:\/\/psol50.org.br\/inc\/uploads\/2018\/07\/capa.png","type":"image\/png"}],"author":"Comunica\u00e7\u00e3o PSOL","twitter_card":"summary_large_image","twitter_creator":"@psol50","twitter_site":"@psol50","twitter_misc":{"Escrito por":"Comunica\u00e7\u00e3o PSOL","Est. tempo de leitura":"2 minutos"},"schema":{"@context":"https:\/\/schema.org","@graph":[{"@type":"Article","@id":"https:\/\/psol50.org.br\/psol-participa-ativamente-da-construcao-da-greve-geral\/#article","isPartOf":{"@id":"https:\/\/psol50.org.br\/psol-participa-ativamente-da-construcao-da-greve-geral\/"},"author":{"name":"Comunica\u00e7\u00e3o PSOL","@id":"https:\/\/psol50.org.br\/#\/schema\/person\/475dfa57d0b815993c714c2e96491fcd"},"headline":"PSOL participa ativamente da constru\u00e7\u00e3o da greve geral","datePublished":"2017-04-05T12:09:24+00:00","mainEntityOfPage":{"@id":"https:\/\/psol50.org.br\/psol-participa-ativamente-da-construcao-da-greve-geral\/"},"wordCount":422,"commentCount":0,"publisher":{"@id":"https:\/\/psol50.org.br\/#organization"},"keywords":["28 de abril","direitos","Executiva Nacional","greve geral","Michel Temer","PSOL","reforma da previd\u00eancia","reforma trabalhista","resolu\u00e7\u00e3o"],"articleSection":["Partido","Resolu\u00e7\u00f5es"],"inLanguage":"pt-BR","potentialAction":[{"@type":"CommentAction","name":"Comment","target":["https:\/\/psol50.org.br\/psol-participa-ativamente-da-construcao-da-greve-geral\/#respond"]}]},{"@type":"WebPage","@id":"https:\/\/psol50.org.br\/psol-participa-ativamente-da-construcao-da-greve-geral\/","url":"https:\/\/psol50.org.br\/psol-participa-ativamente-da-construcao-da-greve-geral\/","name":"PSOL participa ativamente da constru\u00e7\u00e3o da greve geral - PSOL 50","isPartOf":{"@id":"https:\/\/psol50.org.br\/#website"},"datePublished":"2017-04-05T12:09:24+00:00","breadcrumb":{"@id":"https:\/\/psol50.org.br\/psol-participa-ativamente-da-construcao-da-greve-geral\/#breadcrumb"},"inLanguage":"pt-BR","potentialAction":[{"@type":"ReadAction","target":["https:\/\/psol50.org.br\/psol-participa-ativamente-da-construcao-da-greve-geral\/"]}]},{"@type":"BreadcrumbList","@id":"https:\/\/psol50.org.br\/psol-participa-ativamente-da-construcao-da-greve-geral\/#breadcrumb","itemListElement":[{"@type":"ListItem","position":1,"name":"In\u00edcio","item":"https:\/\/psol50.org.br\/"},{"@type":"ListItem","position":2,"name":"PSOL participa ativamente da constru\u00e7\u00e3o da greve geral"}]},{"@type":"WebSite","@id":"https:\/\/psol50.org.br\/#website","url":"https:\/\/psol50.org.br\/","name":"PSOL 50","description":"Site oficial do Partido Socialismo e Liberdade","publisher":{"@id":"https:\/\/psol50.org.br\/#organization"},"alternateName":"PSOL50","potentialAction":[{"@type":"SearchAction","target":{"@type":"EntryPoint","urlTemplate":"https:\/\/psol50.org.br\/?s={search_term_string}"},"query-input":{"@type":"PropertyValueSpecification","valueRequired":true,"valueName":"search_term_string"}}],"inLanguage":"pt-BR"},{"@type":"Organization","@id":"https:\/\/psol50.org.br\/#organization","name":"PSOL 50","alternateName":"PSOL 50","url":"https:\/\/psol50.org.br\/","logo":{"@type":"ImageObject","inLanguage":"pt-BR","@id":"https:\/\/psol50.org.br\/#\/schema\/logo\/image\/","url":"https:\/\/psol50.org.br\/inc\/uploads\/2018\/07\/capa.png","contentUrl":"https:\/\/psol50.org.br\/inc\/uploads\/2018\/07\/capa.png","width":1350,"height":900,"caption":"PSOL 50"},"image":{"@id":"https:\/\/psol50.org.br\/#\/schema\/logo\/image\/"},"sameAs":["https:\/\/www.facebook.com\/psol50","https:\/\/x.com\/psol50","https:\/\/www.instagram.com\/psol50\/","https:\/\/www.youtube.com\/channel\/UC7SnJS5o1os7a6CaiNabzcg"]},{"@type":"Person","@id":"https:\/\/psol50.org.br\/#\/schema\/person\/475dfa57d0b815993c714c2e96491fcd","name":"Comunica\u00e7\u00e3o PSOL","image":{"@type":"ImageObject","inLanguage":"pt-BR","@id":"https:\/\/psol50.org.br\/#\/schema\/person\/image\/","url":"https:\/\/secure.gravatar.com\/avatar\/b34fc4f4e468a4e51785917065a3db57b841f5c95dba6ad8c73aaf8f66f8f9bf?s=96&d=mm&r=g","contentUrl":"https:\/\/secure.gravatar.com\/avatar\/b34fc4f4e468a4e51785917065a3db57b841f5c95dba6ad8c73aaf8f66f8f9bf?s=96&d=mm&r=g","caption":"Comunica\u00e7\u00e3o PSOL"}}]}},"_links":{"self":[{"href":"https:\/\/psol50.org.br\/rest\/wp\/v2\/posts\/15957","targetHints":{"allow":["GET"]}}],"collection":[{"href":"https:\/\/psol50.org.br\/rest\/wp\/v2\/posts"}],"about":[{"href":"https:\/\/psol50.org.br\/rest\/wp\/v2\/types\/post"}],"author":[{"embeddable":true,"href":"https:\/\/psol50.org.br\/rest\/wp\/v2\/users\/2"}],"replies":[{"embeddable":true,"href":"https:\/\/psol50.org.br\/rest\/wp\/v2\/comments?post=15957"}],"version-history":[{"count":0,"href":"https:\/\/psol50.org.br\/rest\/wp\/v2\/posts\/15957\/revisions"}],"wp:attachment":[{"href":"https:\/\/psol50.org.br\/rest\/wp\/v2\/media?parent=15957"}],"wp:term":[{"taxonomy":"category","embeddable":true,"href":"https:\/\/psol50.org.br\/rest\/wp\/v2\/categories?post=15957"},{"taxonomy":"post_tag","embeddable":true,"href":"https:\/\/psol50.org.br\/rest\/wp\/v2\/tags?post=15957"}],"curies":[{"name":"wp","href":"https:\/\/api.w.org\/{rel}","templated":true}]}}