{"id":1596,"date":"2011-08-05T00:00:00","date_gmt":"2011-08-05T00:00:00","guid":{"rendered":"http:\/\/psol50.org.br\/arquivo\/2011\/08\/05\/psol-rondonia-manifesta-se-em-defesa-da-liberdade-de-expressao\/"},"modified":"2011-08-05T00:00:00","modified_gmt":"2011-08-05T00:00:00","slug":"psol-rondonia-manifesta-se-em-defesa-da-liberdade-de-expressao","status":"publish","type":"post","link":"https:\/\/psol50.org.br\/psol-rondonia-manifesta-se-em-defesa-da-liberdade-de-expressao\/","title":{"rendered":"PSOL Rond\u00f4nia manifesta-se em defesa da liberdade de express\u00e3o"},"content":{"rendered":"<p style=\"text-align: justify\"><strong><a rel=\"attachment wp-att-9796\" href=\"http:\/\/psol50.org.br\/blog\/2011\/08\/05\/psol-rondonia-manifesta-se-em-defesa-da-liberdade-de-expressao\/censura5-2\/\"><img loading=\"lazy\" decoding=\"async\" class=\"alignleft size-medium wp-image-9796\" src=\"http:\/\/psol50.org.br\/files\/2011\/08\/censura5-300x223.jpg\" alt=\"\" width=\"300\" height=\"223\" \/><\/a>Veja a \u00edntegra da Nota de Solidariedade ao radialista Arimar Souza de S\u00e1<\/strong><\/p>\n<p>O Partido Socialismo e Liberdade (PSOL-RO) diante da decis\u00e3o do juiz Jos\u00e9 Jorge Ribeiro da Luz, da 5\u00aa Vara C\u00edvel de Porto Velho (www.tudorondonia.com.br) em proibir manifesta\u00e7\u00e3o do radialista e advogado Arimar Souza de S\u00e1 apresentador do programa A Voz do Povo na R\u00e1dio Cultura FM de Porto Velho que o radialista e a R\u00e1dio Cultura FM &#8220;se abstenham de divulgar quaisquer informa\u00e7\u00f5es que contenham os nomes dos autores, relativas a mat\u00e9rias ainda n\u00e3o consideradas definitivas judicialmente&#8221;, ou seja, que envolva o nome da empresa Egecom Engenharia Com\u00e9rcio e Ind\u00fastria que ora \u00e9 respons\u00e1vel pela constru\u00e7\u00e3o do Centro Pol\u00edtico Administrativo (CPA). Em sua determina\u00e7\u00e3o diz &#8220;que n\u00e3o se pretende, de forma alguma vedar ou diminuir a liberdade de imprensa&#8221;.<\/p>\n<p>Constata-se de forma lament\u00e1vel que os \u00f3rg\u00e3os e institui\u00e7\u00f5es criadas pela Constitui\u00e7\u00e3o Federal e 1988 com o objetivo de zelar e atuar na defesa da cidadania, tem se calado diante de v\u00e1rios acontecimentos que requerem atua\u00e7\u00e3o contundente, e com isso tem se sobreposto os interesses de grupos econ\u00f4micos que infelizmente v\u00eam sistematicamente se utilizando da m\u00e1quina estatal para atender o lucro insaci\u00e1vel.<\/p>\n<p>O PSOL considera e reconhece que o programa &#8220;A Voz do Povo&#8221; da R\u00e1dio Cultura tem sido um referencial no aprofundamento da democracia no Estado de Rond\u00f4nia e que vem desempenhando um papel fundamental com esclarecimentos e divulgando opini\u00f5es de lideran\u00e7as tanto da sociedade civil, quanto da sociedade pol\u00edtica e tem se mantido de forma respons\u00e1vel o direito do contradit\u00f3rio, ou seja, ouvindo sempre os dois lados da informa\u00e7\u00e3o. Portanto vem esse programa prestando um relevante servi\u00e7o a uma sociedade carente de informa\u00e7\u00f5es.<\/p>\n<p>Nesse sentido, a dire\u00e7\u00e3o do PSOL v\u00ea com preocupa\u00e7\u00e3o a decis\u00e3o adotada pelo eminente juiz, pois a nosso ver poderia garantir o direito do contradit\u00f3rio, pr\u00e1tica adotada pelos meios de comunica\u00e7\u00e3o (Lei de Imprensa) e nela se insere o radialista e advogado Arimar Souza de S\u00e1. A dire\u00e7\u00e3o da empresa Egecom Engenharia Com\u00e9rcio e Ind\u00fastria e\/ou quaisquer pessoa f\u00edsica que se sentisse prejudicada, poderiam utilizar o mesmo espa\u00e7o para fazer as suas manifesta\u00e7\u00f5es, e dessa forma estaria contribuindo para o avan\u00e7o da democracia.<\/p>\n<p><strong>Porto Velho, 05 de agosto de 2011<br \/>\nComiss\u00e3o Executiva Estadual do PSOL-RO<\/strong><\/p>\n<p style=\"text-align: center\"><strong><br \/>\n<\/strong><br \/>\n<strong><a href=\"http:\/\/www.tudorondonia.com.br\/noticias\/juiz-censura-radio-em-rondonia-,23034.shtml\"><em>Clique aqui e tenha mais informa\u00e7\u00f5es a respeito da luta em defesa da liberdade de informa\u00e7\u00e3o <\/em><\/a><br \/>\n<\/strong><\/p>\n","protected":false},"excerpt":{"rendered":"<p>Veja a \u00edntegra da Nota de Solidariedade ao radialista Arimar Souza de S\u00e1 O Partido Socialismo e Liberdade (PSOL-RO) diante da decis\u00e3o do juiz Jos\u00e9 Jorge Ribeiro da Luz, da 5\u00aa Vara C\u00edvel de Porto Velho (www.tudorondonia.com.br) em proibir manifesta\u00e7\u00e3o do radialista e advogado Arimar Souza de S\u00e1 apresentador do programa A Voz do Povo [&hellip;]<\/p>\n","protected":false},"author":2,"featured_media":0,"comment_status":"open","ping_status":"open","sticky":false,"template":"","format":"standard","meta":{"_acf_changed":false,"footnotes":""},"categories":[4766],"tags":[],"class_list":{"0":"post-1596","1":"post","2":"type-post","3":"status-publish","4":"format-standard","6":"category-arquivo"},"acf":[],"yoast_head":"<!-- This site is optimized with the Yoast SEO plugin v26.5 - https:\/\/yoast.com\/wordpress\/plugins\/seo\/ -->\n<title>PSOL Rond\u00f4nia manifesta-se em defesa da liberdade de express\u00e3o - PSOL 50<\/title>\n<meta name=\"robots\" content=\"index, follow, max-snippet:-1, max-image-preview:large, max-video-preview:-1\" \/>\n<link rel=\"canonical\" href=\"https:\/\/psol50.org.br\/psol-rondonia-manifesta-se-em-defesa-da-liberdade-de-expressao\/\" \/>\n<meta property=\"og:locale\" content=\"pt_BR\" \/>\n<meta property=\"og:type\" content=\"article\" \/>\n<meta property=\"og:title\" content=\"PSOL Rond\u00f4nia manifesta-se em defesa da liberdade de express\u00e3o - PSOL 50\" \/>\n<meta property=\"og:description\" content=\"Veja a \u00edntegra da Nota de Solidariedade ao radialista Arimar Souza de S\u00e1 O Partido Socialismo e Liberdade (PSOL-RO) diante da decis\u00e3o do juiz Jos\u00e9 Jorge Ribeiro da Luz, da 5\u00aa Vara C\u00edvel de Porto Velho (www.tudorondonia.com.br) em proibir manifesta\u00e7\u00e3o do radialista e advogado Arimar Souza de S\u00e1 apresentador do programa A Voz do Povo [&hellip;]\" \/>\n<meta property=\"og:url\" content=\"https:\/\/psol50.org.br\/psol-rondonia-manifesta-se-em-defesa-da-liberdade-de-expressao\/\" \/>\n<meta property=\"og:site_name\" content=\"PSOL 50\" \/>\n<meta property=\"article:publisher\" content=\"https:\/\/www.facebook.com\/psol50\" \/>\n<meta property=\"article:published_time\" content=\"2011-08-05T00:00:00+00:00\" \/>\n<meta property=\"og:image\" content=\"http:\/\/psol50.org.br\/files\/2011\/08\/censura5-300x223.jpg\" \/>\n<meta name=\"author\" content=\"Comunica\u00e7\u00e3o PSOL\" \/>\n<meta name=\"twitter:card\" content=\"summary_large_image\" \/>\n<meta name=\"twitter:creator\" content=\"@psol50\" \/>\n<meta name=\"twitter:site\" content=\"@psol50\" \/>\n<meta name=\"twitter:label1\" content=\"Escrito por\" \/>\n\t<meta name=\"twitter:data1\" content=\"Comunica\u00e7\u00e3o PSOL\" \/>\n\t<meta name=\"twitter:label2\" content=\"Est. tempo de leitura\" \/>\n\t<meta name=\"twitter:data2\" content=\"2 minutos\" \/>\n<script type=\"application\/ld+json\" class=\"yoast-schema-graph\">{\"@context\":\"https:\/\/schema.org\",\"@graph\":[{\"@type\":\"Article\",\"@id\":\"https:\/\/psol50.org.br\/psol-rondonia-manifesta-se-em-defesa-da-liberdade-de-expressao\/#article\",\"isPartOf\":{\"@id\":\"https:\/\/psol50.org.br\/psol-rondonia-manifesta-se-em-defesa-da-liberdade-de-expressao\/\"},\"author\":{\"name\":\"Comunica\u00e7\u00e3o PSOL\",\"@id\":\"https:\/\/psol50.org.br\/#\/schema\/person\/475dfa57d0b815993c714c2e96491fcd\"},\"headline\":\"PSOL Rond\u00f4nia manifesta-se em defesa da liberdade de express\u00e3o\",\"datePublished\":\"2011-08-05T00:00:00+00:00\",\"mainEntityOfPage\":{\"@id\":\"https:\/\/psol50.org.br\/psol-rondonia-manifesta-se-em-defesa-da-liberdade-de-expressao\/\"},\"wordCount\":449,\"commentCount\":0,\"publisher\":{\"@id\":\"https:\/\/psol50.org.br\/#organization\"},\"image\":{\"@id\":\"https:\/\/psol50.org.br\/psol-rondonia-manifesta-se-em-defesa-da-liberdade-de-expressao\/#primaryimage\"},\"thumbnailUrl\":\"http:\/\/psol50.org.br\/files\/2011\/08\/censura5-300x223.jpg\",\"articleSection\":[\"Arquivo\"],\"inLanguage\":\"pt-BR\",\"potentialAction\":[{\"@type\":\"CommentAction\",\"name\":\"Comment\",\"target\":[\"https:\/\/psol50.org.br\/psol-rondonia-manifesta-se-em-defesa-da-liberdade-de-expressao\/#respond\"]}]},{\"@type\":\"WebPage\",\"@id\":\"https:\/\/psol50.org.br\/psol-rondonia-manifesta-se-em-defesa-da-liberdade-de-expressao\/\",\"url\":\"https:\/\/psol50.org.br\/psol-rondonia-manifesta-se-em-defesa-da-liberdade-de-expressao\/\",\"name\":\"PSOL Rond\u00f4nia manifesta-se em defesa da liberdade de express\u00e3o - PSOL 50\",\"isPartOf\":{\"@id\":\"https:\/\/psol50.org.br\/#website\"},\"primaryImageOfPage\":{\"@id\":\"https:\/\/psol50.org.br\/psol-rondonia-manifesta-se-em-defesa-da-liberdade-de-expressao\/#primaryimage\"},\"image\":{\"@id\":\"https:\/\/psol50.org.br\/psol-rondonia-manifesta-se-em-defesa-da-liberdade-de-expressao\/#primaryimage\"},\"thumbnailUrl\":\"http:\/\/psol50.org.br\/files\/2011\/08\/censura5-300x223.jpg\",\"datePublished\":\"2011-08-05T00:00:00+00:00\",\"breadcrumb\":{\"@id\":\"https:\/\/psol50.org.br\/psol-rondonia-manifesta-se-em-defesa-da-liberdade-de-expressao\/#breadcrumb\"},\"inLanguage\":\"pt-BR\",\"potentialAction\":[{\"@type\":\"ReadAction\",\"target\":[\"https:\/\/psol50.org.br\/psol-rondonia-manifesta-se-em-defesa-da-liberdade-de-expressao\/\"]}]},{\"@type\":\"ImageObject\",\"inLanguage\":\"pt-BR\",\"@id\":\"https:\/\/psol50.org.br\/psol-rondonia-manifesta-se-em-defesa-da-liberdade-de-expressao\/#primaryimage\",\"url\":\"http:\/\/psol50.org.br\/files\/2011\/08\/censura5-300x223.jpg\",\"contentUrl\":\"http:\/\/psol50.org.br\/files\/2011\/08\/censura5-300x223.jpg\"},{\"@type\":\"BreadcrumbList\",\"@id\":\"https:\/\/psol50.org.br\/psol-rondonia-manifesta-se-em-defesa-da-liberdade-de-expressao\/#breadcrumb\",\"itemListElement\":[{\"@type\":\"ListItem\",\"position\":1,\"name\":\"In\u00edcio\",\"item\":\"https:\/\/psol50.org.br\/\"},{\"@type\":\"ListItem\",\"position\":2,\"name\":\"PSOL Rond\u00f4nia manifesta-se em defesa da liberdade de express\u00e3o\"}]},{\"@type\":\"WebSite\",\"@id\":\"https:\/\/psol50.org.br\/#website\",\"url\":\"https:\/\/psol50.org.br\/\",\"name\":\"PSOL 50\",\"description\":\"Site oficial do Partido Socialismo e Liberdade\",\"publisher\":{\"@id\":\"https:\/\/psol50.org.br\/#organization\"},\"alternateName\":\"PSOL50\",\"potentialAction\":[{\"@type\":\"SearchAction\",\"target\":{\"@type\":\"EntryPoint\",\"urlTemplate\":\"https:\/\/psol50.org.br\/?s={search_term_string}\"},\"query-input\":{\"@type\":\"PropertyValueSpecification\",\"valueRequired\":true,\"valueName\":\"search_term_string\"}}],\"inLanguage\":\"pt-BR\"},{\"@type\":\"Organization\",\"@id\":\"https:\/\/psol50.org.br\/#organization\",\"name\":\"PSOL 50\",\"alternateName\":\"PSOL 50\",\"url\":\"https:\/\/psol50.org.br\/\",\"logo\":{\"@type\":\"ImageObject\",\"inLanguage\":\"pt-BR\",\"@id\":\"https:\/\/psol50.org.br\/#\/schema\/logo\/image\/\",\"url\":\"https:\/\/psol50.org.br\/inc\/uploads\/2018\/07\/capa.png\",\"contentUrl\":\"https:\/\/psol50.org.br\/inc\/uploads\/2018\/07\/capa.png\",\"width\":1350,\"height\":900,\"caption\":\"PSOL 50\"},\"image\":{\"@id\":\"https:\/\/psol50.org.br\/#\/schema\/logo\/image\/\"},\"sameAs\":[\"https:\/\/www.facebook.com\/psol50\",\"https:\/\/x.com\/psol50\",\"https:\/\/www.instagram.com\/psol50\/\",\"https:\/\/www.youtube.com\/channel\/UC7SnJS5o1os7a6CaiNabzcg\"]},{\"@type\":\"Person\",\"@id\":\"https:\/\/psol50.org.br\/#\/schema\/person\/475dfa57d0b815993c714c2e96491fcd\",\"name\":\"Comunica\u00e7\u00e3o PSOL\",\"image\":{\"@type\":\"ImageObject\",\"inLanguage\":\"pt-BR\",\"@id\":\"https:\/\/psol50.org.br\/#\/schema\/person\/image\/\",\"url\":\"https:\/\/secure.gravatar.com\/avatar\/b34fc4f4e468a4e51785917065a3db57b841f5c95dba6ad8c73aaf8f66f8f9bf?s=96&d=mm&r=g\",\"contentUrl\":\"https:\/\/secure.gravatar.com\/avatar\/b34fc4f4e468a4e51785917065a3db57b841f5c95dba6ad8c73aaf8f66f8f9bf?s=96&d=mm&r=g\",\"caption\":\"Comunica\u00e7\u00e3o PSOL\"}}]}<\/script>\n<!-- \/ Yoast SEO plugin. -->","yoast_head_json":{"title":"PSOL Rond\u00f4nia manifesta-se em defesa da liberdade de express\u00e3o - PSOL 50","robots":{"index":"index","follow":"follow","max-snippet":"max-snippet:-1","max-image-preview":"max-image-preview:large","max-video-preview":"max-video-preview:-1"},"canonical":"https:\/\/psol50.org.br\/psol-rondonia-manifesta-se-em-defesa-da-liberdade-de-expressao\/","og_locale":"pt_BR","og_type":"article","og_title":"PSOL Rond\u00f4nia manifesta-se em defesa da liberdade de express\u00e3o - PSOL 50","og_description":"Veja a \u00edntegra da Nota de Solidariedade ao radialista Arimar Souza de S\u00e1 O Partido Socialismo e Liberdade (PSOL-RO) diante da decis\u00e3o do juiz Jos\u00e9 Jorge Ribeiro da Luz, da 5\u00aa Vara C\u00edvel de Porto Velho (www.tudorondonia.com.br) em proibir manifesta\u00e7\u00e3o do radialista e advogado Arimar Souza de S\u00e1 apresentador do programa A Voz do Povo [&hellip;]","og_url":"https:\/\/psol50.org.br\/psol-rondonia-manifesta-se-em-defesa-da-liberdade-de-expressao\/","og_site_name":"PSOL 50","article_publisher":"https:\/\/www.facebook.com\/psol50","article_published_time":"2011-08-05T00:00:00+00:00","og_image":[{"url":"http:\/\/psol50.org.br\/files\/2011\/08\/censura5-300x223.jpg","type":"","width":"","height":""}],"author":"Comunica\u00e7\u00e3o PSOL","twitter_card":"summary_large_image","twitter_creator":"@psol50","twitter_site":"@psol50","twitter_misc":{"Escrito por":"Comunica\u00e7\u00e3o PSOL","Est. tempo de leitura":"2 minutos"},"schema":{"@context":"https:\/\/schema.org","@graph":[{"@type":"Article","@id":"https:\/\/psol50.org.br\/psol-rondonia-manifesta-se-em-defesa-da-liberdade-de-expressao\/#article","isPartOf":{"@id":"https:\/\/psol50.org.br\/psol-rondonia-manifesta-se-em-defesa-da-liberdade-de-expressao\/"},"author":{"name":"Comunica\u00e7\u00e3o PSOL","@id":"https:\/\/psol50.org.br\/#\/schema\/person\/475dfa57d0b815993c714c2e96491fcd"},"headline":"PSOL Rond\u00f4nia manifesta-se em defesa da liberdade de express\u00e3o","datePublished":"2011-08-05T00:00:00+00:00","mainEntityOfPage":{"@id":"https:\/\/psol50.org.br\/psol-rondonia-manifesta-se-em-defesa-da-liberdade-de-expressao\/"},"wordCount":449,"commentCount":0,"publisher":{"@id":"https:\/\/psol50.org.br\/#organization"},"image":{"@id":"https:\/\/psol50.org.br\/psol-rondonia-manifesta-se-em-defesa-da-liberdade-de-expressao\/#primaryimage"},"thumbnailUrl":"http:\/\/psol50.org.br\/files\/2011\/08\/censura5-300x223.jpg","articleSection":["Arquivo"],"inLanguage":"pt-BR","potentialAction":[{"@type":"CommentAction","name":"Comment","target":["https:\/\/psol50.org.br\/psol-rondonia-manifesta-se-em-defesa-da-liberdade-de-expressao\/#respond"]}]},{"@type":"WebPage","@id":"https:\/\/psol50.org.br\/psol-rondonia-manifesta-se-em-defesa-da-liberdade-de-expressao\/","url":"https:\/\/psol50.org.br\/psol-rondonia-manifesta-se-em-defesa-da-liberdade-de-expressao\/","name":"PSOL Rond\u00f4nia manifesta-se em defesa da liberdade de express\u00e3o - PSOL 50","isPartOf":{"@id":"https:\/\/psol50.org.br\/#website"},"primaryImageOfPage":{"@id":"https:\/\/psol50.org.br\/psol-rondonia-manifesta-se-em-defesa-da-liberdade-de-expressao\/#primaryimage"},"image":{"@id":"https:\/\/psol50.org.br\/psol-rondonia-manifesta-se-em-defesa-da-liberdade-de-expressao\/#primaryimage"},"thumbnailUrl":"http:\/\/psol50.org.br\/files\/2011\/08\/censura5-300x223.jpg","datePublished":"2011-08-05T00:00:00+00:00","breadcrumb":{"@id":"https:\/\/psol50.org.br\/psol-rondonia-manifesta-se-em-defesa-da-liberdade-de-expressao\/#breadcrumb"},"inLanguage":"pt-BR","potentialAction":[{"@type":"ReadAction","target":["https:\/\/psol50.org.br\/psol-rondonia-manifesta-se-em-defesa-da-liberdade-de-expressao\/"]}]},{"@type":"ImageObject","inLanguage":"pt-BR","@id":"https:\/\/psol50.org.br\/psol-rondonia-manifesta-se-em-defesa-da-liberdade-de-expressao\/#primaryimage","url":"http:\/\/psol50.org.br\/files\/2011\/08\/censura5-300x223.jpg","contentUrl":"http:\/\/psol50.org.br\/files\/2011\/08\/censura5-300x223.jpg"},{"@type":"BreadcrumbList","@id":"https:\/\/psol50.org.br\/psol-rondonia-manifesta-se-em-defesa-da-liberdade-de-expressao\/#breadcrumb","itemListElement":[{"@type":"ListItem","position":1,"name":"In\u00edcio","item":"https:\/\/psol50.org.br\/"},{"@type":"ListItem","position":2,"name":"PSOL Rond\u00f4nia manifesta-se em defesa da liberdade de express\u00e3o"}]},{"@type":"WebSite","@id":"https:\/\/psol50.org.br\/#website","url":"https:\/\/psol50.org.br\/","name":"PSOL 50","description":"Site oficial do Partido Socialismo e Liberdade","publisher":{"@id":"https:\/\/psol50.org.br\/#organization"},"alternateName":"PSOL50","potentialAction":[{"@type":"SearchAction","target":{"@type":"EntryPoint","urlTemplate":"https:\/\/psol50.org.br\/?s={search_term_string}"},"query-input":{"@type":"PropertyValueSpecification","valueRequired":true,"valueName":"search_term_string"}}],"inLanguage":"pt-BR"},{"@type":"Organization","@id":"https:\/\/psol50.org.br\/#organization","name":"PSOL 50","alternateName":"PSOL 50","url":"https:\/\/psol50.org.br\/","logo":{"@type":"ImageObject","inLanguage":"pt-BR","@id":"https:\/\/psol50.org.br\/#\/schema\/logo\/image\/","url":"https:\/\/psol50.org.br\/inc\/uploads\/2018\/07\/capa.png","contentUrl":"https:\/\/psol50.org.br\/inc\/uploads\/2018\/07\/capa.png","width":1350,"height":900,"caption":"PSOL 50"},"image":{"@id":"https:\/\/psol50.org.br\/#\/schema\/logo\/image\/"},"sameAs":["https:\/\/www.facebook.com\/psol50","https:\/\/x.com\/psol50","https:\/\/www.instagram.com\/psol50\/","https:\/\/www.youtube.com\/channel\/UC7SnJS5o1os7a6CaiNabzcg"]},{"@type":"Person","@id":"https:\/\/psol50.org.br\/#\/schema\/person\/475dfa57d0b815993c714c2e96491fcd","name":"Comunica\u00e7\u00e3o PSOL","image":{"@type":"ImageObject","inLanguage":"pt-BR","@id":"https:\/\/psol50.org.br\/#\/schema\/person\/image\/","url":"https:\/\/secure.gravatar.com\/avatar\/b34fc4f4e468a4e51785917065a3db57b841f5c95dba6ad8c73aaf8f66f8f9bf?s=96&d=mm&r=g","contentUrl":"https:\/\/secure.gravatar.com\/avatar\/b34fc4f4e468a4e51785917065a3db57b841f5c95dba6ad8c73aaf8f66f8f9bf?s=96&d=mm&r=g","caption":"Comunica\u00e7\u00e3o PSOL"}}]}},"_links":{"self":[{"href":"https:\/\/psol50.org.br\/rest\/wp\/v2\/posts\/1596","targetHints":{"allow":["GET"]}}],"collection":[{"href":"https:\/\/psol50.org.br\/rest\/wp\/v2\/posts"}],"about":[{"href":"https:\/\/psol50.org.br\/rest\/wp\/v2\/types\/post"}],"author":[{"embeddable":true,"href":"https:\/\/psol50.org.br\/rest\/wp\/v2\/users\/2"}],"replies":[{"embeddable":true,"href":"https:\/\/psol50.org.br\/rest\/wp\/v2\/comments?post=1596"}],"version-history":[{"count":0,"href":"https:\/\/psol50.org.br\/rest\/wp\/v2\/posts\/1596\/revisions"}],"wp:attachment":[{"href":"https:\/\/psol50.org.br\/rest\/wp\/v2\/media?parent=1596"}],"wp:term":[{"taxonomy":"category","embeddable":true,"href":"https:\/\/psol50.org.br\/rest\/wp\/v2\/categories?post=1596"},{"taxonomy":"post_tag","embeddable":true,"href":"https:\/\/psol50.org.br\/rest\/wp\/v2\/tags?post=1596"}],"curies":[{"name":"wp","href":"https:\/\/api.w.org\/{rel}","templated":true}]}}