{"id":15969,"date":"2017-04-05T17:34:06","date_gmt":"2017-04-05T17:34:06","guid":{"rendered":"http:\/\/www.psol50.org.br\/?p=15969"},"modified":"2017-04-05T17:34:06","modified_gmt":"2017-04-05T17:34:06","slug":"governo-do-rj-quer-conceder-financiamento-de-r-650-milhoes-para-a-ambev","status":"publish","type":"post","link":"https:\/\/psol50.org.br\/governo-do-rj-quer-conceder-financiamento-de-r-650-milhoes-para-a-ambev\/","title":{"rendered":"Governo do RJ quer conceder financiamento de R$ 650 milh\u00f5es para a Ambev"},"content":{"rendered":"<p><span style=\"color: #3366ff;\"><strong><a style=\"color: #3366ff;\" href=\"http:\/\/www.marcelofreixo.com.br\/blog\/governo-quer-conceder-financiamento-de-r-650-milhoes-para-a-amb\" target=\"_blank\" rel=\"noopener\"><em>Do site do deputado estadual Marcelo Freixo<\/em><\/a><\/strong><\/span><\/p>\n<p>O governo do Rio de Janeiro publicou nesta quarta-feira (05\/04) no Di\u00e1rio Oficial o Projeto de Lei 2543\/2017, que concede um financiamento de R$ 650 milh\u00f5es e incentivo fiscal \u00e0 Ambev. A proposta ser\u00e1 encaminhada para vota\u00e7\u00e3o na Assembleia Legislativa do estado (Alerj). Importante lembrar que, desde 2011, atrav\u00e9s de decretos, o estado j\u00e1 aprovou a concess\u00e3o de financiamentos que totalizam R$ 2,4 bilh\u00f5es \u00e0 empresa.<\/p>\n<p>A nova iniciativa prev\u00ea dois benef\u00edcios:<\/p>\n<p>1) Financiamento atrav\u00e9s do Fundo de Desenvolvimento Econ\u00f4mico e Social (FUNDES), com limite de cr\u00e9dito de at\u00e9 R$ 650 milh\u00f5es, car\u00eancia de 240 meses (20 anos!) e juros de apenas 3% ao ano.<br \/>\n2) Diferimento do Imposto sobre Circula\u00e7\u00e3o de Mercadorias e Presta\u00e7\u00e3o de Servi\u00e7os (ICMS), ou seja, incentivo fiscal.<\/p>\n<p>A justificativa do PL \u00e9 a constru\u00e7\u00e3o de uma nova unidade para produ\u00e7\u00e3o de garrafas e latas de alum\u00ednio, mas o texto sequer especifica em qual cidade do Rio a nova empresa ser\u00e1 instalada. Al\u00e9m disso, \u00e9 importante lembrar que a Ambev j\u00e1 possui 13 unidades no estado, incluindo 4 f\u00e1bricas.<\/p>\n<p>A proposta estima a gera\u00e7\u00e3o de apenas 200 novos empregos diretos e indiretos. E, se o valor do investimento \u00e9 de R$ 650 milh\u00f5es, isso significa que cada novo trabalho custar\u00e1 R$ 3,25 milh\u00f5es. Um c\u00e1lculo que n\u00e3o compensa.<br \/>\nO incentivo torna-se ainda mais question\u00e1vel porque a Ambev \u00e9 a maior ind\u00fastria privada de bens de consumo do Brasil, tendo obtido um lucro l\u00edquido de R$ 12,8 bilh\u00f5es em 2016. No ano passado, n\u00f3s j\u00e1 hav\u00edamos denunciado que, apesar da empresa ter uma d\u00edvida de R$ 527 milh\u00f5es com o governo do Estado, havia obtido mais de R$ 250 milh\u00f5es de ren\u00fancia fiscal entre 2008 e 2013.<\/p>\n<p>Porque ser\u00e1 que uma empresa t\u00e3o grande e lucrativa \u2013 e que ainda deve ao estado! \u2013 continua recebendo benef\u00edcios? N\u00e3o faz sentido que o(a)s servidore(a)s, estudantes, trabalhadore(a)s e aposentado(a)s sejam responsabilizado(a)s e penalizado(a)s pelos graves problemas econ\u00f4micos do Rio. \u00c9 cada vez mais evidente que a crise n\u00e3o \u00e9 causada por excesso de despesas do governo, mas por problemas na arrecada\u00e7\u00e3o das receitas.<\/p>\n","protected":false},"excerpt":{"rendered":"<p>Do site do deputado estadual Marcelo Freixo O governo do Rio de Janeiro publicou nesta quarta-feira (05\/04) no Di\u00e1rio Oficial o Projeto de Lei 2543\/2017, que concede um financiamento de R$ 650 milh\u00f5es e incentivo fiscal \u00e0 Ambev. A proposta ser\u00e1 encaminhada para vota\u00e7\u00e3o na Assembleia Legislativa do estado (Alerj). Importante lembrar que, desde 2011, [&hellip;]<\/p>\n","protected":false},"author":2,"featured_media":15971,"comment_status":"open","ping_status":"open","sticky":false,"template":"","format":"standard","meta":{"_acf_changed":false,"footnotes":""},"categories":[654,6],"tags":[2059,2240,161,2334],"class_list":{"0":"post-15969","1":"post","2":"type-post","3":"status-publish","4":"format-standard","5":"has-post-thumbnail","7":"category-estados","8":"category-noticias","9":"tag-ambev","10":"tag-luiz-fernando-pezao","11":"tag-marcelo-freixo","12":"tag-psol-rj"},"acf":[],"yoast_head":"<!-- This site is optimized with the Yoast SEO plugin v26.5 - https:\/\/yoast.com\/wordpress\/plugins\/seo\/ -->\n<title>Governo do RJ quer conceder financiamento de R$ 650 milh\u00f5es para a Ambev - PSOL 50<\/title>\n<meta name=\"robots\" content=\"index, follow, max-snippet:-1, max-image-preview:large, max-video-preview:-1\" \/>\n<link rel=\"canonical\" href=\"https:\/\/psol50.org.br\/governo-do-rj-quer-conceder-financiamento-de-r-650-milhoes-para-a-ambev\/\" \/>\n<meta property=\"og:locale\" content=\"pt_BR\" \/>\n<meta property=\"og:type\" content=\"article\" \/>\n<meta property=\"og:title\" content=\"Governo do RJ quer conceder financiamento de R$ 650 milh\u00f5es para a Ambev - PSOL 50\" \/>\n<meta property=\"og:description\" content=\"Do site do deputado estadual Marcelo Freixo O governo do Rio de Janeiro publicou nesta quarta-feira (05\/04) no Di\u00e1rio Oficial o Projeto de Lei 2543\/2017, que concede um financiamento de R$ 650 milh\u00f5es e incentivo fiscal \u00e0 Ambev. A proposta ser\u00e1 encaminhada para vota\u00e7\u00e3o na Assembleia Legislativa do estado (Alerj). Importante lembrar que, desde 2011, [&hellip;]\" \/>\n<meta property=\"og:url\" content=\"https:\/\/psol50.org.br\/governo-do-rj-quer-conceder-financiamento-de-r-650-milhoes-para-a-ambev\/\" \/>\n<meta property=\"og:site_name\" content=\"PSOL 50\" \/>\n<meta property=\"article:publisher\" content=\"https:\/\/www.facebook.com\/psol50\" \/>\n<meta property=\"article:published_time\" content=\"2017-04-05T17:34:06+00:00\" \/>\n<meta property=\"og:image\" content=\"https:\/\/psol50.org.br\/inc\/uploads\/2018\/07\/capa.png\" \/>\n\t<meta property=\"og:image:width\" content=\"1350\" \/>\n\t<meta property=\"og:image:height\" content=\"900\" \/>\n\t<meta property=\"og:image:type\" content=\"image\/png\" \/>\n<meta name=\"author\" content=\"Comunica\u00e7\u00e3o PSOL\" \/>\n<meta name=\"twitter:card\" content=\"summary_large_image\" \/>\n<meta name=\"twitter:creator\" content=\"@psol50\" \/>\n<meta name=\"twitter:site\" content=\"@psol50\" \/>\n<meta name=\"twitter:label1\" content=\"Escrito por\" \/>\n\t<meta name=\"twitter:data1\" content=\"Comunica\u00e7\u00e3o PSOL\" \/>\n\t<meta name=\"twitter:label2\" content=\"Est. tempo de leitura\" \/>\n\t<meta name=\"twitter:data2\" content=\"2 minutos\" \/>\n<script type=\"application\/ld+json\" class=\"yoast-schema-graph\">{\"@context\":\"https:\/\/schema.org\",\"@graph\":[{\"@type\":\"Article\",\"@id\":\"https:\/\/psol50.org.br\/governo-do-rj-quer-conceder-financiamento-de-r-650-milhoes-para-a-ambev\/#article\",\"isPartOf\":{\"@id\":\"https:\/\/psol50.org.br\/governo-do-rj-quer-conceder-financiamento-de-r-650-milhoes-para-a-ambev\/\"},\"author\":{\"name\":\"Comunica\u00e7\u00e3o PSOL\",\"@id\":\"https:\/\/psol50.org.br\/#\/schema\/person\/475dfa57d0b815993c714c2e96491fcd\"},\"headline\":\"Governo do RJ quer conceder financiamento de R$ 650 milh\u00f5es para a Ambev\",\"datePublished\":\"2017-04-05T17:34:06+00:00\",\"mainEntityOfPage\":{\"@id\":\"https:\/\/psol50.org.br\/governo-do-rj-quer-conceder-financiamento-de-r-650-milhoes-para-a-ambev\/\"},\"wordCount\":385,\"commentCount\":0,\"publisher\":{\"@id\":\"https:\/\/psol50.org.br\/#organization\"},\"image\":{\"@id\":\"https:\/\/psol50.org.br\/governo-do-rj-quer-conceder-financiamento-de-r-650-milhoes-para-a-ambev\/#primaryimage\"},\"thumbnailUrl\":\"\",\"keywords\":[\"Ambev\",\"Luiz Fernando Pez\u00e3o\",\"Marcelo Freixo\",\"PSOL-RJ\"],\"articleSection\":[\"Estados\",\"Not\u00edcias\"],\"inLanguage\":\"pt-BR\",\"potentialAction\":[{\"@type\":\"CommentAction\",\"name\":\"Comment\",\"target\":[\"https:\/\/psol50.org.br\/governo-do-rj-quer-conceder-financiamento-de-r-650-milhoes-para-a-ambev\/#respond\"]}]},{\"@type\":\"WebPage\",\"@id\":\"https:\/\/psol50.org.br\/governo-do-rj-quer-conceder-financiamento-de-r-650-milhoes-para-a-ambev\/\",\"url\":\"https:\/\/psol50.org.br\/governo-do-rj-quer-conceder-financiamento-de-r-650-milhoes-para-a-ambev\/\",\"name\":\"Governo do RJ quer conceder financiamento de R$ 650 milh\u00f5es para a Ambev - PSOL 50\",\"isPartOf\":{\"@id\":\"https:\/\/psol50.org.br\/#website\"},\"primaryImageOfPage\":{\"@id\":\"https:\/\/psol50.org.br\/governo-do-rj-quer-conceder-financiamento-de-r-650-milhoes-para-a-ambev\/#primaryimage\"},\"image\":{\"@id\":\"https:\/\/psol50.org.br\/governo-do-rj-quer-conceder-financiamento-de-r-650-milhoes-para-a-ambev\/#primaryimage\"},\"thumbnailUrl\":\"\",\"datePublished\":\"2017-04-05T17:34:06+00:00\",\"breadcrumb\":{\"@id\":\"https:\/\/psol50.org.br\/governo-do-rj-quer-conceder-financiamento-de-r-650-milhoes-para-a-ambev\/#breadcrumb\"},\"inLanguage\":\"pt-BR\",\"potentialAction\":[{\"@type\":\"ReadAction\",\"target\":[\"https:\/\/psol50.org.br\/governo-do-rj-quer-conceder-financiamento-de-r-650-milhoes-para-a-ambev\/\"]}]},{\"@type\":\"ImageObject\",\"inLanguage\":\"pt-BR\",\"@id\":\"https:\/\/psol50.org.br\/governo-do-rj-quer-conceder-financiamento-de-r-650-milhoes-para-a-ambev\/#primaryimage\",\"url\":\"\",\"contentUrl\":\"\"},{\"@type\":\"BreadcrumbList\",\"@id\":\"https:\/\/psol50.org.br\/governo-do-rj-quer-conceder-financiamento-de-r-650-milhoes-para-a-ambev\/#breadcrumb\",\"itemListElement\":[{\"@type\":\"ListItem\",\"position\":1,\"name\":\"In\u00edcio\",\"item\":\"https:\/\/psol50.org.br\/\"},{\"@type\":\"ListItem\",\"position\":2,\"name\":\"Governo do RJ quer conceder financiamento de R$ 650 milh\u00f5es para a Ambev\"}]},{\"@type\":\"WebSite\",\"@id\":\"https:\/\/psol50.org.br\/#website\",\"url\":\"https:\/\/psol50.org.br\/\",\"name\":\"PSOL 50\",\"description\":\"Site oficial do Partido Socialismo e Liberdade\",\"publisher\":{\"@id\":\"https:\/\/psol50.org.br\/#organization\"},\"alternateName\":\"PSOL50\",\"potentialAction\":[{\"@type\":\"SearchAction\",\"target\":{\"@type\":\"EntryPoint\",\"urlTemplate\":\"https:\/\/psol50.org.br\/?s={search_term_string}\"},\"query-input\":{\"@type\":\"PropertyValueSpecification\",\"valueRequired\":true,\"valueName\":\"search_term_string\"}}],\"inLanguage\":\"pt-BR\"},{\"@type\":\"Organization\",\"@id\":\"https:\/\/psol50.org.br\/#organization\",\"name\":\"PSOL 50\",\"alternateName\":\"PSOL 50\",\"url\":\"https:\/\/psol50.org.br\/\",\"logo\":{\"@type\":\"ImageObject\",\"inLanguage\":\"pt-BR\",\"@id\":\"https:\/\/psol50.org.br\/#\/schema\/logo\/image\/\",\"url\":\"https:\/\/psol50.org.br\/inc\/uploads\/2018\/07\/capa.png\",\"contentUrl\":\"https:\/\/psol50.org.br\/inc\/uploads\/2018\/07\/capa.png\",\"width\":1350,\"height\":900,\"caption\":\"PSOL 50\"},\"image\":{\"@id\":\"https:\/\/psol50.org.br\/#\/schema\/logo\/image\/\"},\"sameAs\":[\"https:\/\/www.facebook.com\/psol50\",\"https:\/\/x.com\/psol50\",\"https:\/\/www.instagram.com\/psol50\/\",\"https:\/\/www.youtube.com\/channel\/UC7SnJS5o1os7a6CaiNabzcg\"]},{\"@type\":\"Person\",\"@id\":\"https:\/\/psol50.org.br\/#\/schema\/person\/475dfa57d0b815993c714c2e96491fcd\",\"name\":\"Comunica\u00e7\u00e3o PSOL\",\"image\":{\"@type\":\"ImageObject\",\"inLanguage\":\"pt-BR\",\"@id\":\"https:\/\/psol50.org.br\/#\/schema\/person\/image\/\",\"url\":\"https:\/\/secure.gravatar.com\/avatar\/b34fc4f4e468a4e51785917065a3db57b841f5c95dba6ad8c73aaf8f66f8f9bf?s=96&d=mm&r=g\",\"contentUrl\":\"https:\/\/secure.gravatar.com\/avatar\/b34fc4f4e468a4e51785917065a3db57b841f5c95dba6ad8c73aaf8f66f8f9bf?s=96&d=mm&r=g\",\"caption\":\"Comunica\u00e7\u00e3o PSOL\"}}]}<\/script>\n<!-- \/ Yoast SEO plugin. -->","yoast_head_json":{"title":"Governo do RJ quer conceder financiamento de R$ 650 milh\u00f5es para a Ambev - PSOL 50","robots":{"index":"index","follow":"follow","max-snippet":"max-snippet:-1","max-image-preview":"max-image-preview:large","max-video-preview":"max-video-preview:-1"},"canonical":"https:\/\/psol50.org.br\/governo-do-rj-quer-conceder-financiamento-de-r-650-milhoes-para-a-ambev\/","og_locale":"pt_BR","og_type":"article","og_title":"Governo do RJ quer conceder financiamento de R$ 650 milh\u00f5es para a Ambev - PSOL 50","og_description":"Do site do deputado estadual Marcelo Freixo O governo do Rio de Janeiro publicou nesta quarta-feira (05\/04) no Di\u00e1rio Oficial o Projeto de Lei 2543\/2017, que concede um financiamento de R$ 650 milh\u00f5es e incentivo fiscal \u00e0 Ambev. A proposta ser\u00e1 encaminhada para vota\u00e7\u00e3o na Assembleia Legislativa do estado (Alerj). Importante lembrar que, desde 2011, [&hellip;]","og_url":"https:\/\/psol50.org.br\/governo-do-rj-quer-conceder-financiamento-de-r-650-milhoes-para-a-ambev\/","og_site_name":"PSOL 50","article_publisher":"https:\/\/www.facebook.com\/psol50","article_published_time":"2017-04-05T17:34:06+00:00","og_image":[{"width":1350,"height":900,"url":"https:\/\/psol50.org.br\/inc\/uploads\/2018\/07\/capa.png","type":"image\/png"}],"author":"Comunica\u00e7\u00e3o PSOL","twitter_card":"summary_large_image","twitter_creator":"@psol50","twitter_site":"@psol50","twitter_misc":{"Escrito por":"Comunica\u00e7\u00e3o PSOL","Est. tempo de leitura":"2 minutos"},"schema":{"@context":"https:\/\/schema.org","@graph":[{"@type":"Article","@id":"https:\/\/psol50.org.br\/governo-do-rj-quer-conceder-financiamento-de-r-650-milhoes-para-a-ambev\/#article","isPartOf":{"@id":"https:\/\/psol50.org.br\/governo-do-rj-quer-conceder-financiamento-de-r-650-milhoes-para-a-ambev\/"},"author":{"name":"Comunica\u00e7\u00e3o PSOL","@id":"https:\/\/psol50.org.br\/#\/schema\/person\/475dfa57d0b815993c714c2e96491fcd"},"headline":"Governo do RJ quer conceder financiamento de R$ 650 milh\u00f5es para a Ambev","datePublished":"2017-04-05T17:34:06+00:00","mainEntityOfPage":{"@id":"https:\/\/psol50.org.br\/governo-do-rj-quer-conceder-financiamento-de-r-650-milhoes-para-a-ambev\/"},"wordCount":385,"commentCount":0,"publisher":{"@id":"https:\/\/psol50.org.br\/#organization"},"image":{"@id":"https:\/\/psol50.org.br\/governo-do-rj-quer-conceder-financiamento-de-r-650-milhoes-para-a-ambev\/#primaryimage"},"thumbnailUrl":"","keywords":["Ambev","Luiz Fernando Pez\u00e3o","Marcelo Freixo","PSOL-RJ"],"articleSection":["Estados","Not\u00edcias"],"inLanguage":"pt-BR","potentialAction":[{"@type":"CommentAction","name":"Comment","target":["https:\/\/psol50.org.br\/governo-do-rj-quer-conceder-financiamento-de-r-650-milhoes-para-a-ambev\/#respond"]}]},{"@type":"WebPage","@id":"https:\/\/psol50.org.br\/governo-do-rj-quer-conceder-financiamento-de-r-650-milhoes-para-a-ambev\/","url":"https:\/\/psol50.org.br\/governo-do-rj-quer-conceder-financiamento-de-r-650-milhoes-para-a-ambev\/","name":"Governo do RJ quer conceder financiamento de R$ 650 milh\u00f5es para a Ambev - PSOL 50","isPartOf":{"@id":"https:\/\/psol50.org.br\/#website"},"primaryImageOfPage":{"@id":"https:\/\/psol50.org.br\/governo-do-rj-quer-conceder-financiamento-de-r-650-milhoes-para-a-ambev\/#primaryimage"},"image":{"@id":"https:\/\/psol50.org.br\/governo-do-rj-quer-conceder-financiamento-de-r-650-milhoes-para-a-ambev\/#primaryimage"},"thumbnailUrl":"","datePublished":"2017-04-05T17:34:06+00:00","breadcrumb":{"@id":"https:\/\/psol50.org.br\/governo-do-rj-quer-conceder-financiamento-de-r-650-milhoes-para-a-ambev\/#breadcrumb"},"inLanguage":"pt-BR","potentialAction":[{"@type":"ReadAction","target":["https:\/\/psol50.org.br\/governo-do-rj-quer-conceder-financiamento-de-r-650-milhoes-para-a-ambev\/"]}]},{"@type":"ImageObject","inLanguage":"pt-BR","@id":"https:\/\/psol50.org.br\/governo-do-rj-quer-conceder-financiamento-de-r-650-milhoes-para-a-ambev\/#primaryimage","url":"","contentUrl":""},{"@type":"BreadcrumbList","@id":"https:\/\/psol50.org.br\/governo-do-rj-quer-conceder-financiamento-de-r-650-milhoes-para-a-ambev\/#breadcrumb","itemListElement":[{"@type":"ListItem","position":1,"name":"In\u00edcio","item":"https:\/\/psol50.org.br\/"},{"@type":"ListItem","position":2,"name":"Governo do RJ quer conceder financiamento de R$ 650 milh\u00f5es para a Ambev"}]},{"@type":"WebSite","@id":"https:\/\/psol50.org.br\/#website","url":"https:\/\/psol50.org.br\/","name":"PSOL 50","description":"Site oficial do Partido Socialismo e Liberdade","publisher":{"@id":"https:\/\/psol50.org.br\/#organization"},"alternateName":"PSOL50","potentialAction":[{"@type":"SearchAction","target":{"@type":"EntryPoint","urlTemplate":"https:\/\/psol50.org.br\/?s={search_term_string}"},"query-input":{"@type":"PropertyValueSpecification","valueRequired":true,"valueName":"search_term_string"}}],"inLanguage":"pt-BR"},{"@type":"Organization","@id":"https:\/\/psol50.org.br\/#organization","name":"PSOL 50","alternateName":"PSOL 50","url":"https:\/\/psol50.org.br\/","logo":{"@type":"ImageObject","inLanguage":"pt-BR","@id":"https:\/\/psol50.org.br\/#\/schema\/logo\/image\/","url":"https:\/\/psol50.org.br\/inc\/uploads\/2018\/07\/capa.png","contentUrl":"https:\/\/psol50.org.br\/inc\/uploads\/2018\/07\/capa.png","width":1350,"height":900,"caption":"PSOL 50"},"image":{"@id":"https:\/\/psol50.org.br\/#\/schema\/logo\/image\/"},"sameAs":["https:\/\/www.facebook.com\/psol50","https:\/\/x.com\/psol50","https:\/\/www.instagram.com\/psol50\/","https:\/\/www.youtube.com\/channel\/UC7SnJS5o1os7a6CaiNabzcg"]},{"@type":"Person","@id":"https:\/\/psol50.org.br\/#\/schema\/person\/475dfa57d0b815993c714c2e96491fcd","name":"Comunica\u00e7\u00e3o PSOL","image":{"@type":"ImageObject","inLanguage":"pt-BR","@id":"https:\/\/psol50.org.br\/#\/schema\/person\/image\/","url":"https:\/\/secure.gravatar.com\/avatar\/b34fc4f4e468a4e51785917065a3db57b841f5c95dba6ad8c73aaf8f66f8f9bf?s=96&d=mm&r=g","contentUrl":"https:\/\/secure.gravatar.com\/avatar\/b34fc4f4e468a4e51785917065a3db57b841f5c95dba6ad8c73aaf8f66f8f9bf?s=96&d=mm&r=g","caption":"Comunica\u00e7\u00e3o PSOL"}}]}},"_links":{"self":[{"href":"https:\/\/psol50.org.br\/rest\/wp\/v2\/posts\/15969","targetHints":{"allow":["GET"]}}],"collection":[{"href":"https:\/\/psol50.org.br\/rest\/wp\/v2\/posts"}],"about":[{"href":"https:\/\/psol50.org.br\/rest\/wp\/v2\/types\/post"}],"author":[{"embeddable":true,"href":"https:\/\/psol50.org.br\/rest\/wp\/v2\/users\/2"}],"replies":[{"embeddable":true,"href":"https:\/\/psol50.org.br\/rest\/wp\/v2\/comments?post=15969"}],"version-history":[{"count":0,"href":"https:\/\/psol50.org.br\/rest\/wp\/v2\/posts\/15969\/revisions"}],"wp:featuredmedia":[{"embeddable":true,"href":"https:\/\/psol50.org.br\/rest\/"}],"wp:attachment":[{"href":"https:\/\/psol50.org.br\/rest\/wp\/v2\/media?parent=15969"}],"wp:term":[{"taxonomy":"category","embeddable":true,"href":"https:\/\/psol50.org.br\/rest\/wp\/v2\/categories?post=15969"},{"taxonomy":"post_tag","embeddable":true,"href":"https:\/\/psol50.org.br\/rest\/wp\/v2\/tags?post=15969"}],"curies":[{"name":"wp","href":"https:\/\/api.w.org\/{rel}","templated":true}]}}