{"id":1597,"date":"2011-08-09T00:00:00","date_gmt":"2011-08-09T00:00:00","guid":{"rendered":"http:\/\/psol50.org.br\/arquivo\/2011\/08\/09\/psol-de-araraquara-repudia-acoes-do-prefeito-que-comprometem-area-da-vigilancia-sanitaria\/"},"modified":"2011-08-09T00:00:00","modified_gmt":"2011-08-09T00:00:00","slug":"psol-de-araraquara-repudia-acoes-do-prefeito-que-comprometem-area-da-vigilancia-sanitaria","status":"publish","type":"post","link":"https:\/\/psol50.org.br\/psol-de-araraquara-repudia-acoes-do-prefeito-que-comprometem-area-da-vigilancia-sanitaria\/","title":{"rendered":"PSOL de Araraquara repudia a\u00e7\u00f5es do prefeito que comprometem \u00e1rea da Vigil\u00e2ncia Sanit\u00e1ria"},"content":{"rendered":"<p><a rel=\"attachment wp-att-9901\" href=\"http:\/\/psol50.org.br\/blog\/2011\/08\/09\/psol-de-araraquara-repudia-acoes-do-prefeito-que-comprometem-area-da-vigilancia-sanitaria\/araraquara\/\"><img loading=\"lazy\" decoding=\"async\" class=\"alignleft size-full wp-image-9901\" src=\"http:\/\/psol50.org.br\/files\/2011\/08\/Araraquara.jpg\" alt=\"\" width=\"350\" height=\"234\" \/><\/a><em><strong>Leia a mo\u00e7\u00e3o de rep\u00fadio aprovada na plen\u00e1ria do Diret\u00f3rio Municipal do PSOL de Araraquara, ocorrida no \u00faltimo s\u00e1bado dia 06 de agosto, contra os atos do prefeito Marcelo Barbieri na \u00e1rea de vigil\u00e2ncia sanit\u00e1ria.<\/strong><\/em><\/p>\n<p>Considerando que a Vigil\u00e2ncia em Sa\u00fade e Meio Ambiente \u00e9 um importante instrumento de defesa da Sa\u00fade P\u00fablica;<\/p>\n<p>Considerando que a Araraquara vivenciou tr\u00eas epidemias de dengue nos \u00faltimos quatro anos;<\/p>\n<p>Considerando a confirma\u00e7\u00e3o de casos de Hantav\u00edrus e a freq\u00fcente presen\u00e7a de escorpi\u00f5es, caramujos, roedores, carrapatos e pombos em pontos da cidade;<\/p>\n<p>Considerando que sem ouvir ningu\u00e9m, funcion\u00e1rios da \u00e1rea e o pr\u00f3prio Conselho Municipal de Sa\u00fade, o governo Marcelo Barbieri resolveu terminar com uma equipe da Vigil\u00e2ncia Epidemiol\u00f3gica, a \u201cEquipe de Controle de Fauna Sinantr\u00f3pica\u201d;<\/p>\n<p>Considerando que o fim da equipe aconteceu por persegui\u00e7\u00e3o a funcion\u00e1rios concursados da Prefeitura \u2013 diversas mat\u00e9rias jornal\u00edsticas comprovam este lament\u00e1vel fato. E a a\u00e7\u00e3o de desmanche foi liderada por cargo comissionado, presidente de partido pol\u00edtico na cidade, sem qualquer conhecimento t\u00e9cnico na sa\u00fade, o Coordenador da Vigil\u00e2ncia em Sa\u00fade, Sr. Feiz Mattar;<\/p>\n<p>Considerando, de forma especial, a persegui\u00e7\u00e3o ao servidor p\u00fablico Marcelo Roldan, lideran\u00e7a reconhecida dos servidores municipais, com dez anos de servi\u00e7o p\u00fablico, funcion\u00e1rio sem nenhuma advert\u00eancia e comprovadamente conhecedor de seu trabalho, foi demitido pelo Sr. Prefeito Municipal, ap\u00f3s um processo administrativo repleto de v\u00edcios e que durou cerca de seis meses. A decis\u00e3o do Sr. Prefeito Municipal contrariou parecer jur\u00eddico da pr\u00f3pria Prefeitura que orientou por uma suspens\u00e3o. Uma poss\u00edvel e prov\u00e1vel revers\u00e3o no Poder Judici\u00e1rio custar\u00e1 farto dinheiro p\u00fablico.<\/p>\n<p>O Partido Socialismo e Liberdade de Araraquara, reunido em plen\u00e1ria na C\u00e2mara Municipal de Araraquara, com filiados e simpatizantes, com a presen\u00e7a do dirigente estadual, Paulo Bufalo, vem a p\u00fablico manifestar:<\/p>\n<p>a) Seu rep\u00fadio as decis\u00f5es do Sr. Prefeito Municipal Marcelo Barbieri, quais sejam, o de acabar com a excelente \u201cEquipe de Controle de Fauna Sinantr\u00f3pica\u201d da cidade e pela demiss\u00e3o do Funcion\u00e1rio P\u00fablico Marcelo Roldan. Estes atos podem e devem ser revertidos em defesa da Sa\u00fade P\u00fablica da cidade.<\/p>\n<p>b) Sua preocupa\u00e7\u00e3o pela manuten\u00e7\u00e3o do Sr. Feiz Mattar na dire\u00e7\u00e3o da Coordenadoria de Vigil\u00e2ncia Sanit\u00e1ria da cidade, pois \u00e9 evidente a falta de preparo t\u00e9cnico e pol\u00edtico deste Senhor a frente de uma \u00e1rea essencial para a sa\u00fade na cidade. O combate \u00e0 Dengue \u00e9 uma luta de todos, por\u00e9m n\u00e3o podemos ignorar a necess\u00e1ria lideran\u00e7a do Poder P\u00fablico nesta verdadeira guerra e a continuidade deste Senhor enfraquece o objetivo. N\u00e3o podemos ter outra epidemia de Dengue na cidade com \u00f3bitos!<\/p>\n<p>A mo\u00e7\u00e3o de rep\u00fadio ser\u00e1 encaminhada aos \u00d3rg\u00e3os de Imprensa da cidade, aos Vereadores da C\u00e2mara Municipal e aos Deputados do Partido em S\u00e3o Paulo e Bras\u00edlia.<\/p>\n<p>Araraquara, 06 de agosto de 2011.<\/p>\n<p><a href=\"http:\/\/psolararaquara.blogspot.com\/\"><strong>Plen\u00e1ria Municipal do PSOL de Araraquara.<br \/>\nSocialismo e Liberdade!<\/strong><\/a><\/p>\n<p><strong><a href=\"http:\/\/psolararaquara.blogspot.com\/\">* Fonte: S\u00edtio do PSOL de Araraquara<\/a><br \/>\n<\/strong><\/p>\n","protected":false},"excerpt":{"rendered":"<p>Leia a mo\u00e7\u00e3o de rep\u00fadio aprovada na plen\u00e1ria do Diret\u00f3rio Municipal do PSOL de Araraquara, ocorrida no \u00faltimo s\u00e1bado dia 06 de agosto, contra os atos do prefeito Marcelo Barbieri na \u00e1rea de vigil\u00e2ncia sanit\u00e1ria. Considerando que a Vigil\u00e2ncia em Sa\u00fade e Meio Ambiente \u00e9 um importante instrumento de defesa da Sa\u00fade P\u00fablica; Considerando que [&hellip;]<\/p>\n","protected":false},"author":2,"featured_media":0,"comment_status":"open","ping_status":"open","sticky":false,"template":"","format":"standard","meta":{"_acf_changed":false,"footnotes":""},"categories":[4766],"tags":[],"class_list":{"0":"post-1597","1":"post","2":"type-post","3":"status-publish","4":"format-standard","6":"category-arquivo"},"acf":[],"yoast_head":"<!-- This site is optimized with the Yoast SEO plugin v26.5 - https:\/\/yoast.com\/wordpress\/plugins\/seo\/ -->\n<title>PSOL de Araraquara repudia a\u00e7\u00f5es do prefeito que comprometem \u00e1rea da Vigil\u00e2ncia Sanit\u00e1ria - PSOL 50<\/title>\n<meta name=\"robots\" content=\"index, follow, max-snippet:-1, max-image-preview:large, max-video-preview:-1\" \/>\n<link rel=\"canonical\" href=\"https:\/\/psol50.org.br\/psol-de-araraquara-repudia-acoes-do-prefeito-que-comprometem-area-da-vigilancia-sanitaria\/\" \/>\n<meta property=\"og:locale\" content=\"pt_BR\" \/>\n<meta property=\"og:type\" content=\"article\" \/>\n<meta property=\"og:title\" content=\"PSOL de Araraquara repudia a\u00e7\u00f5es do prefeito que comprometem \u00e1rea da Vigil\u00e2ncia Sanit\u00e1ria - PSOL 50\" \/>\n<meta property=\"og:description\" content=\"Leia a mo\u00e7\u00e3o de rep\u00fadio aprovada na plen\u00e1ria do Diret\u00f3rio Municipal do PSOL de Araraquara, ocorrida no \u00faltimo s\u00e1bado dia 06 de agosto, contra os atos do prefeito Marcelo Barbieri na \u00e1rea de vigil\u00e2ncia sanit\u00e1ria. Considerando que a Vigil\u00e2ncia em Sa\u00fade e Meio Ambiente \u00e9 um importante instrumento de defesa da Sa\u00fade P\u00fablica; Considerando que [&hellip;]\" \/>\n<meta property=\"og:url\" content=\"https:\/\/psol50.org.br\/psol-de-araraquara-repudia-acoes-do-prefeito-que-comprometem-area-da-vigilancia-sanitaria\/\" \/>\n<meta property=\"og:site_name\" content=\"PSOL 50\" \/>\n<meta property=\"article:publisher\" content=\"https:\/\/www.facebook.com\/psol50\" \/>\n<meta property=\"article:published_time\" content=\"2011-08-09T00:00:00+00:00\" \/>\n<meta property=\"og:image\" content=\"http:\/\/psol50.org.br\/files\/2011\/08\/Araraquara.jpg\" \/>\n<meta name=\"author\" content=\"Comunica\u00e7\u00e3o PSOL\" \/>\n<meta name=\"twitter:card\" content=\"summary_large_image\" \/>\n<meta name=\"twitter:creator\" content=\"@psol50\" \/>\n<meta name=\"twitter:site\" content=\"@psol50\" \/>\n<meta name=\"twitter:label1\" content=\"Escrito por\" \/>\n\t<meta name=\"twitter:data1\" content=\"Comunica\u00e7\u00e3o PSOL\" \/>\n\t<meta name=\"twitter:label2\" content=\"Est. tempo de leitura\" \/>\n\t<meta name=\"twitter:data2\" content=\"3 minutos\" \/>\n<script type=\"application\/ld+json\" class=\"yoast-schema-graph\">{\"@context\":\"https:\/\/schema.org\",\"@graph\":[{\"@type\":\"Article\",\"@id\":\"https:\/\/psol50.org.br\/psol-de-araraquara-repudia-acoes-do-prefeito-que-comprometem-area-da-vigilancia-sanitaria\/#article\",\"isPartOf\":{\"@id\":\"https:\/\/psol50.org.br\/psol-de-araraquara-repudia-acoes-do-prefeito-que-comprometem-area-da-vigilancia-sanitaria\/\"},\"author\":{\"name\":\"Comunica\u00e7\u00e3o PSOL\",\"@id\":\"https:\/\/psol50.org.br\/#\/schema\/person\/475dfa57d0b815993c714c2e96491fcd\"},\"headline\":\"PSOL de Araraquara repudia a\u00e7\u00f5es do prefeito que comprometem \u00e1rea da Vigil\u00e2ncia Sanit\u00e1ria\",\"datePublished\":\"2011-08-09T00:00:00+00:00\",\"mainEntityOfPage\":{\"@id\":\"https:\/\/psol50.org.br\/psol-de-araraquara-repudia-acoes-do-prefeito-que-comprometem-area-da-vigilancia-sanitaria\/\"},\"wordCount\":561,\"commentCount\":0,\"publisher\":{\"@id\":\"https:\/\/psol50.org.br\/#organization\"},\"image\":{\"@id\":\"https:\/\/psol50.org.br\/psol-de-araraquara-repudia-acoes-do-prefeito-que-comprometem-area-da-vigilancia-sanitaria\/#primaryimage\"},\"thumbnailUrl\":\"http:\/\/psol50.org.br\/files\/2011\/08\/Araraquara.jpg\",\"articleSection\":[\"Arquivo\"],\"inLanguage\":\"pt-BR\",\"potentialAction\":[{\"@type\":\"CommentAction\",\"name\":\"Comment\",\"target\":[\"https:\/\/psol50.org.br\/psol-de-araraquara-repudia-acoes-do-prefeito-que-comprometem-area-da-vigilancia-sanitaria\/#respond\"]}]},{\"@type\":\"WebPage\",\"@id\":\"https:\/\/psol50.org.br\/psol-de-araraquara-repudia-acoes-do-prefeito-que-comprometem-area-da-vigilancia-sanitaria\/\",\"url\":\"https:\/\/psol50.org.br\/psol-de-araraquara-repudia-acoes-do-prefeito-que-comprometem-area-da-vigilancia-sanitaria\/\",\"name\":\"PSOL de Araraquara repudia a\u00e7\u00f5es do prefeito que comprometem \u00e1rea da Vigil\u00e2ncia Sanit\u00e1ria - PSOL 50\",\"isPartOf\":{\"@id\":\"https:\/\/psol50.org.br\/#website\"},\"primaryImageOfPage\":{\"@id\":\"https:\/\/psol50.org.br\/psol-de-araraquara-repudia-acoes-do-prefeito-que-comprometem-area-da-vigilancia-sanitaria\/#primaryimage\"},\"image\":{\"@id\":\"https:\/\/psol50.org.br\/psol-de-araraquara-repudia-acoes-do-prefeito-que-comprometem-area-da-vigilancia-sanitaria\/#primaryimage\"},\"thumbnailUrl\":\"http:\/\/psol50.org.br\/files\/2011\/08\/Araraquara.jpg\",\"datePublished\":\"2011-08-09T00:00:00+00:00\",\"breadcrumb\":{\"@id\":\"https:\/\/psol50.org.br\/psol-de-araraquara-repudia-acoes-do-prefeito-que-comprometem-area-da-vigilancia-sanitaria\/#breadcrumb\"},\"inLanguage\":\"pt-BR\",\"potentialAction\":[{\"@type\":\"ReadAction\",\"target\":[\"https:\/\/psol50.org.br\/psol-de-araraquara-repudia-acoes-do-prefeito-que-comprometem-area-da-vigilancia-sanitaria\/\"]}]},{\"@type\":\"ImageObject\",\"inLanguage\":\"pt-BR\",\"@id\":\"https:\/\/psol50.org.br\/psol-de-araraquara-repudia-acoes-do-prefeito-que-comprometem-area-da-vigilancia-sanitaria\/#primaryimage\",\"url\":\"http:\/\/psol50.org.br\/files\/2011\/08\/Araraquara.jpg\",\"contentUrl\":\"http:\/\/psol50.org.br\/files\/2011\/08\/Araraquara.jpg\"},{\"@type\":\"BreadcrumbList\",\"@id\":\"https:\/\/psol50.org.br\/psol-de-araraquara-repudia-acoes-do-prefeito-que-comprometem-area-da-vigilancia-sanitaria\/#breadcrumb\",\"itemListElement\":[{\"@type\":\"ListItem\",\"position\":1,\"name\":\"In\u00edcio\",\"item\":\"https:\/\/psol50.org.br\/\"},{\"@type\":\"ListItem\",\"position\":2,\"name\":\"PSOL de Araraquara repudia a\u00e7\u00f5es do prefeito que comprometem \u00e1rea da Vigil\u00e2ncia Sanit\u00e1ria\"}]},{\"@type\":\"WebSite\",\"@id\":\"https:\/\/psol50.org.br\/#website\",\"url\":\"https:\/\/psol50.org.br\/\",\"name\":\"PSOL 50\",\"description\":\"Site oficial do Partido Socialismo e Liberdade\",\"publisher\":{\"@id\":\"https:\/\/psol50.org.br\/#organization\"},\"alternateName\":\"PSOL50\",\"potentialAction\":[{\"@type\":\"SearchAction\",\"target\":{\"@type\":\"EntryPoint\",\"urlTemplate\":\"https:\/\/psol50.org.br\/?s={search_term_string}\"},\"query-input\":{\"@type\":\"PropertyValueSpecification\",\"valueRequired\":true,\"valueName\":\"search_term_string\"}}],\"inLanguage\":\"pt-BR\"},{\"@type\":\"Organization\",\"@id\":\"https:\/\/psol50.org.br\/#organization\",\"name\":\"PSOL 50\",\"alternateName\":\"PSOL 50\",\"url\":\"https:\/\/psol50.org.br\/\",\"logo\":{\"@type\":\"ImageObject\",\"inLanguage\":\"pt-BR\",\"@id\":\"https:\/\/psol50.org.br\/#\/schema\/logo\/image\/\",\"url\":\"https:\/\/psol50.org.br\/inc\/uploads\/2018\/07\/capa.png\",\"contentUrl\":\"https:\/\/psol50.org.br\/inc\/uploads\/2018\/07\/capa.png\",\"width\":1350,\"height\":900,\"caption\":\"PSOL 50\"},\"image\":{\"@id\":\"https:\/\/psol50.org.br\/#\/schema\/logo\/image\/\"},\"sameAs\":[\"https:\/\/www.facebook.com\/psol50\",\"https:\/\/x.com\/psol50\",\"https:\/\/www.instagram.com\/psol50\/\",\"https:\/\/www.youtube.com\/channel\/UC7SnJS5o1os7a6CaiNabzcg\"]},{\"@type\":\"Person\",\"@id\":\"https:\/\/psol50.org.br\/#\/schema\/person\/475dfa57d0b815993c714c2e96491fcd\",\"name\":\"Comunica\u00e7\u00e3o PSOL\",\"image\":{\"@type\":\"ImageObject\",\"inLanguage\":\"pt-BR\",\"@id\":\"https:\/\/psol50.org.br\/#\/schema\/person\/image\/\",\"url\":\"https:\/\/secure.gravatar.com\/avatar\/b34fc4f4e468a4e51785917065a3db57b841f5c95dba6ad8c73aaf8f66f8f9bf?s=96&d=mm&r=g\",\"contentUrl\":\"https:\/\/secure.gravatar.com\/avatar\/b34fc4f4e468a4e51785917065a3db57b841f5c95dba6ad8c73aaf8f66f8f9bf?s=96&d=mm&r=g\",\"caption\":\"Comunica\u00e7\u00e3o PSOL\"}}]}<\/script>\n<!-- \/ Yoast SEO plugin. -->","yoast_head_json":{"title":"PSOL de Araraquara repudia a\u00e7\u00f5es do prefeito que comprometem \u00e1rea da Vigil\u00e2ncia Sanit\u00e1ria - PSOL 50","robots":{"index":"index","follow":"follow","max-snippet":"max-snippet:-1","max-image-preview":"max-image-preview:large","max-video-preview":"max-video-preview:-1"},"canonical":"https:\/\/psol50.org.br\/psol-de-araraquara-repudia-acoes-do-prefeito-que-comprometem-area-da-vigilancia-sanitaria\/","og_locale":"pt_BR","og_type":"article","og_title":"PSOL de Araraquara repudia a\u00e7\u00f5es do prefeito que comprometem \u00e1rea da Vigil\u00e2ncia Sanit\u00e1ria - PSOL 50","og_description":"Leia a mo\u00e7\u00e3o de rep\u00fadio aprovada na plen\u00e1ria do Diret\u00f3rio Municipal do PSOL de Araraquara, ocorrida no \u00faltimo s\u00e1bado dia 06 de agosto, contra os atos do prefeito Marcelo Barbieri na \u00e1rea de vigil\u00e2ncia sanit\u00e1ria. Considerando que a Vigil\u00e2ncia em Sa\u00fade e Meio Ambiente \u00e9 um importante instrumento de defesa da Sa\u00fade P\u00fablica; Considerando que [&hellip;]","og_url":"https:\/\/psol50.org.br\/psol-de-araraquara-repudia-acoes-do-prefeito-que-comprometem-area-da-vigilancia-sanitaria\/","og_site_name":"PSOL 50","article_publisher":"https:\/\/www.facebook.com\/psol50","article_published_time":"2011-08-09T00:00:00+00:00","og_image":[{"url":"http:\/\/psol50.org.br\/files\/2011\/08\/Araraquara.jpg","type":"","width":"","height":""}],"author":"Comunica\u00e7\u00e3o PSOL","twitter_card":"summary_large_image","twitter_creator":"@psol50","twitter_site":"@psol50","twitter_misc":{"Escrito por":"Comunica\u00e7\u00e3o PSOL","Est. tempo de leitura":"3 minutos"},"schema":{"@context":"https:\/\/schema.org","@graph":[{"@type":"Article","@id":"https:\/\/psol50.org.br\/psol-de-araraquara-repudia-acoes-do-prefeito-que-comprometem-area-da-vigilancia-sanitaria\/#article","isPartOf":{"@id":"https:\/\/psol50.org.br\/psol-de-araraquara-repudia-acoes-do-prefeito-que-comprometem-area-da-vigilancia-sanitaria\/"},"author":{"name":"Comunica\u00e7\u00e3o PSOL","@id":"https:\/\/psol50.org.br\/#\/schema\/person\/475dfa57d0b815993c714c2e96491fcd"},"headline":"PSOL de Araraquara repudia a\u00e7\u00f5es do prefeito que comprometem \u00e1rea da Vigil\u00e2ncia Sanit\u00e1ria","datePublished":"2011-08-09T00:00:00+00:00","mainEntityOfPage":{"@id":"https:\/\/psol50.org.br\/psol-de-araraquara-repudia-acoes-do-prefeito-que-comprometem-area-da-vigilancia-sanitaria\/"},"wordCount":561,"commentCount":0,"publisher":{"@id":"https:\/\/psol50.org.br\/#organization"},"image":{"@id":"https:\/\/psol50.org.br\/psol-de-araraquara-repudia-acoes-do-prefeito-que-comprometem-area-da-vigilancia-sanitaria\/#primaryimage"},"thumbnailUrl":"http:\/\/psol50.org.br\/files\/2011\/08\/Araraquara.jpg","articleSection":["Arquivo"],"inLanguage":"pt-BR","potentialAction":[{"@type":"CommentAction","name":"Comment","target":["https:\/\/psol50.org.br\/psol-de-araraquara-repudia-acoes-do-prefeito-que-comprometem-area-da-vigilancia-sanitaria\/#respond"]}]},{"@type":"WebPage","@id":"https:\/\/psol50.org.br\/psol-de-araraquara-repudia-acoes-do-prefeito-que-comprometem-area-da-vigilancia-sanitaria\/","url":"https:\/\/psol50.org.br\/psol-de-araraquara-repudia-acoes-do-prefeito-que-comprometem-area-da-vigilancia-sanitaria\/","name":"PSOL de Araraquara repudia a\u00e7\u00f5es do prefeito que comprometem \u00e1rea da Vigil\u00e2ncia Sanit\u00e1ria - PSOL 50","isPartOf":{"@id":"https:\/\/psol50.org.br\/#website"},"primaryImageOfPage":{"@id":"https:\/\/psol50.org.br\/psol-de-araraquara-repudia-acoes-do-prefeito-que-comprometem-area-da-vigilancia-sanitaria\/#primaryimage"},"image":{"@id":"https:\/\/psol50.org.br\/psol-de-araraquara-repudia-acoes-do-prefeito-que-comprometem-area-da-vigilancia-sanitaria\/#primaryimage"},"thumbnailUrl":"http:\/\/psol50.org.br\/files\/2011\/08\/Araraquara.jpg","datePublished":"2011-08-09T00:00:00+00:00","breadcrumb":{"@id":"https:\/\/psol50.org.br\/psol-de-araraquara-repudia-acoes-do-prefeito-que-comprometem-area-da-vigilancia-sanitaria\/#breadcrumb"},"inLanguage":"pt-BR","potentialAction":[{"@type":"ReadAction","target":["https:\/\/psol50.org.br\/psol-de-araraquara-repudia-acoes-do-prefeito-que-comprometem-area-da-vigilancia-sanitaria\/"]}]},{"@type":"ImageObject","inLanguage":"pt-BR","@id":"https:\/\/psol50.org.br\/psol-de-araraquara-repudia-acoes-do-prefeito-que-comprometem-area-da-vigilancia-sanitaria\/#primaryimage","url":"http:\/\/psol50.org.br\/files\/2011\/08\/Araraquara.jpg","contentUrl":"http:\/\/psol50.org.br\/files\/2011\/08\/Araraquara.jpg"},{"@type":"BreadcrumbList","@id":"https:\/\/psol50.org.br\/psol-de-araraquara-repudia-acoes-do-prefeito-que-comprometem-area-da-vigilancia-sanitaria\/#breadcrumb","itemListElement":[{"@type":"ListItem","position":1,"name":"In\u00edcio","item":"https:\/\/psol50.org.br\/"},{"@type":"ListItem","position":2,"name":"PSOL de Araraquara repudia a\u00e7\u00f5es do prefeito que comprometem \u00e1rea da Vigil\u00e2ncia Sanit\u00e1ria"}]},{"@type":"WebSite","@id":"https:\/\/psol50.org.br\/#website","url":"https:\/\/psol50.org.br\/","name":"PSOL 50","description":"Site oficial do Partido Socialismo e Liberdade","publisher":{"@id":"https:\/\/psol50.org.br\/#organization"},"alternateName":"PSOL50","potentialAction":[{"@type":"SearchAction","target":{"@type":"EntryPoint","urlTemplate":"https:\/\/psol50.org.br\/?s={search_term_string}"},"query-input":{"@type":"PropertyValueSpecification","valueRequired":true,"valueName":"search_term_string"}}],"inLanguage":"pt-BR"},{"@type":"Organization","@id":"https:\/\/psol50.org.br\/#organization","name":"PSOL 50","alternateName":"PSOL 50","url":"https:\/\/psol50.org.br\/","logo":{"@type":"ImageObject","inLanguage":"pt-BR","@id":"https:\/\/psol50.org.br\/#\/schema\/logo\/image\/","url":"https:\/\/psol50.org.br\/inc\/uploads\/2018\/07\/capa.png","contentUrl":"https:\/\/psol50.org.br\/inc\/uploads\/2018\/07\/capa.png","width":1350,"height":900,"caption":"PSOL 50"},"image":{"@id":"https:\/\/psol50.org.br\/#\/schema\/logo\/image\/"},"sameAs":["https:\/\/www.facebook.com\/psol50","https:\/\/x.com\/psol50","https:\/\/www.instagram.com\/psol50\/","https:\/\/www.youtube.com\/channel\/UC7SnJS5o1os7a6CaiNabzcg"]},{"@type":"Person","@id":"https:\/\/psol50.org.br\/#\/schema\/person\/475dfa57d0b815993c714c2e96491fcd","name":"Comunica\u00e7\u00e3o PSOL","image":{"@type":"ImageObject","inLanguage":"pt-BR","@id":"https:\/\/psol50.org.br\/#\/schema\/person\/image\/","url":"https:\/\/secure.gravatar.com\/avatar\/b34fc4f4e468a4e51785917065a3db57b841f5c95dba6ad8c73aaf8f66f8f9bf?s=96&d=mm&r=g","contentUrl":"https:\/\/secure.gravatar.com\/avatar\/b34fc4f4e468a4e51785917065a3db57b841f5c95dba6ad8c73aaf8f66f8f9bf?s=96&d=mm&r=g","caption":"Comunica\u00e7\u00e3o PSOL"}}]}},"_links":{"self":[{"href":"https:\/\/psol50.org.br\/rest\/wp\/v2\/posts\/1597","targetHints":{"allow":["GET"]}}],"collection":[{"href":"https:\/\/psol50.org.br\/rest\/wp\/v2\/posts"}],"about":[{"href":"https:\/\/psol50.org.br\/rest\/wp\/v2\/types\/post"}],"author":[{"embeddable":true,"href":"https:\/\/psol50.org.br\/rest\/wp\/v2\/users\/2"}],"replies":[{"embeddable":true,"href":"https:\/\/psol50.org.br\/rest\/wp\/v2\/comments?post=1597"}],"version-history":[{"count":0,"href":"https:\/\/psol50.org.br\/rest\/wp\/v2\/posts\/1597\/revisions"}],"wp:attachment":[{"href":"https:\/\/psol50.org.br\/rest\/wp\/v2\/media?parent=1597"}],"wp:term":[{"taxonomy":"category","embeddable":true,"href":"https:\/\/psol50.org.br\/rest\/wp\/v2\/categories?post=1597"},{"taxonomy":"post_tag","embeddable":true,"href":"https:\/\/psol50.org.br\/rest\/wp\/v2\/tags?post=1597"}],"curies":[{"name":"wp","href":"https:\/\/api.w.org\/{rel}","templated":true}]}}