{"id":15996,"date":"2017-04-06T14:11:26","date_gmt":"2017-04-06T14:11:26","guid":{"rendered":"http:\/\/www.psol50.org.br\/?p=15996"},"modified":"2017-04-06T14:11:26","modified_gmt":"2017-04-06T14:11:26","slug":"governo-acelera-tramitacao-da-reforma-trabalhista-e-pretende-votar-projeto-ate-19-de-abril","status":"publish","type":"post","link":"https:\/\/psol50.org.br\/governo-acelera-tramitacao-da-reforma-trabalhista-e-pretende-votar-projeto-ate-19-de-abril\/","title":{"rendered":"Governo acelera tramita\u00e7\u00e3o da reforma trabalhista e pretende votar projeto at\u00e9 19 de abril"},"content":{"rendered":"<p>Com dificuldades de garantir os apoios necess\u00e1rios para aprovar a Proposta de Emenda \u00e0 Constitui\u00e7\u00e3o n\u00ba 287\/2016, que exige qu\u00f3rum qualificado e vota\u00e7\u00e3o em dois turnos, o governo quer correr para conseguir aprovar logo pelo menos a reforma trabalhista, prevista no <a href=\"http:\/\/www.camara.gov.br\/proposicoesWeb\/fichadetramitacao?idProposicao=2122076\" target=\"_blank\" rel=\"noopener\"><span style=\"color: #0000ff;\"><strong>Projeto de Lei n\u00ba 6787\/2016<\/strong><\/span><\/a>, em tramita\u00e7\u00e3o na C\u00e2mara dos Deputados. E esse foi o recado dado nesta quarta-feira (05\/04) pelo presidente da Casa, deputado Rodrigo Maia (DEM-RJ), fiel aliado do presidente ileg\u00edtimo Michel Temer.<\/p>\n<p>Segundo Maia, a inten\u00e7\u00e3o do governo \u00e9 votar as mudan\u00e7as na legisla\u00e7\u00e3o trabalhista no dia 19 de abril, daqui a duas semanas. O relator da mat\u00e9ria na comiss\u00e3o especial, deputado Rog\u00e9rio Marinho (PSDB-RN), j\u00e1 adiantou que apresentar\u00e1 seu parecer na pr\u00f3xima quarta-feira (12). \u201cEste \u00e9 o caminho que o Brasil precisa trilhar para crescer j\u00e1 no final deste ano, aprovando as reformas. Vamos aprovar a reforma trabalhista no dia 19 de abril\u201d, afirmou Maia, ressaltando as prioridades do Pal\u00e1cio do Planalto e de sua base de sustenta\u00e7\u00e3o em aprovar as reformas que amea\u00e7am direitos da classe trabalhadora.<\/p>\n<p><a href=\"http:\/\/www.psol50.org.br\/blog\/2017\/03\/16\/governistas-querem-que-reforma-trabalhista-seja-aprovada-em-comissao-sem-passar-por-plenario\/\" target=\"_blank\" rel=\"noopener\"><span style=\"color: #0000ff;\"><strong>O PSOL j\u00e1 havia denunciado a manobra do governo de apressar o rito do PL 6787\/16, colocando sua tramita\u00e7\u00e3o em car\u00e1ter conclusivo<\/strong><\/span><\/a>. Com isso, ap\u00f3s aprovada na comiss\u00e3o especial, formada apenas por 37 deputados, a proposta seguir\u00e1 diretamente para o Senado, sem precisar passar pelo plen\u00e1rio da C\u00e2mara. O despacho de Rodrigo Maia determinando essa mudan\u00e7a foi assinado no dia 10 de mar\u00e7o.<\/p>\n<p>O regimento interno da C\u00e2mara prev\u00ea, no entanto, que o projeto pode ser analisado pelo plen\u00e1rio caso haja recurso de pelo menos 51 deputados ou aprova\u00e7\u00e3o de requerimento para tramita\u00e7\u00e3o em regime de urg\u00eancia.<\/p>\n<p>O relator Rog\u00e9rio Marinho j\u00e1 adiantou, tamb\u00e9m, que manter\u00e1 a linha central do projeto, no caso o dispositivo que prev\u00ea a preval\u00eancia de acordos e conven\u00e7\u00f5es coletivos entre patr\u00f5es e empregados sobre a legisla\u00e7\u00e3o. Essa e outras mudan\u00e7as s\u00e3o criticadas pelo PSOL, por outros partidos da oposi\u00e7\u00e3o e por entidades sindicais, que convocaram uma greve geral para o dia 28 de abril, em todo o pa\u00eds, contra as mudan\u00e7as nas leis trabalhistas e tamb\u00e9m contra a reforma da Previd\u00eancia, prevista na PEC 287.<\/p>\n<p>A bancada do PSOL, mantendo a sua coer\u00eancia, votar\u00e1 contra essas e outras mat\u00e9rias do ajuste fiscal de Temer, que representam verdadeiros retrocessos para o povo brasileiro.<\/p>\n<p>&nbsp;<\/p>\n","protected":false},"excerpt":{"rendered":"<p>Com dificuldades de garantir os apoios necess\u00e1rios para aprovar a Proposta de Emenda \u00e0 Constitui\u00e7\u00e3o n\u00ba 287\/2016, que exige qu\u00f3rum qualificado e vota\u00e7\u00e3o em dois turnos, o governo quer correr para conseguir aprovar logo pelo menos a reforma trabalhista, prevista no Projeto de Lei n\u00ba 6787\/2016, em tramita\u00e7\u00e3o na C\u00e2mara dos Deputados. E esse foi [&hellip;]<\/p>\n","protected":false},"author":2,"featured_media":15392,"comment_status":"open","ping_status":"open","sticky":false,"template":"","format":"standard","meta":{"_acf_changed":false,"footnotes":""},"categories":[10,1882,6],"tags":[2348,1748,3001,39,1669,3055,64,3056,1877],"class_list":{"0":"post-15996","1":"post","2":"type-post","3":"status-publish","4":"format-standard","5":"has-post-thumbnail","7":"category-acao-parlamentares","8":"category-brasil","9":"category-noticias","10":"tag-comissao-especial","11":"tag-michel-temer","12":"tag-pl-67872016","13":"tag-reforma-da-previdencia","14":"tag-reforma-trabalhista","15":"tag-retirada-de-direitos","16":"tag-rodrigo-maia","17":"tag-tramitacao","18":"tag-votacao"},"acf":[],"yoast_head":"<!-- This site is optimized with the Yoast SEO plugin v26.5 - https:\/\/yoast.com\/wordpress\/plugins\/seo\/ -->\n<title>Governo acelera tramita\u00e7\u00e3o da reforma trabalhista e pretende votar projeto at\u00e9 19 de abril - PSOL 50<\/title>\n<meta name=\"robots\" content=\"index, follow, max-snippet:-1, max-image-preview:large, max-video-preview:-1\" \/>\n<link rel=\"canonical\" href=\"https:\/\/psol50.org.br\/governo-acelera-tramitacao-da-reforma-trabalhista-e-pretende-votar-projeto-ate-19-de-abril\/\" \/>\n<meta property=\"og:locale\" content=\"pt_BR\" \/>\n<meta property=\"og:type\" content=\"article\" \/>\n<meta property=\"og:title\" content=\"Governo acelera tramita\u00e7\u00e3o da reforma trabalhista e pretende votar projeto at\u00e9 19 de abril - PSOL 50\" \/>\n<meta property=\"og:description\" content=\"Com dificuldades de garantir os apoios necess\u00e1rios para aprovar a Proposta de Emenda \u00e0 Constitui\u00e7\u00e3o n\u00ba 287\/2016, que exige qu\u00f3rum qualificado e vota\u00e7\u00e3o em dois turnos, o governo quer correr para conseguir aprovar logo pelo menos a reforma trabalhista, prevista no Projeto de Lei n\u00ba 6787\/2016, em tramita\u00e7\u00e3o na C\u00e2mara dos Deputados. E esse foi [&hellip;]\" \/>\n<meta property=\"og:url\" content=\"https:\/\/psol50.org.br\/governo-acelera-tramitacao-da-reforma-trabalhista-e-pretende-votar-projeto-ate-19-de-abril\/\" \/>\n<meta property=\"og:site_name\" content=\"PSOL 50\" \/>\n<meta property=\"article:publisher\" content=\"https:\/\/www.facebook.com\/psol50\" \/>\n<meta property=\"article:published_time\" content=\"2017-04-06T14:11:26+00:00\" \/>\n<meta property=\"og:image\" content=\"https:\/\/psol50.org.br\/inc\/uploads\/2018\/07\/capa.png\" \/>\n\t<meta property=\"og:image:width\" content=\"1350\" \/>\n\t<meta property=\"og:image:height\" content=\"900\" \/>\n\t<meta property=\"og:image:type\" content=\"image\/png\" \/>\n<meta name=\"author\" content=\"Comunica\u00e7\u00e3o PSOL\" \/>\n<meta name=\"twitter:card\" content=\"summary_large_image\" \/>\n<meta name=\"twitter:creator\" content=\"@psol50\" \/>\n<meta name=\"twitter:site\" content=\"@psol50\" \/>\n<meta name=\"twitter:label1\" content=\"Escrito por\" \/>\n\t<meta name=\"twitter:data1\" content=\"Comunica\u00e7\u00e3o PSOL\" \/>\n\t<meta name=\"twitter:label2\" content=\"Est. tempo de leitura\" \/>\n\t<meta name=\"twitter:data2\" content=\"2 minutos\" \/>\n<script type=\"application\/ld+json\" class=\"yoast-schema-graph\">{\"@context\":\"https:\/\/schema.org\",\"@graph\":[{\"@type\":\"Article\",\"@id\":\"https:\/\/psol50.org.br\/governo-acelera-tramitacao-da-reforma-trabalhista-e-pretende-votar-projeto-ate-19-de-abril\/#article\",\"isPartOf\":{\"@id\":\"https:\/\/psol50.org.br\/governo-acelera-tramitacao-da-reforma-trabalhista-e-pretende-votar-projeto-ate-19-de-abril\/\"},\"author\":{\"name\":\"Comunica\u00e7\u00e3o PSOL\",\"@id\":\"https:\/\/psol50.org.br\/#\/schema\/person\/475dfa57d0b815993c714c2e96491fcd\"},\"headline\":\"Governo acelera tramita\u00e7\u00e3o da reforma trabalhista e pretende votar projeto at\u00e9 19 de abril\",\"datePublished\":\"2017-04-06T14:11:26+00:00\",\"mainEntityOfPage\":{\"@id\":\"https:\/\/psol50.org.br\/governo-acelera-tramitacao-da-reforma-trabalhista-e-pretende-votar-projeto-ate-19-de-abril\/\"},\"wordCount\":425,\"commentCount\":0,\"publisher\":{\"@id\":\"https:\/\/psol50.org.br\/#organization\"},\"image\":{\"@id\":\"https:\/\/psol50.org.br\/governo-acelera-tramitacao-da-reforma-trabalhista-e-pretende-votar-projeto-ate-19-de-abril\/#primaryimage\"},\"thumbnailUrl\":\"\",\"keywords\":[\"Comiss\u00e3o Especial\",\"Michel Temer\",\"PL 6787\/2016\",\"reforma da previd\u00eancia\",\"reforma trabalhista\",\"retirada de direitos\",\"Rodrigo Maia\",\"tramita\u00e7\u00e3o\",\"vota\u00e7\u00e3o\"],\"articleSection\":[\"A\u00e7\u00e3o Parlamentar\",\"Brasil\",\"Not\u00edcias\"],\"inLanguage\":\"pt-BR\",\"potentialAction\":[{\"@type\":\"CommentAction\",\"name\":\"Comment\",\"target\":[\"https:\/\/psol50.org.br\/governo-acelera-tramitacao-da-reforma-trabalhista-e-pretende-votar-projeto-ate-19-de-abril\/#respond\"]}]},{\"@type\":\"WebPage\",\"@id\":\"https:\/\/psol50.org.br\/governo-acelera-tramitacao-da-reforma-trabalhista-e-pretende-votar-projeto-ate-19-de-abril\/\",\"url\":\"https:\/\/psol50.org.br\/governo-acelera-tramitacao-da-reforma-trabalhista-e-pretende-votar-projeto-ate-19-de-abril\/\",\"name\":\"Governo acelera tramita\u00e7\u00e3o da reforma trabalhista e pretende votar projeto at\u00e9 19 de abril - PSOL 50\",\"isPartOf\":{\"@id\":\"https:\/\/psol50.org.br\/#website\"},\"primaryImageOfPage\":{\"@id\":\"https:\/\/psol50.org.br\/governo-acelera-tramitacao-da-reforma-trabalhista-e-pretende-votar-projeto-ate-19-de-abril\/#primaryimage\"},\"image\":{\"@id\":\"https:\/\/psol50.org.br\/governo-acelera-tramitacao-da-reforma-trabalhista-e-pretende-votar-projeto-ate-19-de-abril\/#primaryimage\"},\"thumbnailUrl\":\"\",\"datePublished\":\"2017-04-06T14:11:26+00:00\",\"breadcrumb\":{\"@id\":\"https:\/\/psol50.org.br\/governo-acelera-tramitacao-da-reforma-trabalhista-e-pretende-votar-projeto-ate-19-de-abril\/#breadcrumb\"},\"inLanguage\":\"pt-BR\",\"potentialAction\":[{\"@type\":\"ReadAction\",\"target\":[\"https:\/\/psol50.org.br\/governo-acelera-tramitacao-da-reforma-trabalhista-e-pretende-votar-projeto-ate-19-de-abril\/\"]}]},{\"@type\":\"ImageObject\",\"inLanguage\":\"pt-BR\",\"@id\":\"https:\/\/psol50.org.br\/governo-acelera-tramitacao-da-reforma-trabalhista-e-pretende-votar-projeto-ate-19-de-abril\/#primaryimage\",\"url\":\"\",\"contentUrl\":\"\"},{\"@type\":\"BreadcrumbList\",\"@id\":\"https:\/\/psol50.org.br\/governo-acelera-tramitacao-da-reforma-trabalhista-e-pretende-votar-projeto-ate-19-de-abril\/#breadcrumb\",\"itemListElement\":[{\"@type\":\"ListItem\",\"position\":1,\"name\":\"In\u00edcio\",\"item\":\"https:\/\/psol50.org.br\/\"},{\"@type\":\"ListItem\",\"position\":2,\"name\":\"Governo acelera tramita\u00e7\u00e3o da reforma trabalhista e pretende votar projeto at\u00e9 19 de abril\"}]},{\"@type\":\"WebSite\",\"@id\":\"https:\/\/psol50.org.br\/#website\",\"url\":\"https:\/\/psol50.org.br\/\",\"name\":\"PSOL 50\",\"description\":\"Site oficial do Partido Socialismo e Liberdade\",\"publisher\":{\"@id\":\"https:\/\/psol50.org.br\/#organization\"},\"alternateName\":\"PSOL50\",\"potentialAction\":[{\"@type\":\"SearchAction\",\"target\":{\"@type\":\"EntryPoint\",\"urlTemplate\":\"https:\/\/psol50.org.br\/?s={search_term_string}\"},\"query-input\":{\"@type\":\"PropertyValueSpecification\",\"valueRequired\":true,\"valueName\":\"search_term_string\"}}],\"inLanguage\":\"pt-BR\"},{\"@type\":\"Organization\",\"@id\":\"https:\/\/psol50.org.br\/#organization\",\"name\":\"PSOL 50\",\"alternateName\":\"PSOL 50\",\"url\":\"https:\/\/psol50.org.br\/\",\"logo\":{\"@type\":\"ImageObject\",\"inLanguage\":\"pt-BR\",\"@id\":\"https:\/\/psol50.org.br\/#\/schema\/logo\/image\/\",\"url\":\"https:\/\/psol50.org.br\/inc\/uploads\/2018\/07\/capa.png\",\"contentUrl\":\"https:\/\/psol50.org.br\/inc\/uploads\/2018\/07\/capa.png\",\"width\":1350,\"height\":900,\"caption\":\"PSOL 50\"},\"image\":{\"@id\":\"https:\/\/psol50.org.br\/#\/schema\/logo\/image\/\"},\"sameAs\":[\"https:\/\/www.facebook.com\/psol50\",\"https:\/\/x.com\/psol50\",\"https:\/\/www.instagram.com\/psol50\/\",\"https:\/\/www.youtube.com\/channel\/UC7SnJS5o1os7a6CaiNabzcg\"]},{\"@type\":\"Person\",\"@id\":\"https:\/\/psol50.org.br\/#\/schema\/person\/475dfa57d0b815993c714c2e96491fcd\",\"name\":\"Comunica\u00e7\u00e3o PSOL\",\"image\":{\"@type\":\"ImageObject\",\"inLanguage\":\"pt-BR\",\"@id\":\"https:\/\/psol50.org.br\/#\/schema\/person\/image\/\",\"url\":\"https:\/\/secure.gravatar.com\/avatar\/b34fc4f4e468a4e51785917065a3db57b841f5c95dba6ad8c73aaf8f66f8f9bf?s=96&d=mm&r=g\",\"contentUrl\":\"https:\/\/secure.gravatar.com\/avatar\/b34fc4f4e468a4e51785917065a3db57b841f5c95dba6ad8c73aaf8f66f8f9bf?s=96&d=mm&r=g\",\"caption\":\"Comunica\u00e7\u00e3o PSOL\"}}]}<\/script>\n<!-- \/ Yoast SEO plugin. -->","yoast_head_json":{"title":"Governo acelera tramita\u00e7\u00e3o da reforma trabalhista e pretende votar projeto at\u00e9 19 de abril - PSOL 50","robots":{"index":"index","follow":"follow","max-snippet":"max-snippet:-1","max-image-preview":"max-image-preview:large","max-video-preview":"max-video-preview:-1"},"canonical":"https:\/\/psol50.org.br\/governo-acelera-tramitacao-da-reforma-trabalhista-e-pretende-votar-projeto-ate-19-de-abril\/","og_locale":"pt_BR","og_type":"article","og_title":"Governo acelera tramita\u00e7\u00e3o da reforma trabalhista e pretende votar projeto at\u00e9 19 de abril - PSOL 50","og_description":"Com dificuldades de garantir os apoios necess\u00e1rios para aprovar a Proposta de Emenda \u00e0 Constitui\u00e7\u00e3o n\u00ba 287\/2016, que exige qu\u00f3rum qualificado e vota\u00e7\u00e3o em dois turnos, o governo quer correr para conseguir aprovar logo pelo menos a reforma trabalhista, prevista no Projeto de Lei n\u00ba 6787\/2016, em tramita\u00e7\u00e3o na C\u00e2mara dos Deputados. E esse foi [&hellip;]","og_url":"https:\/\/psol50.org.br\/governo-acelera-tramitacao-da-reforma-trabalhista-e-pretende-votar-projeto-ate-19-de-abril\/","og_site_name":"PSOL 50","article_publisher":"https:\/\/www.facebook.com\/psol50","article_published_time":"2017-04-06T14:11:26+00:00","og_image":[{"width":1350,"height":900,"url":"https:\/\/psol50.org.br\/inc\/uploads\/2018\/07\/capa.png","type":"image\/png"}],"author":"Comunica\u00e7\u00e3o PSOL","twitter_card":"summary_large_image","twitter_creator":"@psol50","twitter_site":"@psol50","twitter_misc":{"Escrito por":"Comunica\u00e7\u00e3o PSOL","Est. tempo de leitura":"2 minutos"},"schema":{"@context":"https:\/\/schema.org","@graph":[{"@type":"Article","@id":"https:\/\/psol50.org.br\/governo-acelera-tramitacao-da-reforma-trabalhista-e-pretende-votar-projeto-ate-19-de-abril\/#article","isPartOf":{"@id":"https:\/\/psol50.org.br\/governo-acelera-tramitacao-da-reforma-trabalhista-e-pretende-votar-projeto-ate-19-de-abril\/"},"author":{"name":"Comunica\u00e7\u00e3o PSOL","@id":"https:\/\/psol50.org.br\/#\/schema\/person\/475dfa57d0b815993c714c2e96491fcd"},"headline":"Governo acelera tramita\u00e7\u00e3o da reforma trabalhista e pretende votar projeto at\u00e9 19 de abril","datePublished":"2017-04-06T14:11:26+00:00","mainEntityOfPage":{"@id":"https:\/\/psol50.org.br\/governo-acelera-tramitacao-da-reforma-trabalhista-e-pretende-votar-projeto-ate-19-de-abril\/"},"wordCount":425,"commentCount":0,"publisher":{"@id":"https:\/\/psol50.org.br\/#organization"},"image":{"@id":"https:\/\/psol50.org.br\/governo-acelera-tramitacao-da-reforma-trabalhista-e-pretende-votar-projeto-ate-19-de-abril\/#primaryimage"},"thumbnailUrl":"","keywords":["Comiss\u00e3o Especial","Michel Temer","PL 6787\/2016","reforma da previd\u00eancia","reforma trabalhista","retirada de direitos","Rodrigo Maia","tramita\u00e7\u00e3o","vota\u00e7\u00e3o"],"articleSection":["A\u00e7\u00e3o Parlamentar","Brasil","Not\u00edcias"],"inLanguage":"pt-BR","potentialAction":[{"@type":"CommentAction","name":"Comment","target":["https:\/\/psol50.org.br\/governo-acelera-tramitacao-da-reforma-trabalhista-e-pretende-votar-projeto-ate-19-de-abril\/#respond"]}]},{"@type":"WebPage","@id":"https:\/\/psol50.org.br\/governo-acelera-tramitacao-da-reforma-trabalhista-e-pretende-votar-projeto-ate-19-de-abril\/","url":"https:\/\/psol50.org.br\/governo-acelera-tramitacao-da-reforma-trabalhista-e-pretende-votar-projeto-ate-19-de-abril\/","name":"Governo acelera tramita\u00e7\u00e3o da reforma trabalhista e pretende votar projeto at\u00e9 19 de abril - PSOL 50","isPartOf":{"@id":"https:\/\/psol50.org.br\/#website"},"primaryImageOfPage":{"@id":"https:\/\/psol50.org.br\/governo-acelera-tramitacao-da-reforma-trabalhista-e-pretende-votar-projeto-ate-19-de-abril\/#primaryimage"},"image":{"@id":"https:\/\/psol50.org.br\/governo-acelera-tramitacao-da-reforma-trabalhista-e-pretende-votar-projeto-ate-19-de-abril\/#primaryimage"},"thumbnailUrl":"","datePublished":"2017-04-06T14:11:26+00:00","breadcrumb":{"@id":"https:\/\/psol50.org.br\/governo-acelera-tramitacao-da-reforma-trabalhista-e-pretende-votar-projeto-ate-19-de-abril\/#breadcrumb"},"inLanguage":"pt-BR","potentialAction":[{"@type":"ReadAction","target":["https:\/\/psol50.org.br\/governo-acelera-tramitacao-da-reforma-trabalhista-e-pretende-votar-projeto-ate-19-de-abril\/"]}]},{"@type":"ImageObject","inLanguage":"pt-BR","@id":"https:\/\/psol50.org.br\/governo-acelera-tramitacao-da-reforma-trabalhista-e-pretende-votar-projeto-ate-19-de-abril\/#primaryimage","url":"","contentUrl":""},{"@type":"BreadcrumbList","@id":"https:\/\/psol50.org.br\/governo-acelera-tramitacao-da-reforma-trabalhista-e-pretende-votar-projeto-ate-19-de-abril\/#breadcrumb","itemListElement":[{"@type":"ListItem","position":1,"name":"In\u00edcio","item":"https:\/\/psol50.org.br\/"},{"@type":"ListItem","position":2,"name":"Governo acelera tramita\u00e7\u00e3o da reforma trabalhista e pretende votar projeto at\u00e9 19 de abril"}]},{"@type":"WebSite","@id":"https:\/\/psol50.org.br\/#website","url":"https:\/\/psol50.org.br\/","name":"PSOL 50","description":"Site oficial do Partido Socialismo e Liberdade","publisher":{"@id":"https:\/\/psol50.org.br\/#organization"},"alternateName":"PSOL50","potentialAction":[{"@type":"SearchAction","target":{"@type":"EntryPoint","urlTemplate":"https:\/\/psol50.org.br\/?s={search_term_string}"},"query-input":{"@type":"PropertyValueSpecification","valueRequired":true,"valueName":"search_term_string"}}],"inLanguage":"pt-BR"},{"@type":"Organization","@id":"https:\/\/psol50.org.br\/#organization","name":"PSOL 50","alternateName":"PSOL 50","url":"https:\/\/psol50.org.br\/","logo":{"@type":"ImageObject","inLanguage":"pt-BR","@id":"https:\/\/psol50.org.br\/#\/schema\/logo\/image\/","url":"https:\/\/psol50.org.br\/inc\/uploads\/2018\/07\/capa.png","contentUrl":"https:\/\/psol50.org.br\/inc\/uploads\/2018\/07\/capa.png","width":1350,"height":900,"caption":"PSOL 50"},"image":{"@id":"https:\/\/psol50.org.br\/#\/schema\/logo\/image\/"},"sameAs":["https:\/\/www.facebook.com\/psol50","https:\/\/x.com\/psol50","https:\/\/www.instagram.com\/psol50\/","https:\/\/www.youtube.com\/channel\/UC7SnJS5o1os7a6CaiNabzcg"]},{"@type":"Person","@id":"https:\/\/psol50.org.br\/#\/schema\/person\/475dfa57d0b815993c714c2e96491fcd","name":"Comunica\u00e7\u00e3o PSOL","image":{"@type":"ImageObject","inLanguage":"pt-BR","@id":"https:\/\/psol50.org.br\/#\/schema\/person\/image\/","url":"https:\/\/secure.gravatar.com\/avatar\/b34fc4f4e468a4e51785917065a3db57b841f5c95dba6ad8c73aaf8f66f8f9bf?s=96&d=mm&r=g","contentUrl":"https:\/\/secure.gravatar.com\/avatar\/b34fc4f4e468a4e51785917065a3db57b841f5c95dba6ad8c73aaf8f66f8f9bf?s=96&d=mm&r=g","caption":"Comunica\u00e7\u00e3o PSOL"}}]}},"_links":{"self":[{"href":"https:\/\/psol50.org.br\/rest\/wp\/v2\/posts\/15996","targetHints":{"allow":["GET"]}}],"collection":[{"href":"https:\/\/psol50.org.br\/rest\/wp\/v2\/posts"}],"about":[{"href":"https:\/\/psol50.org.br\/rest\/wp\/v2\/types\/post"}],"author":[{"embeddable":true,"href":"https:\/\/psol50.org.br\/rest\/wp\/v2\/users\/2"}],"replies":[{"embeddable":true,"href":"https:\/\/psol50.org.br\/rest\/wp\/v2\/comments?post=15996"}],"version-history":[{"count":0,"href":"https:\/\/psol50.org.br\/rest\/wp\/v2\/posts\/15996\/revisions"}],"wp:featuredmedia":[{"embeddable":true,"href":"https:\/\/psol50.org.br\/rest\/"}],"wp:attachment":[{"href":"https:\/\/psol50.org.br\/rest\/wp\/v2\/media?parent=15996"}],"wp:term":[{"taxonomy":"category","embeddable":true,"href":"https:\/\/psol50.org.br\/rest\/wp\/v2\/categories?post=15996"},{"taxonomy":"post_tag","embeddable":true,"href":"https:\/\/psol50.org.br\/rest\/wp\/v2\/tags?post=15996"}],"curies":[{"name":"wp","href":"https:\/\/api.w.org\/{rel}","templated":true}]}}