{"id":16002,"date":"2017-04-06T18:23:12","date_gmt":"2017-04-06T18:23:12","guid":{"rendered":"http:\/\/www.psol50.org.br\/?p=16002"},"modified":"2017-04-06T18:23:12","modified_gmt":"2017-04-06T18:23:12","slug":"ha-mais-deputados-contra-que-a-favor-da-reforma-da-previdencia-segundo-estadao","status":"publish","type":"post","link":"https:\/\/psol50.org.br\/ha-mais-deputados-contra-que-a-favor-da-reforma-da-previdencia-segundo-estadao\/","title":{"rendered":"H\u00e1 mais deputados contra que a favor da reforma da Previd\u00eancia, segundo Estad\u00e3o"},"content":{"rendered":"<p>De acordo com <span style=\"color: #0000ff;\"><strong><a style=\"color: #0000ff;\" href=\"http:\/\/infograficos.estadao.com.br\/especiais\/placar\/votacao\/economia\/?id=GLwN7vXR3W\" target=\"_blank\" rel=\"noopener\">levantamento do jornal O Estado de S\u00e3o Paulo<\/a><\/strong><\/span>, mais da metade dos deputados federais se posicionam contra a reforma da Previd\u00eancia &#8211; incluindo grande parte da base aliada de Temer, os quais\u00a0totalizam cerca de 60% dos contr\u00e1rios \u00e0 proposta. Estima-se que o\u00a0posicionamento deles se deve principalmente \u00e0 press\u00e3o popular e ao\u00a0receio\u00a0da impopularidade entre os eleitores, \u00e0s v\u00e9speras das elei\u00e7\u00f5es de 2018.<\/p>\n<p>At\u00e9 o fechamento desta mat\u00e9ria, 256 dos 513 deputados procurados haviam assumido a contrariedade ao projeto, mesmo com ressalvas, contra 94 que se declararam a favor. O restante dos parlamentares da C\u00e2mara n\u00e3o foi encontrado, n\u00e3o quis responder ou se declarou indeciso.\u00a0A bancada do PSOL \u00e9 completamente contra.<\/p>\n<p>Dos 94 a favor, 83 possuem ressalvas a pelo menos um dos pontos mais pol\u00eamicos:\u00a0a\u00a0idade m\u00ednima de 65 anos para a aposentadoria de mulheres e homens, a regra de transi\u00e7\u00e3o e a exig\u00eancia de 49 anos de contribui\u00e7\u00e3o para ter direito ao benef\u00edcio integral. A equipe econ\u00f4mica de Temer, no entanto, n\u00e3o est\u00e1 aberta para essas altera\u00e7\u00f5es, o que deve abaixar ainda mais o n\u00famero de deputados favor\u00e1veis.<\/p>\n<p>O\u00a0relator da reforma da Previd\u00eancia na C\u00e2mara, deputado Artur Maia (PPS-BA), afirmou nesta quinta (6), ap\u00f3s conversa com Michel Temer, que far\u00e1 modifica\u00e7\u00f5es em cinco pontos da proposta (diferentes dos mencionados acima): regras para trabalhadores rurais, benef\u00edcios de presta\u00e7\u00e3o continuada, pens\u00f5es, aposentadoria de professores e policiais e regras de transi\u00e7\u00e3o para o novo regime previdenci\u00e1rio. Outros recuos j\u00e1 haviam sido anunciados, como o de <strong><span style=\"color: #0000ff;\"><a style=\"color: #0000ff;\" href=\"http:\/\/www.psol50.org.br\/blog\/2017\/03\/22\/recuo-de-temer-mostra-que-o-povo-pode-barrar-a-reforma-da-previdencia\/\" target=\"_blank\" rel=\"noopener\">restringir a reforma &#8220;apenas&#8221; aos servidores federais e trabalhadores do setor privado<\/a><\/span><\/strong>.<\/p>\n<p>Segundo o deputado do PSOL Edmilson Rodrigues, a mudan\u00e7a\u00a0nesses pontos \u00e9 importante, mas ainda \u00e9 cedo para comemorar, uma vez que o ideal \u00e9 que a reforma n\u00e3o seja aprovada de nenhuma maneira.\u00a0&#8220;N\u00e3o h\u00e1 flexibiliza\u00e7\u00e3o poss\u00edvel sem prejudicar o povo. E se n\u00e3o h\u00e1 d\u00e9ficit, n\u00e3o h\u00e1 motivos pra Reforma&#8221;, declarou <strong><span style=\"color: #0000ff;\"><a style=\"color: #0000ff;\" href=\"https:\/\/twitter.com\/EdmilsonPSOL\/status\/850013439074467840\" target=\"_blank\" rel=\"noopener\">em seu Twitter<\/a><\/span><\/strong>.<\/p>\n<p>Ivan Valente tamb\u00e9m se manifestou sobre o tema, retificando a import\u00e2ncia das mobiliza\u00e7\u00f5es populares nesse momento. &#8220;O povo tem que continuar indo \u00e0s ruas para garantir a derrota definitiva desta proposta devastadora, que visa praticamente eliminar a Previd\u00eancia Social&#8221;, escreveu <a href=\"https:\/\/www.facebook.com\/IvanValentePSOL\/posts\/1524641130914097\" target=\"_blank\" rel=\"noopener\"><strong><span style=\"color: #0000ff;\">nas redes sociais<\/span><\/strong><\/a>, chamando para a greve geral do dia 28 de abril.<\/p>\n<p>A reforma da Previd\u00eancia tramita no Congresso desde dezembro de 2016 e, por se tratar de uma PEC, precisa passar por dois turnos na C\u00e2mara, com no m\u00ednimo\u00a0308 votos favor\u00e1veis, antes de partir para o Senado.<\/p>\n<p>Veja como est\u00e1 o placar at\u00e9 o momento:<\/p>\n<p><img loading=\"lazy\" decoding=\"async\" class=\"alignnone size-large wp-image-16006\" src=\"http:\/\/www.psol50.org.br\/2017teste\/inc\/uploads\/2017\/04\/card-grafico-placar-reforma-previdencia-2-1024x724.png\" alt=\"\" width=\"1000\" height=\"707\" srcset=\"https:\/\/psol50.org.br\/inc\/uploads\/2017\/04\/card-grafico-placar-reforma-previdencia-2-1024x724.png 1024w, https:\/\/psol50.org.br\/inc\/uploads\/2017\/04\/card-grafico-placar-reforma-previdencia-2-300x212.png 300w, https:\/\/psol50.org.br\/inc\/uploads\/2017\/04\/card-grafico-placar-reforma-previdencia-2-768x543.png 768w, https:\/\/psol50.org.br\/inc\/uploads\/2017\/04\/card-grafico-placar-reforma-previdencia-2-1536x1086.png 1536w, https:\/\/psol50.org.br\/inc\/uploads\/2017\/04\/card-grafico-placar-reforma-previdencia-2-150x106.png 150w, https:\/\/psol50.org.br\/inc\/uploads\/2017\/04\/card-grafico-placar-reforma-previdencia-2-696x492.png 696w, https:\/\/psol50.org.br\/inc\/uploads\/2017\/04\/card-grafico-placar-reforma-previdencia-2-1068x755.png 1068w, https:\/\/psol50.org.br\/inc\/uploads\/2017\/04\/card-grafico-placar-reforma-previdencia-2.png 1800w\" sizes=\"auto, (max-width: 1000px) 100vw, 1000px\" \/><\/p>\n","protected":false},"excerpt":{"rendered":"<p>De acordo com levantamento do jornal O Estado de S\u00e3o Paulo, mais da metade dos deputados federais se posicionam contra a reforma da Previd\u00eancia &#8211; incluindo grande parte da base aliada de Temer, os quais\u00a0totalizam cerca de 60% dos contr\u00e1rios \u00e0 proposta. Estima-se que o\u00a0posicionamento deles se deve principalmente \u00e0 press\u00e3o popular e ao\u00a0receio\u00a0da impopularidade [&hellip;]<\/p>\n","protected":false},"author":2,"featured_media":16008,"comment_status":"open","ping_status":"open","sticky":false,"template":"","format":"standard","meta":{"_acf_changed":false,"footnotes":""},"categories":[1882,6],"tags":[1793,1748,1835,3060,39],"class_list":{"0":"post-16002","1":"post","2":"type-post","3":"status-publish","4":"format-standard","5":"has-post-thumbnail","7":"category-brasil","8":"category-noticias","9":"tag-greve-geral","10":"tag-michel-temer","11":"tag-mobilizacao","12":"tag-recuo","13":"tag-reforma-da-previdencia"},"acf":[],"yoast_head":"<!-- This site is optimized with the Yoast SEO plugin v26.5 - https:\/\/yoast.com\/wordpress\/plugins\/seo\/ -->\n<title>H\u00e1 mais deputados contra que a favor da reforma da Previd\u00eancia, segundo Estad\u00e3o - PSOL 50<\/title>\n<meta name=\"robots\" content=\"index, follow, max-snippet:-1, max-image-preview:large, max-video-preview:-1\" \/>\n<link rel=\"canonical\" href=\"https:\/\/psol50.org.br\/ha-mais-deputados-contra-que-a-favor-da-reforma-da-previdencia-segundo-estadao\/\" \/>\n<meta property=\"og:locale\" content=\"pt_BR\" \/>\n<meta property=\"og:type\" content=\"article\" \/>\n<meta property=\"og:title\" content=\"H\u00e1 mais deputados contra que a favor da reforma da Previd\u00eancia, segundo Estad\u00e3o - PSOL 50\" \/>\n<meta property=\"og:description\" content=\"De acordo com levantamento do jornal O Estado de S\u00e3o Paulo, mais da metade dos deputados federais se posicionam contra a reforma da Previd\u00eancia &#8211; incluindo grande parte da base aliada de Temer, os quais\u00a0totalizam cerca de 60% dos contr\u00e1rios \u00e0 proposta. Estima-se que o\u00a0posicionamento deles se deve principalmente \u00e0 press\u00e3o popular e ao\u00a0receio\u00a0da impopularidade [&hellip;]\" \/>\n<meta property=\"og:url\" content=\"https:\/\/psol50.org.br\/ha-mais-deputados-contra-que-a-favor-da-reforma-da-previdencia-segundo-estadao\/\" \/>\n<meta property=\"og:site_name\" content=\"PSOL 50\" \/>\n<meta property=\"article:publisher\" content=\"https:\/\/www.facebook.com\/psol50\" \/>\n<meta property=\"article:published_time\" content=\"2017-04-06T18:23:12+00:00\" \/>\n<meta property=\"og:image\" content=\"https:\/\/psol50.org.br\/inc\/uploads\/2018\/07\/capa.png\" \/>\n\t<meta property=\"og:image:width\" content=\"1350\" \/>\n\t<meta property=\"og:image:height\" content=\"900\" \/>\n\t<meta property=\"og:image:type\" content=\"image\/png\" \/>\n<meta name=\"author\" content=\"Comunica\u00e7\u00e3o PSOL\" \/>\n<meta name=\"twitter:card\" content=\"summary_large_image\" \/>\n<meta name=\"twitter:creator\" content=\"@psol50\" \/>\n<meta name=\"twitter:site\" content=\"@psol50\" \/>\n<meta name=\"twitter:label1\" content=\"Escrito por\" \/>\n\t<meta name=\"twitter:data1\" content=\"Comunica\u00e7\u00e3o PSOL\" \/>\n\t<meta name=\"twitter:label2\" content=\"Est. tempo de leitura\" \/>\n\t<meta name=\"twitter:data2\" content=\"2 minutos\" \/>\n<script type=\"application\/ld+json\" class=\"yoast-schema-graph\">{\"@context\":\"https:\/\/schema.org\",\"@graph\":[{\"@type\":\"Article\",\"@id\":\"https:\/\/psol50.org.br\/ha-mais-deputados-contra-que-a-favor-da-reforma-da-previdencia-segundo-estadao\/#article\",\"isPartOf\":{\"@id\":\"https:\/\/psol50.org.br\/ha-mais-deputados-contra-que-a-favor-da-reforma-da-previdencia-segundo-estadao\/\"},\"author\":{\"name\":\"Comunica\u00e7\u00e3o PSOL\",\"@id\":\"https:\/\/psol50.org.br\/#\/schema\/person\/475dfa57d0b815993c714c2e96491fcd\"},\"headline\":\"H\u00e1 mais deputados contra que a favor da reforma da Previd\u00eancia, segundo Estad\u00e3o\",\"datePublished\":\"2017-04-06T18:23:12+00:00\",\"mainEntityOfPage\":{\"@id\":\"https:\/\/psol50.org.br\/ha-mais-deputados-contra-que-a-favor-da-reforma-da-previdencia-segundo-estadao\/\"},\"wordCount\":460,\"commentCount\":0,\"publisher\":{\"@id\":\"https:\/\/psol50.org.br\/#organization\"},\"image\":{\"@id\":\"https:\/\/psol50.org.br\/ha-mais-deputados-contra-que-a-favor-da-reforma-da-previdencia-segundo-estadao\/#primaryimage\"},\"thumbnailUrl\":\"\",\"keywords\":[\"greve geral\",\"Michel Temer\",\"mobiliza\u00e7\u00e3o\",\"recuo\",\"reforma da previd\u00eancia\"],\"articleSection\":[\"Brasil\",\"Not\u00edcias\"],\"inLanguage\":\"pt-BR\",\"potentialAction\":[{\"@type\":\"CommentAction\",\"name\":\"Comment\",\"target\":[\"https:\/\/psol50.org.br\/ha-mais-deputados-contra-que-a-favor-da-reforma-da-previdencia-segundo-estadao\/#respond\"]}]},{\"@type\":\"WebPage\",\"@id\":\"https:\/\/psol50.org.br\/ha-mais-deputados-contra-que-a-favor-da-reforma-da-previdencia-segundo-estadao\/\",\"url\":\"https:\/\/psol50.org.br\/ha-mais-deputados-contra-que-a-favor-da-reforma-da-previdencia-segundo-estadao\/\",\"name\":\"H\u00e1 mais deputados contra que a favor da reforma da Previd\u00eancia, segundo Estad\u00e3o - PSOL 50\",\"isPartOf\":{\"@id\":\"https:\/\/psol50.org.br\/#website\"},\"primaryImageOfPage\":{\"@id\":\"https:\/\/psol50.org.br\/ha-mais-deputados-contra-que-a-favor-da-reforma-da-previdencia-segundo-estadao\/#primaryimage\"},\"image\":{\"@id\":\"https:\/\/psol50.org.br\/ha-mais-deputados-contra-que-a-favor-da-reforma-da-previdencia-segundo-estadao\/#primaryimage\"},\"thumbnailUrl\":\"\",\"datePublished\":\"2017-04-06T18:23:12+00:00\",\"breadcrumb\":{\"@id\":\"https:\/\/psol50.org.br\/ha-mais-deputados-contra-que-a-favor-da-reforma-da-previdencia-segundo-estadao\/#breadcrumb\"},\"inLanguage\":\"pt-BR\",\"potentialAction\":[{\"@type\":\"ReadAction\",\"target\":[\"https:\/\/psol50.org.br\/ha-mais-deputados-contra-que-a-favor-da-reforma-da-previdencia-segundo-estadao\/\"]}]},{\"@type\":\"ImageObject\",\"inLanguage\":\"pt-BR\",\"@id\":\"https:\/\/psol50.org.br\/ha-mais-deputados-contra-que-a-favor-da-reforma-da-previdencia-segundo-estadao\/#primaryimage\",\"url\":\"\",\"contentUrl\":\"\"},{\"@type\":\"BreadcrumbList\",\"@id\":\"https:\/\/psol50.org.br\/ha-mais-deputados-contra-que-a-favor-da-reforma-da-previdencia-segundo-estadao\/#breadcrumb\",\"itemListElement\":[{\"@type\":\"ListItem\",\"position\":1,\"name\":\"In\u00edcio\",\"item\":\"https:\/\/psol50.org.br\/\"},{\"@type\":\"ListItem\",\"position\":2,\"name\":\"H\u00e1 mais deputados contra que a favor da reforma da Previd\u00eancia, segundo Estad\u00e3o\"}]},{\"@type\":\"WebSite\",\"@id\":\"https:\/\/psol50.org.br\/#website\",\"url\":\"https:\/\/psol50.org.br\/\",\"name\":\"PSOL 50\",\"description\":\"Site oficial do Partido Socialismo e Liberdade\",\"publisher\":{\"@id\":\"https:\/\/psol50.org.br\/#organization\"},\"alternateName\":\"PSOL50\",\"potentialAction\":[{\"@type\":\"SearchAction\",\"target\":{\"@type\":\"EntryPoint\",\"urlTemplate\":\"https:\/\/psol50.org.br\/?s={search_term_string}\"},\"query-input\":{\"@type\":\"PropertyValueSpecification\",\"valueRequired\":true,\"valueName\":\"search_term_string\"}}],\"inLanguage\":\"pt-BR\"},{\"@type\":\"Organization\",\"@id\":\"https:\/\/psol50.org.br\/#organization\",\"name\":\"PSOL 50\",\"alternateName\":\"PSOL 50\",\"url\":\"https:\/\/psol50.org.br\/\",\"logo\":{\"@type\":\"ImageObject\",\"inLanguage\":\"pt-BR\",\"@id\":\"https:\/\/psol50.org.br\/#\/schema\/logo\/image\/\",\"url\":\"https:\/\/psol50.org.br\/inc\/uploads\/2018\/07\/capa.png\",\"contentUrl\":\"https:\/\/psol50.org.br\/inc\/uploads\/2018\/07\/capa.png\",\"width\":1350,\"height\":900,\"caption\":\"PSOL 50\"},\"image\":{\"@id\":\"https:\/\/psol50.org.br\/#\/schema\/logo\/image\/\"},\"sameAs\":[\"https:\/\/www.facebook.com\/psol50\",\"https:\/\/x.com\/psol50\",\"https:\/\/www.instagram.com\/psol50\/\",\"https:\/\/www.youtube.com\/channel\/UC7SnJS5o1os7a6CaiNabzcg\"]},{\"@type\":\"Person\",\"@id\":\"https:\/\/psol50.org.br\/#\/schema\/person\/475dfa57d0b815993c714c2e96491fcd\",\"name\":\"Comunica\u00e7\u00e3o PSOL\",\"image\":{\"@type\":\"ImageObject\",\"inLanguage\":\"pt-BR\",\"@id\":\"https:\/\/psol50.org.br\/#\/schema\/person\/image\/\",\"url\":\"https:\/\/secure.gravatar.com\/avatar\/b34fc4f4e468a4e51785917065a3db57b841f5c95dba6ad8c73aaf8f66f8f9bf?s=96&d=mm&r=g\",\"contentUrl\":\"https:\/\/secure.gravatar.com\/avatar\/b34fc4f4e468a4e51785917065a3db57b841f5c95dba6ad8c73aaf8f66f8f9bf?s=96&d=mm&r=g\",\"caption\":\"Comunica\u00e7\u00e3o PSOL\"}}]}<\/script>\n<!-- \/ Yoast SEO plugin. -->","yoast_head_json":{"title":"H\u00e1 mais deputados contra que a favor da reforma da Previd\u00eancia, segundo Estad\u00e3o - PSOL 50","robots":{"index":"index","follow":"follow","max-snippet":"max-snippet:-1","max-image-preview":"max-image-preview:large","max-video-preview":"max-video-preview:-1"},"canonical":"https:\/\/psol50.org.br\/ha-mais-deputados-contra-que-a-favor-da-reforma-da-previdencia-segundo-estadao\/","og_locale":"pt_BR","og_type":"article","og_title":"H\u00e1 mais deputados contra que a favor da reforma da Previd\u00eancia, segundo Estad\u00e3o - PSOL 50","og_description":"De acordo com levantamento do jornal O Estado de S\u00e3o Paulo, mais da metade dos deputados federais se posicionam contra a reforma da Previd\u00eancia &#8211; incluindo grande parte da base aliada de Temer, os quais\u00a0totalizam cerca de 60% dos contr\u00e1rios \u00e0 proposta. Estima-se que o\u00a0posicionamento deles se deve principalmente \u00e0 press\u00e3o popular e ao\u00a0receio\u00a0da impopularidade [&hellip;]","og_url":"https:\/\/psol50.org.br\/ha-mais-deputados-contra-que-a-favor-da-reforma-da-previdencia-segundo-estadao\/","og_site_name":"PSOL 50","article_publisher":"https:\/\/www.facebook.com\/psol50","article_published_time":"2017-04-06T18:23:12+00:00","og_image":[{"width":1350,"height":900,"url":"https:\/\/psol50.org.br\/inc\/uploads\/2018\/07\/capa.png","type":"image\/png"}],"author":"Comunica\u00e7\u00e3o PSOL","twitter_card":"summary_large_image","twitter_creator":"@psol50","twitter_site":"@psol50","twitter_misc":{"Escrito por":"Comunica\u00e7\u00e3o PSOL","Est. tempo de leitura":"2 minutos"},"schema":{"@context":"https:\/\/schema.org","@graph":[{"@type":"Article","@id":"https:\/\/psol50.org.br\/ha-mais-deputados-contra-que-a-favor-da-reforma-da-previdencia-segundo-estadao\/#article","isPartOf":{"@id":"https:\/\/psol50.org.br\/ha-mais-deputados-contra-que-a-favor-da-reforma-da-previdencia-segundo-estadao\/"},"author":{"name":"Comunica\u00e7\u00e3o PSOL","@id":"https:\/\/psol50.org.br\/#\/schema\/person\/475dfa57d0b815993c714c2e96491fcd"},"headline":"H\u00e1 mais deputados contra que a favor da reforma da Previd\u00eancia, segundo Estad\u00e3o","datePublished":"2017-04-06T18:23:12+00:00","mainEntityOfPage":{"@id":"https:\/\/psol50.org.br\/ha-mais-deputados-contra-que-a-favor-da-reforma-da-previdencia-segundo-estadao\/"},"wordCount":460,"commentCount":0,"publisher":{"@id":"https:\/\/psol50.org.br\/#organization"},"image":{"@id":"https:\/\/psol50.org.br\/ha-mais-deputados-contra-que-a-favor-da-reforma-da-previdencia-segundo-estadao\/#primaryimage"},"thumbnailUrl":"","keywords":["greve geral","Michel Temer","mobiliza\u00e7\u00e3o","recuo","reforma da previd\u00eancia"],"articleSection":["Brasil","Not\u00edcias"],"inLanguage":"pt-BR","potentialAction":[{"@type":"CommentAction","name":"Comment","target":["https:\/\/psol50.org.br\/ha-mais-deputados-contra-que-a-favor-da-reforma-da-previdencia-segundo-estadao\/#respond"]}]},{"@type":"WebPage","@id":"https:\/\/psol50.org.br\/ha-mais-deputados-contra-que-a-favor-da-reforma-da-previdencia-segundo-estadao\/","url":"https:\/\/psol50.org.br\/ha-mais-deputados-contra-que-a-favor-da-reforma-da-previdencia-segundo-estadao\/","name":"H\u00e1 mais deputados contra que a favor da reforma da Previd\u00eancia, segundo Estad\u00e3o - PSOL 50","isPartOf":{"@id":"https:\/\/psol50.org.br\/#website"},"primaryImageOfPage":{"@id":"https:\/\/psol50.org.br\/ha-mais-deputados-contra-que-a-favor-da-reforma-da-previdencia-segundo-estadao\/#primaryimage"},"image":{"@id":"https:\/\/psol50.org.br\/ha-mais-deputados-contra-que-a-favor-da-reforma-da-previdencia-segundo-estadao\/#primaryimage"},"thumbnailUrl":"","datePublished":"2017-04-06T18:23:12+00:00","breadcrumb":{"@id":"https:\/\/psol50.org.br\/ha-mais-deputados-contra-que-a-favor-da-reforma-da-previdencia-segundo-estadao\/#breadcrumb"},"inLanguage":"pt-BR","potentialAction":[{"@type":"ReadAction","target":["https:\/\/psol50.org.br\/ha-mais-deputados-contra-que-a-favor-da-reforma-da-previdencia-segundo-estadao\/"]}]},{"@type":"ImageObject","inLanguage":"pt-BR","@id":"https:\/\/psol50.org.br\/ha-mais-deputados-contra-que-a-favor-da-reforma-da-previdencia-segundo-estadao\/#primaryimage","url":"","contentUrl":""},{"@type":"BreadcrumbList","@id":"https:\/\/psol50.org.br\/ha-mais-deputados-contra-que-a-favor-da-reforma-da-previdencia-segundo-estadao\/#breadcrumb","itemListElement":[{"@type":"ListItem","position":1,"name":"In\u00edcio","item":"https:\/\/psol50.org.br\/"},{"@type":"ListItem","position":2,"name":"H\u00e1 mais deputados contra que a favor da reforma da Previd\u00eancia, segundo Estad\u00e3o"}]},{"@type":"WebSite","@id":"https:\/\/psol50.org.br\/#website","url":"https:\/\/psol50.org.br\/","name":"PSOL 50","description":"Site oficial do Partido Socialismo e Liberdade","publisher":{"@id":"https:\/\/psol50.org.br\/#organization"},"alternateName":"PSOL50","potentialAction":[{"@type":"SearchAction","target":{"@type":"EntryPoint","urlTemplate":"https:\/\/psol50.org.br\/?s={search_term_string}"},"query-input":{"@type":"PropertyValueSpecification","valueRequired":true,"valueName":"search_term_string"}}],"inLanguage":"pt-BR"},{"@type":"Organization","@id":"https:\/\/psol50.org.br\/#organization","name":"PSOL 50","alternateName":"PSOL 50","url":"https:\/\/psol50.org.br\/","logo":{"@type":"ImageObject","inLanguage":"pt-BR","@id":"https:\/\/psol50.org.br\/#\/schema\/logo\/image\/","url":"https:\/\/psol50.org.br\/inc\/uploads\/2018\/07\/capa.png","contentUrl":"https:\/\/psol50.org.br\/inc\/uploads\/2018\/07\/capa.png","width":1350,"height":900,"caption":"PSOL 50"},"image":{"@id":"https:\/\/psol50.org.br\/#\/schema\/logo\/image\/"},"sameAs":["https:\/\/www.facebook.com\/psol50","https:\/\/x.com\/psol50","https:\/\/www.instagram.com\/psol50\/","https:\/\/www.youtube.com\/channel\/UC7SnJS5o1os7a6CaiNabzcg"]},{"@type":"Person","@id":"https:\/\/psol50.org.br\/#\/schema\/person\/475dfa57d0b815993c714c2e96491fcd","name":"Comunica\u00e7\u00e3o PSOL","image":{"@type":"ImageObject","inLanguage":"pt-BR","@id":"https:\/\/psol50.org.br\/#\/schema\/person\/image\/","url":"https:\/\/secure.gravatar.com\/avatar\/b34fc4f4e468a4e51785917065a3db57b841f5c95dba6ad8c73aaf8f66f8f9bf?s=96&d=mm&r=g","contentUrl":"https:\/\/secure.gravatar.com\/avatar\/b34fc4f4e468a4e51785917065a3db57b841f5c95dba6ad8c73aaf8f66f8f9bf?s=96&d=mm&r=g","caption":"Comunica\u00e7\u00e3o PSOL"}}]}},"_links":{"self":[{"href":"https:\/\/psol50.org.br\/rest\/wp\/v2\/posts\/16002","targetHints":{"allow":["GET"]}}],"collection":[{"href":"https:\/\/psol50.org.br\/rest\/wp\/v2\/posts"}],"about":[{"href":"https:\/\/psol50.org.br\/rest\/wp\/v2\/types\/post"}],"author":[{"embeddable":true,"href":"https:\/\/psol50.org.br\/rest\/wp\/v2\/users\/2"}],"replies":[{"embeddable":true,"href":"https:\/\/psol50.org.br\/rest\/wp\/v2\/comments?post=16002"}],"version-history":[{"count":0,"href":"https:\/\/psol50.org.br\/rest\/wp\/v2\/posts\/16002\/revisions"}],"wp:featuredmedia":[{"embeddable":true,"href":"https:\/\/psol50.org.br\/rest\/"}],"wp:attachment":[{"href":"https:\/\/psol50.org.br\/rest\/wp\/v2\/media?parent=16002"}],"wp:term":[{"taxonomy":"category","embeddable":true,"href":"https:\/\/psol50.org.br\/rest\/wp\/v2\/categories?post=16002"},{"taxonomy":"post_tag","embeddable":true,"href":"https:\/\/psol50.org.br\/rest\/wp\/v2\/tags?post=16002"}],"curies":[{"name":"wp","href":"https:\/\/api.w.org\/{rel}","templated":true}]}}