{"id":1601,"date":"2011-08-12T00:00:00","date_gmt":"2011-08-12T00:00:00","guid":{"rendered":"http:\/\/psol50.org.br\/arquivo\/2011\/08\/12\/em-porto-alegre-a-luta-pelo-livre-acesso-de-moradores\/"},"modified":"2011-08-12T00:00:00","modified_gmt":"2011-08-12T00:00:00","slug":"em-porto-alegre-a-luta-pelo-livre-acesso-de-moradores","status":"publish","type":"post","link":"https:\/\/psol50.org.br\/em-porto-alegre-a-luta-pelo-livre-acesso-de-moradores\/","title":{"rendered":"Em Porto Alegre a luta pelo livre acesso de moradores"},"content":{"rendered":"<p><a rel=\"attachment wp-att-10013\" href=\"http:\/\/psol50.org.br\/blog\/2011\/08\/12\/em-porto-alegre-a-luta-pelo-livre-acesso-de-moradores\/pedroruas3\/\"><img loading=\"lazy\" decoding=\"async\" class=\"alignleft size-full wp-image-10013\" src=\"http:\/\/psol50.org.br\/files\/2011\/08\/PedroRuas3.jpg\" alt=\"\" width=\"300\" height=\"174\" \/><\/a>A Comiss\u00e3o de Urbaniza\u00e7\u00e3o, Transportes e Habita\u00e7\u00e3o (Cuthab) da C\u00e2mara  Municipal de Porto Alegre decidiu, em reuni\u00e3o realizada nesta  ter\u00e7a-feira (9\/8), que formalizar\u00e1 den\u00fancia contra o cercamento, por um  morador local, da principal via de acesso \u00e0 Comunidade 4 de Junho, na  Lomba do Pinheiro, onde vivem mais de 200 fam\u00edlias.<\/p>\n<p>C<strong>onforme o  presidente da Cuthab, vereador Pedro Ruas (PSOL),<\/strong> um of\u00edcio assinado por  ele ser\u00e1 enviado \u00e0 Brigada Militar e \u00e0 21\u00aa Delegacia de Pol\u00edcia Civil  pedindo provid\u00eancias para o caso, que definiu como \u201cprivatiza\u00e7\u00e3o\u201d da  rua, situada na altura do n\u00famero 5857 da Estrada Afonso Louren\u00e7o  Mariante.<\/p>\n<p>A decis\u00e3o da Cuthab de acionar os \u00f3rg\u00e3os de seguran\u00e7a p\u00fablica foi  tomada depois de a vereadora suplente Maristela Maffei (PCdoB) relatar  que o autor do cercamento estariam fazendo amea\u00e7as aos moradores que  protestaram contra o fechamento da rua. Segundo Maristela, quem obstruiu  a via \u00e9 dono de um bar e conhecido como Gentil. \u201cEle faz parte da  comunidade, mas est\u00e1 trancando uma passagem que \u00e9 usada h\u00e1 12 anos\u201d,  afirmou.<\/p>\n<p>O fechamento da rua foi citado tamb\u00e9m pelo coordenador do Programa  \u00c1gua Certa, do Departamento Municipal de \u00c1gua e Esgoto (Dmae), Luiz  Carlos Bichinho, como entrave para a coloca\u00e7\u00e3o de rede de \u00e1gua em parte  da 4 de Junho. \u201cO morador fechou o principal acesso com arame farpado\u201d,  reiterou. \u201cSem esse acesso n\u00e3o vamos ter como abastecer a parte de baixo  da comunidade, a n\u00e3o ser que seja constru\u00eddo um reservat\u00f3rio.\u201d<\/p>\n<p><strong>Reivindica\u00e7\u00f5es<\/strong><\/p>\n<p>A reuni\u00e3o de hoje Cuthab foi realizada para tentar buscar  encaminhamento para reivindica\u00e7\u00f5es da 4 de Junho. A presidente da  Associa\u00e7\u00e3o de Moradores e Amigos da \u00d4mega, Delaine Kalikosky de  Oliveira, que representa a comunidade, citou como principal dificuldade a  falta de regulariza\u00e7\u00e3o fundi\u00e1ria do local, al\u00e9m da preocupa\u00e7\u00e3o  constante com o abastecimento de \u00e1gua e de luz. Contou que h\u00e1, no local,  muitos \u201cgatos\u201d e que a rede de energia el\u00e9trica s\u00f3 passa na Estrada  Afonso Louren\u00e7o Mariante. Disse, por\u00e9m, que obteve\u00a0 o compromisso do  Dmae de colocar \u00e1gua na vila at\u00e9 31 de dezembro deste ano.<\/p>\n<p>Segundo Delaine, a 4 de Junho surgiu h\u00e1 12 anos a partir de  loteamento irregular cujos lotes foram vendidos por uma cooperativa  fraudulenta. \u201cFaz quatro anos que a associa\u00e7\u00e3o tomou as r\u00e9deas da  situa\u00e7\u00e3o, devido ao abandono intempestivo pelo presidente da  cooperativa, que andava armado coagindo as pessoas\u201d, disse. De acordo  com Delaine, a dificuldade para avan\u00e7ar na regulariza\u00e7\u00e3o deve-se ao fato  de o Executivo ainda considerar a cooperativa, e n\u00e3o a associa\u00e7\u00e3o, como  representante da comunidade, e \u00e0s exig\u00eancias do poder p\u00fablico que  implicam gastos, como levantamento topogr\u00e1fico.<\/p>\n<p><strong>Executivo<\/strong><\/p>\n<p>Al\u00e9m de t\u00e9cnicos do Dmae, participaram da reuni\u00e3o representantes da  Procuradoria Geral do Munic\u00edpio (PGM), do Departamento Municipal de  Habita\u00e7\u00e3o (Demhab), e da Secretaria de Planejamento Municipal (SPM). O  chefe do setor de Cooperativismo do Demhab, Ademir Maria, garantiu que  reconhece a associa\u00e7\u00e3o como representante da comunidade da 4 de Junho e  que est\u00e1 \u00e0 disposi\u00e7\u00e3o para ajudar no que estiver ao alcance do \u00f3rg\u00e3o.<\/p>\n<p>Tami Teixeira Aso, assistente t\u00e9cnica da \u00e1rea de regulariza\u00e7\u00e3o  fundi\u00e1ria da PGM, informou que est\u00e1 em execu\u00e7\u00e3o processo contra a  cooperativa que loteou e vendeu irregularmente a \u00e1rea hoje ocupada pela 4  de Junho, mas que esse processo n\u00e3o impede que a comunidade, cujos  todos terrenos t\u00eam mesma matr\u00edcula no Registro de Im\u00f3veis, continue  buscando sua regulariza\u00e7\u00e3o.<\/p>\n<p>O secret\u00e1rio-adjunto da SPM, Francisco Dornelles, sugeriu que a  comunidade busque informa\u00e7\u00f5es sobre um acordo que teria sido firmado  entre a prefeitura, Minist\u00e9rio P\u00fablico e Crea-RS para realiza\u00e7\u00e3o de  levantamentos topogr\u00e1ficos com recursos do Minist\u00e9rio das Cidades.<\/p>\n<p><strong>Sugest\u00f5es<\/strong><\/p>\n<p>Na busca de alternativa para a obten\u00e7\u00e3o de recursos que viabilizem a  realiza\u00e7\u00e3o de levantamento topogr\u00e1fico e projeto urban\u00edstico com o  objetivo da regulariza\u00e7\u00e3o da 4 de Junho, o vereador Paulinho Rubem Berta  (PPS) sugeriu que a comunidade tente resgatar os recursos que havia  conquistado pelo Or\u00e7amento Participativo (OP). O assessor t\u00e9cnico Jorge  Alberto dos Santos Bastos, do Dmae, acrescentou que outra op\u00e7\u00e3o seria  entrar em contato com as universidades para a realiza\u00e7\u00e3o de levantamento  topogr\u00e1fico com baixo custo.<br \/>\nO presidente da Cuthab agradeceu as contribui\u00e7\u00f5es dos representantes do  Executivo, dos vereadores e da associa\u00e7\u00e3o. Pedro Ruas encerrou a reuni\u00e3o  anunciando que, para tentar resolver a quest\u00e3o da luz da 4 de Junho, a  comiss\u00e3o entrar\u00e1 em contato com a Companhia Estadual de Energia El\u00e9trica  (CEEE).<\/p>\n<p><em><a href=\"http:\/\/pedroruaspsol.wordpress.com\/\"><strong>*Fonte: Claudete Barcellos (reg. prof. 6481) &#8211; Mandato do vereador Pedro Ruas (PSOL-Porto Alegre)<\/strong><\/a><br \/>\n<\/em><\/p>\n","protected":false},"excerpt":{"rendered":"<p>A Comiss\u00e3o de Urbaniza\u00e7\u00e3o, Transportes e Habita\u00e7\u00e3o (Cuthab) da C\u00e2mara Municipal de Porto Alegre decidiu, em reuni\u00e3o realizada nesta ter\u00e7a-feira (9\/8), que formalizar\u00e1 den\u00fancia contra o cercamento, por um morador local, da principal via de acesso \u00e0 Comunidade 4 de Junho, na Lomba do Pinheiro, onde vivem mais de 200 fam\u00edlias. Conforme o presidente da [&hellip;]<\/p>\n","protected":false},"author":2,"featured_media":0,"comment_status":"open","ping_status":"open","sticky":false,"template":"","format":"standard","meta":{"_acf_changed":false,"footnotes":""},"categories":[4766],"tags":[],"class_list":{"0":"post-1601","1":"post","2":"type-post","3":"status-publish","4":"format-standard","6":"category-arquivo"},"acf":[],"yoast_head":"<!-- This site is optimized with the Yoast SEO plugin v26.5 - https:\/\/yoast.com\/wordpress\/plugins\/seo\/ -->\n<title>Em Porto Alegre a luta pelo livre acesso de moradores - PSOL 50<\/title>\n<meta name=\"robots\" content=\"index, follow, max-snippet:-1, max-image-preview:large, max-video-preview:-1\" \/>\n<link rel=\"canonical\" href=\"https:\/\/psol50.org.br\/em-porto-alegre-a-luta-pelo-livre-acesso-de-moradores\/\" \/>\n<meta property=\"og:locale\" content=\"pt_BR\" \/>\n<meta property=\"og:type\" content=\"article\" \/>\n<meta property=\"og:title\" content=\"Em Porto Alegre a luta pelo livre acesso de moradores - PSOL 50\" \/>\n<meta property=\"og:description\" content=\"A Comiss\u00e3o de Urbaniza\u00e7\u00e3o, Transportes e Habita\u00e7\u00e3o (Cuthab) da C\u00e2mara Municipal de Porto Alegre decidiu, em reuni\u00e3o realizada nesta ter\u00e7a-feira (9\/8), que formalizar\u00e1 den\u00fancia contra o cercamento, por um morador local, da principal via de acesso \u00e0 Comunidade 4 de Junho, na Lomba do Pinheiro, onde vivem mais de 200 fam\u00edlias. Conforme o presidente da [&hellip;]\" \/>\n<meta property=\"og:url\" content=\"https:\/\/psol50.org.br\/em-porto-alegre-a-luta-pelo-livre-acesso-de-moradores\/\" \/>\n<meta property=\"og:site_name\" content=\"PSOL 50\" \/>\n<meta property=\"article:publisher\" content=\"https:\/\/www.facebook.com\/psol50\" \/>\n<meta property=\"article:published_time\" content=\"2011-08-12T00:00:00+00:00\" \/>\n<meta property=\"og:image\" content=\"http:\/\/psol50.org.br\/files\/2011\/08\/PedroRuas3.jpg\" \/>\n<meta name=\"author\" content=\"Comunica\u00e7\u00e3o PSOL\" \/>\n<meta name=\"twitter:card\" content=\"summary_large_image\" \/>\n<meta name=\"twitter:creator\" content=\"@psol50\" \/>\n<meta name=\"twitter:site\" content=\"@psol50\" \/>\n<meta name=\"twitter:label1\" content=\"Escrito por\" \/>\n\t<meta name=\"twitter:data1\" content=\"Comunica\u00e7\u00e3o PSOL\" \/>\n\t<meta name=\"twitter:label2\" content=\"Est. tempo de leitura\" \/>\n\t<meta name=\"twitter:data2\" content=\"4 minutos\" \/>\n<script type=\"application\/ld+json\" class=\"yoast-schema-graph\">{\"@context\":\"https:\/\/schema.org\",\"@graph\":[{\"@type\":\"Article\",\"@id\":\"https:\/\/psol50.org.br\/em-porto-alegre-a-luta-pelo-livre-acesso-de-moradores\/#article\",\"isPartOf\":{\"@id\":\"https:\/\/psol50.org.br\/em-porto-alegre-a-luta-pelo-livre-acesso-de-moradores\/\"},\"author\":{\"name\":\"Comunica\u00e7\u00e3o PSOL\",\"@id\":\"https:\/\/psol50.org.br\/#\/schema\/person\/475dfa57d0b815993c714c2e96491fcd\"},\"headline\":\"Em Porto Alegre a luta pelo livre acesso de moradores\",\"datePublished\":\"2011-08-12T00:00:00+00:00\",\"mainEntityOfPage\":{\"@id\":\"https:\/\/psol50.org.br\/em-porto-alegre-a-luta-pelo-livre-acesso-de-moradores\/\"},\"wordCount\":805,\"commentCount\":0,\"publisher\":{\"@id\":\"https:\/\/psol50.org.br\/#organization\"},\"image\":{\"@id\":\"https:\/\/psol50.org.br\/em-porto-alegre-a-luta-pelo-livre-acesso-de-moradores\/#primaryimage\"},\"thumbnailUrl\":\"http:\/\/psol50.org.br\/files\/2011\/08\/PedroRuas3.jpg\",\"articleSection\":[\"Arquivo\"],\"inLanguage\":\"pt-BR\",\"potentialAction\":[{\"@type\":\"CommentAction\",\"name\":\"Comment\",\"target\":[\"https:\/\/psol50.org.br\/em-porto-alegre-a-luta-pelo-livre-acesso-de-moradores\/#respond\"]}]},{\"@type\":\"WebPage\",\"@id\":\"https:\/\/psol50.org.br\/em-porto-alegre-a-luta-pelo-livre-acesso-de-moradores\/\",\"url\":\"https:\/\/psol50.org.br\/em-porto-alegre-a-luta-pelo-livre-acesso-de-moradores\/\",\"name\":\"Em Porto Alegre a luta pelo livre acesso de moradores - PSOL 50\",\"isPartOf\":{\"@id\":\"https:\/\/psol50.org.br\/#website\"},\"primaryImageOfPage\":{\"@id\":\"https:\/\/psol50.org.br\/em-porto-alegre-a-luta-pelo-livre-acesso-de-moradores\/#primaryimage\"},\"image\":{\"@id\":\"https:\/\/psol50.org.br\/em-porto-alegre-a-luta-pelo-livre-acesso-de-moradores\/#primaryimage\"},\"thumbnailUrl\":\"http:\/\/psol50.org.br\/files\/2011\/08\/PedroRuas3.jpg\",\"datePublished\":\"2011-08-12T00:00:00+00:00\",\"breadcrumb\":{\"@id\":\"https:\/\/psol50.org.br\/em-porto-alegre-a-luta-pelo-livre-acesso-de-moradores\/#breadcrumb\"},\"inLanguage\":\"pt-BR\",\"potentialAction\":[{\"@type\":\"ReadAction\",\"target\":[\"https:\/\/psol50.org.br\/em-porto-alegre-a-luta-pelo-livre-acesso-de-moradores\/\"]}]},{\"@type\":\"ImageObject\",\"inLanguage\":\"pt-BR\",\"@id\":\"https:\/\/psol50.org.br\/em-porto-alegre-a-luta-pelo-livre-acesso-de-moradores\/#primaryimage\",\"url\":\"http:\/\/psol50.org.br\/files\/2011\/08\/PedroRuas3.jpg\",\"contentUrl\":\"http:\/\/psol50.org.br\/files\/2011\/08\/PedroRuas3.jpg\"},{\"@type\":\"BreadcrumbList\",\"@id\":\"https:\/\/psol50.org.br\/em-porto-alegre-a-luta-pelo-livre-acesso-de-moradores\/#breadcrumb\",\"itemListElement\":[{\"@type\":\"ListItem\",\"position\":1,\"name\":\"In\u00edcio\",\"item\":\"https:\/\/psol50.org.br\/\"},{\"@type\":\"ListItem\",\"position\":2,\"name\":\"Em Porto Alegre a luta pelo livre acesso de moradores\"}]},{\"@type\":\"WebSite\",\"@id\":\"https:\/\/psol50.org.br\/#website\",\"url\":\"https:\/\/psol50.org.br\/\",\"name\":\"PSOL 50\",\"description\":\"Site oficial do Partido Socialismo e Liberdade\",\"publisher\":{\"@id\":\"https:\/\/psol50.org.br\/#organization\"},\"alternateName\":\"PSOL50\",\"potentialAction\":[{\"@type\":\"SearchAction\",\"target\":{\"@type\":\"EntryPoint\",\"urlTemplate\":\"https:\/\/psol50.org.br\/?s={search_term_string}\"},\"query-input\":{\"@type\":\"PropertyValueSpecification\",\"valueRequired\":true,\"valueName\":\"search_term_string\"}}],\"inLanguage\":\"pt-BR\"},{\"@type\":\"Organization\",\"@id\":\"https:\/\/psol50.org.br\/#organization\",\"name\":\"PSOL 50\",\"alternateName\":\"PSOL 50\",\"url\":\"https:\/\/psol50.org.br\/\",\"logo\":{\"@type\":\"ImageObject\",\"inLanguage\":\"pt-BR\",\"@id\":\"https:\/\/psol50.org.br\/#\/schema\/logo\/image\/\",\"url\":\"https:\/\/psol50.org.br\/inc\/uploads\/2018\/07\/capa.png\",\"contentUrl\":\"https:\/\/psol50.org.br\/inc\/uploads\/2018\/07\/capa.png\",\"width\":1350,\"height\":900,\"caption\":\"PSOL 50\"},\"image\":{\"@id\":\"https:\/\/psol50.org.br\/#\/schema\/logo\/image\/\"},\"sameAs\":[\"https:\/\/www.facebook.com\/psol50\",\"https:\/\/x.com\/psol50\",\"https:\/\/www.instagram.com\/psol50\/\",\"https:\/\/www.youtube.com\/channel\/UC7SnJS5o1os7a6CaiNabzcg\"]},{\"@type\":\"Person\",\"@id\":\"https:\/\/psol50.org.br\/#\/schema\/person\/475dfa57d0b815993c714c2e96491fcd\",\"name\":\"Comunica\u00e7\u00e3o PSOL\",\"image\":{\"@type\":\"ImageObject\",\"inLanguage\":\"pt-BR\",\"@id\":\"https:\/\/psol50.org.br\/#\/schema\/person\/image\/\",\"url\":\"https:\/\/secure.gravatar.com\/avatar\/b34fc4f4e468a4e51785917065a3db57b841f5c95dba6ad8c73aaf8f66f8f9bf?s=96&d=mm&r=g\",\"contentUrl\":\"https:\/\/secure.gravatar.com\/avatar\/b34fc4f4e468a4e51785917065a3db57b841f5c95dba6ad8c73aaf8f66f8f9bf?s=96&d=mm&r=g\",\"caption\":\"Comunica\u00e7\u00e3o PSOL\"}}]}<\/script>\n<!-- \/ Yoast SEO plugin. -->","yoast_head_json":{"title":"Em Porto Alegre a luta pelo livre acesso de moradores - PSOL 50","robots":{"index":"index","follow":"follow","max-snippet":"max-snippet:-1","max-image-preview":"max-image-preview:large","max-video-preview":"max-video-preview:-1"},"canonical":"https:\/\/psol50.org.br\/em-porto-alegre-a-luta-pelo-livre-acesso-de-moradores\/","og_locale":"pt_BR","og_type":"article","og_title":"Em Porto Alegre a luta pelo livre acesso de moradores - PSOL 50","og_description":"A Comiss\u00e3o de Urbaniza\u00e7\u00e3o, Transportes e Habita\u00e7\u00e3o (Cuthab) da C\u00e2mara Municipal de Porto Alegre decidiu, em reuni\u00e3o realizada nesta ter\u00e7a-feira (9\/8), que formalizar\u00e1 den\u00fancia contra o cercamento, por um morador local, da principal via de acesso \u00e0 Comunidade 4 de Junho, na Lomba do Pinheiro, onde vivem mais de 200 fam\u00edlias. Conforme o presidente da [&hellip;]","og_url":"https:\/\/psol50.org.br\/em-porto-alegre-a-luta-pelo-livre-acesso-de-moradores\/","og_site_name":"PSOL 50","article_publisher":"https:\/\/www.facebook.com\/psol50","article_published_time":"2011-08-12T00:00:00+00:00","og_image":[{"url":"http:\/\/psol50.org.br\/files\/2011\/08\/PedroRuas3.jpg","type":"","width":"","height":""}],"author":"Comunica\u00e7\u00e3o PSOL","twitter_card":"summary_large_image","twitter_creator":"@psol50","twitter_site":"@psol50","twitter_misc":{"Escrito por":"Comunica\u00e7\u00e3o PSOL","Est. tempo de leitura":"4 minutos"},"schema":{"@context":"https:\/\/schema.org","@graph":[{"@type":"Article","@id":"https:\/\/psol50.org.br\/em-porto-alegre-a-luta-pelo-livre-acesso-de-moradores\/#article","isPartOf":{"@id":"https:\/\/psol50.org.br\/em-porto-alegre-a-luta-pelo-livre-acesso-de-moradores\/"},"author":{"name":"Comunica\u00e7\u00e3o PSOL","@id":"https:\/\/psol50.org.br\/#\/schema\/person\/475dfa57d0b815993c714c2e96491fcd"},"headline":"Em Porto Alegre a luta pelo livre acesso de moradores","datePublished":"2011-08-12T00:00:00+00:00","mainEntityOfPage":{"@id":"https:\/\/psol50.org.br\/em-porto-alegre-a-luta-pelo-livre-acesso-de-moradores\/"},"wordCount":805,"commentCount":0,"publisher":{"@id":"https:\/\/psol50.org.br\/#organization"},"image":{"@id":"https:\/\/psol50.org.br\/em-porto-alegre-a-luta-pelo-livre-acesso-de-moradores\/#primaryimage"},"thumbnailUrl":"http:\/\/psol50.org.br\/files\/2011\/08\/PedroRuas3.jpg","articleSection":["Arquivo"],"inLanguage":"pt-BR","potentialAction":[{"@type":"CommentAction","name":"Comment","target":["https:\/\/psol50.org.br\/em-porto-alegre-a-luta-pelo-livre-acesso-de-moradores\/#respond"]}]},{"@type":"WebPage","@id":"https:\/\/psol50.org.br\/em-porto-alegre-a-luta-pelo-livre-acesso-de-moradores\/","url":"https:\/\/psol50.org.br\/em-porto-alegre-a-luta-pelo-livre-acesso-de-moradores\/","name":"Em Porto Alegre a luta pelo livre acesso de moradores - PSOL 50","isPartOf":{"@id":"https:\/\/psol50.org.br\/#website"},"primaryImageOfPage":{"@id":"https:\/\/psol50.org.br\/em-porto-alegre-a-luta-pelo-livre-acesso-de-moradores\/#primaryimage"},"image":{"@id":"https:\/\/psol50.org.br\/em-porto-alegre-a-luta-pelo-livre-acesso-de-moradores\/#primaryimage"},"thumbnailUrl":"http:\/\/psol50.org.br\/files\/2011\/08\/PedroRuas3.jpg","datePublished":"2011-08-12T00:00:00+00:00","breadcrumb":{"@id":"https:\/\/psol50.org.br\/em-porto-alegre-a-luta-pelo-livre-acesso-de-moradores\/#breadcrumb"},"inLanguage":"pt-BR","potentialAction":[{"@type":"ReadAction","target":["https:\/\/psol50.org.br\/em-porto-alegre-a-luta-pelo-livre-acesso-de-moradores\/"]}]},{"@type":"ImageObject","inLanguage":"pt-BR","@id":"https:\/\/psol50.org.br\/em-porto-alegre-a-luta-pelo-livre-acesso-de-moradores\/#primaryimage","url":"http:\/\/psol50.org.br\/files\/2011\/08\/PedroRuas3.jpg","contentUrl":"http:\/\/psol50.org.br\/files\/2011\/08\/PedroRuas3.jpg"},{"@type":"BreadcrumbList","@id":"https:\/\/psol50.org.br\/em-porto-alegre-a-luta-pelo-livre-acesso-de-moradores\/#breadcrumb","itemListElement":[{"@type":"ListItem","position":1,"name":"In\u00edcio","item":"https:\/\/psol50.org.br\/"},{"@type":"ListItem","position":2,"name":"Em Porto Alegre a luta pelo livre acesso de moradores"}]},{"@type":"WebSite","@id":"https:\/\/psol50.org.br\/#website","url":"https:\/\/psol50.org.br\/","name":"PSOL 50","description":"Site oficial do Partido Socialismo e Liberdade","publisher":{"@id":"https:\/\/psol50.org.br\/#organization"},"alternateName":"PSOL50","potentialAction":[{"@type":"SearchAction","target":{"@type":"EntryPoint","urlTemplate":"https:\/\/psol50.org.br\/?s={search_term_string}"},"query-input":{"@type":"PropertyValueSpecification","valueRequired":true,"valueName":"search_term_string"}}],"inLanguage":"pt-BR"},{"@type":"Organization","@id":"https:\/\/psol50.org.br\/#organization","name":"PSOL 50","alternateName":"PSOL 50","url":"https:\/\/psol50.org.br\/","logo":{"@type":"ImageObject","inLanguage":"pt-BR","@id":"https:\/\/psol50.org.br\/#\/schema\/logo\/image\/","url":"https:\/\/psol50.org.br\/inc\/uploads\/2018\/07\/capa.png","contentUrl":"https:\/\/psol50.org.br\/inc\/uploads\/2018\/07\/capa.png","width":1350,"height":900,"caption":"PSOL 50"},"image":{"@id":"https:\/\/psol50.org.br\/#\/schema\/logo\/image\/"},"sameAs":["https:\/\/www.facebook.com\/psol50","https:\/\/x.com\/psol50","https:\/\/www.instagram.com\/psol50\/","https:\/\/www.youtube.com\/channel\/UC7SnJS5o1os7a6CaiNabzcg"]},{"@type":"Person","@id":"https:\/\/psol50.org.br\/#\/schema\/person\/475dfa57d0b815993c714c2e96491fcd","name":"Comunica\u00e7\u00e3o PSOL","image":{"@type":"ImageObject","inLanguage":"pt-BR","@id":"https:\/\/psol50.org.br\/#\/schema\/person\/image\/","url":"https:\/\/secure.gravatar.com\/avatar\/b34fc4f4e468a4e51785917065a3db57b841f5c95dba6ad8c73aaf8f66f8f9bf?s=96&d=mm&r=g","contentUrl":"https:\/\/secure.gravatar.com\/avatar\/b34fc4f4e468a4e51785917065a3db57b841f5c95dba6ad8c73aaf8f66f8f9bf?s=96&d=mm&r=g","caption":"Comunica\u00e7\u00e3o PSOL"}}]}},"_links":{"self":[{"href":"https:\/\/psol50.org.br\/rest\/wp\/v2\/posts\/1601","targetHints":{"allow":["GET"]}}],"collection":[{"href":"https:\/\/psol50.org.br\/rest\/wp\/v2\/posts"}],"about":[{"href":"https:\/\/psol50.org.br\/rest\/wp\/v2\/types\/post"}],"author":[{"embeddable":true,"href":"https:\/\/psol50.org.br\/rest\/wp\/v2\/users\/2"}],"replies":[{"embeddable":true,"href":"https:\/\/psol50.org.br\/rest\/wp\/v2\/comments?post=1601"}],"version-history":[{"count":0,"href":"https:\/\/psol50.org.br\/rest\/wp\/v2\/posts\/1601\/revisions"}],"wp:attachment":[{"href":"https:\/\/psol50.org.br\/rest\/wp\/v2\/media?parent=1601"}],"wp:term":[{"taxonomy":"category","embeddable":true,"href":"https:\/\/psol50.org.br\/rest\/wp\/v2\/categories?post=1601"},{"taxonomy":"post_tag","embeddable":true,"href":"https:\/\/psol50.org.br\/rest\/wp\/v2\/tags?post=1601"}],"curies":[{"name":"wp","href":"https:\/\/api.w.org\/{rel}","templated":true}]}}