{"id":16023,"date":"2017-04-10T12:50:57","date_gmt":"2017-04-10T12:50:57","guid":{"rendered":"http:\/\/www.psol50.org.br\/?p=16023"},"modified":"2017-04-10T12:50:57","modified_gmt":"2017-04-10T12:50:57","slug":"assista-a-partir-desta-segunda-feira-a-insercao-do-psol-na-tv","status":"publish","type":"post","link":"https:\/\/psol50.org.br\/assista-a-partir-desta-segunda-feira-a-insercao-do-psol-na-tv\/","title":{"rendered":"Assista, a partir desta segunda-feira, \u00e0 inser\u00e7\u00e3o do PSOL na TV"},"content":{"rendered":"<p>Come\u00e7a ir ao ar nesta segunda-feira (10\/04) a primeira inser\u00e7\u00e3o do PSOL na TV em 2017. O programa ser\u00e1 exibido nos dias 10, 14 e 28 de abril, em todas as emissoras da TV aberta e tamb\u00e9m nos r\u00e1dios de todo o pa\u00eds.<\/p>\n<p>Produzido pela <a href=\"https:\/\/www.facebook.com\/MolotovFilmes\/\" target=\"_blank\" rel=\"noopener\"><span style=\"color: #0000ff;\">Molotov Filmes<\/span><\/a>, a inser\u00e7\u00e3o do PSOL demarca a preocupa\u00e7\u00e3o do partido com os rumos do pa\u00eds, a partir das medidas do ajuste fiscal do governo de Michel Temer, que, afundado em corrup\u00e7\u00e3o, acelera a destrui\u00e7\u00e3o dos direitos sociais e trabalhista dos povo brasileiro. Mas o PSOL\u00a0n\u00e3o ficar\u00e1 indiferente e esse \u00e9 o recado que daremos para\u00a0todo o pa\u00eds.<\/p>\n<p>&nbsp;<\/p>\n<p>Confira, abaixo, a pe\u00e7a.<\/p>\n<div class=\"youtube-embed\" data-video_id=\"wq0AYqTTSuA\"><iframe loading=\"lazy\" title=\"PSOL na TV - Abril de 2017\" width=\"696\" height=\"392\" src=\"https:\/\/www.youtube.com\/embed\/wq0AYqTTSuA?feature=oembed&#038;enablejsapi=1\" frameborder=\"0\" allow=\"accelerometer; autoplay; clipboard-write; encrypted-media; gyroscope; picture-in-picture\" allowfullscreen><\/iframe><\/div>\n<p>&nbsp;<\/p>\n<div class=\"text_exposed_show\"><\/div>\n","protected":false},"excerpt":{"rendered":"<p>Come\u00e7a ir ao ar nesta segunda-feira (10\/04) a primeira inser\u00e7\u00e3o do PSOL na TV em 2017. O programa ser\u00e1 exibido nos dias 10, 14 e 28 de abril, em todas as emissoras da TV aberta e tamb\u00e9m nos r\u00e1dios de todo o pa\u00eds. Produzido pela Molotov Filmes, a inser\u00e7\u00e3o do PSOL demarca a preocupa\u00e7\u00e3o do [&hellip;]<\/p>\n","protected":false},"author":2,"featured_media":16024,"comment_status":"open","ping_status":"open","sticky":false,"template":"","format":"standard","meta":{"_acf_changed":false,"footnotes":""},"categories":[1882,6,14],"tags":[3065,3066,1748,3067,3068,3069],"class_list":{"0":"post-16023","1":"post","2":"type-post","3":"status-publish","4":"format-standard","5":"has-post-thumbnail","7":"category-brasil","8":"category-noticias","9":"category-partido","10":"tag-emissoras","11":"tag-insercao","12":"tag-michel-temer","13":"tag-molotov-filmes","14":"tag-psol-na-tv","15":"tag-radio-tv"},"acf":[],"yoast_head":"<!-- This site is optimized with the Yoast SEO plugin v26.5 - https:\/\/yoast.com\/wordpress\/plugins\/seo\/ -->\n<title>Assista, a partir desta segunda-feira, \u00e0 inser\u00e7\u00e3o do PSOL na TV - PSOL 50<\/title>\n<meta name=\"robots\" content=\"index, follow, max-snippet:-1, max-image-preview:large, max-video-preview:-1\" \/>\n<link rel=\"canonical\" href=\"https:\/\/psol50.org.br\/assista-a-partir-desta-segunda-feira-a-insercao-do-psol-na-tv\/\" \/>\n<meta property=\"og:locale\" content=\"pt_BR\" \/>\n<meta property=\"og:type\" content=\"article\" \/>\n<meta property=\"og:title\" content=\"Assista, a partir desta segunda-feira, \u00e0 inser\u00e7\u00e3o do PSOL na TV - PSOL 50\" \/>\n<meta property=\"og:description\" content=\"Come\u00e7a ir ao ar nesta segunda-feira (10\/04) a primeira inser\u00e7\u00e3o do PSOL na TV em 2017. O programa ser\u00e1 exibido nos dias 10, 14 e 28 de abril, em todas as emissoras da TV aberta e tamb\u00e9m nos r\u00e1dios de todo o pa\u00eds. Produzido pela Molotov Filmes, a inser\u00e7\u00e3o do PSOL demarca a preocupa\u00e7\u00e3o do [&hellip;]\" \/>\n<meta property=\"og:url\" content=\"https:\/\/psol50.org.br\/assista-a-partir-desta-segunda-feira-a-insercao-do-psol-na-tv\/\" \/>\n<meta property=\"og:site_name\" content=\"PSOL 50\" \/>\n<meta property=\"article:publisher\" content=\"https:\/\/www.facebook.com\/psol50\" \/>\n<meta property=\"article:published_time\" content=\"2017-04-10T12:50:57+00:00\" \/>\n<meta property=\"og:image\" content=\"https:\/\/psol50.org.br\/inc\/uploads\/2018\/07\/capa.png\" \/>\n\t<meta property=\"og:image:width\" content=\"1350\" \/>\n\t<meta property=\"og:image:height\" content=\"900\" \/>\n\t<meta property=\"og:image:type\" content=\"image\/png\" \/>\n<meta name=\"author\" content=\"Comunica\u00e7\u00e3o PSOL\" \/>\n<meta name=\"twitter:card\" content=\"summary_large_image\" \/>\n<meta name=\"twitter:creator\" content=\"@psol50\" \/>\n<meta name=\"twitter:site\" content=\"@psol50\" \/>\n<meta name=\"twitter:label1\" content=\"Escrito por\" \/>\n\t<meta name=\"twitter:data1\" content=\"Comunica\u00e7\u00e3o PSOL\" \/>\n\t<meta name=\"twitter:label2\" content=\"Est. tempo de leitura\" \/>\n\t<meta name=\"twitter:data2\" content=\"1 minuto\" \/>\n<script type=\"application\/ld+json\" class=\"yoast-schema-graph\">{\"@context\":\"https:\/\/schema.org\",\"@graph\":[{\"@type\":\"Article\",\"@id\":\"https:\/\/psol50.org.br\/assista-a-partir-desta-segunda-feira-a-insercao-do-psol-na-tv\/#article\",\"isPartOf\":{\"@id\":\"https:\/\/psol50.org.br\/assista-a-partir-desta-segunda-feira-a-insercao-do-psol-na-tv\/\"},\"author\":{\"name\":\"Comunica\u00e7\u00e3o PSOL\",\"@id\":\"https:\/\/psol50.org.br\/#\/schema\/person\/475dfa57d0b815993c714c2e96491fcd\"},\"headline\":\"Assista, a partir desta segunda-feira, \u00e0 inser\u00e7\u00e3o do PSOL na TV\",\"datePublished\":\"2017-04-10T12:50:57+00:00\",\"mainEntityOfPage\":{\"@id\":\"https:\/\/psol50.org.br\/assista-a-partir-desta-segunda-feira-a-insercao-do-psol-na-tv\/\"},\"wordCount\":142,\"commentCount\":0,\"publisher\":{\"@id\":\"https:\/\/psol50.org.br\/#organization\"},\"image\":{\"@id\":\"https:\/\/psol50.org.br\/assista-a-partir-desta-segunda-feira-a-insercao-do-psol-na-tv\/#primaryimage\"},\"thumbnailUrl\":\"\",\"keywords\":[\"emissoras\",\"inser\u00e7\u00e3o\",\"Michel Temer\",\"Molotov Filmes\",\"PSOL na TV\",\"r\u00e1dio TV\"],\"articleSection\":[\"Brasil\",\"Not\u00edcias\",\"Partido\"],\"inLanguage\":\"pt-BR\",\"potentialAction\":[{\"@type\":\"CommentAction\",\"name\":\"Comment\",\"target\":[\"https:\/\/psol50.org.br\/assista-a-partir-desta-segunda-feira-a-insercao-do-psol-na-tv\/#respond\"]}]},{\"@type\":\"WebPage\",\"@id\":\"https:\/\/psol50.org.br\/assista-a-partir-desta-segunda-feira-a-insercao-do-psol-na-tv\/\",\"url\":\"https:\/\/psol50.org.br\/assista-a-partir-desta-segunda-feira-a-insercao-do-psol-na-tv\/\",\"name\":\"Assista, a partir desta segunda-feira, \u00e0 inser\u00e7\u00e3o do PSOL na TV - PSOL 50\",\"isPartOf\":{\"@id\":\"https:\/\/psol50.org.br\/#website\"},\"primaryImageOfPage\":{\"@id\":\"https:\/\/psol50.org.br\/assista-a-partir-desta-segunda-feira-a-insercao-do-psol-na-tv\/#primaryimage\"},\"image\":{\"@id\":\"https:\/\/psol50.org.br\/assista-a-partir-desta-segunda-feira-a-insercao-do-psol-na-tv\/#primaryimage\"},\"thumbnailUrl\":\"\",\"datePublished\":\"2017-04-10T12:50:57+00:00\",\"breadcrumb\":{\"@id\":\"https:\/\/psol50.org.br\/assista-a-partir-desta-segunda-feira-a-insercao-do-psol-na-tv\/#breadcrumb\"},\"inLanguage\":\"pt-BR\",\"potentialAction\":[{\"@type\":\"ReadAction\",\"target\":[\"https:\/\/psol50.org.br\/assista-a-partir-desta-segunda-feira-a-insercao-do-psol-na-tv\/\"]}]},{\"@type\":\"ImageObject\",\"inLanguage\":\"pt-BR\",\"@id\":\"https:\/\/psol50.org.br\/assista-a-partir-desta-segunda-feira-a-insercao-do-psol-na-tv\/#primaryimage\",\"url\":\"\",\"contentUrl\":\"\"},{\"@type\":\"BreadcrumbList\",\"@id\":\"https:\/\/psol50.org.br\/assista-a-partir-desta-segunda-feira-a-insercao-do-psol-na-tv\/#breadcrumb\",\"itemListElement\":[{\"@type\":\"ListItem\",\"position\":1,\"name\":\"In\u00edcio\",\"item\":\"https:\/\/psol50.org.br\/\"},{\"@type\":\"ListItem\",\"position\":2,\"name\":\"Assista, a partir desta segunda-feira, \u00e0 inser\u00e7\u00e3o do PSOL na TV\"}]},{\"@type\":\"WebSite\",\"@id\":\"https:\/\/psol50.org.br\/#website\",\"url\":\"https:\/\/psol50.org.br\/\",\"name\":\"PSOL 50\",\"description\":\"Site oficial do Partido Socialismo e Liberdade\",\"publisher\":{\"@id\":\"https:\/\/psol50.org.br\/#organization\"},\"alternateName\":\"PSOL50\",\"potentialAction\":[{\"@type\":\"SearchAction\",\"target\":{\"@type\":\"EntryPoint\",\"urlTemplate\":\"https:\/\/psol50.org.br\/?s={search_term_string}\"},\"query-input\":{\"@type\":\"PropertyValueSpecification\",\"valueRequired\":true,\"valueName\":\"search_term_string\"}}],\"inLanguage\":\"pt-BR\"},{\"@type\":\"Organization\",\"@id\":\"https:\/\/psol50.org.br\/#organization\",\"name\":\"PSOL 50\",\"alternateName\":\"PSOL 50\",\"url\":\"https:\/\/psol50.org.br\/\",\"logo\":{\"@type\":\"ImageObject\",\"inLanguage\":\"pt-BR\",\"@id\":\"https:\/\/psol50.org.br\/#\/schema\/logo\/image\/\",\"url\":\"https:\/\/psol50.org.br\/inc\/uploads\/2018\/07\/capa.png\",\"contentUrl\":\"https:\/\/psol50.org.br\/inc\/uploads\/2018\/07\/capa.png\",\"width\":1350,\"height\":900,\"caption\":\"PSOL 50\"},\"image\":{\"@id\":\"https:\/\/psol50.org.br\/#\/schema\/logo\/image\/\"},\"sameAs\":[\"https:\/\/www.facebook.com\/psol50\",\"https:\/\/x.com\/psol50\",\"https:\/\/www.instagram.com\/psol50\/\",\"https:\/\/www.youtube.com\/channel\/UC7SnJS5o1os7a6CaiNabzcg\"]},{\"@type\":\"Person\",\"@id\":\"https:\/\/psol50.org.br\/#\/schema\/person\/475dfa57d0b815993c714c2e96491fcd\",\"name\":\"Comunica\u00e7\u00e3o PSOL\",\"image\":{\"@type\":\"ImageObject\",\"inLanguage\":\"pt-BR\",\"@id\":\"https:\/\/psol50.org.br\/#\/schema\/person\/image\/\",\"url\":\"https:\/\/secure.gravatar.com\/avatar\/b34fc4f4e468a4e51785917065a3db57b841f5c95dba6ad8c73aaf8f66f8f9bf?s=96&d=mm&r=g\",\"contentUrl\":\"https:\/\/secure.gravatar.com\/avatar\/b34fc4f4e468a4e51785917065a3db57b841f5c95dba6ad8c73aaf8f66f8f9bf?s=96&d=mm&r=g\",\"caption\":\"Comunica\u00e7\u00e3o PSOL\"}}]}<\/script>\n<!-- \/ Yoast SEO plugin. -->","yoast_head_json":{"title":"Assista, a partir desta segunda-feira, \u00e0 inser\u00e7\u00e3o do PSOL na TV - PSOL 50","robots":{"index":"index","follow":"follow","max-snippet":"max-snippet:-1","max-image-preview":"max-image-preview:large","max-video-preview":"max-video-preview:-1"},"canonical":"https:\/\/psol50.org.br\/assista-a-partir-desta-segunda-feira-a-insercao-do-psol-na-tv\/","og_locale":"pt_BR","og_type":"article","og_title":"Assista, a partir desta segunda-feira, \u00e0 inser\u00e7\u00e3o do PSOL na TV - PSOL 50","og_description":"Come\u00e7a ir ao ar nesta segunda-feira (10\/04) a primeira inser\u00e7\u00e3o do PSOL na TV em 2017. O programa ser\u00e1 exibido nos dias 10, 14 e 28 de abril, em todas as emissoras da TV aberta e tamb\u00e9m nos r\u00e1dios de todo o pa\u00eds. Produzido pela Molotov Filmes, a inser\u00e7\u00e3o do PSOL demarca a preocupa\u00e7\u00e3o do [&hellip;]","og_url":"https:\/\/psol50.org.br\/assista-a-partir-desta-segunda-feira-a-insercao-do-psol-na-tv\/","og_site_name":"PSOL 50","article_publisher":"https:\/\/www.facebook.com\/psol50","article_published_time":"2017-04-10T12:50:57+00:00","og_image":[{"width":1350,"height":900,"url":"https:\/\/psol50.org.br\/inc\/uploads\/2018\/07\/capa.png","type":"image\/png"}],"author":"Comunica\u00e7\u00e3o PSOL","twitter_card":"summary_large_image","twitter_creator":"@psol50","twitter_site":"@psol50","twitter_misc":{"Escrito por":"Comunica\u00e7\u00e3o PSOL","Est. tempo de leitura":"1 minuto"},"schema":{"@context":"https:\/\/schema.org","@graph":[{"@type":"Article","@id":"https:\/\/psol50.org.br\/assista-a-partir-desta-segunda-feira-a-insercao-do-psol-na-tv\/#article","isPartOf":{"@id":"https:\/\/psol50.org.br\/assista-a-partir-desta-segunda-feira-a-insercao-do-psol-na-tv\/"},"author":{"name":"Comunica\u00e7\u00e3o PSOL","@id":"https:\/\/psol50.org.br\/#\/schema\/person\/475dfa57d0b815993c714c2e96491fcd"},"headline":"Assista, a partir desta segunda-feira, \u00e0 inser\u00e7\u00e3o do PSOL na TV","datePublished":"2017-04-10T12:50:57+00:00","mainEntityOfPage":{"@id":"https:\/\/psol50.org.br\/assista-a-partir-desta-segunda-feira-a-insercao-do-psol-na-tv\/"},"wordCount":142,"commentCount":0,"publisher":{"@id":"https:\/\/psol50.org.br\/#organization"},"image":{"@id":"https:\/\/psol50.org.br\/assista-a-partir-desta-segunda-feira-a-insercao-do-psol-na-tv\/#primaryimage"},"thumbnailUrl":"","keywords":["emissoras","inser\u00e7\u00e3o","Michel Temer","Molotov Filmes","PSOL na TV","r\u00e1dio TV"],"articleSection":["Brasil","Not\u00edcias","Partido"],"inLanguage":"pt-BR","potentialAction":[{"@type":"CommentAction","name":"Comment","target":["https:\/\/psol50.org.br\/assista-a-partir-desta-segunda-feira-a-insercao-do-psol-na-tv\/#respond"]}]},{"@type":"WebPage","@id":"https:\/\/psol50.org.br\/assista-a-partir-desta-segunda-feira-a-insercao-do-psol-na-tv\/","url":"https:\/\/psol50.org.br\/assista-a-partir-desta-segunda-feira-a-insercao-do-psol-na-tv\/","name":"Assista, a partir desta segunda-feira, \u00e0 inser\u00e7\u00e3o do PSOL na TV - PSOL 50","isPartOf":{"@id":"https:\/\/psol50.org.br\/#website"},"primaryImageOfPage":{"@id":"https:\/\/psol50.org.br\/assista-a-partir-desta-segunda-feira-a-insercao-do-psol-na-tv\/#primaryimage"},"image":{"@id":"https:\/\/psol50.org.br\/assista-a-partir-desta-segunda-feira-a-insercao-do-psol-na-tv\/#primaryimage"},"thumbnailUrl":"","datePublished":"2017-04-10T12:50:57+00:00","breadcrumb":{"@id":"https:\/\/psol50.org.br\/assista-a-partir-desta-segunda-feira-a-insercao-do-psol-na-tv\/#breadcrumb"},"inLanguage":"pt-BR","potentialAction":[{"@type":"ReadAction","target":["https:\/\/psol50.org.br\/assista-a-partir-desta-segunda-feira-a-insercao-do-psol-na-tv\/"]}]},{"@type":"ImageObject","inLanguage":"pt-BR","@id":"https:\/\/psol50.org.br\/assista-a-partir-desta-segunda-feira-a-insercao-do-psol-na-tv\/#primaryimage","url":"","contentUrl":""},{"@type":"BreadcrumbList","@id":"https:\/\/psol50.org.br\/assista-a-partir-desta-segunda-feira-a-insercao-do-psol-na-tv\/#breadcrumb","itemListElement":[{"@type":"ListItem","position":1,"name":"In\u00edcio","item":"https:\/\/psol50.org.br\/"},{"@type":"ListItem","position":2,"name":"Assista, a partir desta segunda-feira, \u00e0 inser\u00e7\u00e3o do PSOL na TV"}]},{"@type":"WebSite","@id":"https:\/\/psol50.org.br\/#website","url":"https:\/\/psol50.org.br\/","name":"PSOL 50","description":"Site oficial do Partido Socialismo e Liberdade","publisher":{"@id":"https:\/\/psol50.org.br\/#organization"},"alternateName":"PSOL50","potentialAction":[{"@type":"SearchAction","target":{"@type":"EntryPoint","urlTemplate":"https:\/\/psol50.org.br\/?s={search_term_string}"},"query-input":{"@type":"PropertyValueSpecification","valueRequired":true,"valueName":"search_term_string"}}],"inLanguage":"pt-BR"},{"@type":"Organization","@id":"https:\/\/psol50.org.br\/#organization","name":"PSOL 50","alternateName":"PSOL 50","url":"https:\/\/psol50.org.br\/","logo":{"@type":"ImageObject","inLanguage":"pt-BR","@id":"https:\/\/psol50.org.br\/#\/schema\/logo\/image\/","url":"https:\/\/psol50.org.br\/inc\/uploads\/2018\/07\/capa.png","contentUrl":"https:\/\/psol50.org.br\/inc\/uploads\/2018\/07\/capa.png","width":1350,"height":900,"caption":"PSOL 50"},"image":{"@id":"https:\/\/psol50.org.br\/#\/schema\/logo\/image\/"},"sameAs":["https:\/\/www.facebook.com\/psol50","https:\/\/x.com\/psol50","https:\/\/www.instagram.com\/psol50\/","https:\/\/www.youtube.com\/channel\/UC7SnJS5o1os7a6CaiNabzcg"]},{"@type":"Person","@id":"https:\/\/psol50.org.br\/#\/schema\/person\/475dfa57d0b815993c714c2e96491fcd","name":"Comunica\u00e7\u00e3o PSOL","image":{"@type":"ImageObject","inLanguage":"pt-BR","@id":"https:\/\/psol50.org.br\/#\/schema\/person\/image\/","url":"https:\/\/secure.gravatar.com\/avatar\/b34fc4f4e468a4e51785917065a3db57b841f5c95dba6ad8c73aaf8f66f8f9bf?s=96&d=mm&r=g","contentUrl":"https:\/\/secure.gravatar.com\/avatar\/b34fc4f4e468a4e51785917065a3db57b841f5c95dba6ad8c73aaf8f66f8f9bf?s=96&d=mm&r=g","caption":"Comunica\u00e7\u00e3o PSOL"}}]}},"_links":{"self":[{"href":"https:\/\/psol50.org.br\/rest\/wp\/v2\/posts\/16023","targetHints":{"allow":["GET"]}}],"collection":[{"href":"https:\/\/psol50.org.br\/rest\/wp\/v2\/posts"}],"about":[{"href":"https:\/\/psol50.org.br\/rest\/wp\/v2\/types\/post"}],"author":[{"embeddable":true,"href":"https:\/\/psol50.org.br\/rest\/wp\/v2\/users\/2"}],"replies":[{"embeddable":true,"href":"https:\/\/psol50.org.br\/rest\/wp\/v2\/comments?post=16023"}],"version-history":[{"count":0,"href":"https:\/\/psol50.org.br\/rest\/wp\/v2\/posts\/16023\/revisions"}],"wp:featuredmedia":[{"embeddable":true,"href":"https:\/\/psol50.org.br\/rest\/"}],"wp:attachment":[{"href":"https:\/\/psol50.org.br\/rest\/wp\/v2\/media?parent=16023"}],"wp:term":[{"taxonomy":"category","embeddable":true,"href":"https:\/\/psol50.org.br\/rest\/wp\/v2\/categories?post=16023"},{"taxonomy":"post_tag","embeddable":true,"href":"https:\/\/psol50.org.br\/rest\/wp\/v2\/tags?post=16023"}],"curies":[{"name":"wp","href":"https:\/\/api.w.org\/{rel}","templated":true}]}}