{"id":16026,"date":"2017-04-10T13:40:32","date_gmt":"2017-04-10T13:40:32","guid":{"rendered":"http:\/\/www.psol50.org.br\/?p=16026"},"modified":"2017-04-10T13:40:32","modified_gmt":"2017-04-10T13:40:32","slug":"presidente-do-psol-sp-critica-conservadorismo-de-fernando-holiday-do-mbl","status":"publish","type":"post","link":"https:\/\/psol50.org.br\/presidente-do-psol-sp-critica-conservadorismo-de-fernando-holiday-do-mbl\/","title":{"rendered":"Presidente do PSOL-SP critica conservadorismo de Fernando Holiday, do MBL"},"content":{"rendered":"<p>Em artigo publicado no site da revista <a href=\"http:\/\/www.revistaforum.com.br\/\" target=\"_blank\" rel=\"noopener\"><span style=\"color: #0000ff;\">F\u00f3rum<\/span><\/a>, o presidente do PSOL-SP e militante do C\u00edrculo Palmarino, Josel\u00edcio J\u00fanior, critica a postura do vereador de S\u00e3o Paulo eleito pelo DEM e representante do MBL, Fernando Holiday. Al\u00e9m de questionar as posturas ultra conservadoras do jovem pol\u00edtico que, nos \u00faltimos dias\u00a0saiu pelas escolas municipais de S\u00e3o Paulo para &#8220;fiscalizar&#8221; se h\u00e1 doutrina\u00e7\u00e3o ideol\u00f3gica, o dirigente do PSOL tamb\u00e9m aponta as contradi\u00e7\u00f5es de suas a\u00e7\u00f5es. &#8220;O primeiro desafio do vereador foi explicar para a classe m\u00e9dia que o elegeu, com um discurso de \u00e9tica na pol\u00edtica, e para a grande m\u00eddia, a pr\u00e1tica de caixa 2 em sua campanha. O auge dessa pol\u00eamica foi o bate-boca ao vivo na R\u00e1dio Bandeirantes com Fabio Pannunzio, onde o jornalista teve uma atitude nitidamente racista. O pr\u00f3prio vereador reconheceu que estava sofrendo aquela persegui\u00e7\u00e3o por ser negro e gay. Holiday \u00e9 v\u00edtima, e ao mesmo tempo ref\u00e9m, da pauta que ele diz combater&#8221;, afirma trecho do artigo.<\/p>\n<p>Recentemente as vereadoras do PSOL\u00a0Isa Penna e S\u00e2mia Bonfim tamb\u00e9m criticaram o vereador do MBL \u00a0pela sua empreitada em defesa do programa Escola Sem Partido, considerando a atitude intimidat\u00f3ria diante de alunos e professores. O presidente do PSOL-SP lembra que tal postura provocou rea\u00e7\u00e3o at\u00e9 mesmo de aliados de Holiday, que fazem parte da base de apoio ao governo de Jo\u00e3o D\u00f3ria. &#8220;Mesmo mantendo firme a sua jornada na luta a favor da Escola Sem Partido e no alto da sua arrog\u00e2ncia, Fernando sentiu que a vida \u00e9 dura, n\u00e3o \u00e9 t\u00e3o simples fazer uma transi\u00e7\u00e3o mec\u00e2nica do mundo virtual para o mundo real. Falar o que bem entende na internet \u00e9 f\u00e1cil, mas a realidade \u00e9 muito mais complexa e mesmo na diverg\u00eancia existe o limite do respeito e da sensatez&#8221;.<\/p>\n<p>Josel\u00edcio destaca, ainda, que a a\u00e7\u00e3o do vereador \u00e9 ideol\u00f3gica, calcada em valores conservadores, &#8220;de manuten\u00e7\u00e3o da ordem social que n\u00e3o deseja o pensamento cr\u00edtico ou qualquer questionamento \u00e0 estrutura social estabelecida, que \u00e9 totalmente desigual, racista, machista, lgbtf\u00f3bica&#8221;. Segundo ele, a postura do representante do MBL faz parte de um projeto maior, que tem sido imposto pelo governo ileg\u00edtimo de Michel Temer, o mesmo que conseguiu aprovar uma reforma no ensino m\u00e9dio voltada aos interesses do mercado. &#8220;Neste sentido, Holiday \u00e9 apenas uma pequena engrenagem nesse processo mais amplo que vem encontrando eco com a ascens\u00e3o de grupos de extrema direita. A rea\u00e7\u00e3o da sociedade contr\u00e1ria a essa posi\u00e7\u00e3o \u00e9 fundamental, fazer essa disputa de narrativa \u00e9 uma tarefa urgente&#8221;.<\/p>\n<p><a href=\"http:\/\/www.psol50.org.br\/blog\/2017\/04\/10\/joselicio-junior-a-vida-e-dura-holiday\/\" target=\"_blank\" rel=\"noopener\"><span style=\"color: #0000ff;\">Confira o artigo completo aqui<\/span><\/a>.<\/p>\n","protected":false},"excerpt":{"rendered":"<p>Em artigo publicado no site da revista F\u00f3rum, o presidente do PSOL-SP e militante do C\u00edrculo Palmarino, Josel\u00edcio J\u00fanior, critica a postura do vereador de S\u00e3o Paulo eleito pelo DEM e representante do MBL, Fernando Holiday. Al\u00e9m de questionar as posturas ultra conservadoras do jovem pol\u00edtico que, nos \u00faltimos dias\u00a0saiu pelas escolas municipais de S\u00e3o [&hellip;]<\/p>\n","protected":false},"author":2,"featured_media":16027,"comment_status":"open","ping_status":"open","sticky":false,"template":"","format":"standard","meta":{"_acf_changed":false,"footnotes":""},"categories":[1882,654,6],"tags":[2189,2210,2209,3044,3070,2275,156,3071,2277,1269],"class_list":{"0":"post-16026","1":"post","2":"type-post","3":"status-publish","4":"format-standard","5":"has-post-thumbnail","7":"category-brasil","8":"category-estados","9":"category-noticias","10":"tag-conservador","11":"tag-dem","12":"tag-escola-sem-partido","13":"tag-fernando-holiday","14":"tag-gay","15":"tag-joselicio-junior","16":"tag-mbl","17":"tag-negro","18":"tag-psol-sp","19":"tag-vereador"},"acf":[],"yoast_head":"<!-- This site is optimized with the Yoast SEO plugin v26.5 - https:\/\/yoast.com\/wordpress\/plugins\/seo\/ -->\n<title>Presidente do PSOL-SP critica conservadorismo de Fernando Holiday, do MBL - PSOL 50<\/title>\n<meta name=\"robots\" content=\"index, follow, max-snippet:-1, max-image-preview:large, max-video-preview:-1\" \/>\n<link rel=\"canonical\" href=\"https:\/\/psol50.org.br\/presidente-do-psol-sp-critica-conservadorismo-de-fernando-holiday-do-mbl\/\" \/>\n<meta property=\"og:locale\" content=\"pt_BR\" \/>\n<meta property=\"og:type\" content=\"article\" \/>\n<meta property=\"og:title\" content=\"Presidente do PSOL-SP critica conservadorismo de Fernando Holiday, do MBL - PSOL 50\" \/>\n<meta property=\"og:description\" content=\"Em artigo publicado no site da revista F\u00f3rum, o presidente do PSOL-SP e militante do C\u00edrculo Palmarino, Josel\u00edcio J\u00fanior, critica a postura do vereador de S\u00e3o Paulo eleito pelo DEM e representante do MBL, Fernando Holiday. Al\u00e9m de questionar as posturas ultra conservadoras do jovem pol\u00edtico que, nos \u00faltimos dias\u00a0saiu pelas escolas municipais de S\u00e3o [&hellip;]\" \/>\n<meta property=\"og:url\" content=\"https:\/\/psol50.org.br\/presidente-do-psol-sp-critica-conservadorismo-de-fernando-holiday-do-mbl\/\" \/>\n<meta property=\"og:site_name\" content=\"PSOL 50\" \/>\n<meta property=\"article:publisher\" content=\"https:\/\/www.facebook.com\/psol50\" \/>\n<meta property=\"article:published_time\" content=\"2017-04-10T13:40:32+00:00\" \/>\n<meta property=\"og:image\" content=\"https:\/\/psol50.org.br\/inc\/uploads\/2018\/07\/capa.png\" \/>\n\t<meta property=\"og:image:width\" content=\"1350\" \/>\n\t<meta property=\"og:image:height\" content=\"900\" \/>\n\t<meta property=\"og:image:type\" content=\"image\/png\" \/>\n<meta name=\"author\" content=\"Comunica\u00e7\u00e3o PSOL\" \/>\n<meta name=\"twitter:card\" content=\"summary_large_image\" \/>\n<meta name=\"twitter:creator\" content=\"@psol50\" \/>\n<meta name=\"twitter:site\" content=\"@psol50\" \/>\n<meta name=\"twitter:label1\" content=\"Escrito por\" \/>\n\t<meta name=\"twitter:data1\" content=\"Comunica\u00e7\u00e3o PSOL\" \/>\n\t<meta name=\"twitter:label2\" content=\"Est. tempo de leitura\" \/>\n\t<meta name=\"twitter:data2\" content=\"2 minutos\" \/>\n<script type=\"application\/ld+json\" class=\"yoast-schema-graph\">{\"@context\":\"https:\/\/schema.org\",\"@graph\":[{\"@type\":\"Article\",\"@id\":\"https:\/\/psol50.org.br\/presidente-do-psol-sp-critica-conservadorismo-de-fernando-holiday-do-mbl\/#article\",\"isPartOf\":{\"@id\":\"https:\/\/psol50.org.br\/presidente-do-psol-sp-critica-conservadorismo-de-fernando-holiday-do-mbl\/\"},\"author\":{\"name\":\"Comunica\u00e7\u00e3o PSOL\",\"@id\":\"https:\/\/psol50.org.br\/#\/schema\/person\/475dfa57d0b815993c714c2e96491fcd\"},\"headline\":\"Presidente do PSOL-SP critica conservadorismo de Fernando Holiday, do MBL\",\"datePublished\":\"2017-04-10T13:40:32+00:00\",\"mainEntityOfPage\":{\"@id\":\"https:\/\/psol50.org.br\/presidente-do-psol-sp-critica-conservadorismo-de-fernando-holiday-do-mbl\/\"},\"wordCount\":469,\"commentCount\":0,\"publisher\":{\"@id\":\"https:\/\/psol50.org.br\/#organization\"},\"image\":{\"@id\":\"https:\/\/psol50.org.br\/presidente-do-psol-sp-critica-conservadorismo-de-fernando-holiday-do-mbl\/#primaryimage\"},\"thumbnailUrl\":\"\",\"keywords\":[\"conservador\",\"DEM\",\"escola sem partido\",\"Fernando Holiday\",\"gay\",\"Joselicio Junior\",\"MBL\",\"negro\",\"PSOL-SP\",\"vereador\"],\"articleSection\":[\"Brasil\",\"Estados\",\"Not\u00edcias\"],\"inLanguage\":\"pt-BR\",\"potentialAction\":[{\"@type\":\"CommentAction\",\"name\":\"Comment\",\"target\":[\"https:\/\/psol50.org.br\/presidente-do-psol-sp-critica-conservadorismo-de-fernando-holiday-do-mbl\/#respond\"]}]},{\"@type\":\"WebPage\",\"@id\":\"https:\/\/psol50.org.br\/presidente-do-psol-sp-critica-conservadorismo-de-fernando-holiday-do-mbl\/\",\"url\":\"https:\/\/psol50.org.br\/presidente-do-psol-sp-critica-conservadorismo-de-fernando-holiday-do-mbl\/\",\"name\":\"Presidente do PSOL-SP critica conservadorismo de Fernando Holiday, do MBL - PSOL 50\",\"isPartOf\":{\"@id\":\"https:\/\/psol50.org.br\/#website\"},\"primaryImageOfPage\":{\"@id\":\"https:\/\/psol50.org.br\/presidente-do-psol-sp-critica-conservadorismo-de-fernando-holiday-do-mbl\/#primaryimage\"},\"image\":{\"@id\":\"https:\/\/psol50.org.br\/presidente-do-psol-sp-critica-conservadorismo-de-fernando-holiday-do-mbl\/#primaryimage\"},\"thumbnailUrl\":\"\",\"datePublished\":\"2017-04-10T13:40:32+00:00\",\"breadcrumb\":{\"@id\":\"https:\/\/psol50.org.br\/presidente-do-psol-sp-critica-conservadorismo-de-fernando-holiday-do-mbl\/#breadcrumb\"},\"inLanguage\":\"pt-BR\",\"potentialAction\":[{\"@type\":\"ReadAction\",\"target\":[\"https:\/\/psol50.org.br\/presidente-do-psol-sp-critica-conservadorismo-de-fernando-holiday-do-mbl\/\"]}]},{\"@type\":\"ImageObject\",\"inLanguage\":\"pt-BR\",\"@id\":\"https:\/\/psol50.org.br\/presidente-do-psol-sp-critica-conservadorismo-de-fernando-holiday-do-mbl\/#primaryimage\",\"url\":\"\",\"contentUrl\":\"\"},{\"@type\":\"BreadcrumbList\",\"@id\":\"https:\/\/psol50.org.br\/presidente-do-psol-sp-critica-conservadorismo-de-fernando-holiday-do-mbl\/#breadcrumb\",\"itemListElement\":[{\"@type\":\"ListItem\",\"position\":1,\"name\":\"In\u00edcio\",\"item\":\"https:\/\/psol50.org.br\/\"},{\"@type\":\"ListItem\",\"position\":2,\"name\":\"Presidente do PSOL-SP critica conservadorismo de Fernando Holiday, do MBL\"}]},{\"@type\":\"WebSite\",\"@id\":\"https:\/\/psol50.org.br\/#website\",\"url\":\"https:\/\/psol50.org.br\/\",\"name\":\"PSOL 50\",\"description\":\"Site oficial do Partido Socialismo e Liberdade\",\"publisher\":{\"@id\":\"https:\/\/psol50.org.br\/#organization\"},\"alternateName\":\"PSOL50\",\"potentialAction\":[{\"@type\":\"SearchAction\",\"target\":{\"@type\":\"EntryPoint\",\"urlTemplate\":\"https:\/\/psol50.org.br\/?s={search_term_string}\"},\"query-input\":{\"@type\":\"PropertyValueSpecification\",\"valueRequired\":true,\"valueName\":\"search_term_string\"}}],\"inLanguage\":\"pt-BR\"},{\"@type\":\"Organization\",\"@id\":\"https:\/\/psol50.org.br\/#organization\",\"name\":\"PSOL 50\",\"alternateName\":\"PSOL 50\",\"url\":\"https:\/\/psol50.org.br\/\",\"logo\":{\"@type\":\"ImageObject\",\"inLanguage\":\"pt-BR\",\"@id\":\"https:\/\/psol50.org.br\/#\/schema\/logo\/image\/\",\"url\":\"https:\/\/psol50.org.br\/inc\/uploads\/2018\/07\/capa.png\",\"contentUrl\":\"https:\/\/psol50.org.br\/inc\/uploads\/2018\/07\/capa.png\",\"width\":1350,\"height\":900,\"caption\":\"PSOL 50\"},\"image\":{\"@id\":\"https:\/\/psol50.org.br\/#\/schema\/logo\/image\/\"},\"sameAs\":[\"https:\/\/www.facebook.com\/psol50\",\"https:\/\/x.com\/psol50\",\"https:\/\/www.instagram.com\/psol50\/\",\"https:\/\/www.youtube.com\/channel\/UC7SnJS5o1os7a6CaiNabzcg\"]},{\"@type\":\"Person\",\"@id\":\"https:\/\/psol50.org.br\/#\/schema\/person\/475dfa57d0b815993c714c2e96491fcd\",\"name\":\"Comunica\u00e7\u00e3o PSOL\",\"image\":{\"@type\":\"ImageObject\",\"inLanguage\":\"pt-BR\",\"@id\":\"https:\/\/psol50.org.br\/#\/schema\/person\/image\/\",\"url\":\"https:\/\/secure.gravatar.com\/avatar\/b34fc4f4e468a4e51785917065a3db57b841f5c95dba6ad8c73aaf8f66f8f9bf?s=96&d=mm&r=g\",\"contentUrl\":\"https:\/\/secure.gravatar.com\/avatar\/b34fc4f4e468a4e51785917065a3db57b841f5c95dba6ad8c73aaf8f66f8f9bf?s=96&d=mm&r=g\",\"caption\":\"Comunica\u00e7\u00e3o PSOL\"}}]}<\/script>\n<!-- \/ Yoast SEO plugin. -->","yoast_head_json":{"title":"Presidente do PSOL-SP critica conservadorismo de Fernando Holiday, do MBL - PSOL 50","robots":{"index":"index","follow":"follow","max-snippet":"max-snippet:-1","max-image-preview":"max-image-preview:large","max-video-preview":"max-video-preview:-1"},"canonical":"https:\/\/psol50.org.br\/presidente-do-psol-sp-critica-conservadorismo-de-fernando-holiday-do-mbl\/","og_locale":"pt_BR","og_type":"article","og_title":"Presidente do PSOL-SP critica conservadorismo de Fernando Holiday, do MBL - PSOL 50","og_description":"Em artigo publicado no site da revista F\u00f3rum, o presidente do PSOL-SP e militante do C\u00edrculo Palmarino, Josel\u00edcio J\u00fanior, critica a postura do vereador de S\u00e3o Paulo eleito pelo DEM e representante do MBL, Fernando Holiday. Al\u00e9m de questionar as posturas ultra conservadoras do jovem pol\u00edtico que, nos \u00faltimos dias\u00a0saiu pelas escolas municipais de S\u00e3o [&hellip;]","og_url":"https:\/\/psol50.org.br\/presidente-do-psol-sp-critica-conservadorismo-de-fernando-holiday-do-mbl\/","og_site_name":"PSOL 50","article_publisher":"https:\/\/www.facebook.com\/psol50","article_published_time":"2017-04-10T13:40:32+00:00","og_image":[{"width":1350,"height":900,"url":"https:\/\/psol50.org.br\/inc\/uploads\/2018\/07\/capa.png","type":"image\/png"}],"author":"Comunica\u00e7\u00e3o PSOL","twitter_card":"summary_large_image","twitter_creator":"@psol50","twitter_site":"@psol50","twitter_misc":{"Escrito por":"Comunica\u00e7\u00e3o PSOL","Est. tempo de leitura":"2 minutos"},"schema":{"@context":"https:\/\/schema.org","@graph":[{"@type":"Article","@id":"https:\/\/psol50.org.br\/presidente-do-psol-sp-critica-conservadorismo-de-fernando-holiday-do-mbl\/#article","isPartOf":{"@id":"https:\/\/psol50.org.br\/presidente-do-psol-sp-critica-conservadorismo-de-fernando-holiday-do-mbl\/"},"author":{"name":"Comunica\u00e7\u00e3o PSOL","@id":"https:\/\/psol50.org.br\/#\/schema\/person\/475dfa57d0b815993c714c2e96491fcd"},"headline":"Presidente do PSOL-SP critica conservadorismo de Fernando Holiday, do MBL","datePublished":"2017-04-10T13:40:32+00:00","mainEntityOfPage":{"@id":"https:\/\/psol50.org.br\/presidente-do-psol-sp-critica-conservadorismo-de-fernando-holiday-do-mbl\/"},"wordCount":469,"commentCount":0,"publisher":{"@id":"https:\/\/psol50.org.br\/#organization"},"image":{"@id":"https:\/\/psol50.org.br\/presidente-do-psol-sp-critica-conservadorismo-de-fernando-holiday-do-mbl\/#primaryimage"},"thumbnailUrl":"","keywords":["conservador","DEM","escola sem partido","Fernando Holiday","gay","Joselicio Junior","MBL","negro","PSOL-SP","vereador"],"articleSection":["Brasil","Estados","Not\u00edcias"],"inLanguage":"pt-BR","potentialAction":[{"@type":"CommentAction","name":"Comment","target":["https:\/\/psol50.org.br\/presidente-do-psol-sp-critica-conservadorismo-de-fernando-holiday-do-mbl\/#respond"]}]},{"@type":"WebPage","@id":"https:\/\/psol50.org.br\/presidente-do-psol-sp-critica-conservadorismo-de-fernando-holiday-do-mbl\/","url":"https:\/\/psol50.org.br\/presidente-do-psol-sp-critica-conservadorismo-de-fernando-holiday-do-mbl\/","name":"Presidente do PSOL-SP critica conservadorismo de Fernando Holiday, do MBL - PSOL 50","isPartOf":{"@id":"https:\/\/psol50.org.br\/#website"},"primaryImageOfPage":{"@id":"https:\/\/psol50.org.br\/presidente-do-psol-sp-critica-conservadorismo-de-fernando-holiday-do-mbl\/#primaryimage"},"image":{"@id":"https:\/\/psol50.org.br\/presidente-do-psol-sp-critica-conservadorismo-de-fernando-holiday-do-mbl\/#primaryimage"},"thumbnailUrl":"","datePublished":"2017-04-10T13:40:32+00:00","breadcrumb":{"@id":"https:\/\/psol50.org.br\/presidente-do-psol-sp-critica-conservadorismo-de-fernando-holiday-do-mbl\/#breadcrumb"},"inLanguage":"pt-BR","potentialAction":[{"@type":"ReadAction","target":["https:\/\/psol50.org.br\/presidente-do-psol-sp-critica-conservadorismo-de-fernando-holiday-do-mbl\/"]}]},{"@type":"ImageObject","inLanguage":"pt-BR","@id":"https:\/\/psol50.org.br\/presidente-do-psol-sp-critica-conservadorismo-de-fernando-holiday-do-mbl\/#primaryimage","url":"","contentUrl":""},{"@type":"BreadcrumbList","@id":"https:\/\/psol50.org.br\/presidente-do-psol-sp-critica-conservadorismo-de-fernando-holiday-do-mbl\/#breadcrumb","itemListElement":[{"@type":"ListItem","position":1,"name":"In\u00edcio","item":"https:\/\/psol50.org.br\/"},{"@type":"ListItem","position":2,"name":"Presidente do PSOL-SP critica conservadorismo de Fernando Holiday, do MBL"}]},{"@type":"WebSite","@id":"https:\/\/psol50.org.br\/#website","url":"https:\/\/psol50.org.br\/","name":"PSOL 50","description":"Site oficial do Partido Socialismo e Liberdade","publisher":{"@id":"https:\/\/psol50.org.br\/#organization"},"alternateName":"PSOL50","potentialAction":[{"@type":"SearchAction","target":{"@type":"EntryPoint","urlTemplate":"https:\/\/psol50.org.br\/?s={search_term_string}"},"query-input":{"@type":"PropertyValueSpecification","valueRequired":true,"valueName":"search_term_string"}}],"inLanguage":"pt-BR"},{"@type":"Organization","@id":"https:\/\/psol50.org.br\/#organization","name":"PSOL 50","alternateName":"PSOL 50","url":"https:\/\/psol50.org.br\/","logo":{"@type":"ImageObject","inLanguage":"pt-BR","@id":"https:\/\/psol50.org.br\/#\/schema\/logo\/image\/","url":"https:\/\/psol50.org.br\/inc\/uploads\/2018\/07\/capa.png","contentUrl":"https:\/\/psol50.org.br\/inc\/uploads\/2018\/07\/capa.png","width":1350,"height":900,"caption":"PSOL 50"},"image":{"@id":"https:\/\/psol50.org.br\/#\/schema\/logo\/image\/"},"sameAs":["https:\/\/www.facebook.com\/psol50","https:\/\/x.com\/psol50","https:\/\/www.instagram.com\/psol50\/","https:\/\/www.youtube.com\/channel\/UC7SnJS5o1os7a6CaiNabzcg"]},{"@type":"Person","@id":"https:\/\/psol50.org.br\/#\/schema\/person\/475dfa57d0b815993c714c2e96491fcd","name":"Comunica\u00e7\u00e3o PSOL","image":{"@type":"ImageObject","inLanguage":"pt-BR","@id":"https:\/\/psol50.org.br\/#\/schema\/person\/image\/","url":"https:\/\/secure.gravatar.com\/avatar\/b34fc4f4e468a4e51785917065a3db57b841f5c95dba6ad8c73aaf8f66f8f9bf?s=96&d=mm&r=g","contentUrl":"https:\/\/secure.gravatar.com\/avatar\/b34fc4f4e468a4e51785917065a3db57b841f5c95dba6ad8c73aaf8f66f8f9bf?s=96&d=mm&r=g","caption":"Comunica\u00e7\u00e3o PSOL"}}]}},"_links":{"self":[{"href":"https:\/\/psol50.org.br\/rest\/wp\/v2\/posts\/16026","targetHints":{"allow":["GET"]}}],"collection":[{"href":"https:\/\/psol50.org.br\/rest\/wp\/v2\/posts"}],"about":[{"href":"https:\/\/psol50.org.br\/rest\/wp\/v2\/types\/post"}],"author":[{"embeddable":true,"href":"https:\/\/psol50.org.br\/rest\/wp\/v2\/users\/2"}],"replies":[{"embeddable":true,"href":"https:\/\/psol50.org.br\/rest\/wp\/v2\/comments?post=16026"}],"version-history":[{"count":0,"href":"https:\/\/psol50.org.br\/rest\/wp\/v2\/posts\/16026\/revisions"}],"wp:featuredmedia":[{"embeddable":true,"href":"https:\/\/psol50.org.br\/rest\/"}],"wp:attachment":[{"href":"https:\/\/psol50.org.br\/rest\/wp\/v2\/media?parent=16026"}],"wp:term":[{"taxonomy":"category","embeddable":true,"href":"https:\/\/psol50.org.br\/rest\/wp\/v2\/categories?post=16026"},{"taxonomy":"post_tag","embeddable":true,"href":"https:\/\/psol50.org.br\/rest\/wp\/v2\/tags?post=16026"}],"curies":[{"name":"wp","href":"https:\/\/api.w.org\/{rel}","templated":true}]}}