{"id":16035,"date":"2017-04-10T14:59:03","date_gmt":"2017-04-10T14:59:03","guid":{"rendered":"http:\/\/www.psol50.org.br\/?p=16035"},"modified":"2017-04-10T14:59:03","modified_gmt":"2017-04-10T14:59:03","slug":"para-ivan-valente-julgamento-da-chapa-dilma-temer-no-tse-e-um-show-de-hipocrisia","status":"publish","type":"post","link":"https:\/\/psol50.org.br\/para-ivan-valente-julgamento-da-chapa-dilma-temer-no-tse-e-um-show-de-hipocrisia\/","title":{"rendered":"Para Ivan Valente, julgamento da chapa Dilma-Temer no TSE \u00e9 um show de hipocrisia"},"content":{"rendered":"<p>Em pronunciamento feito na semana passada na tribuna da C\u00e2mara, o deputado <a href=\"https:\/\/www.facebook.com\/IvanValentePSOL\/?fref=nf\" target=\"_blank\" rel=\"noopener\"><span style=\"color: #0000ff;\">Ivan Valente<\/span><\/a> (PSOL-SP) considerou o julgamento da chapa Dilma-Temer no TSE como um verdadeiro show de cinismo e hipocrisia, com cada um dos envolvidos no processo tendo o seu protagonismo e parcela de cumplicidade para mais este lament\u00e1vel epis\u00f3dio da democracia brasileira.<\/p>\n<p>O deputado do PSOL paulista critica com veem\u00eancia o PSDB que, autor da a\u00e7\u00e3o por suposto abuso do poder econ\u00f4mico da chapa na campanha presidencial, passou a defender a divis\u00e3o da responsabilidade da chapa, numa manobra para salvar a pele de Michel Temer. Um total absurdo que contraria toda a jurisprud\u00eancia do pr\u00f3prio TSE.<\/p>\n<p>Ele lembra, ainda, que Fernando Henrique Cardoso foi aos jornais defender a tese de que a cassa\u00e7\u00e3o de Michel Temer traria mais instabilidade \u00e0s institui\u00e7\u00f5es e \u00e0 economia, sem sequer entrar no m\u00e9rito da acusa\u00e7\u00e3o feita pelo seu partido ou da necessidade de se julgar de maneira justa, isenta e c\u00e9lere os eventuais abusos que possam ter sido cometidos pela chapa. \u201cFHC talvez n\u00e3o tenha percebido que sua posi\u00e7\u00e3o n\u00e3o condiz com a alegada \u2018defesa da estabilidade das institui\u00e7\u00f5es\u2019, na medida em que prop\u00f5e que o Tribunal Superior Eleitoral, uma importante institui\u00e7\u00e3o da democracia brasileira, opte pura e simplesmente por lavar as m\u00e3os, num gesto de completa desmoraliza\u00e7\u00e3o do Tribunal\u201d.<\/p>\n<p>De acordo com Ivan Valente, Temer torce pela protela\u00e7\u00e3o do julgamento, visando ganhar tempo para tentar aprovar suas reformas no Congresso Nacional em troca do apoio da grande m\u00eddia e de setores do empresariado.<\/p>\n<p>Confira no v\u00eddeo abaixo.<\/p>\n<p>https:\/\/www.facebook.com\/IvanValentePSOL\/videos\/1524736340904576\/<\/p>\n","protected":false},"excerpt":{"rendered":"<p>Em pronunciamento feito na semana passada na tribuna da C\u00e2mara, o deputado Ivan Valente (PSOL-SP) considerou o julgamento da chapa Dilma-Temer no TSE como um verdadeiro show de cinismo e hipocrisia, com cada um dos envolvidos no processo tendo o seu protagonismo e parcela de cumplicidade para mais este lament\u00e1vel epis\u00f3dio da democracia brasileira. O [&hellip;]<\/p>\n","protected":false},"author":2,"featured_media":15893,"comment_status":"open","ping_status":"open","sticky":false,"template":"","format":"standard","meta":{"_acf_changed":false,"footnotes":""},"categories":[10,1882,2812],"tags":[3072,3073,552,2180,1748,1590,830],"class_list":{"0":"post-16035","1":"post","2":"type-post","3":"status-publish","4":"format-standard","5":"has-post-thumbnail","7":"category-acao-parlamentares","8":"category-brasil","9":"category-videos_tv","10":"tag-chapa-dilma-temer","11":"tag-hipocrisia","12":"tag-ivan-valente","13":"tag-julgamento","14":"tag-michel-temer","15":"tag-psdb","16":"tag-tse"},"acf":[],"yoast_head":"<!-- This site is optimized with the Yoast SEO plugin v26.5 - https:\/\/yoast.com\/wordpress\/plugins\/seo\/ -->\n<title>Para Ivan Valente, julgamento da chapa Dilma-Temer no TSE \u00e9 um show de hipocrisia - PSOL 50<\/title>\n<meta name=\"robots\" content=\"index, follow, max-snippet:-1, max-image-preview:large, max-video-preview:-1\" \/>\n<link rel=\"canonical\" href=\"https:\/\/psol50.org.br\/para-ivan-valente-julgamento-da-chapa-dilma-temer-no-tse-e-um-show-de-hipocrisia\/\" \/>\n<meta property=\"og:locale\" content=\"pt_BR\" \/>\n<meta property=\"og:type\" content=\"article\" \/>\n<meta property=\"og:title\" content=\"Para Ivan Valente, julgamento da chapa Dilma-Temer no TSE \u00e9 um show de hipocrisia - PSOL 50\" \/>\n<meta property=\"og:description\" content=\"Em pronunciamento feito na semana passada na tribuna da C\u00e2mara, o deputado Ivan Valente (PSOL-SP) considerou o julgamento da chapa Dilma-Temer no TSE como um verdadeiro show de cinismo e hipocrisia, com cada um dos envolvidos no processo tendo o seu protagonismo e parcela de cumplicidade para mais este lament\u00e1vel epis\u00f3dio da democracia brasileira. O [&hellip;]\" \/>\n<meta property=\"og:url\" content=\"https:\/\/psol50.org.br\/para-ivan-valente-julgamento-da-chapa-dilma-temer-no-tse-e-um-show-de-hipocrisia\/\" \/>\n<meta property=\"og:site_name\" content=\"PSOL 50\" \/>\n<meta property=\"article:publisher\" content=\"https:\/\/www.facebook.com\/psol50\" \/>\n<meta property=\"article:published_time\" content=\"2017-04-10T14:59:03+00:00\" \/>\n<meta property=\"og:image\" content=\"https:\/\/psol50.org.br\/inc\/uploads\/2018\/07\/capa.png\" \/>\n\t<meta property=\"og:image:width\" content=\"1350\" \/>\n\t<meta property=\"og:image:height\" content=\"900\" \/>\n\t<meta property=\"og:image:type\" content=\"image\/png\" \/>\n<meta name=\"author\" content=\"Comunica\u00e7\u00e3o PSOL\" \/>\n<meta name=\"twitter:card\" content=\"summary_large_image\" \/>\n<meta name=\"twitter:creator\" content=\"@psol50\" \/>\n<meta name=\"twitter:site\" content=\"@psol50\" \/>\n<meta name=\"twitter:label1\" content=\"Escrito por\" \/>\n\t<meta name=\"twitter:data1\" content=\"Comunica\u00e7\u00e3o PSOL\" \/>\n\t<meta name=\"twitter:label2\" content=\"Est. tempo de leitura\" \/>\n\t<meta name=\"twitter:data2\" content=\"1 minuto\" \/>\n<script type=\"application\/ld+json\" class=\"yoast-schema-graph\">{\"@context\":\"https:\/\/schema.org\",\"@graph\":[{\"@type\":\"Article\",\"@id\":\"https:\/\/psol50.org.br\/para-ivan-valente-julgamento-da-chapa-dilma-temer-no-tse-e-um-show-de-hipocrisia\/#article\",\"isPartOf\":{\"@id\":\"https:\/\/psol50.org.br\/para-ivan-valente-julgamento-da-chapa-dilma-temer-no-tse-e-um-show-de-hipocrisia\/\"},\"author\":{\"name\":\"Comunica\u00e7\u00e3o PSOL\",\"@id\":\"https:\/\/psol50.org.br\/#\/schema\/person\/475dfa57d0b815993c714c2e96491fcd\"},\"headline\":\"Para Ivan Valente, julgamento da chapa Dilma-Temer no TSE \u00e9 um show de hipocrisia\",\"datePublished\":\"2017-04-10T14:59:03+00:00\",\"mainEntityOfPage\":{\"@id\":\"https:\/\/psol50.org.br\/para-ivan-valente-julgamento-da-chapa-dilma-temer-no-tse-e-um-show-de-hipocrisia\/\"},\"wordCount\":299,\"commentCount\":0,\"publisher\":{\"@id\":\"https:\/\/psol50.org.br\/#organization\"},\"image\":{\"@id\":\"https:\/\/psol50.org.br\/para-ivan-valente-julgamento-da-chapa-dilma-temer-no-tse-e-um-show-de-hipocrisia\/#primaryimage\"},\"thumbnailUrl\":\"\",\"keywords\":[\"chapa Dilma-Temer\",\"hipocrisia\",\"Ivan Valente\",\"Julgamento\",\"Michel Temer\",\"PSDB\",\"TSE\"],\"articleSection\":[\"A\u00e7\u00e3o Parlamentar\",\"Brasil\",\"V\u00cdDEOS | MULTIM\u00cdDIA | FLC TV\"],\"inLanguage\":\"pt-BR\",\"potentialAction\":[{\"@type\":\"CommentAction\",\"name\":\"Comment\",\"target\":[\"https:\/\/psol50.org.br\/para-ivan-valente-julgamento-da-chapa-dilma-temer-no-tse-e-um-show-de-hipocrisia\/#respond\"]}]},{\"@type\":\"WebPage\",\"@id\":\"https:\/\/psol50.org.br\/para-ivan-valente-julgamento-da-chapa-dilma-temer-no-tse-e-um-show-de-hipocrisia\/\",\"url\":\"https:\/\/psol50.org.br\/para-ivan-valente-julgamento-da-chapa-dilma-temer-no-tse-e-um-show-de-hipocrisia\/\",\"name\":\"Para Ivan Valente, julgamento da chapa Dilma-Temer no TSE \u00e9 um show de hipocrisia - PSOL 50\",\"isPartOf\":{\"@id\":\"https:\/\/psol50.org.br\/#website\"},\"primaryImageOfPage\":{\"@id\":\"https:\/\/psol50.org.br\/para-ivan-valente-julgamento-da-chapa-dilma-temer-no-tse-e-um-show-de-hipocrisia\/#primaryimage\"},\"image\":{\"@id\":\"https:\/\/psol50.org.br\/para-ivan-valente-julgamento-da-chapa-dilma-temer-no-tse-e-um-show-de-hipocrisia\/#primaryimage\"},\"thumbnailUrl\":\"\",\"datePublished\":\"2017-04-10T14:59:03+00:00\",\"breadcrumb\":{\"@id\":\"https:\/\/psol50.org.br\/para-ivan-valente-julgamento-da-chapa-dilma-temer-no-tse-e-um-show-de-hipocrisia\/#breadcrumb\"},\"inLanguage\":\"pt-BR\",\"potentialAction\":[{\"@type\":\"ReadAction\",\"target\":[\"https:\/\/psol50.org.br\/para-ivan-valente-julgamento-da-chapa-dilma-temer-no-tse-e-um-show-de-hipocrisia\/\"]}]},{\"@type\":\"ImageObject\",\"inLanguage\":\"pt-BR\",\"@id\":\"https:\/\/psol50.org.br\/para-ivan-valente-julgamento-da-chapa-dilma-temer-no-tse-e-um-show-de-hipocrisia\/#primaryimage\",\"url\":\"\",\"contentUrl\":\"\"},{\"@type\":\"BreadcrumbList\",\"@id\":\"https:\/\/psol50.org.br\/para-ivan-valente-julgamento-da-chapa-dilma-temer-no-tse-e-um-show-de-hipocrisia\/#breadcrumb\",\"itemListElement\":[{\"@type\":\"ListItem\",\"position\":1,\"name\":\"In\u00edcio\",\"item\":\"https:\/\/psol50.org.br\/\"},{\"@type\":\"ListItem\",\"position\":2,\"name\":\"Para Ivan Valente, julgamento da chapa Dilma-Temer no TSE \u00e9 um show de hipocrisia\"}]},{\"@type\":\"WebSite\",\"@id\":\"https:\/\/psol50.org.br\/#website\",\"url\":\"https:\/\/psol50.org.br\/\",\"name\":\"PSOL 50\",\"description\":\"Site oficial do Partido Socialismo e Liberdade\",\"publisher\":{\"@id\":\"https:\/\/psol50.org.br\/#organization\"},\"alternateName\":\"PSOL50\",\"potentialAction\":[{\"@type\":\"SearchAction\",\"target\":{\"@type\":\"EntryPoint\",\"urlTemplate\":\"https:\/\/psol50.org.br\/?s={search_term_string}\"},\"query-input\":{\"@type\":\"PropertyValueSpecification\",\"valueRequired\":true,\"valueName\":\"search_term_string\"}}],\"inLanguage\":\"pt-BR\"},{\"@type\":\"Organization\",\"@id\":\"https:\/\/psol50.org.br\/#organization\",\"name\":\"PSOL 50\",\"alternateName\":\"PSOL 50\",\"url\":\"https:\/\/psol50.org.br\/\",\"logo\":{\"@type\":\"ImageObject\",\"inLanguage\":\"pt-BR\",\"@id\":\"https:\/\/psol50.org.br\/#\/schema\/logo\/image\/\",\"url\":\"https:\/\/psol50.org.br\/inc\/uploads\/2018\/07\/capa.png\",\"contentUrl\":\"https:\/\/psol50.org.br\/inc\/uploads\/2018\/07\/capa.png\",\"width\":1350,\"height\":900,\"caption\":\"PSOL 50\"},\"image\":{\"@id\":\"https:\/\/psol50.org.br\/#\/schema\/logo\/image\/\"},\"sameAs\":[\"https:\/\/www.facebook.com\/psol50\",\"https:\/\/x.com\/psol50\",\"https:\/\/www.instagram.com\/psol50\/\",\"https:\/\/www.youtube.com\/channel\/UC7SnJS5o1os7a6CaiNabzcg\"]},{\"@type\":\"Person\",\"@id\":\"https:\/\/psol50.org.br\/#\/schema\/person\/475dfa57d0b815993c714c2e96491fcd\",\"name\":\"Comunica\u00e7\u00e3o PSOL\",\"image\":{\"@type\":\"ImageObject\",\"inLanguage\":\"pt-BR\",\"@id\":\"https:\/\/psol50.org.br\/#\/schema\/person\/image\/\",\"url\":\"https:\/\/secure.gravatar.com\/avatar\/b34fc4f4e468a4e51785917065a3db57b841f5c95dba6ad8c73aaf8f66f8f9bf?s=96&d=mm&r=g\",\"contentUrl\":\"https:\/\/secure.gravatar.com\/avatar\/b34fc4f4e468a4e51785917065a3db57b841f5c95dba6ad8c73aaf8f66f8f9bf?s=96&d=mm&r=g\",\"caption\":\"Comunica\u00e7\u00e3o PSOL\"}}]}<\/script>\n<!-- \/ Yoast SEO plugin. -->","yoast_head_json":{"title":"Para Ivan Valente, julgamento da chapa Dilma-Temer no TSE \u00e9 um show de hipocrisia - PSOL 50","robots":{"index":"index","follow":"follow","max-snippet":"max-snippet:-1","max-image-preview":"max-image-preview:large","max-video-preview":"max-video-preview:-1"},"canonical":"https:\/\/psol50.org.br\/para-ivan-valente-julgamento-da-chapa-dilma-temer-no-tse-e-um-show-de-hipocrisia\/","og_locale":"pt_BR","og_type":"article","og_title":"Para Ivan Valente, julgamento da chapa Dilma-Temer no TSE \u00e9 um show de hipocrisia - PSOL 50","og_description":"Em pronunciamento feito na semana passada na tribuna da C\u00e2mara, o deputado Ivan Valente (PSOL-SP) considerou o julgamento da chapa Dilma-Temer no TSE como um verdadeiro show de cinismo e hipocrisia, com cada um dos envolvidos no processo tendo o seu protagonismo e parcela de cumplicidade para mais este lament\u00e1vel epis\u00f3dio da democracia brasileira. O [&hellip;]","og_url":"https:\/\/psol50.org.br\/para-ivan-valente-julgamento-da-chapa-dilma-temer-no-tse-e-um-show-de-hipocrisia\/","og_site_name":"PSOL 50","article_publisher":"https:\/\/www.facebook.com\/psol50","article_published_time":"2017-04-10T14:59:03+00:00","og_image":[{"width":1350,"height":900,"url":"https:\/\/psol50.org.br\/inc\/uploads\/2018\/07\/capa.png","type":"image\/png"}],"author":"Comunica\u00e7\u00e3o PSOL","twitter_card":"summary_large_image","twitter_creator":"@psol50","twitter_site":"@psol50","twitter_misc":{"Escrito por":"Comunica\u00e7\u00e3o PSOL","Est. tempo de leitura":"1 minuto"},"schema":{"@context":"https:\/\/schema.org","@graph":[{"@type":"Article","@id":"https:\/\/psol50.org.br\/para-ivan-valente-julgamento-da-chapa-dilma-temer-no-tse-e-um-show-de-hipocrisia\/#article","isPartOf":{"@id":"https:\/\/psol50.org.br\/para-ivan-valente-julgamento-da-chapa-dilma-temer-no-tse-e-um-show-de-hipocrisia\/"},"author":{"name":"Comunica\u00e7\u00e3o PSOL","@id":"https:\/\/psol50.org.br\/#\/schema\/person\/475dfa57d0b815993c714c2e96491fcd"},"headline":"Para Ivan Valente, julgamento da chapa Dilma-Temer no TSE \u00e9 um show de hipocrisia","datePublished":"2017-04-10T14:59:03+00:00","mainEntityOfPage":{"@id":"https:\/\/psol50.org.br\/para-ivan-valente-julgamento-da-chapa-dilma-temer-no-tse-e-um-show-de-hipocrisia\/"},"wordCount":299,"commentCount":0,"publisher":{"@id":"https:\/\/psol50.org.br\/#organization"},"image":{"@id":"https:\/\/psol50.org.br\/para-ivan-valente-julgamento-da-chapa-dilma-temer-no-tse-e-um-show-de-hipocrisia\/#primaryimage"},"thumbnailUrl":"","keywords":["chapa Dilma-Temer","hipocrisia","Ivan Valente","Julgamento","Michel Temer","PSDB","TSE"],"articleSection":["A\u00e7\u00e3o Parlamentar","Brasil","V\u00cdDEOS | MULTIM\u00cdDIA | FLC TV"],"inLanguage":"pt-BR","potentialAction":[{"@type":"CommentAction","name":"Comment","target":["https:\/\/psol50.org.br\/para-ivan-valente-julgamento-da-chapa-dilma-temer-no-tse-e-um-show-de-hipocrisia\/#respond"]}]},{"@type":"WebPage","@id":"https:\/\/psol50.org.br\/para-ivan-valente-julgamento-da-chapa-dilma-temer-no-tse-e-um-show-de-hipocrisia\/","url":"https:\/\/psol50.org.br\/para-ivan-valente-julgamento-da-chapa-dilma-temer-no-tse-e-um-show-de-hipocrisia\/","name":"Para Ivan Valente, julgamento da chapa Dilma-Temer no TSE \u00e9 um show de hipocrisia - PSOL 50","isPartOf":{"@id":"https:\/\/psol50.org.br\/#website"},"primaryImageOfPage":{"@id":"https:\/\/psol50.org.br\/para-ivan-valente-julgamento-da-chapa-dilma-temer-no-tse-e-um-show-de-hipocrisia\/#primaryimage"},"image":{"@id":"https:\/\/psol50.org.br\/para-ivan-valente-julgamento-da-chapa-dilma-temer-no-tse-e-um-show-de-hipocrisia\/#primaryimage"},"thumbnailUrl":"","datePublished":"2017-04-10T14:59:03+00:00","breadcrumb":{"@id":"https:\/\/psol50.org.br\/para-ivan-valente-julgamento-da-chapa-dilma-temer-no-tse-e-um-show-de-hipocrisia\/#breadcrumb"},"inLanguage":"pt-BR","potentialAction":[{"@type":"ReadAction","target":["https:\/\/psol50.org.br\/para-ivan-valente-julgamento-da-chapa-dilma-temer-no-tse-e-um-show-de-hipocrisia\/"]}]},{"@type":"ImageObject","inLanguage":"pt-BR","@id":"https:\/\/psol50.org.br\/para-ivan-valente-julgamento-da-chapa-dilma-temer-no-tse-e-um-show-de-hipocrisia\/#primaryimage","url":"","contentUrl":""},{"@type":"BreadcrumbList","@id":"https:\/\/psol50.org.br\/para-ivan-valente-julgamento-da-chapa-dilma-temer-no-tse-e-um-show-de-hipocrisia\/#breadcrumb","itemListElement":[{"@type":"ListItem","position":1,"name":"In\u00edcio","item":"https:\/\/psol50.org.br\/"},{"@type":"ListItem","position":2,"name":"Para Ivan Valente, julgamento da chapa Dilma-Temer no TSE \u00e9 um show de hipocrisia"}]},{"@type":"WebSite","@id":"https:\/\/psol50.org.br\/#website","url":"https:\/\/psol50.org.br\/","name":"PSOL 50","description":"Site oficial do Partido Socialismo e Liberdade","publisher":{"@id":"https:\/\/psol50.org.br\/#organization"},"alternateName":"PSOL50","potentialAction":[{"@type":"SearchAction","target":{"@type":"EntryPoint","urlTemplate":"https:\/\/psol50.org.br\/?s={search_term_string}"},"query-input":{"@type":"PropertyValueSpecification","valueRequired":true,"valueName":"search_term_string"}}],"inLanguage":"pt-BR"},{"@type":"Organization","@id":"https:\/\/psol50.org.br\/#organization","name":"PSOL 50","alternateName":"PSOL 50","url":"https:\/\/psol50.org.br\/","logo":{"@type":"ImageObject","inLanguage":"pt-BR","@id":"https:\/\/psol50.org.br\/#\/schema\/logo\/image\/","url":"https:\/\/psol50.org.br\/inc\/uploads\/2018\/07\/capa.png","contentUrl":"https:\/\/psol50.org.br\/inc\/uploads\/2018\/07\/capa.png","width":1350,"height":900,"caption":"PSOL 50"},"image":{"@id":"https:\/\/psol50.org.br\/#\/schema\/logo\/image\/"},"sameAs":["https:\/\/www.facebook.com\/psol50","https:\/\/x.com\/psol50","https:\/\/www.instagram.com\/psol50\/","https:\/\/www.youtube.com\/channel\/UC7SnJS5o1os7a6CaiNabzcg"]},{"@type":"Person","@id":"https:\/\/psol50.org.br\/#\/schema\/person\/475dfa57d0b815993c714c2e96491fcd","name":"Comunica\u00e7\u00e3o PSOL","image":{"@type":"ImageObject","inLanguage":"pt-BR","@id":"https:\/\/psol50.org.br\/#\/schema\/person\/image\/","url":"https:\/\/secure.gravatar.com\/avatar\/b34fc4f4e468a4e51785917065a3db57b841f5c95dba6ad8c73aaf8f66f8f9bf?s=96&d=mm&r=g","contentUrl":"https:\/\/secure.gravatar.com\/avatar\/b34fc4f4e468a4e51785917065a3db57b841f5c95dba6ad8c73aaf8f66f8f9bf?s=96&d=mm&r=g","caption":"Comunica\u00e7\u00e3o PSOL"}}]}},"_links":{"self":[{"href":"https:\/\/psol50.org.br\/rest\/wp\/v2\/posts\/16035","targetHints":{"allow":["GET"]}}],"collection":[{"href":"https:\/\/psol50.org.br\/rest\/wp\/v2\/posts"}],"about":[{"href":"https:\/\/psol50.org.br\/rest\/wp\/v2\/types\/post"}],"author":[{"embeddable":true,"href":"https:\/\/psol50.org.br\/rest\/wp\/v2\/users\/2"}],"replies":[{"embeddable":true,"href":"https:\/\/psol50.org.br\/rest\/wp\/v2\/comments?post=16035"}],"version-history":[{"count":0,"href":"https:\/\/psol50.org.br\/rest\/wp\/v2\/posts\/16035\/revisions"}],"wp:featuredmedia":[{"embeddable":true,"href":"https:\/\/psol50.org.br\/rest\/"}],"wp:attachment":[{"href":"https:\/\/psol50.org.br\/rest\/wp\/v2\/media?parent=16035"}],"wp:term":[{"taxonomy":"category","embeddable":true,"href":"https:\/\/psol50.org.br\/rest\/wp\/v2\/categories?post=16035"},{"taxonomy":"post_tag","embeddable":true,"href":"https:\/\/psol50.org.br\/rest\/wp\/v2\/tags?post=16035"}],"curies":[{"name":"wp","href":"https:\/\/api.w.org\/{rel}","templated":true}]}}