{"id":16066,"date":"2017-04-11T17:56:03","date_gmt":"2017-04-11T17:56:03","guid":{"rendered":"http:\/\/www.psol50.org.br\/?p=16066"},"modified":"2017-04-11T17:56:03","modified_gmt":"2017-04-11T17:56:03","slug":"vereadora-do-psol-samia-bomfim-pede-cassacao-do-mandato-de-fernando-holiday-do-mbl","status":"publish","type":"post","link":"https:\/\/psol50.org.br\/vereadora-do-psol-samia-bomfim-pede-cassacao-do-mandato-de-fernando-holiday-do-mbl\/","title":{"rendered":"Vereadora do PSOL, S\u00e2mia Bomfim pede cassa\u00e7\u00e3o\u00a0do mandato de Fernando Holiday, do MBL"},"content":{"rendered":"<p>A vereadora do PSOL em S\u00e3o Paulo S\u00e2mia Bomfim entrou, nesta segunda-feira (10\/04), na Corregedoria da C\u00e2mara Municipal, com pedido de cassa\u00e7\u00e3o do vereador do DEM Fernando Holiday. O l\u00edder da organiza\u00e7\u00e3o ultra conservadora MBL (Movimento Brasil Livre) divulgou ilegalmente os telefones de S\u00e2mia e da suplente Isa Penna \u2013 que \u00e0 \u00e9poca exercia a titularidade &#8211; e estimulou seguidores a coagi-las. Em fun\u00e7\u00e3o desse ato, elas receberam milhares de mensagens de cunho amea\u00e7ador.<\/p>\n<p>No pedido, a vereadora do PSOL afirma que a a\u00e7\u00e3o de divulgar dados pessoais foi coordenada pelo grupo do vereador e fere princ\u00edpios de intimidade e privacidade. Tamb\u00e9m nessa segunda-feira, S\u00e2mia registrou Boletim de Ocorr\u00eancia na Delegacia de Crimes Cibern\u00e9ticos pelos crimes de amea\u00e7a, difama\u00e7\u00e3o e inj\u00faria.<\/p>\n<p>Recentemente S\u00e2mia Bomfim criticou o vereador do MBL\u00a0pela sua empreitada em defesa do programa Escola Sem Partido, considerando como intimidat\u00f3ria a sua atitude de visitar escolas municipais para verificar se havia doutrina\u00e7\u00e3o ideol\u00f3gica. Em resposta a isso, ela\u00a0apresentou\u00a0o Projeto de Lei\u00a0n\u00ba 207.2017, contra a censura nas escolas, em defesa dos debates plurais e democr\u00e1ticos, contra a ditadura do pensamento \u00fanico e em respeito ao magist\u00e9rio e aos projetos pol\u00edticos pedag\u00f3gicos formulados pelos profissionais da Educa\u00e7\u00e3o. Para apoiar esse projeto, basta assinar a peti\u00e7\u00e3o: <a href=\"http:\/\/campanhas.samiabomfim.com.br\/escolassemcensura\" target=\"_blank\" rel=\"nofollow noopener\">http:\/\/campanhas.samiabomfim.com.br\/escolassemcensura<\/a>.<\/p>\n<p>Confira, abaixo,\u00a0a fala\u00a0de S\u00e2mia no plen\u00e1rio da C\u00e2mara dos Vereadores, denunciando a atitude totalit\u00e1ria e intimidadora de Holiday contra os professores da Rede Municipal.<\/p>\n<p>https:\/\/www.facebook.com\/samia.bomfim.psol\/videos\/241192112955236\/<\/p>\n<p>&nbsp;<\/p>\n","protected":false},"excerpt":{"rendered":"<p>A vereadora do PSOL em S\u00e3o Paulo S\u00e2mia Bomfim entrou, nesta segunda-feira (10\/04), na Corregedoria da C\u00e2mara Municipal, com pedido de cassa\u00e7\u00e3o do vereador do DEM Fernando Holiday. O l\u00edder da organiza\u00e7\u00e3o ultra conservadora MBL (Movimento Brasil Livre) divulgou ilegalmente os telefones de S\u00e2mia e da suplente Isa Penna \u2013 que \u00e0 \u00e9poca exercia a [&hellip;]<\/p>\n","protected":false},"author":2,"featured_media":16068,"comment_status":"open","ping_status":"open","sticky":false,"template":"","format":"standard","meta":{"_acf_changed":false,"footnotes":""},"categories":[10,654,6,14],"tags":[278,2210,3044,156,22,2265,1363],"class_list":{"0":"post-16066","1":"post","2":"type-post","3":"status-publish","4":"format-standard","5":"has-post-thumbnail","7":"category-acao-parlamentares","8":"category-estados","9":"category-noticias","10":"category-partido","11":"tag-cassacao","12":"tag-dem","13":"tag-fernando-holiday","14":"tag-mbl","15":"tag-psol","16":"tag-samia-bonfim","17":"tag-vereadora"},"acf":[],"yoast_head":"<!-- This site is optimized with the Yoast SEO plugin v26.5 - https:\/\/yoast.com\/wordpress\/plugins\/seo\/ -->\n<title>Vereadora do PSOL, S\u00e2mia Bomfim pede cassa\u00e7\u00e3o\u00a0do mandato de Fernando Holiday, do MBL - PSOL 50<\/title>\n<meta name=\"robots\" content=\"index, follow, max-snippet:-1, max-image-preview:large, max-video-preview:-1\" \/>\n<link rel=\"canonical\" href=\"https:\/\/psol50.org.br\/vereadora-do-psol-samia-bomfim-pede-cassacao-do-mandato-de-fernando-holiday-do-mbl\/\" \/>\n<meta property=\"og:locale\" content=\"pt_BR\" \/>\n<meta property=\"og:type\" content=\"article\" \/>\n<meta property=\"og:title\" content=\"Vereadora do PSOL, S\u00e2mia Bomfim pede cassa\u00e7\u00e3o\u00a0do mandato de Fernando Holiday, do MBL - PSOL 50\" \/>\n<meta property=\"og:description\" content=\"A vereadora do PSOL em S\u00e3o Paulo S\u00e2mia Bomfim entrou, nesta segunda-feira (10\/04), na Corregedoria da C\u00e2mara Municipal, com pedido de cassa\u00e7\u00e3o do vereador do DEM Fernando Holiday. O l\u00edder da organiza\u00e7\u00e3o ultra conservadora MBL (Movimento Brasil Livre) divulgou ilegalmente os telefones de S\u00e2mia e da suplente Isa Penna \u2013 que \u00e0 \u00e9poca exercia a [&hellip;]\" \/>\n<meta property=\"og:url\" content=\"https:\/\/psol50.org.br\/vereadora-do-psol-samia-bomfim-pede-cassacao-do-mandato-de-fernando-holiday-do-mbl\/\" \/>\n<meta property=\"og:site_name\" content=\"PSOL 50\" \/>\n<meta property=\"article:publisher\" content=\"https:\/\/www.facebook.com\/psol50\" \/>\n<meta property=\"article:published_time\" content=\"2017-04-11T17:56:03+00:00\" \/>\n<meta property=\"og:image\" content=\"https:\/\/psol50.org.br\/inc\/uploads\/2018\/07\/capa.png\" \/>\n\t<meta property=\"og:image:width\" content=\"1350\" \/>\n\t<meta property=\"og:image:height\" content=\"900\" \/>\n\t<meta property=\"og:image:type\" content=\"image\/png\" \/>\n<meta name=\"author\" content=\"Comunica\u00e7\u00e3o PSOL\" \/>\n<meta name=\"twitter:card\" content=\"summary_large_image\" \/>\n<meta name=\"twitter:creator\" content=\"@psol50\" \/>\n<meta name=\"twitter:site\" content=\"@psol50\" \/>\n<meta name=\"twitter:label1\" content=\"Escrito por\" \/>\n\t<meta name=\"twitter:data1\" content=\"Comunica\u00e7\u00e3o PSOL\" \/>\n\t<meta name=\"twitter:label2\" content=\"Est. tempo de leitura\" \/>\n\t<meta name=\"twitter:data2\" content=\"1 minuto\" \/>\n<script type=\"application\/ld+json\" class=\"yoast-schema-graph\">{\"@context\":\"https:\/\/schema.org\",\"@graph\":[{\"@type\":\"Article\",\"@id\":\"https:\/\/psol50.org.br\/vereadora-do-psol-samia-bomfim-pede-cassacao-do-mandato-de-fernando-holiday-do-mbl\/#article\",\"isPartOf\":{\"@id\":\"https:\/\/psol50.org.br\/vereadora-do-psol-samia-bomfim-pede-cassacao-do-mandato-de-fernando-holiday-do-mbl\/\"},\"author\":{\"name\":\"Comunica\u00e7\u00e3o PSOL\",\"@id\":\"https:\/\/psol50.org.br\/#\/schema\/person\/475dfa57d0b815993c714c2e96491fcd\"},\"headline\":\"Vereadora do PSOL, S\u00e2mia Bomfim pede cassa\u00e7\u00e3o\u00a0do mandato de Fernando Holiday, do MBL\",\"datePublished\":\"2017-04-11T17:56:03+00:00\",\"mainEntityOfPage\":{\"@id\":\"https:\/\/psol50.org.br\/vereadora-do-psol-samia-bomfim-pede-cassacao-do-mandato-de-fernando-holiday-do-mbl\/\"},\"wordCount\":293,\"commentCount\":0,\"publisher\":{\"@id\":\"https:\/\/psol50.org.br\/#organization\"},\"image\":{\"@id\":\"https:\/\/psol50.org.br\/vereadora-do-psol-samia-bomfim-pede-cassacao-do-mandato-de-fernando-holiday-do-mbl\/#primaryimage\"},\"thumbnailUrl\":\"\",\"keywords\":[\"cassa\u00e7\u00e3o\",\"DEM\",\"Fernando Holiday\",\"MBL\",\"PSOL\",\"Samia Bonfim\",\"vereadora\"],\"articleSection\":[\"A\u00e7\u00e3o Parlamentar\",\"Estados\",\"Not\u00edcias\",\"Partido\"],\"inLanguage\":\"pt-BR\",\"potentialAction\":[{\"@type\":\"CommentAction\",\"name\":\"Comment\",\"target\":[\"https:\/\/psol50.org.br\/vereadora-do-psol-samia-bomfim-pede-cassacao-do-mandato-de-fernando-holiday-do-mbl\/#respond\"]}]},{\"@type\":\"WebPage\",\"@id\":\"https:\/\/psol50.org.br\/vereadora-do-psol-samia-bomfim-pede-cassacao-do-mandato-de-fernando-holiday-do-mbl\/\",\"url\":\"https:\/\/psol50.org.br\/vereadora-do-psol-samia-bomfim-pede-cassacao-do-mandato-de-fernando-holiday-do-mbl\/\",\"name\":\"Vereadora do PSOL, S\u00e2mia Bomfim pede cassa\u00e7\u00e3o\u00a0do mandato de Fernando Holiday, do MBL - PSOL 50\",\"isPartOf\":{\"@id\":\"https:\/\/psol50.org.br\/#website\"},\"primaryImageOfPage\":{\"@id\":\"https:\/\/psol50.org.br\/vereadora-do-psol-samia-bomfim-pede-cassacao-do-mandato-de-fernando-holiday-do-mbl\/#primaryimage\"},\"image\":{\"@id\":\"https:\/\/psol50.org.br\/vereadora-do-psol-samia-bomfim-pede-cassacao-do-mandato-de-fernando-holiday-do-mbl\/#primaryimage\"},\"thumbnailUrl\":\"\",\"datePublished\":\"2017-04-11T17:56:03+00:00\",\"breadcrumb\":{\"@id\":\"https:\/\/psol50.org.br\/vereadora-do-psol-samia-bomfim-pede-cassacao-do-mandato-de-fernando-holiday-do-mbl\/#breadcrumb\"},\"inLanguage\":\"pt-BR\",\"potentialAction\":[{\"@type\":\"ReadAction\",\"target\":[\"https:\/\/psol50.org.br\/vereadora-do-psol-samia-bomfim-pede-cassacao-do-mandato-de-fernando-holiday-do-mbl\/\"]}]},{\"@type\":\"ImageObject\",\"inLanguage\":\"pt-BR\",\"@id\":\"https:\/\/psol50.org.br\/vereadora-do-psol-samia-bomfim-pede-cassacao-do-mandato-de-fernando-holiday-do-mbl\/#primaryimage\",\"url\":\"\",\"contentUrl\":\"\"},{\"@type\":\"BreadcrumbList\",\"@id\":\"https:\/\/psol50.org.br\/vereadora-do-psol-samia-bomfim-pede-cassacao-do-mandato-de-fernando-holiday-do-mbl\/#breadcrumb\",\"itemListElement\":[{\"@type\":\"ListItem\",\"position\":1,\"name\":\"In\u00edcio\",\"item\":\"https:\/\/psol50.org.br\/\"},{\"@type\":\"ListItem\",\"position\":2,\"name\":\"Vereadora do PSOL, S\u00e2mia Bomfim pede cassa\u00e7\u00e3o\u00a0do mandato de Fernando Holiday, do MBL\"}]},{\"@type\":\"WebSite\",\"@id\":\"https:\/\/psol50.org.br\/#website\",\"url\":\"https:\/\/psol50.org.br\/\",\"name\":\"PSOL 50\",\"description\":\"Site oficial do Partido Socialismo e Liberdade\",\"publisher\":{\"@id\":\"https:\/\/psol50.org.br\/#organization\"},\"alternateName\":\"PSOL50\",\"potentialAction\":[{\"@type\":\"SearchAction\",\"target\":{\"@type\":\"EntryPoint\",\"urlTemplate\":\"https:\/\/psol50.org.br\/?s={search_term_string}\"},\"query-input\":{\"@type\":\"PropertyValueSpecification\",\"valueRequired\":true,\"valueName\":\"search_term_string\"}}],\"inLanguage\":\"pt-BR\"},{\"@type\":\"Organization\",\"@id\":\"https:\/\/psol50.org.br\/#organization\",\"name\":\"PSOL 50\",\"alternateName\":\"PSOL 50\",\"url\":\"https:\/\/psol50.org.br\/\",\"logo\":{\"@type\":\"ImageObject\",\"inLanguage\":\"pt-BR\",\"@id\":\"https:\/\/psol50.org.br\/#\/schema\/logo\/image\/\",\"url\":\"https:\/\/psol50.org.br\/inc\/uploads\/2018\/07\/capa.png\",\"contentUrl\":\"https:\/\/psol50.org.br\/inc\/uploads\/2018\/07\/capa.png\",\"width\":1350,\"height\":900,\"caption\":\"PSOL 50\"},\"image\":{\"@id\":\"https:\/\/psol50.org.br\/#\/schema\/logo\/image\/\"},\"sameAs\":[\"https:\/\/www.facebook.com\/psol50\",\"https:\/\/x.com\/psol50\",\"https:\/\/www.instagram.com\/psol50\/\",\"https:\/\/www.youtube.com\/channel\/UC7SnJS5o1os7a6CaiNabzcg\"]},{\"@type\":\"Person\",\"@id\":\"https:\/\/psol50.org.br\/#\/schema\/person\/475dfa57d0b815993c714c2e96491fcd\",\"name\":\"Comunica\u00e7\u00e3o PSOL\",\"image\":{\"@type\":\"ImageObject\",\"inLanguage\":\"pt-BR\",\"@id\":\"https:\/\/psol50.org.br\/#\/schema\/person\/image\/\",\"url\":\"https:\/\/secure.gravatar.com\/avatar\/b34fc4f4e468a4e51785917065a3db57b841f5c95dba6ad8c73aaf8f66f8f9bf?s=96&d=mm&r=g\",\"contentUrl\":\"https:\/\/secure.gravatar.com\/avatar\/b34fc4f4e468a4e51785917065a3db57b841f5c95dba6ad8c73aaf8f66f8f9bf?s=96&d=mm&r=g\",\"caption\":\"Comunica\u00e7\u00e3o PSOL\"}}]}<\/script>\n<!-- \/ Yoast SEO plugin. -->","yoast_head_json":{"title":"Vereadora do PSOL, S\u00e2mia Bomfim pede cassa\u00e7\u00e3o\u00a0do mandato de Fernando Holiday, do MBL - PSOL 50","robots":{"index":"index","follow":"follow","max-snippet":"max-snippet:-1","max-image-preview":"max-image-preview:large","max-video-preview":"max-video-preview:-1"},"canonical":"https:\/\/psol50.org.br\/vereadora-do-psol-samia-bomfim-pede-cassacao-do-mandato-de-fernando-holiday-do-mbl\/","og_locale":"pt_BR","og_type":"article","og_title":"Vereadora do PSOL, S\u00e2mia Bomfim pede cassa\u00e7\u00e3o\u00a0do mandato de Fernando Holiday, do MBL - PSOL 50","og_description":"A vereadora do PSOL em S\u00e3o Paulo S\u00e2mia Bomfim entrou, nesta segunda-feira (10\/04), na Corregedoria da C\u00e2mara Municipal, com pedido de cassa\u00e7\u00e3o do vereador do DEM Fernando Holiday. O l\u00edder da organiza\u00e7\u00e3o ultra conservadora MBL (Movimento Brasil Livre) divulgou ilegalmente os telefones de S\u00e2mia e da suplente Isa Penna \u2013 que \u00e0 \u00e9poca exercia a [&hellip;]","og_url":"https:\/\/psol50.org.br\/vereadora-do-psol-samia-bomfim-pede-cassacao-do-mandato-de-fernando-holiday-do-mbl\/","og_site_name":"PSOL 50","article_publisher":"https:\/\/www.facebook.com\/psol50","article_published_time":"2017-04-11T17:56:03+00:00","og_image":[{"width":1350,"height":900,"url":"https:\/\/psol50.org.br\/inc\/uploads\/2018\/07\/capa.png","type":"image\/png"}],"author":"Comunica\u00e7\u00e3o PSOL","twitter_card":"summary_large_image","twitter_creator":"@psol50","twitter_site":"@psol50","twitter_misc":{"Escrito por":"Comunica\u00e7\u00e3o PSOL","Est. tempo de leitura":"1 minuto"},"schema":{"@context":"https:\/\/schema.org","@graph":[{"@type":"Article","@id":"https:\/\/psol50.org.br\/vereadora-do-psol-samia-bomfim-pede-cassacao-do-mandato-de-fernando-holiday-do-mbl\/#article","isPartOf":{"@id":"https:\/\/psol50.org.br\/vereadora-do-psol-samia-bomfim-pede-cassacao-do-mandato-de-fernando-holiday-do-mbl\/"},"author":{"name":"Comunica\u00e7\u00e3o PSOL","@id":"https:\/\/psol50.org.br\/#\/schema\/person\/475dfa57d0b815993c714c2e96491fcd"},"headline":"Vereadora do PSOL, S\u00e2mia Bomfim pede cassa\u00e7\u00e3o\u00a0do mandato de Fernando Holiday, do MBL","datePublished":"2017-04-11T17:56:03+00:00","mainEntityOfPage":{"@id":"https:\/\/psol50.org.br\/vereadora-do-psol-samia-bomfim-pede-cassacao-do-mandato-de-fernando-holiday-do-mbl\/"},"wordCount":293,"commentCount":0,"publisher":{"@id":"https:\/\/psol50.org.br\/#organization"},"image":{"@id":"https:\/\/psol50.org.br\/vereadora-do-psol-samia-bomfim-pede-cassacao-do-mandato-de-fernando-holiday-do-mbl\/#primaryimage"},"thumbnailUrl":"","keywords":["cassa\u00e7\u00e3o","DEM","Fernando Holiday","MBL","PSOL","Samia Bonfim","vereadora"],"articleSection":["A\u00e7\u00e3o Parlamentar","Estados","Not\u00edcias","Partido"],"inLanguage":"pt-BR","potentialAction":[{"@type":"CommentAction","name":"Comment","target":["https:\/\/psol50.org.br\/vereadora-do-psol-samia-bomfim-pede-cassacao-do-mandato-de-fernando-holiday-do-mbl\/#respond"]}]},{"@type":"WebPage","@id":"https:\/\/psol50.org.br\/vereadora-do-psol-samia-bomfim-pede-cassacao-do-mandato-de-fernando-holiday-do-mbl\/","url":"https:\/\/psol50.org.br\/vereadora-do-psol-samia-bomfim-pede-cassacao-do-mandato-de-fernando-holiday-do-mbl\/","name":"Vereadora do PSOL, S\u00e2mia Bomfim pede cassa\u00e7\u00e3o\u00a0do mandato de Fernando Holiday, do MBL - PSOL 50","isPartOf":{"@id":"https:\/\/psol50.org.br\/#website"},"primaryImageOfPage":{"@id":"https:\/\/psol50.org.br\/vereadora-do-psol-samia-bomfim-pede-cassacao-do-mandato-de-fernando-holiday-do-mbl\/#primaryimage"},"image":{"@id":"https:\/\/psol50.org.br\/vereadora-do-psol-samia-bomfim-pede-cassacao-do-mandato-de-fernando-holiday-do-mbl\/#primaryimage"},"thumbnailUrl":"","datePublished":"2017-04-11T17:56:03+00:00","breadcrumb":{"@id":"https:\/\/psol50.org.br\/vereadora-do-psol-samia-bomfim-pede-cassacao-do-mandato-de-fernando-holiday-do-mbl\/#breadcrumb"},"inLanguage":"pt-BR","potentialAction":[{"@type":"ReadAction","target":["https:\/\/psol50.org.br\/vereadora-do-psol-samia-bomfim-pede-cassacao-do-mandato-de-fernando-holiday-do-mbl\/"]}]},{"@type":"ImageObject","inLanguage":"pt-BR","@id":"https:\/\/psol50.org.br\/vereadora-do-psol-samia-bomfim-pede-cassacao-do-mandato-de-fernando-holiday-do-mbl\/#primaryimage","url":"","contentUrl":""},{"@type":"BreadcrumbList","@id":"https:\/\/psol50.org.br\/vereadora-do-psol-samia-bomfim-pede-cassacao-do-mandato-de-fernando-holiday-do-mbl\/#breadcrumb","itemListElement":[{"@type":"ListItem","position":1,"name":"In\u00edcio","item":"https:\/\/psol50.org.br\/"},{"@type":"ListItem","position":2,"name":"Vereadora do PSOL, S\u00e2mia Bomfim pede cassa\u00e7\u00e3o\u00a0do mandato de Fernando Holiday, do MBL"}]},{"@type":"WebSite","@id":"https:\/\/psol50.org.br\/#website","url":"https:\/\/psol50.org.br\/","name":"PSOL 50","description":"Site oficial do Partido Socialismo e Liberdade","publisher":{"@id":"https:\/\/psol50.org.br\/#organization"},"alternateName":"PSOL50","potentialAction":[{"@type":"SearchAction","target":{"@type":"EntryPoint","urlTemplate":"https:\/\/psol50.org.br\/?s={search_term_string}"},"query-input":{"@type":"PropertyValueSpecification","valueRequired":true,"valueName":"search_term_string"}}],"inLanguage":"pt-BR"},{"@type":"Organization","@id":"https:\/\/psol50.org.br\/#organization","name":"PSOL 50","alternateName":"PSOL 50","url":"https:\/\/psol50.org.br\/","logo":{"@type":"ImageObject","inLanguage":"pt-BR","@id":"https:\/\/psol50.org.br\/#\/schema\/logo\/image\/","url":"https:\/\/psol50.org.br\/inc\/uploads\/2018\/07\/capa.png","contentUrl":"https:\/\/psol50.org.br\/inc\/uploads\/2018\/07\/capa.png","width":1350,"height":900,"caption":"PSOL 50"},"image":{"@id":"https:\/\/psol50.org.br\/#\/schema\/logo\/image\/"},"sameAs":["https:\/\/www.facebook.com\/psol50","https:\/\/x.com\/psol50","https:\/\/www.instagram.com\/psol50\/","https:\/\/www.youtube.com\/channel\/UC7SnJS5o1os7a6CaiNabzcg"]},{"@type":"Person","@id":"https:\/\/psol50.org.br\/#\/schema\/person\/475dfa57d0b815993c714c2e96491fcd","name":"Comunica\u00e7\u00e3o PSOL","image":{"@type":"ImageObject","inLanguage":"pt-BR","@id":"https:\/\/psol50.org.br\/#\/schema\/person\/image\/","url":"https:\/\/secure.gravatar.com\/avatar\/b34fc4f4e468a4e51785917065a3db57b841f5c95dba6ad8c73aaf8f66f8f9bf?s=96&d=mm&r=g","contentUrl":"https:\/\/secure.gravatar.com\/avatar\/b34fc4f4e468a4e51785917065a3db57b841f5c95dba6ad8c73aaf8f66f8f9bf?s=96&d=mm&r=g","caption":"Comunica\u00e7\u00e3o PSOL"}}]}},"_links":{"self":[{"href":"https:\/\/psol50.org.br\/rest\/wp\/v2\/posts\/16066","targetHints":{"allow":["GET"]}}],"collection":[{"href":"https:\/\/psol50.org.br\/rest\/wp\/v2\/posts"}],"about":[{"href":"https:\/\/psol50.org.br\/rest\/wp\/v2\/types\/post"}],"author":[{"embeddable":true,"href":"https:\/\/psol50.org.br\/rest\/wp\/v2\/users\/2"}],"replies":[{"embeddable":true,"href":"https:\/\/psol50.org.br\/rest\/wp\/v2\/comments?post=16066"}],"version-history":[{"count":0,"href":"https:\/\/psol50.org.br\/rest\/wp\/v2\/posts\/16066\/revisions"}],"wp:featuredmedia":[{"embeddable":true,"href":"https:\/\/psol50.org.br\/rest\/"}],"wp:attachment":[{"href":"https:\/\/psol50.org.br\/rest\/wp\/v2\/media?parent=16066"}],"wp:term":[{"taxonomy":"category","embeddable":true,"href":"https:\/\/psol50.org.br\/rest\/wp\/v2\/categories?post=16066"},{"taxonomy":"post_tag","embeddable":true,"href":"https:\/\/psol50.org.br\/rest\/wp\/v2\/tags?post=16066"}],"curies":[{"name":"wp","href":"https:\/\/api.w.org\/{rel}","templated":true}]}}