{"id":1612,"date":"2011-09-01T00:00:00","date_gmt":"2011-09-01T00:00:00","guid":{"rendered":"http:\/\/psol50.org.br\/arquivo\/2011\/09\/01\/eliomar-coelho-e-preciso-punir-responsaveis-e-revitalizar-o-sistema-de-bondes\/"},"modified":"2011-09-01T00:00:00","modified_gmt":"2011-09-01T00:00:00","slug":"eliomar-coelho-e-preciso-punir-responsaveis-e-revitalizar-o-sistema-de-bondes","status":"publish","type":"post","link":"https:\/\/psol50.org.br\/eliomar-coelho-e-preciso-punir-responsaveis-e-revitalizar-o-sistema-de-bondes\/","title":{"rendered":"Eliomar Coelho: \u201c\u00c9 preciso punir respons\u00e1veis e revitalizar o sistema de bondes\u201d"},"content":{"rendered":"<p><a rel=\"attachment wp-att-10554\" href=\"http:\/\/psol50.org.br\/blog\/2011\/09\/01\/eliomar-coelho-%e2%80%9ce-preciso-punir-responsaveis-e-revitalizar-o-sistema-de-bondes%e2%80%9d\/protesto_bonde_rio\/\"><img loading=\"lazy\" decoding=\"async\" class=\"alignleft size-full wp-image-10554\" src=\"http:\/\/psol50.org.br\/files\/2011\/09\/Protesto_Bonde_Rio.jpg\" alt=\"\" width=\"310\" height=\"133\" \/><\/a>Solid\u00e1rio \u00e0 dor das v\u00edtimas do bonde de Santa Teresa e aos moradores  do bairro, o vereador Eliomar Coelho esteve na \u00faltima quarta-feira  (31\/08) na reuni\u00e3o organizada pela AMAST. A Associa\u00e7\u00e3o de Moradores e  Amigos de Santa Teresa e parlamentares cobram do governo estadual  puni\u00e7\u00e3o aos culpados pelo acidente e investimentos, j\u00e1 definidos por  lei, no sistema de transporte centen\u00e1rio.<\/p>\n<p>&#8211; \u00c9 inadmiss\u00edvel que Julio Lopes continue como Secret\u00e1rio de  Transportes. O que n\u00f3s temos que fazer \u00e9 o seguinte: primeiro punir os  respons\u00e1veis pelo acidente e em segundo lugar, lutar para revitalizar o  sistema de bondes. Queremos que essa hist\u00f3ria tenha um fim totalmente  diferente do que vimos at\u00e9 agora. H\u00e1 anos den\u00fancias s\u00e3o feitas e nada  muda.<\/p>\n<p>Na manh\u00e3 de quinta-feira (01\/09),  os moradores voltaram a se reunir.  O encontro aconteceu pela manh\u00e3, no Largo da Carioca, na esta\u00e7\u00e3o dos  bondes. Vestidos de preto parentes das v\u00edtimas e  moradores de Santa  Teresa, voltaram a pedir a exonera\u00e7\u00e3o do secret\u00e1rio de transporte Julio  Lopes.<\/p>\n<p>Em 2008, a partir de uma representa\u00e7\u00e3o da AMAST ao Minist\u00e9rio P\u00fablico  (que gerou uma a\u00e7\u00e3o civil p\u00fablica), o Tribunal de Justi\u00e7a condenou o  Estado a reformar esta\u00e7\u00f5es, substituir 4.600 m de fios de contato,  recuperar 8Km de via, reformar 14 bondes e a oficina de bondes,  substituir o gradil sobre os Arcos da Lapa, construir abrigos de bondes,  implantar 6 seccionamentos na Rede A\u00e9rea, recuperar 60% dos trilhos e  pavimentos \u2013 em mal estado de conserva\u00e7\u00e3o \u2013  (n\u00e3o contemplados pelo  \u201cProjeto de Recupera\u00e7\u00e3o do Sistema de Bondes de Santa Teresa\u201d) e ainda, a  pagar multa de 50mil reais por dia, pelo descumprimento desta senten\u00e7a.<\/p>\n<p>A pesar de a lei ter efeito imediato, o estado recorreu. A decis\u00e3o  foi ent\u00e3o analisada por tr\u00eas desembargadores que endossaram a senten\u00e7a  da primeira inst\u00e2ncia. N\u00e3o satisfeito e ainda obrigado a cumprir a  senten\u00e7a o governo do estado recorreu ao Superior Tribunal de Justi\u00e7a.<\/p>\n<p>&#8211; Eles fazem isso, sucateiam o servi\u00e7o p\u00fablico, para depois dizer que  n\u00e3o funciona e privatiz\u00e1-lo. O bonde \u00e9 um s\u00edmbolo cultural do bairro e  deve servir a todos, n\u00e3o apenas aos turistas.<\/p>\n<p><a href=\"http:\/\/www.eliomar.com.br\/2011\/09\/01\/eliomar-e-preciso-punir-responsaveis-e-revitalizar-o-sistema-de-bondes\/\"><em><strong>*Eliomar Coelho \u00e9 engenheiro. Vereador combativo e \u00e9tico, sua atua\u00e7\u00e3o  pol\u00edtica tem como refer\u00eancia a parceria com movimentos populares e como  eixo central a defesa de uma pol\u00edtica urbana democr\u00e1tica, que privilegie  a cidadania e a participa\u00e7\u00e3o popular.<\/strong><\/em><\/a><\/p>\n","protected":false},"excerpt":{"rendered":"<p>Solid\u00e1rio \u00e0 dor das v\u00edtimas do bonde de Santa Teresa e aos moradores do bairro, o vereador Eliomar Coelho esteve na \u00faltima quarta-feira (31\/08) na reuni\u00e3o organizada pela AMAST. A Associa\u00e7\u00e3o de Moradores e Amigos de Santa Teresa e parlamentares cobram do governo estadual puni\u00e7\u00e3o aos culpados pelo acidente e investimentos, j\u00e1 definidos por lei, [&hellip;]<\/p>\n","protected":false},"author":2,"featured_media":0,"comment_status":"open","ping_status":"open","sticky":false,"template":"","format":"standard","meta":{"_acf_changed":false,"footnotes":""},"categories":[4766],"tags":[],"class_list":{"0":"post-1612","1":"post","2":"type-post","3":"status-publish","4":"format-standard","6":"category-arquivo"},"acf":[],"yoast_head":"<!-- This site is optimized with the Yoast SEO plugin v26.5 - https:\/\/yoast.com\/wordpress\/plugins\/seo\/ -->\n<title>Eliomar Coelho: \u201c\u00c9 preciso punir respons\u00e1veis e revitalizar o sistema de bondes\u201d - PSOL 50<\/title>\n<meta name=\"robots\" content=\"index, follow, max-snippet:-1, max-image-preview:large, max-video-preview:-1\" \/>\n<link rel=\"canonical\" href=\"https:\/\/psol50.org.br\/eliomar-coelho-e-preciso-punir-responsaveis-e-revitalizar-o-sistema-de-bondes\/\" \/>\n<meta property=\"og:locale\" content=\"pt_BR\" \/>\n<meta property=\"og:type\" content=\"article\" \/>\n<meta property=\"og:title\" content=\"Eliomar Coelho: \u201c\u00c9 preciso punir respons\u00e1veis e revitalizar o sistema de bondes\u201d - PSOL 50\" \/>\n<meta property=\"og:description\" content=\"Solid\u00e1rio \u00e0 dor das v\u00edtimas do bonde de Santa Teresa e aos moradores do bairro, o vereador Eliomar Coelho esteve na \u00faltima quarta-feira (31\/08) na reuni\u00e3o organizada pela AMAST. A Associa\u00e7\u00e3o de Moradores e Amigos de Santa Teresa e parlamentares cobram do governo estadual puni\u00e7\u00e3o aos culpados pelo acidente e investimentos, j\u00e1 definidos por lei, [&hellip;]\" \/>\n<meta property=\"og:url\" content=\"https:\/\/psol50.org.br\/eliomar-coelho-e-preciso-punir-responsaveis-e-revitalizar-o-sistema-de-bondes\/\" \/>\n<meta property=\"og:site_name\" content=\"PSOL 50\" \/>\n<meta property=\"article:publisher\" content=\"https:\/\/www.facebook.com\/psol50\" \/>\n<meta property=\"article:published_time\" content=\"2011-09-01T00:00:00+00:00\" \/>\n<meta property=\"og:image\" content=\"http:\/\/psol50.org.br\/files\/2011\/09\/Protesto_Bonde_Rio.jpg\" \/>\n<meta name=\"author\" content=\"Comunica\u00e7\u00e3o PSOL\" \/>\n<meta name=\"twitter:card\" content=\"summary_large_image\" \/>\n<meta name=\"twitter:creator\" content=\"@psol50\" \/>\n<meta name=\"twitter:site\" content=\"@psol50\" \/>\n<meta name=\"twitter:label1\" content=\"Escrito por\" \/>\n\t<meta name=\"twitter:data1\" content=\"Comunica\u00e7\u00e3o PSOL\" \/>\n\t<meta name=\"twitter:label2\" content=\"Est. tempo de leitura\" \/>\n\t<meta name=\"twitter:data2\" content=\"2 minutos\" \/>\n<script type=\"application\/ld+json\" class=\"yoast-schema-graph\">{\"@context\":\"https:\/\/schema.org\",\"@graph\":[{\"@type\":\"Article\",\"@id\":\"https:\/\/psol50.org.br\/eliomar-coelho-e-preciso-punir-responsaveis-e-revitalizar-o-sistema-de-bondes\/#article\",\"isPartOf\":{\"@id\":\"https:\/\/psol50.org.br\/eliomar-coelho-e-preciso-punir-responsaveis-e-revitalizar-o-sistema-de-bondes\/\"},\"author\":{\"name\":\"Comunica\u00e7\u00e3o PSOL\",\"@id\":\"https:\/\/psol50.org.br\/#\/schema\/person\/475dfa57d0b815993c714c2e96491fcd\"},\"headline\":\"Eliomar Coelho: \u201c\u00c9 preciso punir respons\u00e1veis e revitalizar o sistema de bondes\u201d\",\"datePublished\":\"2011-09-01T00:00:00+00:00\",\"mainEntityOfPage\":{\"@id\":\"https:\/\/psol50.org.br\/eliomar-coelho-e-preciso-punir-responsaveis-e-revitalizar-o-sistema-de-bondes\/\"},\"wordCount\":433,\"commentCount\":0,\"publisher\":{\"@id\":\"https:\/\/psol50.org.br\/#organization\"},\"image\":{\"@id\":\"https:\/\/psol50.org.br\/eliomar-coelho-e-preciso-punir-responsaveis-e-revitalizar-o-sistema-de-bondes\/#primaryimage\"},\"thumbnailUrl\":\"http:\/\/psol50.org.br\/files\/2011\/09\/Protesto_Bonde_Rio.jpg\",\"articleSection\":[\"Arquivo\"],\"inLanguage\":\"pt-BR\",\"potentialAction\":[{\"@type\":\"CommentAction\",\"name\":\"Comment\",\"target\":[\"https:\/\/psol50.org.br\/eliomar-coelho-e-preciso-punir-responsaveis-e-revitalizar-o-sistema-de-bondes\/#respond\"]}]},{\"@type\":\"WebPage\",\"@id\":\"https:\/\/psol50.org.br\/eliomar-coelho-e-preciso-punir-responsaveis-e-revitalizar-o-sistema-de-bondes\/\",\"url\":\"https:\/\/psol50.org.br\/eliomar-coelho-e-preciso-punir-responsaveis-e-revitalizar-o-sistema-de-bondes\/\",\"name\":\"Eliomar Coelho: \u201c\u00c9 preciso punir respons\u00e1veis e revitalizar o sistema de bondes\u201d - PSOL 50\",\"isPartOf\":{\"@id\":\"https:\/\/psol50.org.br\/#website\"},\"primaryImageOfPage\":{\"@id\":\"https:\/\/psol50.org.br\/eliomar-coelho-e-preciso-punir-responsaveis-e-revitalizar-o-sistema-de-bondes\/#primaryimage\"},\"image\":{\"@id\":\"https:\/\/psol50.org.br\/eliomar-coelho-e-preciso-punir-responsaveis-e-revitalizar-o-sistema-de-bondes\/#primaryimage\"},\"thumbnailUrl\":\"http:\/\/psol50.org.br\/files\/2011\/09\/Protesto_Bonde_Rio.jpg\",\"datePublished\":\"2011-09-01T00:00:00+00:00\",\"breadcrumb\":{\"@id\":\"https:\/\/psol50.org.br\/eliomar-coelho-e-preciso-punir-responsaveis-e-revitalizar-o-sistema-de-bondes\/#breadcrumb\"},\"inLanguage\":\"pt-BR\",\"potentialAction\":[{\"@type\":\"ReadAction\",\"target\":[\"https:\/\/psol50.org.br\/eliomar-coelho-e-preciso-punir-responsaveis-e-revitalizar-o-sistema-de-bondes\/\"]}]},{\"@type\":\"ImageObject\",\"inLanguage\":\"pt-BR\",\"@id\":\"https:\/\/psol50.org.br\/eliomar-coelho-e-preciso-punir-responsaveis-e-revitalizar-o-sistema-de-bondes\/#primaryimage\",\"url\":\"http:\/\/psol50.org.br\/files\/2011\/09\/Protesto_Bonde_Rio.jpg\",\"contentUrl\":\"http:\/\/psol50.org.br\/files\/2011\/09\/Protesto_Bonde_Rio.jpg\"},{\"@type\":\"BreadcrumbList\",\"@id\":\"https:\/\/psol50.org.br\/eliomar-coelho-e-preciso-punir-responsaveis-e-revitalizar-o-sistema-de-bondes\/#breadcrumb\",\"itemListElement\":[{\"@type\":\"ListItem\",\"position\":1,\"name\":\"In\u00edcio\",\"item\":\"https:\/\/psol50.org.br\/\"},{\"@type\":\"ListItem\",\"position\":2,\"name\":\"Eliomar Coelho: \u201c\u00c9 preciso punir respons\u00e1veis e revitalizar o sistema de bondes\u201d\"}]},{\"@type\":\"WebSite\",\"@id\":\"https:\/\/psol50.org.br\/#website\",\"url\":\"https:\/\/psol50.org.br\/\",\"name\":\"PSOL 50\",\"description\":\"Site oficial do Partido Socialismo e Liberdade\",\"publisher\":{\"@id\":\"https:\/\/psol50.org.br\/#organization\"},\"alternateName\":\"PSOL50\",\"potentialAction\":[{\"@type\":\"SearchAction\",\"target\":{\"@type\":\"EntryPoint\",\"urlTemplate\":\"https:\/\/psol50.org.br\/?s={search_term_string}\"},\"query-input\":{\"@type\":\"PropertyValueSpecification\",\"valueRequired\":true,\"valueName\":\"search_term_string\"}}],\"inLanguage\":\"pt-BR\"},{\"@type\":\"Organization\",\"@id\":\"https:\/\/psol50.org.br\/#organization\",\"name\":\"PSOL 50\",\"alternateName\":\"PSOL 50\",\"url\":\"https:\/\/psol50.org.br\/\",\"logo\":{\"@type\":\"ImageObject\",\"inLanguage\":\"pt-BR\",\"@id\":\"https:\/\/psol50.org.br\/#\/schema\/logo\/image\/\",\"url\":\"https:\/\/psol50.org.br\/inc\/uploads\/2018\/07\/capa.png\",\"contentUrl\":\"https:\/\/psol50.org.br\/inc\/uploads\/2018\/07\/capa.png\",\"width\":1350,\"height\":900,\"caption\":\"PSOL 50\"},\"image\":{\"@id\":\"https:\/\/psol50.org.br\/#\/schema\/logo\/image\/\"},\"sameAs\":[\"https:\/\/www.facebook.com\/psol50\",\"https:\/\/x.com\/psol50\",\"https:\/\/www.instagram.com\/psol50\/\",\"https:\/\/www.youtube.com\/channel\/UC7SnJS5o1os7a6CaiNabzcg\"]},{\"@type\":\"Person\",\"@id\":\"https:\/\/psol50.org.br\/#\/schema\/person\/475dfa57d0b815993c714c2e96491fcd\",\"name\":\"Comunica\u00e7\u00e3o PSOL\",\"image\":{\"@type\":\"ImageObject\",\"inLanguage\":\"pt-BR\",\"@id\":\"https:\/\/psol50.org.br\/#\/schema\/person\/image\/\",\"url\":\"https:\/\/secure.gravatar.com\/avatar\/b34fc4f4e468a4e51785917065a3db57b841f5c95dba6ad8c73aaf8f66f8f9bf?s=96&d=mm&r=g\",\"contentUrl\":\"https:\/\/secure.gravatar.com\/avatar\/b34fc4f4e468a4e51785917065a3db57b841f5c95dba6ad8c73aaf8f66f8f9bf?s=96&d=mm&r=g\",\"caption\":\"Comunica\u00e7\u00e3o PSOL\"}}]}<\/script>\n<!-- \/ Yoast SEO plugin. -->","yoast_head_json":{"title":"Eliomar Coelho: \u201c\u00c9 preciso punir respons\u00e1veis e revitalizar o sistema de bondes\u201d - PSOL 50","robots":{"index":"index","follow":"follow","max-snippet":"max-snippet:-1","max-image-preview":"max-image-preview:large","max-video-preview":"max-video-preview:-1"},"canonical":"https:\/\/psol50.org.br\/eliomar-coelho-e-preciso-punir-responsaveis-e-revitalizar-o-sistema-de-bondes\/","og_locale":"pt_BR","og_type":"article","og_title":"Eliomar Coelho: \u201c\u00c9 preciso punir respons\u00e1veis e revitalizar o sistema de bondes\u201d - PSOL 50","og_description":"Solid\u00e1rio \u00e0 dor das v\u00edtimas do bonde de Santa Teresa e aos moradores do bairro, o vereador Eliomar Coelho esteve na \u00faltima quarta-feira (31\/08) na reuni\u00e3o organizada pela AMAST. A Associa\u00e7\u00e3o de Moradores e Amigos de Santa Teresa e parlamentares cobram do governo estadual puni\u00e7\u00e3o aos culpados pelo acidente e investimentos, j\u00e1 definidos por lei, [&hellip;]","og_url":"https:\/\/psol50.org.br\/eliomar-coelho-e-preciso-punir-responsaveis-e-revitalizar-o-sistema-de-bondes\/","og_site_name":"PSOL 50","article_publisher":"https:\/\/www.facebook.com\/psol50","article_published_time":"2011-09-01T00:00:00+00:00","og_image":[{"url":"http:\/\/psol50.org.br\/files\/2011\/09\/Protesto_Bonde_Rio.jpg","type":"","width":"","height":""}],"author":"Comunica\u00e7\u00e3o PSOL","twitter_card":"summary_large_image","twitter_creator":"@psol50","twitter_site":"@psol50","twitter_misc":{"Escrito por":"Comunica\u00e7\u00e3o PSOL","Est. tempo de leitura":"2 minutos"},"schema":{"@context":"https:\/\/schema.org","@graph":[{"@type":"Article","@id":"https:\/\/psol50.org.br\/eliomar-coelho-e-preciso-punir-responsaveis-e-revitalizar-o-sistema-de-bondes\/#article","isPartOf":{"@id":"https:\/\/psol50.org.br\/eliomar-coelho-e-preciso-punir-responsaveis-e-revitalizar-o-sistema-de-bondes\/"},"author":{"name":"Comunica\u00e7\u00e3o PSOL","@id":"https:\/\/psol50.org.br\/#\/schema\/person\/475dfa57d0b815993c714c2e96491fcd"},"headline":"Eliomar Coelho: \u201c\u00c9 preciso punir respons\u00e1veis e revitalizar o sistema de bondes\u201d","datePublished":"2011-09-01T00:00:00+00:00","mainEntityOfPage":{"@id":"https:\/\/psol50.org.br\/eliomar-coelho-e-preciso-punir-responsaveis-e-revitalizar-o-sistema-de-bondes\/"},"wordCount":433,"commentCount":0,"publisher":{"@id":"https:\/\/psol50.org.br\/#organization"},"image":{"@id":"https:\/\/psol50.org.br\/eliomar-coelho-e-preciso-punir-responsaveis-e-revitalizar-o-sistema-de-bondes\/#primaryimage"},"thumbnailUrl":"http:\/\/psol50.org.br\/files\/2011\/09\/Protesto_Bonde_Rio.jpg","articleSection":["Arquivo"],"inLanguage":"pt-BR","potentialAction":[{"@type":"CommentAction","name":"Comment","target":["https:\/\/psol50.org.br\/eliomar-coelho-e-preciso-punir-responsaveis-e-revitalizar-o-sistema-de-bondes\/#respond"]}]},{"@type":"WebPage","@id":"https:\/\/psol50.org.br\/eliomar-coelho-e-preciso-punir-responsaveis-e-revitalizar-o-sistema-de-bondes\/","url":"https:\/\/psol50.org.br\/eliomar-coelho-e-preciso-punir-responsaveis-e-revitalizar-o-sistema-de-bondes\/","name":"Eliomar Coelho: \u201c\u00c9 preciso punir respons\u00e1veis e revitalizar o sistema de bondes\u201d - PSOL 50","isPartOf":{"@id":"https:\/\/psol50.org.br\/#website"},"primaryImageOfPage":{"@id":"https:\/\/psol50.org.br\/eliomar-coelho-e-preciso-punir-responsaveis-e-revitalizar-o-sistema-de-bondes\/#primaryimage"},"image":{"@id":"https:\/\/psol50.org.br\/eliomar-coelho-e-preciso-punir-responsaveis-e-revitalizar-o-sistema-de-bondes\/#primaryimage"},"thumbnailUrl":"http:\/\/psol50.org.br\/files\/2011\/09\/Protesto_Bonde_Rio.jpg","datePublished":"2011-09-01T00:00:00+00:00","breadcrumb":{"@id":"https:\/\/psol50.org.br\/eliomar-coelho-e-preciso-punir-responsaveis-e-revitalizar-o-sistema-de-bondes\/#breadcrumb"},"inLanguage":"pt-BR","potentialAction":[{"@type":"ReadAction","target":["https:\/\/psol50.org.br\/eliomar-coelho-e-preciso-punir-responsaveis-e-revitalizar-o-sistema-de-bondes\/"]}]},{"@type":"ImageObject","inLanguage":"pt-BR","@id":"https:\/\/psol50.org.br\/eliomar-coelho-e-preciso-punir-responsaveis-e-revitalizar-o-sistema-de-bondes\/#primaryimage","url":"http:\/\/psol50.org.br\/files\/2011\/09\/Protesto_Bonde_Rio.jpg","contentUrl":"http:\/\/psol50.org.br\/files\/2011\/09\/Protesto_Bonde_Rio.jpg"},{"@type":"BreadcrumbList","@id":"https:\/\/psol50.org.br\/eliomar-coelho-e-preciso-punir-responsaveis-e-revitalizar-o-sistema-de-bondes\/#breadcrumb","itemListElement":[{"@type":"ListItem","position":1,"name":"In\u00edcio","item":"https:\/\/psol50.org.br\/"},{"@type":"ListItem","position":2,"name":"Eliomar Coelho: \u201c\u00c9 preciso punir respons\u00e1veis e revitalizar o sistema de bondes\u201d"}]},{"@type":"WebSite","@id":"https:\/\/psol50.org.br\/#website","url":"https:\/\/psol50.org.br\/","name":"PSOL 50","description":"Site oficial do Partido Socialismo e Liberdade","publisher":{"@id":"https:\/\/psol50.org.br\/#organization"},"alternateName":"PSOL50","potentialAction":[{"@type":"SearchAction","target":{"@type":"EntryPoint","urlTemplate":"https:\/\/psol50.org.br\/?s={search_term_string}"},"query-input":{"@type":"PropertyValueSpecification","valueRequired":true,"valueName":"search_term_string"}}],"inLanguage":"pt-BR"},{"@type":"Organization","@id":"https:\/\/psol50.org.br\/#organization","name":"PSOL 50","alternateName":"PSOL 50","url":"https:\/\/psol50.org.br\/","logo":{"@type":"ImageObject","inLanguage":"pt-BR","@id":"https:\/\/psol50.org.br\/#\/schema\/logo\/image\/","url":"https:\/\/psol50.org.br\/inc\/uploads\/2018\/07\/capa.png","contentUrl":"https:\/\/psol50.org.br\/inc\/uploads\/2018\/07\/capa.png","width":1350,"height":900,"caption":"PSOL 50"},"image":{"@id":"https:\/\/psol50.org.br\/#\/schema\/logo\/image\/"},"sameAs":["https:\/\/www.facebook.com\/psol50","https:\/\/x.com\/psol50","https:\/\/www.instagram.com\/psol50\/","https:\/\/www.youtube.com\/channel\/UC7SnJS5o1os7a6CaiNabzcg"]},{"@type":"Person","@id":"https:\/\/psol50.org.br\/#\/schema\/person\/475dfa57d0b815993c714c2e96491fcd","name":"Comunica\u00e7\u00e3o PSOL","image":{"@type":"ImageObject","inLanguage":"pt-BR","@id":"https:\/\/psol50.org.br\/#\/schema\/person\/image\/","url":"https:\/\/secure.gravatar.com\/avatar\/b34fc4f4e468a4e51785917065a3db57b841f5c95dba6ad8c73aaf8f66f8f9bf?s=96&d=mm&r=g","contentUrl":"https:\/\/secure.gravatar.com\/avatar\/b34fc4f4e468a4e51785917065a3db57b841f5c95dba6ad8c73aaf8f66f8f9bf?s=96&d=mm&r=g","caption":"Comunica\u00e7\u00e3o PSOL"}}]}},"_links":{"self":[{"href":"https:\/\/psol50.org.br\/rest\/wp\/v2\/posts\/1612","targetHints":{"allow":["GET"]}}],"collection":[{"href":"https:\/\/psol50.org.br\/rest\/wp\/v2\/posts"}],"about":[{"href":"https:\/\/psol50.org.br\/rest\/wp\/v2\/types\/post"}],"author":[{"embeddable":true,"href":"https:\/\/psol50.org.br\/rest\/wp\/v2\/users\/2"}],"replies":[{"embeddable":true,"href":"https:\/\/psol50.org.br\/rest\/wp\/v2\/comments?post=1612"}],"version-history":[{"count":0,"href":"https:\/\/psol50.org.br\/rest\/wp\/v2\/posts\/1612\/revisions"}],"wp:attachment":[{"href":"https:\/\/psol50.org.br\/rest\/wp\/v2\/media?parent=1612"}],"wp:term":[{"taxonomy":"category","embeddable":true,"href":"https:\/\/psol50.org.br\/rest\/wp\/v2\/categories?post=1612"},{"taxonomy":"post_tag","embeddable":true,"href":"https:\/\/psol50.org.br\/rest\/wp\/v2\/tags?post=1612"}],"curies":[{"name":"wp","href":"https:\/\/api.w.org\/{rel}","templated":true}]}}