{"id":16133,"date":"2017-04-12T13:19:25","date_gmt":"2017-04-12T13:19:25","guid":{"rendered":"http:\/\/www.psol50.org.br\/?p=16133"},"modified":"2017-04-12T13:19:25","modified_gmt":"2017-04-12T13:19:25","slug":"nova-lista-da-odebrecht-confirma-temer-nao-tem-mais-condicoes-de-continuar-a-frente-do-governo","status":"publish","type":"post","link":"https:\/\/psol50.org.br\/nova-lista-da-odebrecht-confirma-temer-nao-tem-mais-condicoes-de-continuar-a-frente-do-governo\/","title":{"rendered":"Nova lista da Odebrecht confirma: Temer n\u00e3o tem mais condi\u00e7\u00f5es de continuar \u00e0 frente do governo"},"content":{"rendered":"<p>A nova lista com pol\u00edticos e partidos com graves acusa\u00e7\u00f5es de receberem propinas ou dinheiro para caixa-dois, divulgada na tarde desta ter\u00e7a-feira (11\/04) pelo jornal <em>O Estado de S\u00e3o Paulo<\/em>, confirma que o presidente ileg\u00edtimo Michel Temer n\u00e3o tem mais condi\u00e7\u00f5es de continuar \u00e0 frente do Pal\u00e1cio do Planalto e que sua base de sustenta\u00e7\u00e3o no Congresso Nacional tamb\u00e9m n\u00e3o possui legitimidade para aprovar as reformas em discuss\u00e3o.<\/p>\n<p>Na enorme lista, definida pelo ministro Edson Fachin, relator da opera\u00e7\u00e3o Lava Jato no Supremo Tribunal Federal (STF), constam nove ministros, 24 senadores e 39 deputados federais, entre eles os presidentes da C\u00e2mara e do Senado, deputado Rodrigo Maia (DEM-RJ) e senador Eun\u00edcio Oliveira (PMDB-CE), respectivamente. Os nomes, de praticamente todos os partidos com representa\u00e7\u00e3o no Congresso Nacional, ser\u00e3o alvos de inqu\u00e9ritos, abertos por determina\u00e7\u00e3o do ministro relator. Novamente nenhum nome do PSOL \u00e9 citado. E continuar\u00e1 n\u00e3o sendo.<\/p>\n<figure id=\"attachment_14053\" aria-describedby=\"caption-attachment-14053\" style=\"width: 800px\" class=\"wp-caption aligncenter\"><img loading=\"lazy\" decoding=\"async\" class=\"size-full wp-image-14053\" src=\"http:\/\/psol501.hospedagemdesites.ws\/inc\/uploads\/2016\/09\/Edson_Fachin_Marcelo_Camargo_ABr.jpg\" alt=\"\" width=\"800\" height=\"532\" srcset=\"https:\/\/psol50.org.br\/inc\/uploads\/2016\/09\/Edson_Fachin_Marcelo_Camargo_ABr.jpg 800w, https:\/\/psol50.org.br\/inc\/uploads\/2016\/09\/Edson_Fachin_Marcelo_Camargo_ABr-300x200.jpg 300w, https:\/\/psol50.org.br\/inc\/uploads\/2016\/09\/Edson_Fachin_Marcelo_Camargo_ABr-768x511.jpg 768w, https:\/\/psol50.org.br\/inc\/uploads\/2016\/09\/Edson_Fachin_Marcelo_Camargo_ABr-150x100.jpg 150w, https:\/\/psol50.org.br\/inc\/uploads\/2016\/09\/Edson_Fachin_Marcelo_Camargo_ABr-696x463.jpg 696w\" sizes=\"auto, (max-width: 800px) 100vw, 800px\" \/><figcaption id=\"caption-attachment-14053\" class=\"wp-caption-text\"><em>Foto: Marcelo Camargo\/Ag\u00eancia Brasil<\/em><\/figcaption><\/figure>\n<p>Conforme explicou a reportagem do <em>Estad\u00e3o<\/em>, o grupo listado por Fachin faz parte do total de 108 alvos dos 83 inqu\u00e9ritos que a Procuradoria-Geral da Rep\u00fablica (PGR) encaminhou ao STF com base nas dela\u00e7\u00f5es dos 78 executivos e ex-executivos do Grupo Odebrecht, todos com foro privilegiado no STF. Os camp\u00f5es com o maior n\u00famero de inqu\u00e9ritos s\u00e3o tr\u00eas fieis aliados de Temer: os senadores A\u00e9cio Neves (PSDB-MG) e Romero Juc\u00e1 (PMDB-RR), ter\u00e3o cinco inqu\u00e9ritos abertos, cada um; e o senador Renan Calheiros (PMDB-AL), o segundo da lista, ter\u00e1 quatro inqu\u00e9ritos abertos contra ele.<\/p>\n<p>Com a nova lista de Fachin fica \u00f3bvio o verdadeiro mar de lama a que o governo Temer vem se afundando. A maioria dos citados faz parte de sua base de sustenta\u00e7\u00e3o no Congresso Nacional. Fora isso, nove ministros de seu governo ter\u00e3o inqu\u00e9ritos abertos contra eles: Eliseu Padilha (PMDB), da Casa Civil; Moreira Franco (PMDB), da Secretaria-Geral da Presid\u00eancia da Rep\u00fablica; Gilberto Kassab (PSD), da Ci\u00eancia e Tecnologia; Helder Barbalho (PMDB), da Integra\u00e7\u00e3o Nacional; Aloysio Nunes (PSDB), das Rela\u00e7\u00f5es Exteriores; Blairo Maggi (PP), da Agricultura; Bruno Ara\u00fajo (PSDB), das Cidades, Roberto Freire (PPS); da Cultura, e Marcos Pereira (PRB), da Ind\u00fastria, Com\u00e9rcio Exterior e Servi\u00e7os. Padilha e Kassab responder\u00e3o em duas investiga\u00e7\u00f5es, cada.<\/p>\n<p>Em rela\u00e7\u00e3o ao Legislativo, n\u00e3o sobra praticamente nenhum aliado de Temer no esfor\u00e7o de aprovar suas propostas do ajuste fiscal, que colocam em risco direitos sociais e trabalhistas, conquistados com muita luta ao longo das \u00faltimas d\u00e9cadas. Vale destacar, ainda, que o seu principal aliado na C\u00e2mara, Rodrigo Maia, \u00e9 um dos pol\u00edticos que ser\u00e3o investigados na opera\u00e7\u00e3o Lava Jato.<\/p>\n<p>Entre os partidos, os maiores, como PMDB, PSDB, PT, DEM, PP, PSD, PR, PSB, entre outros, est\u00e3o na lista de Fachin.<\/p>\n<p>O presidente nacional do PSOL, Luiz Ara\u00fajo, explica que o partido decidiu entrar com representa\u00e7\u00e3o contra Michel Temer, para que ele seja tamb\u00e9m investigado. Al\u00e9m disso, destaca a posi\u00e7\u00e3o da Executiva Nacional e da bancada do PSOL na C\u00e2mara para que sejam convocadas novas elei\u00e7\u00f5es. &#8220;\u00c9 um absurdo que o ministro Fachin n\u00e3o tenha indicado uma investiga\u00e7\u00e3o conte ele (Temer), como h\u00e1 precedente no Supremo, inclusive\u00a0do ministro Teori Zavascki permitindo investiga\u00e7\u00e3o de presidente em exerc\u00edcio. Esse governo perdeu totalmente a legitimidade, com nove ministros investigados e todas as suas lideran\u00e7as no Congresso Nacional. N\u00f3s n\u00e3o aceitamos nenhuma vota\u00e7\u00e3o, n\u00e3o aceitamos nenhuma reforma feita por esse governo e queremos que sejam convocadas elei\u00e7\u00f5es diretas, imediatamente, para que o povo decida n\u00e3o s\u00f3 quem governa, mas que programa, que medidas e que reformas s\u00e3o necess\u00e1rias para o Brasil&#8221;.<\/p>\n<p>O dirigente nacional do MTST, Guilherme Boulos, ao comentar a abertura dos inqu\u00e9ritos, destacou a influ\u00eancia de boa parte da lista no governo de Michel Temer. \u201cS\u00f3 o fato de ter nove ministros investigados por corrup\u00e7\u00e3o j\u00e1 faz com que esse governo perca a condi\u00e7\u00e3o pol\u00edtica de seguir dirigindo o pa\u00eds. Al\u00e9m disso, o fato dos presidentes das duas casas do Congresso Nacional estarem tamb\u00e9m agora investigados faz com que esse Congresso perca a condi\u00e7\u00e3o de aprovar qualquer medida, ainda mais medidas t\u00e3o graves ao povo brasileiro, como as reformas da Previd\u00eancia e trabalhista, que retiram conquistas hist\u00f3ricas de direitos sociais\u201d, destaca Boulos.<\/p>\n<p>Segundo ele, Temer tem que sair imediatamente do governo e novas elei\u00e7\u00f5es diretas precisam ser convocadas, para que o povo brasileiro possa discutir os rumos e o futuro do pa\u00eds.<\/p>\n<p>https:\/\/www.facebook.com\/MidiaNINJA\/videos\/864111640413649\/<\/p>\n<p>O deputado Ivan Valente (PSOL-SP) tamb\u00e9m considerou que, diante das cita\u00e7\u00f5es de diversos parlamentares e de ministros, tanto o Congresso Nacional n\u00e3o tem mais condi\u00e7\u00f5es de apreciar as reformas em discuss\u00e3o, quanto o atual governo n\u00e3o pode continuar. Ele destacou, ainda, o fato de o PSOL ser um dos poucos partidos com representa\u00e7\u00e3o na C\u00e2mara que, mais uma vez, n\u00e3o \u00e9 inclu\u00eddo nas investiga\u00e7\u00f5es. \u201cReforma da Previd\u00eancia, reforma trabalhista, terceiriza\u00e7\u00f5es e uma reforma pol\u00edtica que quer eliminar exatamente os partidos que s\u00e3o program\u00e1ticos e ideol\u00f3gicos, como o PSOL, que n\u00e3o tem ningu\u00e9m na lista. E n\u00f3s estamos aqui para mostrar que \u00e9 poss\u00edvel fazer pol\u00edtica com \u00e9tica, sem financiamento privado de campanha\u201d.<\/p>\n<p>Em rela\u00e7\u00e3o aos rumos do governo Temer, Valente \u00e9 taxativo: \u201cEsse governo que est\u00e1 a\u00ed, ileg\u00edtimo, ilegal e imoral, n\u00e3o tem condi\u00e7\u00f5es de continuar e, muito menos ainda, de impor condi\u00e7\u00f5es ao povo brasileiro de retirada de direitos, n\u00e3o deixar ningu\u00e9m mais se aposentador nesse pa\u00eds, desregulamentar todas as rela\u00e7\u00f5es de trabalho e rebaixar todo mundo a trabalhador terceirizado. Tudo isso tem a ver com as den\u00fancias de corrup\u00e7\u00e3o\u201d.<\/p>\n<p>https:\/\/www.facebook.com\/psol50oficial\/videos\/1530689796975897\/<\/p>\n","protected":false},"excerpt":{"rendered":"<p>A nova lista com pol\u00edticos e partidos com graves acusa\u00e7\u00f5es de receberem propinas ou dinheiro para caixa-dois, divulgada na tarde desta ter\u00e7a-feira (11\/04) pelo jornal O Estado de S\u00e3o Paulo, confirma que o presidente ileg\u00edtimo Michel Temer n\u00e3o tem mais condi\u00e7\u00f5es de continuar \u00e0 frente do Pal\u00e1cio do Planalto e que sua base de sustenta\u00e7\u00e3o [&hellip;]<\/p>\n","protected":false},"author":2,"featured_media":15779,"comment_status":"open","ping_status":"open","sticky":false,"template":"","format":"standard","meta":{"_acf_changed":false,"footnotes":""},"categories":[10,1882,6,14],"tags":[58,3083,1403,1748,3084,2867,1749,22],"class_list":{"0":"post-16133","1":"post","2":"type-post","3":"status-publish","4":"format-standard","5":"has-post-thumbnail","7":"category-acao-parlamentares","8":"category-brasil","9":"category-noticias","10":"category-partido","11":"tag-corrupcao","12":"tag-inqueritos","13":"tag-lista","14":"tag-michel-temer","15":"tag-ministro-edson-fachin","16":"tag-odebrecht","17":"tag-operacao-lava-jato","18":"tag-psol"},"acf":[],"yoast_head":"<!-- This site is optimized with the Yoast SEO plugin v26.5 - https:\/\/yoast.com\/wordpress\/plugins\/seo\/ -->\n<title>Nova lista da Odebrecht confirma: Temer n\u00e3o tem mais condi\u00e7\u00f5es de continuar \u00e0 frente do governo - PSOL 50<\/title>\n<meta name=\"robots\" content=\"index, follow, max-snippet:-1, max-image-preview:large, max-video-preview:-1\" \/>\n<link rel=\"canonical\" href=\"https:\/\/psol50.org.br\/nova-lista-da-odebrecht-confirma-temer-nao-tem-mais-condicoes-de-continuar-a-frente-do-governo\/\" \/>\n<meta property=\"og:locale\" content=\"pt_BR\" \/>\n<meta property=\"og:type\" content=\"article\" \/>\n<meta property=\"og:title\" content=\"Nova lista da Odebrecht confirma: Temer n\u00e3o tem mais condi\u00e7\u00f5es de continuar \u00e0 frente do governo - PSOL 50\" \/>\n<meta property=\"og:description\" content=\"A nova lista com pol\u00edticos e partidos com graves acusa\u00e7\u00f5es de receberem propinas ou dinheiro para caixa-dois, divulgada na tarde desta ter\u00e7a-feira (11\/04) pelo jornal O Estado de S\u00e3o Paulo, confirma que o presidente ileg\u00edtimo Michel Temer n\u00e3o tem mais condi\u00e7\u00f5es de continuar \u00e0 frente do Pal\u00e1cio do Planalto e que sua base de sustenta\u00e7\u00e3o [&hellip;]\" \/>\n<meta property=\"og:url\" content=\"https:\/\/psol50.org.br\/nova-lista-da-odebrecht-confirma-temer-nao-tem-mais-condicoes-de-continuar-a-frente-do-governo\/\" \/>\n<meta property=\"og:site_name\" content=\"PSOL 50\" \/>\n<meta property=\"article:publisher\" content=\"https:\/\/www.facebook.com\/psol50\" \/>\n<meta property=\"article:published_time\" content=\"2017-04-12T13:19:25+00:00\" \/>\n<meta property=\"og:image\" content=\"https:\/\/psol50.org.br\/inc\/uploads\/2018\/07\/capa.png\" \/>\n\t<meta property=\"og:image:width\" content=\"1350\" \/>\n\t<meta property=\"og:image:height\" content=\"900\" \/>\n\t<meta property=\"og:image:type\" content=\"image\/png\" \/>\n<meta name=\"author\" content=\"Comunica\u00e7\u00e3o PSOL\" \/>\n<meta name=\"twitter:card\" content=\"summary_large_image\" \/>\n<meta name=\"twitter:creator\" content=\"@psol50\" \/>\n<meta name=\"twitter:site\" content=\"@psol50\" \/>\n<meta name=\"twitter:label1\" content=\"Escrito por\" \/>\n\t<meta name=\"twitter:data1\" content=\"Comunica\u00e7\u00e3o PSOL\" \/>\n\t<meta name=\"twitter:label2\" content=\"Est. tempo de leitura\" \/>\n\t<meta name=\"twitter:data2\" content=\"5 minutos\" \/>\n<script type=\"application\/ld+json\" class=\"yoast-schema-graph\">{\"@context\":\"https:\/\/schema.org\",\"@graph\":[{\"@type\":\"Article\",\"@id\":\"https:\/\/psol50.org.br\/nova-lista-da-odebrecht-confirma-temer-nao-tem-mais-condicoes-de-continuar-a-frente-do-governo\/#article\",\"isPartOf\":{\"@id\":\"https:\/\/psol50.org.br\/nova-lista-da-odebrecht-confirma-temer-nao-tem-mais-condicoes-de-continuar-a-frente-do-governo\/\"},\"author\":{\"name\":\"Comunica\u00e7\u00e3o PSOL\",\"@id\":\"https:\/\/psol50.org.br\/#\/schema\/person\/475dfa57d0b815993c714c2e96491fcd\"},\"headline\":\"Nova lista da Odebrecht confirma: Temer n\u00e3o tem mais condi\u00e7\u00f5es de continuar \u00e0 frente do governo\",\"datePublished\":\"2017-04-12T13:19:25+00:00\",\"mainEntityOfPage\":{\"@id\":\"https:\/\/psol50.org.br\/nova-lista-da-odebrecht-confirma-temer-nao-tem-mais-condicoes-de-continuar-a-frente-do-governo\/\"},\"wordCount\":1039,\"commentCount\":0,\"publisher\":{\"@id\":\"https:\/\/psol50.org.br\/#organization\"},\"image\":{\"@id\":\"https:\/\/psol50.org.br\/nova-lista-da-odebrecht-confirma-temer-nao-tem-mais-condicoes-de-continuar-a-frente-do-governo\/#primaryimage\"},\"thumbnailUrl\":\"\",\"keywords\":[\"corrup\u00e7\u00e3o\",\"inqu\u00e9ritos\",\"lista\",\"Michel Temer\",\"ministro Edson Fachin\",\"Odebrecht\",\"Opera\u00e7\u00e3o Lava-Jato\",\"PSOL\"],\"articleSection\":[\"A\u00e7\u00e3o Parlamentar\",\"Brasil\",\"Not\u00edcias\",\"Partido\"],\"inLanguage\":\"pt-BR\",\"potentialAction\":[{\"@type\":\"CommentAction\",\"name\":\"Comment\",\"target\":[\"https:\/\/psol50.org.br\/nova-lista-da-odebrecht-confirma-temer-nao-tem-mais-condicoes-de-continuar-a-frente-do-governo\/#respond\"]}]},{\"@type\":\"WebPage\",\"@id\":\"https:\/\/psol50.org.br\/nova-lista-da-odebrecht-confirma-temer-nao-tem-mais-condicoes-de-continuar-a-frente-do-governo\/\",\"url\":\"https:\/\/psol50.org.br\/nova-lista-da-odebrecht-confirma-temer-nao-tem-mais-condicoes-de-continuar-a-frente-do-governo\/\",\"name\":\"Nova lista da Odebrecht confirma: Temer n\u00e3o tem mais condi\u00e7\u00f5es de continuar \u00e0 frente do governo - PSOL 50\",\"isPartOf\":{\"@id\":\"https:\/\/psol50.org.br\/#website\"},\"primaryImageOfPage\":{\"@id\":\"https:\/\/psol50.org.br\/nova-lista-da-odebrecht-confirma-temer-nao-tem-mais-condicoes-de-continuar-a-frente-do-governo\/#primaryimage\"},\"image\":{\"@id\":\"https:\/\/psol50.org.br\/nova-lista-da-odebrecht-confirma-temer-nao-tem-mais-condicoes-de-continuar-a-frente-do-governo\/#primaryimage\"},\"thumbnailUrl\":\"\",\"datePublished\":\"2017-04-12T13:19:25+00:00\",\"breadcrumb\":{\"@id\":\"https:\/\/psol50.org.br\/nova-lista-da-odebrecht-confirma-temer-nao-tem-mais-condicoes-de-continuar-a-frente-do-governo\/#breadcrumb\"},\"inLanguage\":\"pt-BR\",\"potentialAction\":[{\"@type\":\"ReadAction\",\"target\":[\"https:\/\/psol50.org.br\/nova-lista-da-odebrecht-confirma-temer-nao-tem-mais-condicoes-de-continuar-a-frente-do-governo\/\"]}]},{\"@type\":\"ImageObject\",\"inLanguage\":\"pt-BR\",\"@id\":\"https:\/\/psol50.org.br\/nova-lista-da-odebrecht-confirma-temer-nao-tem-mais-condicoes-de-continuar-a-frente-do-governo\/#primaryimage\",\"url\":\"\",\"contentUrl\":\"\"},{\"@type\":\"BreadcrumbList\",\"@id\":\"https:\/\/psol50.org.br\/nova-lista-da-odebrecht-confirma-temer-nao-tem-mais-condicoes-de-continuar-a-frente-do-governo\/#breadcrumb\",\"itemListElement\":[{\"@type\":\"ListItem\",\"position\":1,\"name\":\"In\u00edcio\",\"item\":\"https:\/\/psol50.org.br\/\"},{\"@type\":\"ListItem\",\"position\":2,\"name\":\"Nova lista da Odebrecht confirma: Temer n\u00e3o tem mais condi\u00e7\u00f5es de continuar \u00e0 frente do governo\"}]},{\"@type\":\"WebSite\",\"@id\":\"https:\/\/psol50.org.br\/#website\",\"url\":\"https:\/\/psol50.org.br\/\",\"name\":\"PSOL 50\",\"description\":\"Site oficial do Partido Socialismo e Liberdade\",\"publisher\":{\"@id\":\"https:\/\/psol50.org.br\/#organization\"},\"alternateName\":\"PSOL50\",\"potentialAction\":[{\"@type\":\"SearchAction\",\"target\":{\"@type\":\"EntryPoint\",\"urlTemplate\":\"https:\/\/psol50.org.br\/?s={search_term_string}\"},\"query-input\":{\"@type\":\"PropertyValueSpecification\",\"valueRequired\":true,\"valueName\":\"search_term_string\"}}],\"inLanguage\":\"pt-BR\"},{\"@type\":\"Organization\",\"@id\":\"https:\/\/psol50.org.br\/#organization\",\"name\":\"PSOL 50\",\"alternateName\":\"PSOL 50\",\"url\":\"https:\/\/psol50.org.br\/\",\"logo\":{\"@type\":\"ImageObject\",\"inLanguage\":\"pt-BR\",\"@id\":\"https:\/\/psol50.org.br\/#\/schema\/logo\/image\/\",\"url\":\"https:\/\/psol50.org.br\/inc\/uploads\/2018\/07\/capa.png\",\"contentUrl\":\"https:\/\/psol50.org.br\/inc\/uploads\/2018\/07\/capa.png\",\"width\":1350,\"height\":900,\"caption\":\"PSOL 50\"},\"image\":{\"@id\":\"https:\/\/psol50.org.br\/#\/schema\/logo\/image\/\"},\"sameAs\":[\"https:\/\/www.facebook.com\/psol50\",\"https:\/\/x.com\/psol50\",\"https:\/\/www.instagram.com\/psol50\/\",\"https:\/\/www.youtube.com\/channel\/UC7SnJS5o1os7a6CaiNabzcg\"]},{\"@type\":\"Person\",\"@id\":\"https:\/\/psol50.org.br\/#\/schema\/person\/475dfa57d0b815993c714c2e96491fcd\",\"name\":\"Comunica\u00e7\u00e3o PSOL\",\"image\":{\"@type\":\"ImageObject\",\"inLanguage\":\"pt-BR\",\"@id\":\"https:\/\/psol50.org.br\/#\/schema\/person\/image\/\",\"url\":\"https:\/\/secure.gravatar.com\/avatar\/b34fc4f4e468a4e51785917065a3db57b841f5c95dba6ad8c73aaf8f66f8f9bf?s=96&d=mm&r=g\",\"contentUrl\":\"https:\/\/secure.gravatar.com\/avatar\/b34fc4f4e468a4e51785917065a3db57b841f5c95dba6ad8c73aaf8f66f8f9bf?s=96&d=mm&r=g\",\"caption\":\"Comunica\u00e7\u00e3o PSOL\"}}]}<\/script>\n<!-- \/ Yoast SEO plugin. -->","yoast_head_json":{"title":"Nova lista da Odebrecht confirma: Temer n\u00e3o tem mais condi\u00e7\u00f5es de continuar \u00e0 frente do governo - PSOL 50","robots":{"index":"index","follow":"follow","max-snippet":"max-snippet:-1","max-image-preview":"max-image-preview:large","max-video-preview":"max-video-preview:-1"},"canonical":"https:\/\/psol50.org.br\/nova-lista-da-odebrecht-confirma-temer-nao-tem-mais-condicoes-de-continuar-a-frente-do-governo\/","og_locale":"pt_BR","og_type":"article","og_title":"Nova lista da Odebrecht confirma: Temer n\u00e3o tem mais condi\u00e7\u00f5es de continuar \u00e0 frente do governo - PSOL 50","og_description":"A nova lista com pol\u00edticos e partidos com graves acusa\u00e7\u00f5es de receberem propinas ou dinheiro para caixa-dois, divulgada na tarde desta ter\u00e7a-feira (11\/04) pelo jornal O Estado de S\u00e3o Paulo, confirma que o presidente ileg\u00edtimo Michel Temer n\u00e3o tem mais condi\u00e7\u00f5es de continuar \u00e0 frente do Pal\u00e1cio do Planalto e que sua base de sustenta\u00e7\u00e3o [&hellip;]","og_url":"https:\/\/psol50.org.br\/nova-lista-da-odebrecht-confirma-temer-nao-tem-mais-condicoes-de-continuar-a-frente-do-governo\/","og_site_name":"PSOL 50","article_publisher":"https:\/\/www.facebook.com\/psol50","article_published_time":"2017-04-12T13:19:25+00:00","og_image":[{"width":1350,"height":900,"url":"https:\/\/psol50.org.br\/inc\/uploads\/2018\/07\/capa.png","type":"image\/png"}],"author":"Comunica\u00e7\u00e3o PSOL","twitter_card":"summary_large_image","twitter_creator":"@psol50","twitter_site":"@psol50","twitter_misc":{"Escrito por":"Comunica\u00e7\u00e3o PSOL","Est. tempo de leitura":"5 minutos"},"schema":{"@context":"https:\/\/schema.org","@graph":[{"@type":"Article","@id":"https:\/\/psol50.org.br\/nova-lista-da-odebrecht-confirma-temer-nao-tem-mais-condicoes-de-continuar-a-frente-do-governo\/#article","isPartOf":{"@id":"https:\/\/psol50.org.br\/nova-lista-da-odebrecht-confirma-temer-nao-tem-mais-condicoes-de-continuar-a-frente-do-governo\/"},"author":{"name":"Comunica\u00e7\u00e3o PSOL","@id":"https:\/\/psol50.org.br\/#\/schema\/person\/475dfa57d0b815993c714c2e96491fcd"},"headline":"Nova lista da Odebrecht confirma: Temer n\u00e3o tem mais condi\u00e7\u00f5es de continuar \u00e0 frente do governo","datePublished":"2017-04-12T13:19:25+00:00","mainEntityOfPage":{"@id":"https:\/\/psol50.org.br\/nova-lista-da-odebrecht-confirma-temer-nao-tem-mais-condicoes-de-continuar-a-frente-do-governo\/"},"wordCount":1039,"commentCount":0,"publisher":{"@id":"https:\/\/psol50.org.br\/#organization"},"image":{"@id":"https:\/\/psol50.org.br\/nova-lista-da-odebrecht-confirma-temer-nao-tem-mais-condicoes-de-continuar-a-frente-do-governo\/#primaryimage"},"thumbnailUrl":"","keywords":["corrup\u00e7\u00e3o","inqu\u00e9ritos","lista","Michel Temer","ministro Edson Fachin","Odebrecht","Opera\u00e7\u00e3o Lava-Jato","PSOL"],"articleSection":["A\u00e7\u00e3o Parlamentar","Brasil","Not\u00edcias","Partido"],"inLanguage":"pt-BR","potentialAction":[{"@type":"CommentAction","name":"Comment","target":["https:\/\/psol50.org.br\/nova-lista-da-odebrecht-confirma-temer-nao-tem-mais-condicoes-de-continuar-a-frente-do-governo\/#respond"]}]},{"@type":"WebPage","@id":"https:\/\/psol50.org.br\/nova-lista-da-odebrecht-confirma-temer-nao-tem-mais-condicoes-de-continuar-a-frente-do-governo\/","url":"https:\/\/psol50.org.br\/nova-lista-da-odebrecht-confirma-temer-nao-tem-mais-condicoes-de-continuar-a-frente-do-governo\/","name":"Nova lista da Odebrecht confirma: Temer n\u00e3o tem mais condi\u00e7\u00f5es de continuar \u00e0 frente do governo - PSOL 50","isPartOf":{"@id":"https:\/\/psol50.org.br\/#website"},"primaryImageOfPage":{"@id":"https:\/\/psol50.org.br\/nova-lista-da-odebrecht-confirma-temer-nao-tem-mais-condicoes-de-continuar-a-frente-do-governo\/#primaryimage"},"image":{"@id":"https:\/\/psol50.org.br\/nova-lista-da-odebrecht-confirma-temer-nao-tem-mais-condicoes-de-continuar-a-frente-do-governo\/#primaryimage"},"thumbnailUrl":"","datePublished":"2017-04-12T13:19:25+00:00","breadcrumb":{"@id":"https:\/\/psol50.org.br\/nova-lista-da-odebrecht-confirma-temer-nao-tem-mais-condicoes-de-continuar-a-frente-do-governo\/#breadcrumb"},"inLanguage":"pt-BR","potentialAction":[{"@type":"ReadAction","target":["https:\/\/psol50.org.br\/nova-lista-da-odebrecht-confirma-temer-nao-tem-mais-condicoes-de-continuar-a-frente-do-governo\/"]}]},{"@type":"ImageObject","inLanguage":"pt-BR","@id":"https:\/\/psol50.org.br\/nova-lista-da-odebrecht-confirma-temer-nao-tem-mais-condicoes-de-continuar-a-frente-do-governo\/#primaryimage","url":"","contentUrl":""},{"@type":"BreadcrumbList","@id":"https:\/\/psol50.org.br\/nova-lista-da-odebrecht-confirma-temer-nao-tem-mais-condicoes-de-continuar-a-frente-do-governo\/#breadcrumb","itemListElement":[{"@type":"ListItem","position":1,"name":"In\u00edcio","item":"https:\/\/psol50.org.br\/"},{"@type":"ListItem","position":2,"name":"Nova lista da Odebrecht confirma: Temer n\u00e3o tem mais condi\u00e7\u00f5es de continuar \u00e0 frente do governo"}]},{"@type":"WebSite","@id":"https:\/\/psol50.org.br\/#website","url":"https:\/\/psol50.org.br\/","name":"PSOL 50","description":"Site oficial do Partido Socialismo e Liberdade","publisher":{"@id":"https:\/\/psol50.org.br\/#organization"},"alternateName":"PSOL50","potentialAction":[{"@type":"SearchAction","target":{"@type":"EntryPoint","urlTemplate":"https:\/\/psol50.org.br\/?s={search_term_string}"},"query-input":{"@type":"PropertyValueSpecification","valueRequired":true,"valueName":"search_term_string"}}],"inLanguage":"pt-BR"},{"@type":"Organization","@id":"https:\/\/psol50.org.br\/#organization","name":"PSOL 50","alternateName":"PSOL 50","url":"https:\/\/psol50.org.br\/","logo":{"@type":"ImageObject","inLanguage":"pt-BR","@id":"https:\/\/psol50.org.br\/#\/schema\/logo\/image\/","url":"https:\/\/psol50.org.br\/inc\/uploads\/2018\/07\/capa.png","contentUrl":"https:\/\/psol50.org.br\/inc\/uploads\/2018\/07\/capa.png","width":1350,"height":900,"caption":"PSOL 50"},"image":{"@id":"https:\/\/psol50.org.br\/#\/schema\/logo\/image\/"},"sameAs":["https:\/\/www.facebook.com\/psol50","https:\/\/x.com\/psol50","https:\/\/www.instagram.com\/psol50\/","https:\/\/www.youtube.com\/channel\/UC7SnJS5o1os7a6CaiNabzcg"]},{"@type":"Person","@id":"https:\/\/psol50.org.br\/#\/schema\/person\/475dfa57d0b815993c714c2e96491fcd","name":"Comunica\u00e7\u00e3o PSOL","image":{"@type":"ImageObject","inLanguage":"pt-BR","@id":"https:\/\/psol50.org.br\/#\/schema\/person\/image\/","url":"https:\/\/secure.gravatar.com\/avatar\/b34fc4f4e468a4e51785917065a3db57b841f5c95dba6ad8c73aaf8f66f8f9bf?s=96&d=mm&r=g","contentUrl":"https:\/\/secure.gravatar.com\/avatar\/b34fc4f4e468a4e51785917065a3db57b841f5c95dba6ad8c73aaf8f66f8f9bf?s=96&d=mm&r=g","caption":"Comunica\u00e7\u00e3o PSOL"}}]}},"_links":{"self":[{"href":"https:\/\/psol50.org.br\/rest\/wp\/v2\/posts\/16133","targetHints":{"allow":["GET"]}}],"collection":[{"href":"https:\/\/psol50.org.br\/rest\/wp\/v2\/posts"}],"about":[{"href":"https:\/\/psol50.org.br\/rest\/wp\/v2\/types\/post"}],"author":[{"embeddable":true,"href":"https:\/\/psol50.org.br\/rest\/wp\/v2\/users\/2"}],"replies":[{"embeddable":true,"href":"https:\/\/psol50.org.br\/rest\/wp\/v2\/comments?post=16133"}],"version-history":[{"count":0,"href":"https:\/\/psol50.org.br\/rest\/wp\/v2\/posts\/16133\/revisions"}],"wp:featuredmedia":[{"embeddable":true,"href":"https:\/\/psol50.org.br\/rest\/"}],"wp:attachment":[{"href":"https:\/\/psol50.org.br\/rest\/wp\/v2\/media?parent=16133"}],"wp:term":[{"taxonomy":"category","embeddable":true,"href":"https:\/\/psol50.org.br\/rest\/wp\/v2\/categories?post=16133"},{"taxonomy":"post_tag","embeddable":true,"href":"https:\/\/psol50.org.br\/rest\/wp\/v2\/tags?post=16133"}],"curies":[{"name":"wp","href":"https:\/\/api.w.org\/{rel}","templated":true}]}}