{"id":16141,"date":"2017-04-12T14:32:10","date_gmt":"2017-04-12T14:32:10","guid":{"rendered":"http:\/\/www.psol50.org.br\/?p=16141"},"modified":"2017-04-12T14:32:10","modified_gmt":"2017-04-12T14:32:10","slug":"isa-penna-30-dias-no-parlamento-a-experiencia-de-estar-vereadora-de-sao-paulo","status":"publish","type":"post","link":"https:\/\/psol50.org.br\/isa-penna-30-dias-no-parlamento-a-experiencia-de-estar-vereadora-de-sao-paulo\/","title":{"rendered":"Isa Penna | 30 dias no parlamento: a experi\u00eancia de estar vereadora de S\u00e3o Paulo"},"content":{"rendered":"<p><em>Artigo publicado originalmente no blog <a href=\"http:\/\/agoraequesaoelas.blogfolha.uol.com.br\/2017\/04\/12\/30-dias-no-parlamento-a-experiencia-de-estar-vereadora-de-sao-paulo\/\" target=\"_blank\" rel=\"noopener\"><span style=\"color: #0000ff;\">#Agora\u00c9QueS\u00e3oElas<\/span><\/a><\/p>\n<p><\/em>Eu, militante, mulher e jovem de 26 anos, fui parlamentar por 30 dias na C\u00e2mara de Vereadores de S\u00e3o Paulo. Assumi o cargo durante a licen\u00e7a do vereador Toninho V\u00e9spoli (PSOL), de quem sou suplente. \u201cCara de menina\u201d me disseram. \u201cBonita demais para estar na pol\u00edtica\u201d repetiram outros.<\/p>\n<p>Eu n\u00e3o considero que entrei para a pol\u00edtica nesses 30 dias. Nunca estive fora dela, fui sempre apaixonada pelo barulho das massas nas pra\u00e7as, nas ruas. Pelo brilho no olhar do trabalhador que, em desafio, ousa ocupar, marchar e gritar. E apaixonada pelas mulheres que se revoltam e ousam romper com a viol\u00eancia que assola. Mas sim, de um dia para o outro adentrei nesse espa\u00e7o t\u00e3o estranho e frio da pol\u00edtica institucional. E \u00e9 sobre isso que eu quero lhes contar.<\/p>\n<p>Para mim, a melhor analogia para entender o parlamento vem da mitologia grega: \u00e9 um olimpo. O local onde os deuses governavam, definiam a vida dos reles mortais, exerciam seus poderes, tinham acesso a lux\u00farias e estabeleciam rela\u00e7\u00f5es mesquinhas. Minha experi\u00eancia foi a de estar num parlamento que paira sobre a sociedade, sem ter necessariamente qualquer conex\u00e3o org\u00e2nica com essa e suas reais demandas. Tantos parlamentares que agem como deuses inating\u00edveis, imunes \u00e0s regras. As leis que s\u00f3 se aplicariam ao povo.<\/p>\n<p>Tomei posse no 8 de mar\u00e7o e, t\u00e3o logo empossada, j\u00e1 se iniciaram os coment\u00e1rios. \u201cVamos votar em plen\u00e1rio para que voc\u00ea vire titular\u201d ou \u201cque olhos lindos\u201d. Nitidamente eu n\u00e3o era um deles, era carne nova no peda\u00e7o. Eu era uma gracinha \u2013 esse diminutivo que existe para tra\u00e7ar limites, nos mostrar quem devemos ser. Esse comportamento n\u00e3o \u00e9 generalizado, com muitos vereadores a rela\u00e7\u00e3o foi de respeito. Por\u00e9m, era evidente que a minha presen\u00e7a incomodava em um espa\u00e7o t\u00e3o conservador.<\/p>\n<p>Na primeira sess\u00e3o de plen\u00e1rio em que participei, afirmei que a C\u00e2mara \u00e9 um espa\u00e7o que est\u00e1 longe de expressar as vontades populares. Por expressar minha opini\u00e3o, provei da rea\u00e7\u00e3o de algu\u00e9m que n\u00e3o admite a presen\u00e7a de mulheres na pol\u00edtica, muito menos de mulheres que falam o que pensam. \u201cEstou na pol\u00edtica desde antes de voc\u00ea nascer\u201d disse um deles.<\/p>\n<p>As palavras que eu disse ecoaram e durante todo o dia seguinte e recebi alguns recados, em especial dos pr\u00f3prios trabalhadores da c\u00e2mara, me parabenizando pela coragem. Mas tamb\u00e9m senti de longe o olhar raivoso que questionava: \u201cquem essa menina pensa que \u00e9?\u201d. Mais tarde, como j\u00e1 denunciado, fui agredida por um vereador, que n\u00e3o \u00e9 merecedor de cita\u00e7\u00e3o nominal aqui. Ele, vermelho, tr\u00eamulo, cuspindo de raiva, de dedo em riste, xingou e amea\u00e7ou.<\/p>\n<p>Mal sabia ele que ao levantar o dedo e proferir aquelas ofensas iria obter o resultado exatamente oposto daquele que era seu objetivo. Ele queria intimidar e, na verdade, ati\u00e7ou a raiva e indigna\u00e7\u00e3o de muitas. Mesmo com tanto poder, os parlamentares n\u00e3o podem com a nossa for\u00e7a nunca antes t\u00e3o pulsante, com a capacidade de rea\u00e7\u00e3o e sobreviv\u00eancia t\u00e3o caracter\u00edsticas de n\u00f3s, mulheres (e que se acentuou nos \u00faltimos anos no pa\u00eds). Imediatamente a maioria das parlamentares mulheres se pronunciaram juntas, pela primeira vez, em carta p\u00fablica. Superando divis\u00f5es partid\u00e1rias em nome da luta contra o machismo. E seguiremos n\u00e3o medindo esfor\u00e7os para que ele seja reconhecido pelo que \u00e9, um agressor.<\/p>\n<p>Embriagado pelo poder e cego pela misoginia o vereador em quest\u00e3o ainda fez um pronunciamento p\u00fablico no qual me intitulou de oportunista, mentirosa e de \u201cfeminina\u201d (tamb\u00e9m estou tentando entender at\u00e9 agora como este pode ser um adjetivo pejorativo como os demais). Ele fez pedido de cassa\u00e7\u00e3o do meu mandato e me difama at\u00e9 hoje pelas redes sociais. Trata-se de um perfeito exemplo daquilo que a pol\u00edtica brasileira precisa superar.<\/p>\n<p>Foram 30 dias de um aprendizado profundo sobre como o machismo se expressa de forma desavergonhada na pol\u00edtica institucional. Recebi flores, convites. De muitos modo, mais ou menos \u00f3bvios, me deixaram claro que eu servia para algo, mas n\u00e3o para estar l\u00e1.<\/p>\n<p>Mesmo sabendo de sua exist\u00eancia em todos os espa\u00e7os, inclusive os de esquerda, preciso dizer que nunca havia me defrontado com tantas e sucessivas tentativas de sufocamento daquilo que sou, que somos.<\/p>\n<p>N\u00e3o quero, contudo, dizer que este n\u00e3o \u00e9 um espa\u00e7o que deve ser ocupado. Ao contr\u00e1rio: me sinto na obriga\u00e7\u00e3o de lhes falar que saio mais forte do que entrei. Foi importante observar como estes vereadores reagem \u00e0 uma mulher convicta de suas ideias.<\/p>\n<p>Cumpri a tarefa que me foi dada e termino esses 30 dias serena e fortalecida. Resoluta de que devo seguir o caminho que escolhi. Foi uma honra ter podido contribuir fazendo o olimpo escutar sobre as lutas do nosso povo. Por essa oportunidade, agrade\u00e7o. E me despe\u00e7o desse espa\u00e7o, mas n\u00e3o da pol\u00edtica.<\/p>\n<p>Seguirei at\u00e9 que a pol\u00edtica n\u00e3o seja privil\u00e9gio de deuses num espa\u00e7o imperme\u00e1vel aos mortais.<\/p>\n<p>Tomaremos, em especial n\u00f3s mulheres, o controle dos espa\u00e7os onde se decidem nossos destinos e direitos. Uma mulher na pol\u00edtica incomoda muita gente. Muitas incomodar\u00e3o muito mais.<\/p>\n<p><em>*Isa Penna tem 25 anos, \u00e9 advogada trabalhista formada pela PUC-SP e \u00e9 Vereadora Suplente do PSOL em S\u00e3o Paulo.<\/em><\/p>\n<p>&nbsp;<\/p>\n","protected":false},"excerpt":{"rendered":"<p>Artigo publicado originalmente no blog #Agora\u00c9QueS\u00e3oElas Eu, militante, mulher e jovem de 26 anos, fui parlamentar por 30 dias na C\u00e2mara de Vereadores de S\u00e3o Paulo. Assumi o cargo durante a licen\u00e7a do vereador Toninho V\u00e9spoli (PSOL), de quem sou suplente. \u201cCara de menina\u201d me disseram. \u201cBonita demais para estar na pol\u00edtica\u201d repetiram outros. Eu [&hellip;]<\/p>\n","protected":false},"author":2,"featured_media":16142,"comment_status":"open","ping_status":"open","sticky":false,"template":"","format":"standard","meta":{"_acf_changed":false,"footnotes":""},"categories":[10,3,654,14],"tags":[294,406,790,298,276,22,117,1363],"class_list":{"0":"post-16141","1":"post","2":"type-post","3":"status-publish","4":"format-standard","5":"has-post-thumbnail","7":"category-acao-parlamentares","8":"category-artigos-e-entrevistas","9":"category-estados","10":"category-partido","11":"tag-8-de-marco","12":"tag-direitos","13":"tag-esquerda","14":"tag-isa-penna","15":"tag-machismo","16":"tag-psol","17":"tag-sao-paulo","18":"tag-vereadora"},"acf":[],"yoast_head":"<!-- This site is optimized with the Yoast SEO plugin v26.5 - https:\/\/yoast.com\/wordpress\/plugins\/seo\/ -->\n<title>Isa Penna | 30 dias no parlamento: a experi\u00eancia de estar vereadora de S\u00e3o Paulo - PSOL 50<\/title>\n<meta name=\"robots\" content=\"index, follow, max-snippet:-1, max-image-preview:large, max-video-preview:-1\" \/>\n<link rel=\"canonical\" href=\"https:\/\/psol50.org.br\/isa-penna-30-dias-no-parlamento-a-experiencia-de-estar-vereadora-de-sao-paulo\/\" \/>\n<meta property=\"og:locale\" content=\"pt_BR\" \/>\n<meta property=\"og:type\" content=\"article\" \/>\n<meta property=\"og:title\" content=\"Isa Penna | 30 dias no parlamento: a experi\u00eancia de estar vereadora de S\u00e3o Paulo - PSOL 50\" \/>\n<meta property=\"og:description\" content=\"Artigo publicado originalmente no blog #Agora\u00c9QueS\u00e3oElas Eu, militante, mulher e jovem de 26 anos, fui parlamentar por 30 dias na C\u00e2mara de Vereadores de S\u00e3o Paulo. Assumi o cargo durante a licen\u00e7a do vereador Toninho V\u00e9spoli (PSOL), de quem sou suplente. \u201cCara de menina\u201d me disseram. \u201cBonita demais para estar na pol\u00edtica\u201d repetiram outros. Eu [&hellip;]\" \/>\n<meta property=\"og:url\" content=\"https:\/\/psol50.org.br\/isa-penna-30-dias-no-parlamento-a-experiencia-de-estar-vereadora-de-sao-paulo\/\" \/>\n<meta property=\"og:site_name\" content=\"PSOL 50\" \/>\n<meta property=\"article:publisher\" content=\"https:\/\/www.facebook.com\/psol50\" \/>\n<meta property=\"article:published_time\" content=\"2017-04-12T14:32:10+00:00\" \/>\n<meta property=\"og:image\" content=\"https:\/\/psol50.org.br\/inc\/uploads\/2018\/07\/capa.png\" \/>\n\t<meta property=\"og:image:width\" content=\"1350\" \/>\n\t<meta property=\"og:image:height\" content=\"900\" \/>\n\t<meta property=\"og:image:type\" content=\"image\/png\" \/>\n<meta name=\"author\" content=\"Comunica\u00e7\u00e3o PSOL\" \/>\n<meta name=\"twitter:card\" content=\"summary_large_image\" \/>\n<meta name=\"twitter:creator\" content=\"@psol50\" \/>\n<meta name=\"twitter:site\" content=\"@psol50\" \/>\n<meta name=\"twitter:label1\" content=\"Escrito por\" \/>\n\t<meta name=\"twitter:data1\" content=\"Comunica\u00e7\u00e3o PSOL\" \/>\n\t<meta name=\"twitter:label2\" content=\"Est. tempo de leitura\" \/>\n\t<meta name=\"twitter:data2\" content=\"5 minutos\" \/>\n<script type=\"application\/ld+json\" class=\"yoast-schema-graph\">{\"@context\":\"https:\/\/schema.org\",\"@graph\":[{\"@type\":\"Article\",\"@id\":\"https:\/\/psol50.org.br\/isa-penna-30-dias-no-parlamento-a-experiencia-de-estar-vereadora-de-sao-paulo\/#article\",\"isPartOf\":{\"@id\":\"https:\/\/psol50.org.br\/isa-penna-30-dias-no-parlamento-a-experiencia-de-estar-vereadora-de-sao-paulo\/\"},\"author\":{\"name\":\"Comunica\u00e7\u00e3o PSOL\",\"@id\":\"https:\/\/psol50.org.br\/#\/schema\/person\/475dfa57d0b815993c714c2e96491fcd\"},\"headline\":\"Isa Penna | 30 dias no parlamento: a experi\u00eancia de estar vereadora de S\u00e3o Paulo\",\"datePublished\":\"2017-04-12T14:32:10+00:00\",\"mainEntityOfPage\":{\"@id\":\"https:\/\/psol50.org.br\/isa-penna-30-dias-no-parlamento-a-experiencia-de-estar-vereadora-de-sao-paulo\/\"},\"wordCount\":944,\"commentCount\":0,\"publisher\":{\"@id\":\"https:\/\/psol50.org.br\/#organization\"},\"image\":{\"@id\":\"https:\/\/psol50.org.br\/isa-penna-30-dias-no-parlamento-a-experiencia-de-estar-vereadora-de-sao-paulo\/#primaryimage\"},\"thumbnailUrl\":\"\",\"keywords\":[\"8 de mar\u00e7o\",\"direitos\",\"esquerda\",\"Isa Penna\",\"machismo\",\"PSOL\",\"S\u00e3o Paulo\",\"vereadora\"],\"articleSection\":[\"A\u00e7\u00e3o Parlamentar\",\"Artigos\",\"Estados\",\"Partido\"],\"inLanguage\":\"pt-BR\",\"potentialAction\":[{\"@type\":\"CommentAction\",\"name\":\"Comment\",\"target\":[\"https:\/\/psol50.org.br\/isa-penna-30-dias-no-parlamento-a-experiencia-de-estar-vereadora-de-sao-paulo\/#respond\"]}]},{\"@type\":\"WebPage\",\"@id\":\"https:\/\/psol50.org.br\/isa-penna-30-dias-no-parlamento-a-experiencia-de-estar-vereadora-de-sao-paulo\/\",\"url\":\"https:\/\/psol50.org.br\/isa-penna-30-dias-no-parlamento-a-experiencia-de-estar-vereadora-de-sao-paulo\/\",\"name\":\"Isa Penna | 30 dias no parlamento: a experi\u00eancia de estar vereadora de S\u00e3o Paulo - PSOL 50\",\"isPartOf\":{\"@id\":\"https:\/\/psol50.org.br\/#website\"},\"primaryImageOfPage\":{\"@id\":\"https:\/\/psol50.org.br\/isa-penna-30-dias-no-parlamento-a-experiencia-de-estar-vereadora-de-sao-paulo\/#primaryimage\"},\"image\":{\"@id\":\"https:\/\/psol50.org.br\/isa-penna-30-dias-no-parlamento-a-experiencia-de-estar-vereadora-de-sao-paulo\/#primaryimage\"},\"thumbnailUrl\":\"\",\"datePublished\":\"2017-04-12T14:32:10+00:00\",\"breadcrumb\":{\"@id\":\"https:\/\/psol50.org.br\/isa-penna-30-dias-no-parlamento-a-experiencia-de-estar-vereadora-de-sao-paulo\/#breadcrumb\"},\"inLanguage\":\"pt-BR\",\"potentialAction\":[{\"@type\":\"ReadAction\",\"target\":[\"https:\/\/psol50.org.br\/isa-penna-30-dias-no-parlamento-a-experiencia-de-estar-vereadora-de-sao-paulo\/\"]}]},{\"@type\":\"ImageObject\",\"inLanguage\":\"pt-BR\",\"@id\":\"https:\/\/psol50.org.br\/isa-penna-30-dias-no-parlamento-a-experiencia-de-estar-vereadora-de-sao-paulo\/#primaryimage\",\"url\":\"\",\"contentUrl\":\"\"},{\"@type\":\"BreadcrumbList\",\"@id\":\"https:\/\/psol50.org.br\/isa-penna-30-dias-no-parlamento-a-experiencia-de-estar-vereadora-de-sao-paulo\/#breadcrumb\",\"itemListElement\":[{\"@type\":\"ListItem\",\"position\":1,\"name\":\"In\u00edcio\",\"item\":\"https:\/\/psol50.org.br\/\"},{\"@type\":\"ListItem\",\"position\":2,\"name\":\"Isa Penna | 30 dias no parlamento: a experi\u00eancia de estar vereadora de S\u00e3o Paulo\"}]},{\"@type\":\"WebSite\",\"@id\":\"https:\/\/psol50.org.br\/#website\",\"url\":\"https:\/\/psol50.org.br\/\",\"name\":\"PSOL 50\",\"description\":\"Site oficial do Partido Socialismo e Liberdade\",\"publisher\":{\"@id\":\"https:\/\/psol50.org.br\/#organization\"},\"alternateName\":\"PSOL50\",\"potentialAction\":[{\"@type\":\"SearchAction\",\"target\":{\"@type\":\"EntryPoint\",\"urlTemplate\":\"https:\/\/psol50.org.br\/?s={search_term_string}\"},\"query-input\":{\"@type\":\"PropertyValueSpecification\",\"valueRequired\":true,\"valueName\":\"search_term_string\"}}],\"inLanguage\":\"pt-BR\"},{\"@type\":\"Organization\",\"@id\":\"https:\/\/psol50.org.br\/#organization\",\"name\":\"PSOL 50\",\"alternateName\":\"PSOL 50\",\"url\":\"https:\/\/psol50.org.br\/\",\"logo\":{\"@type\":\"ImageObject\",\"inLanguage\":\"pt-BR\",\"@id\":\"https:\/\/psol50.org.br\/#\/schema\/logo\/image\/\",\"url\":\"https:\/\/psol50.org.br\/inc\/uploads\/2018\/07\/capa.png\",\"contentUrl\":\"https:\/\/psol50.org.br\/inc\/uploads\/2018\/07\/capa.png\",\"width\":1350,\"height\":900,\"caption\":\"PSOL 50\"},\"image\":{\"@id\":\"https:\/\/psol50.org.br\/#\/schema\/logo\/image\/\"},\"sameAs\":[\"https:\/\/www.facebook.com\/psol50\",\"https:\/\/x.com\/psol50\",\"https:\/\/www.instagram.com\/psol50\/\",\"https:\/\/www.youtube.com\/channel\/UC7SnJS5o1os7a6CaiNabzcg\"]},{\"@type\":\"Person\",\"@id\":\"https:\/\/psol50.org.br\/#\/schema\/person\/475dfa57d0b815993c714c2e96491fcd\",\"name\":\"Comunica\u00e7\u00e3o PSOL\",\"image\":{\"@type\":\"ImageObject\",\"inLanguage\":\"pt-BR\",\"@id\":\"https:\/\/psol50.org.br\/#\/schema\/person\/image\/\",\"url\":\"https:\/\/secure.gravatar.com\/avatar\/b34fc4f4e468a4e51785917065a3db57b841f5c95dba6ad8c73aaf8f66f8f9bf?s=96&d=mm&r=g\",\"contentUrl\":\"https:\/\/secure.gravatar.com\/avatar\/b34fc4f4e468a4e51785917065a3db57b841f5c95dba6ad8c73aaf8f66f8f9bf?s=96&d=mm&r=g\",\"caption\":\"Comunica\u00e7\u00e3o PSOL\"}}]}<\/script>\n<!-- \/ Yoast SEO plugin. -->","yoast_head_json":{"title":"Isa Penna | 30 dias no parlamento: a experi\u00eancia de estar vereadora de S\u00e3o Paulo - PSOL 50","robots":{"index":"index","follow":"follow","max-snippet":"max-snippet:-1","max-image-preview":"max-image-preview:large","max-video-preview":"max-video-preview:-1"},"canonical":"https:\/\/psol50.org.br\/isa-penna-30-dias-no-parlamento-a-experiencia-de-estar-vereadora-de-sao-paulo\/","og_locale":"pt_BR","og_type":"article","og_title":"Isa Penna | 30 dias no parlamento: a experi\u00eancia de estar vereadora de S\u00e3o Paulo - PSOL 50","og_description":"Artigo publicado originalmente no blog #Agora\u00c9QueS\u00e3oElas Eu, militante, mulher e jovem de 26 anos, fui parlamentar por 30 dias na C\u00e2mara de Vereadores de S\u00e3o Paulo. Assumi o cargo durante a licen\u00e7a do vereador Toninho V\u00e9spoli (PSOL), de quem sou suplente. \u201cCara de menina\u201d me disseram. \u201cBonita demais para estar na pol\u00edtica\u201d repetiram outros. Eu [&hellip;]","og_url":"https:\/\/psol50.org.br\/isa-penna-30-dias-no-parlamento-a-experiencia-de-estar-vereadora-de-sao-paulo\/","og_site_name":"PSOL 50","article_publisher":"https:\/\/www.facebook.com\/psol50","article_published_time":"2017-04-12T14:32:10+00:00","og_image":[{"width":1350,"height":900,"url":"https:\/\/psol50.org.br\/inc\/uploads\/2018\/07\/capa.png","type":"image\/png"}],"author":"Comunica\u00e7\u00e3o PSOL","twitter_card":"summary_large_image","twitter_creator":"@psol50","twitter_site":"@psol50","twitter_misc":{"Escrito por":"Comunica\u00e7\u00e3o PSOL","Est. tempo de leitura":"5 minutos"},"schema":{"@context":"https:\/\/schema.org","@graph":[{"@type":"Article","@id":"https:\/\/psol50.org.br\/isa-penna-30-dias-no-parlamento-a-experiencia-de-estar-vereadora-de-sao-paulo\/#article","isPartOf":{"@id":"https:\/\/psol50.org.br\/isa-penna-30-dias-no-parlamento-a-experiencia-de-estar-vereadora-de-sao-paulo\/"},"author":{"name":"Comunica\u00e7\u00e3o PSOL","@id":"https:\/\/psol50.org.br\/#\/schema\/person\/475dfa57d0b815993c714c2e96491fcd"},"headline":"Isa Penna | 30 dias no parlamento: a experi\u00eancia de estar vereadora de S\u00e3o Paulo","datePublished":"2017-04-12T14:32:10+00:00","mainEntityOfPage":{"@id":"https:\/\/psol50.org.br\/isa-penna-30-dias-no-parlamento-a-experiencia-de-estar-vereadora-de-sao-paulo\/"},"wordCount":944,"commentCount":0,"publisher":{"@id":"https:\/\/psol50.org.br\/#organization"},"image":{"@id":"https:\/\/psol50.org.br\/isa-penna-30-dias-no-parlamento-a-experiencia-de-estar-vereadora-de-sao-paulo\/#primaryimage"},"thumbnailUrl":"","keywords":["8 de mar\u00e7o","direitos","esquerda","Isa Penna","machismo","PSOL","S\u00e3o Paulo","vereadora"],"articleSection":["A\u00e7\u00e3o Parlamentar","Artigos","Estados","Partido"],"inLanguage":"pt-BR","potentialAction":[{"@type":"CommentAction","name":"Comment","target":["https:\/\/psol50.org.br\/isa-penna-30-dias-no-parlamento-a-experiencia-de-estar-vereadora-de-sao-paulo\/#respond"]}]},{"@type":"WebPage","@id":"https:\/\/psol50.org.br\/isa-penna-30-dias-no-parlamento-a-experiencia-de-estar-vereadora-de-sao-paulo\/","url":"https:\/\/psol50.org.br\/isa-penna-30-dias-no-parlamento-a-experiencia-de-estar-vereadora-de-sao-paulo\/","name":"Isa Penna | 30 dias no parlamento: a experi\u00eancia de estar vereadora de S\u00e3o Paulo - PSOL 50","isPartOf":{"@id":"https:\/\/psol50.org.br\/#website"},"primaryImageOfPage":{"@id":"https:\/\/psol50.org.br\/isa-penna-30-dias-no-parlamento-a-experiencia-de-estar-vereadora-de-sao-paulo\/#primaryimage"},"image":{"@id":"https:\/\/psol50.org.br\/isa-penna-30-dias-no-parlamento-a-experiencia-de-estar-vereadora-de-sao-paulo\/#primaryimage"},"thumbnailUrl":"","datePublished":"2017-04-12T14:32:10+00:00","breadcrumb":{"@id":"https:\/\/psol50.org.br\/isa-penna-30-dias-no-parlamento-a-experiencia-de-estar-vereadora-de-sao-paulo\/#breadcrumb"},"inLanguage":"pt-BR","potentialAction":[{"@type":"ReadAction","target":["https:\/\/psol50.org.br\/isa-penna-30-dias-no-parlamento-a-experiencia-de-estar-vereadora-de-sao-paulo\/"]}]},{"@type":"ImageObject","inLanguage":"pt-BR","@id":"https:\/\/psol50.org.br\/isa-penna-30-dias-no-parlamento-a-experiencia-de-estar-vereadora-de-sao-paulo\/#primaryimage","url":"","contentUrl":""},{"@type":"BreadcrumbList","@id":"https:\/\/psol50.org.br\/isa-penna-30-dias-no-parlamento-a-experiencia-de-estar-vereadora-de-sao-paulo\/#breadcrumb","itemListElement":[{"@type":"ListItem","position":1,"name":"In\u00edcio","item":"https:\/\/psol50.org.br\/"},{"@type":"ListItem","position":2,"name":"Isa Penna | 30 dias no parlamento: a experi\u00eancia de estar vereadora de S\u00e3o Paulo"}]},{"@type":"WebSite","@id":"https:\/\/psol50.org.br\/#website","url":"https:\/\/psol50.org.br\/","name":"PSOL 50","description":"Site oficial do Partido Socialismo e Liberdade","publisher":{"@id":"https:\/\/psol50.org.br\/#organization"},"alternateName":"PSOL50","potentialAction":[{"@type":"SearchAction","target":{"@type":"EntryPoint","urlTemplate":"https:\/\/psol50.org.br\/?s={search_term_string}"},"query-input":{"@type":"PropertyValueSpecification","valueRequired":true,"valueName":"search_term_string"}}],"inLanguage":"pt-BR"},{"@type":"Organization","@id":"https:\/\/psol50.org.br\/#organization","name":"PSOL 50","alternateName":"PSOL 50","url":"https:\/\/psol50.org.br\/","logo":{"@type":"ImageObject","inLanguage":"pt-BR","@id":"https:\/\/psol50.org.br\/#\/schema\/logo\/image\/","url":"https:\/\/psol50.org.br\/inc\/uploads\/2018\/07\/capa.png","contentUrl":"https:\/\/psol50.org.br\/inc\/uploads\/2018\/07\/capa.png","width":1350,"height":900,"caption":"PSOL 50"},"image":{"@id":"https:\/\/psol50.org.br\/#\/schema\/logo\/image\/"},"sameAs":["https:\/\/www.facebook.com\/psol50","https:\/\/x.com\/psol50","https:\/\/www.instagram.com\/psol50\/","https:\/\/www.youtube.com\/channel\/UC7SnJS5o1os7a6CaiNabzcg"]},{"@type":"Person","@id":"https:\/\/psol50.org.br\/#\/schema\/person\/475dfa57d0b815993c714c2e96491fcd","name":"Comunica\u00e7\u00e3o PSOL","image":{"@type":"ImageObject","inLanguage":"pt-BR","@id":"https:\/\/psol50.org.br\/#\/schema\/person\/image\/","url":"https:\/\/secure.gravatar.com\/avatar\/b34fc4f4e468a4e51785917065a3db57b841f5c95dba6ad8c73aaf8f66f8f9bf?s=96&d=mm&r=g","contentUrl":"https:\/\/secure.gravatar.com\/avatar\/b34fc4f4e468a4e51785917065a3db57b841f5c95dba6ad8c73aaf8f66f8f9bf?s=96&d=mm&r=g","caption":"Comunica\u00e7\u00e3o PSOL"}}]}},"_links":{"self":[{"href":"https:\/\/psol50.org.br\/rest\/wp\/v2\/posts\/16141","targetHints":{"allow":["GET"]}}],"collection":[{"href":"https:\/\/psol50.org.br\/rest\/wp\/v2\/posts"}],"about":[{"href":"https:\/\/psol50.org.br\/rest\/wp\/v2\/types\/post"}],"author":[{"embeddable":true,"href":"https:\/\/psol50.org.br\/rest\/wp\/v2\/users\/2"}],"replies":[{"embeddable":true,"href":"https:\/\/psol50.org.br\/rest\/wp\/v2\/comments?post=16141"}],"version-history":[{"count":0,"href":"https:\/\/psol50.org.br\/rest\/wp\/v2\/posts\/16141\/revisions"}],"wp:featuredmedia":[{"embeddable":true,"href":"https:\/\/psol50.org.br\/rest\/"}],"wp:attachment":[{"href":"https:\/\/psol50.org.br\/rest\/wp\/v2\/media?parent=16141"}],"wp:term":[{"taxonomy":"category","embeddable":true,"href":"https:\/\/psol50.org.br\/rest\/wp\/v2\/categories?post=16141"},{"taxonomy":"post_tag","embeddable":true,"href":"https:\/\/psol50.org.br\/rest\/wp\/v2\/tags?post=16141"}],"curies":[{"name":"wp","href":"https:\/\/api.w.org\/{rel}","templated":true}]}}