{"id":16144,"date":"2017-04-12T14:47:26","date_gmt":"2017-04-12T14:47:26","guid":{"rendered":"http:\/\/www.psol50.org.br\/?p=16144"},"modified":"2017-04-12T14:47:26","modified_gmt":"2017-04-12T14:47:26","slug":"chega-psol-defende-investigacao-sobre-nova-lista-da-odebrecht-e-diretas-ja","status":"publish","type":"post","link":"https:\/\/psol50.org.br\/chega-psol-defende-investigacao-sobre-nova-lista-da-odebrecht-e-diretas-ja\/","title":{"rendered":"Chega! PSOL defende investiga\u00e7\u00e3o sobre nova lista da Odebrecht e diretas j\u00e1!"},"content":{"rendered":"<p>A lista divulgada pelo ministro Edson Fachin demonstra a profundidade da crise pol\u00edtica que atinge o pa\u00eds. A presen\u00e7a de quatro dezenas de deputados federais, um ter\u00e7o do Senado Federal, doze governadores e oito ministros do governo Temer, citados em dela\u00e7\u00f5es dos executivos da construtora Odebrecht, mostra que a atual composi\u00e7\u00e3o do Congresso Nacional n\u00e3o tem condi\u00e7\u00f5es de votar medidas penalizem os mais pobres, como a reforma da previd\u00eancia, a trabalhista ou uma reforma pol\u00edtica antidemocr\u00e1tica.<\/p>\n<p>Diante deste cen\u00e1rio, o PSOL prop\u00f5e:<\/p>\n<ol>\n<li>Abertura de investiga\u00e7\u00e3o do Presidente da Rep\u00fablica. De acordo com o entendimento do ent\u00e3o ministro Teori Zavascki, embora n\u00e3o seja poss\u00edvel processar um Presidente, \u00e9 poss\u00edvel a abertura de investiga\u00e7\u00e3o sempre que houver elementos para tanto. O PSOL entrar\u00e1 ainda hoje com representa\u00e7\u00e3o pedindo a abertura de investiga\u00e7\u00e3o de Temer a partir das men\u00e7\u00f5es que atestam seu envolvimento em irregularidades promovidas pela c\u00fapula do PMDB.<\/li>\n<\/ol>\n<ol start=\"2\">\n<li>Consideramos que a sa\u00edda para a atual crise \u00e9 a convoca\u00e7\u00e3o imediata de elei\u00e7\u00f5es diretas para a Presid\u00eancia da Rep\u00fablica. Al\u00e9m de ileg\u00edtimo, o governo implementa uma agenda de retrocessos sem qualquer apoio popular. A vontade da cidadania deve ser soberana. O povo tem que decidir os destinos da na\u00e7\u00e3o, por isso as iniciativas de mobiliza\u00e7\u00e3o \u2013 como a greve geral convocada para o dia 28 de abril \u2013 contam com nosso irrestrito apoio.<\/li>\n<\/ol>\n<ol start=\"3\">\n<li>N\u00e3o aceitamos que o Congresso Nacional aprove medidas que penalizam os trabalhadores, bem como os parlamentares da C\u00e2mara e do Senado, sejam esclarecidos. Al\u00e9m disso, respeitando o amplo direito \u00e0 defesa e ao contradit\u00f3rio, consideramos que esses parlamentares n\u00e3o devem manter posi\u00e7\u00e3o de comando na C\u00e2mara dos Deputados e no Senado Federal, bem como relatar as contrarreformas propostas pelo governo Temer.<\/li>\n<\/ol>\n<p><strong>Bras\u00edlia, 12 de abril de 2017<\/strong><br \/>\n<strong>Executiva Nacional do PSOL<\/strong><br \/>\n<strong>Bancada do PSOL na C\u00e2mara dos Deputados<\/strong><\/p>\n","protected":false},"excerpt":{"rendered":"<p>A lista divulgada pelo ministro Edson Fachin demonstra a profundidade da crise pol\u00edtica que atinge o pa\u00eds. A presen\u00e7a de quatro dezenas de deputados federais, um ter\u00e7o do Senado Federal, doze governadores e oito ministros do governo Temer, citados em dela\u00e7\u00f5es dos executivos da construtora Odebrecht, mostra que a atual composi\u00e7\u00e3o do Congresso Nacional n\u00e3o [&hellip;]<\/p>\n","protected":false},"author":2,"featured_media":16381,"comment_status":"open","ping_status":"open","sticky":false,"template":"","format":"standard","meta":{"_acf_changed":false,"footnotes":""},"categories":[10,1882,6,14],"tags":[2066,496,80,242,3083,61,1748,3084,659,2867,2152,3088,22,3089],"class_list":{"0":"post-16144","1":"post","2":"type-post","3":"status-publish","4":"format-standard","5":"has-post-thumbnail","7":"category-acao-parlamentares","8":"category-brasil","9":"category-noticias","10":"category-partido","11":"tag-bancada-do-psol-na-camara","12":"tag-congresso-nacional","13":"tag-deputados","14":"tag-executiva-nacional-do-psol","15":"tag-inqueritos","16":"tag-investigacao","17":"tag-michel-temer","18":"tag-ministro-edson-fachin","19":"tag-ministros","20":"tag-odebrecht","21":"tag-pmdb","22":"tag-presidente-da-republica","23":"tag-psol","24":"tag-senadores"},"acf":[],"yoast_head":"<!-- This site is optimized with the Yoast SEO plugin v26.5 - https:\/\/yoast.com\/wordpress\/plugins\/seo\/ -->\n<title>Chega! PSOL defende investiga\u00e7\u00e3o sobre nova lista da Odebrecht e diretas j\u00e1! - PSOL 50<\/title>\n<meta name=\"robots\" content=\"index, follow, max-snippet:-1, max-image-preview:large, max-video-preview:-1\" \/>\n<link rel=\"canonical\" href=\"https:\/\/psol50.org.br\/chega-psol-defende-investigacao-sobre-nova-lista-da-odebrecht-e-diretas-ja\/\" \/>\n<meta property=\"og:locale\" content=\"pt_BR\" \/>\n<meta property=\"og:type\" content=\"article\" \/>\n<meta property=\"og:title\" content=\"Chega! PSOL defende investiga\u00e7\u00e3o sobre nova lista da Odebrecht e diretas j\u00e1! - PSOL 50\" \/>\n<meta property=\"og:description\" content=\"A lista divulgada pelo ministro Edson Fachin demonstra a profundidade da crise pol\u00edtica que atinge o pa\u00eds. A presen\u00e7a de quatro dezenas de deputados federais, um ter\u00e7o do Senado Federal, doze governadores e oito ministros do governo Temer, citados em dela\u00e7\u00f5es dos executivos da construtora Odebrecht, mostra que a atual composi\u00e7\u00e3o do Congresso Nacional n\u00e3o [&hellip;]\" \/>\n<meta property=\"og:url\" content=\"https:\/\/psol50.org.br\/chega-psol-defende-investigacao-sobre-nova-lista-da-odebrecht-e-diretas-ja\/\" \/>\n<meta property=\"og:site_name\" content=\"PSOL 50\" \/>\n<meta property=\"article:publisher\" content=\"https:\/\/www.facebook.com\/psol50\" \/>\n<meta property=\"article:published_time\" content=\"2017-04-12T14:47:26+00:00\" \/>\n<meta property=\"og:image\" content=\"https:\/\/psol50.org.br\/inc\/uploads\/2018\/07\/capa.png\" \/>\n\t<meta property=\"og:image:width\" content=\"1350\" \/>\n\t<meta property=\"og:image:height\" content=\"900\" \/>\n\t<meta property=\"og:image:type\" content=\"image\/png\" \/>\n<meta name=\"author\" content=\"Comunica\u00e7\u00e3o PSOL\" \/>\n<meta name=\"twitter:card\" content=\"summary_large_image\" \/>\n<meta name=\"twitter:creator\" content=\"@psol50\" \/>\n<meta name=\"twitter:site\" content=\"@psol50\" \/>\n<meta name=\"twitter:label1\" content=\"Escrito por\" \/>\n\t<meta name=\"twitter:data1\" content=\"Comunica\u00e7\u00e3o PSOL\" \/>\n\t<meta name=\"twitter:label2\" content=\"Est. tempo de leitura\" \/>\n\t<meta name=\"twitter:data2\" content=\"2 minutos\" \/>\n<script type=\"application\/ld+json\" class=\"yoast-schema-graph\">{\"@context\":\"https:\/\/schema.org\",\"@graph\":[{\"@type\":\"Article\",\"@id\":\"https:\/\/psol50.org.br\/chega-psol-defende-investigacao-sobre-nova-lista-da-odebrecht-e-diretas-ja\/#article\",\"isPartOf\":{\"@id\":\"https:\/\/psol50.org.br\/chega-psol-defende-investigacao-sobre-nova-lista-da-odebrecht-e-diretas-ja\/\"},\"author\":{\"name\":\"Comunica\u00e7\u00e3o PSOL\",\"@id\":\"https:\/\/psol50.org.br\/#\/schema\/person\/475dfa57d0b815993c714c2e96491fcd\"},\"headline\":\"Chega! PSOL defende investiga\u00e7\u00e3o sobre nova lista da Odebrecht e diretas j\u00e1!\",\"datePublished\":\"2017-04-12T14:47:26+00:00\",\"mainEntityOfPage\":{\"@id\":\"https:\/\/psol50.org.br\/chega-psol-defende-investigacao-sobre-nova-lista-da-odebrecht-e-diretas-ja\/\"},\"wordCount\":346,\"commentCount\":0,\"publisher\":{\"@id\":\"https:\/\/psol50.org.br\/#organization\"},\"image\":{\"@id\":\"https:\/\/psol50.org.br\/chega-psol-defende-investigacao-sobre-nova-lista-da-odebrecht-e-diretas-ja\/#primaryimage\"},\"thumbnailUrl\":\"\",\"keywords\":[\"bancada do PSOL na C\u00e2mara\",\"Congresso Nacional\",\"deputados\",\"Executiva Nacional do PSOL\",\"inqu\u00e9ritos\",\"investiga\u00e7\u00e3o\",\"Michel Temer\",\"ministro Edson Fachin\",\"ministros\",\"Odebrecht\",\"PMDB\",\"presidente da Rep\u00fablica\",\"PSOL\",\"senadores\"],\"articleSection\":[\"A\u00e7\u00e3o Parlamentar\",\"Brasil\",\"Not\u00edcias\",\"Partido\"],\"inLanguage\":\"pt-BR\",\"potentialAction\":[{\"@type\":\"CommentAction\",\"name\":\"Comment\",\"target\":[\"https:\/\/psol50.org.br\/chega-psol-defende-investigacao-sobre-nova-lista-da-odebrecht-e-diretas-ja\/#respond\"]}]},{\"@type\":\"WebPage\",\"@id\":\"https:\/\/psol50.org.br\/chega-psol-defende-investigacao-sobre-nova-lista-da-odebrecht-e-diretas-ja\/\",\"url\":\"https:\/\/psol50.org.br\/chega-psol-defende-investigacao-sobre-nova-lista-da-odebrecht-e-diretas-ja\/\",\"name\":\"Chega! PSOL defende investiga\u00e7\u00e3o sobre nova lista da Odebrecht e diretas j\u00e1! - PSOL 50\",\"isPartOf\":{\"@id\":\"https:\/\/psol50.org.br\/#website\"},\"primaryImageOfPage\":{\"@id\":\"https:\/\/psol50.org.br\/chega-psol-defende-investigacao-sobre-nova-lista-da-odebrecht-e-diretas-ja\/#primaryimage\"},\"image\":{\"@id\":\"https:\/\/psol50.org.br\/chega-psol-defende-investigacao-sobre-nova-lista-da-odebrecht-e-diretas-ja\/#primaryimage\"},\"thumbnailUrl\":\"\",\"datePublished\":\"2017-04-12T14:47:26+00:00\",\"breadcrumb\":{\"@id\":\"https:\/\/psol50.org.br\/chega-psol-defende-investigacao-sobre-nova-lista-da-odebrecht-e-diretas-ja\/#breadcrumb\"},\"inLanguage\":\"pt-BR\",\"potentialAction\":[{\"@type\":\"ReadAction\",\"target\":[\"https:\/\/psol50.org.br\/chega-psol-defende-investigacao-sobre-nova-lista-da-odebrecht-e-diretas-ja\/\"]}]},{\"@type\":\"ImageObject\",\"inLanguage\":\"pt-BR\",\"@id\":\"https:\/\/psol50.org.br\/chega-psol-defende-investigacao-sobre-nova-lista-da-odebrecht-e-diretas-ja\/#primaryimage\",\"url\":\"\",\"contentUrl\":\"\"},{\"@type\":\"BreadcrumbList\",\"@id\":\"https:\/\/psol50.org.br\/chega-psol-defende-investigacao-sobre-nova-lista-da-odebrecht-e-diretas-ja\/#breadcrumb\",\"itemListElement\":[{\"@type\":\"ListItem\",\"position\":1,\"name\":\"In\u00edcio\",\"item\":\"https:\/\/psol50.org.br\/\"},{\"@type\":\"ListItem\",\"position\":2,\"name\":\"Chega! PSOL defende investiga\u00e7\u00e3o sobre nova lista da Odebrecht e diretas j\u00e1!\"}]},{\"@type\":\"WebSite\",\"@id\":\"https:\/\/psol50.org.br\/#website\",\"url\":\"https:\/\/psol50.org.br\/\",\"name\":\"PSOL 50\",\"description\":\"Site oficial do Partido Socialismo e Liberdade\",\"publisher\":{\"@id\":\"https:\/\/psol50.org.br\/#organization\"},\"alternateName\":\"PSOL50\",\"potentialAction\":[{\"@type\":\"SearchAction\",\"target\":{\"@type\":\"EntryPoint\",\"urlTemplate\":\"https:\/\/psol50.org.br\/?s={search_term_string}\"},\"query-input\":{\"@type\":\"PropertyValueSpecification\",\"valueRequired\":true,\"valueName\":\"search_term_string\"}}],\"inLanguage\":\"pt-BR\"},{\"@type\":\"Organization\",\"@id\":\"https:\/\/psol50.org.br\/#organization\",\"name\":\"PSOL 50\",\"alternateName\":\"PSOL 50\",\"url\":\"https:\/\/psol50.org.br\/\",\"logo\":{\"@type\":\"ImageObject\",\"inLanguage\":\"pt-BR\",\"@id\":\"https:\/\/psol50.org.br\/#\/schema\/logo\/image\/\",\"url\":\"https:\/\/psol50.org.br\/inc\/uploads\/2018\/07\/capa.png\",\"contentUrl\":\"https:\/\/psol50.org.br\/inc\/uploads\/2018\/07\/capa.png\",\"width\":1350,\"height\":900,\"caption\":\"PSOL 50\"},\"image\":{\"@id\":\"https:\/\/psol50.org.br\/#\/schema\/logo\/image\/\"},\"sameAs\":[\"https:\/\/www.facebook.com\/psol50\",\"https:\/\/x.com\/psol50\",\"https:\/\/www.instagram.com\/psol50\/\",\"https:\/\/www.youtube.com\/channel\/UC7SnJS5o1os7a6CaiNabzcg\"]},{\"@type\":\"Person\",\"@id\":\"https:\/\/psol50.org.br\/#\/schema\/person\/475dfa57d0b815993c714c2e96491fcd\",\"name\":\"Comunica\u00e7\u00e3o PSOL\",\"image\":{\"@type\":\"ImageObject\",\"inLanguage\":\"pt-BR\",\"@id\":\"https:\/\/psol50.org.br\/#\/schema\/person\/image\/\",\"url\":\"https:\/\/secure.gravatar.com\/avatar\/b34fc4f4e468a4e51785917065a3db57b841f5c95dba6ad8c73aaf8f66f8f9bf?s=96&d=mm&r=g\",\"contentUrl\":\"https:\/\/secure.gravatar.com\/avatar\/b34fc4f4e468a4e51785917065a3db57b841f5c95dba6ad8c73aaf8f66f8f9bf?s=96&d=mm&r=g\",\"caption\":\"Comunica\u00e7\u00e3o PSOL\"}}]}<\/script>\n<!-- \/ Yoast SEO plugin. -->","yoast_head_json":{"title":"Chega! PSOL defende investiga\u00e7\u00e3o sobre nova lista da Odebrecht e diretas j\u00e1! - PSOL 50","robots":{"index":"index","follow":"follow","max-snippet":"max-snippet:-1","max-image-preview":"max-image-preview:large","max-video-preview":"max-video-preview:-1"},"canonical":"https:\/\/psol50.org.br\/chega-psol-defende-investigacao-sobre-nova-lista-da-odebrecht-e-diretas-ja\/","og_locale":"pt_BR","og_type":"article","og_title":"Chega! PSOL defende investiga\u00e7\u00e3o sobre nova lista da Odebrecht e diretas j\u00e1! - PSOL 50","og_description":"A lista divulgada pelo ministro Edson Fachin demonstra a profundidade da crise pol\u00edtica que atinge o pa\u00eds. A presen\u00e7a de quatro dezenas de deputados federais, um ter\u00e7o do Senado Federal, doze governadores e oito ministros do governo Temer, citados em dela\u00e7\u00f5es dos executivos da construtora Odebrecht, mostra que a atual composi\u00e7\u00e3o do Congresso Nacional n\u00e3o [&hellip;]","og_url":"https:\/\/psol50.org.br\/chega-psol-defende-investigacao-sobre-nova-lista-da-odebrecht-e-diretas-ja\/","og_site_name":"PSOL 50","article_publisher":"https:\/\/www.facebook.com\/psol50","article_published_time":"2017-04-12T14:47:26+00:00","og_image":[{"width":1350,"height":900,"url":"https:\/\/psol50.org.br\/inc\/uploads\/2018\/07\/capa.png","type":"image\/png"}],"author":"Comunica\u00e7\u00e3o PSOL","twitter_card":"summary_large_image","twitter_creator":"@psol50","twitter_site":"@psol50","twitter_misc":{"Escrito por":"Comunica\u00e7\u00e3o PSOL","Est. tempo de leitura":"2 minutos"},"schema":{"@context":"https:\/\/schema.org","@graph":[{"@type":"Article","@id":"https:\/\/psol50.org.br\/chega-psol-defende-investigacao-sobre-nova-lista-da-odebrecht-e-diretas-ja\/#article","isPartOf":{"@id":"https:\/\/psol50.org.br\/chega-psol-defende-investigacao-sobre-nova-lista-da-odebrecht-e-diretas-ja\/"},"author":{"name":"Comunica\u00e7\u00e3o PSOL","@id":"https:\/\/psol50.org.br\/#\/schema\/person\/475dfa57d0b815993c714c2e96491fcd"},"headline":"Chega! PSOL defende investiga\u00e7\u00e3o sobre nova lista da Odebrecht e diretas j\u00e1!","datePublished":"2017-04-12T14:47:26+00:00","mainEntityOfPage":{"@id":"https:\/\/psol50.org.br\/chega-psol-defende-investigacao-sobre-nova-lista-da-odebrecht-e-diretas-ja\/"},"wordCount":346,"commentCount":0,"publisher":{"@id":"https:\/\/psol50.org.br\/#organization"},"image":{"@id":"https:\/\/psol50.org.br\/chega-psol-defende-investigacao-sobre-nova-lista-da-odebrecht-e-diretas-ja\/#primaryimage"},"thumbnailUrl":"","keywords":["bancada do PSOL na C\u00e2mara","Congresso Nacional","deputados","Executiva Nacional do PSOL","inqu\u00e9ritos","investiga\u00e7\u00e3o","Michel Temer","ministro Edson Fachin","ministros","Odebrecht","PMDB","presidente da Rep\u00fablica","PSOL","senadores"],"articleSection":["A\u00e7\u00e3o Parlamentar","Brasil","Not\u00edcias","Partido"],"inLanguage":"pt-BR","potentialAction":[{"@type":"CommentAction","name":"Comment","target":["https:\/\/psol50.org.br\/chega-psol-defende-investigacao-sobre-nova-lista-da-odebrecht-e-diretas-ja\/#respond"]}]},{"@type":"WebPage","@id":"https:\/\/psol50.org.br\/chega-psol-defende-investigacao-sobre-nova-lista-da-odebrecht-e-diretas-ja\/","url":"https:\/\/psol50.org.br\/chega-psol-defende-investigacao-sobre-nova-lista-da-odebrecht-e-diretas-ja\/","name":"Chega! PSOL defende investiga\u00e7\u00e3o sobre nova lista da Odebrecht e diretas j\u00e1! - PSOL 50","isPartOf":{"@id":"https:\/\/psol50.org.br\/#website"},"primaryImageOfPage":{"@id":"https:\/\/psol50.org.br\/chega-psol-defende-investigacao-sobre-nova-lista-da-odebrecht-e-diretas-ja\/#primaryimage"},"image":{"@id":"https:\/\/psol50.org.br\/chega-psol-defende-investigacao-sobre-nova-lista-da-odebrecht-e-diretas-ja\/#primaryimage"},"thumbnailUrl":"","datePublished":"2017-04-12T14:47:26+00:00","breadcrumb":{"@id":"https:\/\/psol50.org.br\/chega-psol-defende-investigacao-sobre-nova-lista-da-odebrecht-e-diretas-ja\/#breadcrumb"},"inLanguage":"pt-BR","potentialAction":[{"@type":"ReadAction","target":["https:\/\/psol50.org.br\/chega-psol-defende-investigacao-sobre-nova-lista-da-odebrecht-e-diretas-ja\/"]}]},{"@type":"ImageObject","inLanguage":"pt-BR","@id":"https:\/\/psol50.org.br\/chega-psol-defende-investigacao-sobre-nova-lista-da-odebrecht-e-diretas-ja\/#primaryimage","url":"","contentUrl":""},{"@type":"BreadcrumbList","@id":"https:\/\/psol50.org.br\/chega-psol-defende-investigacao-sobre-nova-lista-da-odebrecht-e-diretas-ja\/#breadcrumb","itemListElement":[{"@type":"ListItem","position":1,"name":"In\u00edcio","item":"https:\/\/psol50.org.br\/"},{"@type":"ListItem","position":2,"name":"Chega! PSOL defende investiga\u00e7\u00e3o sobre nova lista da Odebrecht e diretas j\u00e1!"}]},{"@type":"WebSite","@id":"https:\/\/psol50.org.br\/#website","url":"https:\/\/psol50.org.br\/","name":"PSOL 50","description":"Site oficial do Partido Socialismo e Liberdade","publisher":{"@id":"https:\/\/psol50.org.br\/#organization"},"alternateName":"PSOL50","potentialAction":[{"@type":"SearchAction","target":{"@type":"EntryPoint","urlTemplate":"https:\/\/psol50.org.br\/?s={search_term_string}"},"query-input":{"@type":"PropertyValueSpecification","valueRequired":true,"valueName":"search_term_string"}}],"inLanguage":"pt-BR"},{"@type":"Organization","@id":"https:\/\/psol50.org.br\/#organization","name":"PSOL 50","alternateName":"PSOL 50","url":"https:\/\/psol50.org.br\/","logo":{"@type":"ImageObject","inLanguage":"pt-BR","@id":"https:\/\/psol50.org.br\/#\/schema\/logo\/image\/","url":"https:\/\/psol50.org.br\/inc\/uploads\/2018\/07\/capa.png","contentUrl":"https:\/\/psol50.org.br\/inc\/uploads\/2018\/07\/capa.png","width":1350,"height":900,"caption":"PSOL 50"},"image":{"@id":"https:\/\/psol50.org.br\/#\/schema\/logo\/image\/"},"sameAs":["https:\/\/www.facebook.com\/psol50","https:\/\/x.com\/psol50","https:\/\/www.instagram.com\/psol50\/","https:\/\/www.youtube.com\/channel\/UC7SnJS5o1os7a6CaiNabzcg"]},{"@type":"Person","@id":"https:\/\/psol50.org.br\/#\/schema\/person\/475dfa57d0b815993c714c2e96491fcd","name":"Comunica\u00e7\u00e3o PSOL","image":{"@type":"ImageObject","inLanguage":"pt-BR","@id":"https:\/\/psol50.org.br\/#\/schema\/person\/image\/","url":"https:\/\/secure.gravatar.com\/avatar\/b34fc4f4e468a4e51785917065a3db57b841f5c95dba6ad8c73aaf8f66f8f9bf?s=96&d=mm&r=g","contentUrl":"https:\/\/secure.gravatar.com\/avatar\/b34fc4f4e468a4e51785917065a3db57b841f5c95dba6ad8c73aaf8f66f8f9bf?s=96&d=mm&r=g","caption":"Comunica\u00e7\u00e3o PSOL"}}]}},"_links":{"self":[{"href":"https:\/\/psol50.org.br\/rest\/wp\/v2\/posts\/16144","targetHints":{"allow":["GET"]}}],"collection":[{"href":"https:\/\/psol50.org.br\/rest\/wp\/v2\/posts"}],"about":[{"href":"https:\/\/psol50.org.br\/rest\/wp\/v2\/types\/post"}],"author":[{"embeddable":true,"href":"https:\/\/psol50.org.br\/rest\/wp\/v2\/users\/2"}],"replies":[{"embeddable":true,"href":"https:\/\/psol50.org.br\/rest\/wp\/v2\/comments?post=16144"}],"version-history":[{"count":0,"href":"https:\/\/psol50.org.br\/rest\/wp\/v2\/posts\/16144\/revisions"}],"wp:featuredmedia":[{"embeddable":true,"href":"https:\/\/psol50.org.br\/rest\/"}],"wp:attachment":[{"href":"https:\/\/psol50.org.br\/rest\/wp\/v2\/media?parent=16144"}],"wp:term":[{"taxonomy":"category","embeddable":true,"href":"https:\/\/psol50.org.br\/rest\/wp\/v2\/categories?post=16144"},{"taxonomy":"post_tag","embeddable":true,"href":"https:\/\/psol50.org.br\/rest\/wp\/v2\/tags?post=16144"}],"curies":[{"name":"wp","href":"https:\/\/api.w.org\/{rel}","templated":true}]}}