{"id":16151,"date":"2017-04-13T02:45:01","date_gmt":"2017-04-13T02:45:01","guid":{"rendered":"http:\/\/www.psol50.org.br\/?p=16151"},"modified":"2017-04-13T02:45:01","modified_gmt":"2017-04-13T02:45:01","slug":"psol-entra-com-recurso-no-stf-para-que-temer-seja-investigado-por-citacao-na-delacao-da-odebrecht","status":"publish","type":"post","link":"https:\/\/psol50.org.br\/psol-entra-com-recurso-no-stf-para-que-temer-seja-investigado-por-citacao-na-delacao-da-odebrecht\/","title":{"rendered":"PSOL entra com recurso no STF para que Temer seja investigado por cita\u00e7\u00e3o na dela\u00e7\u00e3o da Odebrecht"},"content":{"rendered":"<p>O PSOL protocolou no in\u00edcio da noite desta quarta-feira (12\/04), no Supremo Tribunal Federal (STF), <a href=\"http:\/\/www.psol50.org.br\/2017teste\/inc\/uploads\/2017\/04\/Agravo-regimental-investiga\u00e7\u00e3o-Temer-120417.pdf\" target=\"_blank\" rel=\"noopener noreferrer\"><strong><span style=\"color: #0000ff;\">agravo regimental<\/span><\/strong><\/a> para que a corte instaure investiga\u00e7\u00e3o contra o presidente da Rep\u00fablica, Michel Temer. O pedido leva em considera\u00e7\u00e3o a \u00faltima lista divulgada na ter\u00e7a-feira pelo ministro Edson Fachin, relator da opera\u00e7\u00e3o Lava Jato no STF, que inclui parlamentares e ministros citados nas \u00faltimas dela\u00e7\u00f5es dos executivos da empreiteira Odebrecht.<\/p>\n<p>Temer \u00e9 um dos citados nas dela\u00e7\u00f5es, assim como v\u00e1rios pol\u00edticos de sua base de sustenta\u00e7\u00e3o no Congresso Nacional, mas o Procurador-Geral da Rep\u00fablica, Rodrigo Janot, n\u00e3o incluiu seu nome para que fosse instaurado inqu\u00e9rito de investiga\u00e7\u00e3o, com o argumento de que o mesmo, por ser presidente da Rep\u00fablica, n\u00e3o pode ser investigado por atos anteriores ao seu mandato. No entanto, o partido lembra, em seu agravo, que o ministro Teori Zavascki, falecido em janeiro deste ano e ent\u00e3o relator dos inqu\u00e9ritos da Lava Jato no STF, decidiu, em maio de 2015, que um presidente da Rep\u00fablica pode ser investigado por fatos anteriores ao mandato, desde que haja ind\u00edcios que justifiquem a abertura do inqu\u00e9rito .<\/p>\n<p>O PSOL entende que h\u00e1 fortes ind\u00edcios para que seja aberta investiga\u00e7\u00e3o contra Temer. &#8220;O deferimento do pedido de arquivamento de inqu\u00e9rito referente ao Sr. Michel Temer, \u00e0 mingua das cita\u00e7\u00f5es veiculadas nas dela\u00e7\u00f5es transcritas na pr\u00f3pria peti\u00e7\u00e3o apresentada pelo D. Procurador-Geral da Rep\u00fablica, causa grav\u00edssimo preju\u00edzo ao direito de ver devidamente apurada a exist\u00eancia de infra\u00e7\u00e3o penal&#8221;, afirma o recurso.<\/p>\n<p>Ainda na avalia\u00e7\u00e3o do partido, a imunidade prevista pela Constitui\u00e7\u00e3o Federal em benef\u00edcio de presidente da Rep\u00fablica por ato estranho ao exerc\u00edcio de suas fun\u00e7\u00f5es n\u00e3o se aplica ao caso envolvendo Michel Temer.<\/p>\n<p>No agravo, o PSOL lembra que o pr\u00f3prio Rodrigo Janot admitiu que \u201ch\u00e1, ainda, men\u00e7\u00e3o \u00e0 poss\u00edvel participa\u00e7\u00e3o do atual presidente da Rep\u00fablica, Michel Temer, em virtude de suposta reuni\u00e3o da qual teriam participado Eduardo Cunha e Henrique Eduardo Alves, ocorrida em 15.07.2010\u201d.<\/p>\n<p>Ao final do documento, o PSOL pede o in\u00edcio imediato da investiga\u00e7\u00e3o dos atos supostamente praticados por Temer. Al\u00e9m disso, reivindica que o STF considere improcedente as raz\u00f5es invocadas por Rodrigo Janot para conceder imunidade processual penal ao atual presidente da Rep\u00fablica.<\/p>\n<p>\u201c\u00c9 um absurdo que o ministro Fachin n\u00e3o tenha indicado uma investiga\u00e7\u00e3o contra\u00a0ele (Temer), como h\u00e1 precedente no Supremo, inclusive do ministro Teori Zavascki permitindo investiga\u00e7\u00e3o de presidente em exerc\u00edcio. Esse governo perdeu totalmente a legitimidade, com nove ministros investigados e todas as suas lideran\u00e7as no Congresso Nacional. N\u00f3s n\u00e3o aceitamos nenhuma vota\u00e7\u00e3o, n\u00e3o aceitamos nenhuma reforma feita por esse governo e queremos que sejam convocadas elei\u00e7\u00f5es diretas, imediatamente, para que o povo decida n\u00e3o s\u00f3 quem governa, mas que programa, que medidas e que reformas s\u00e3o necess\u00e1rias para o Brasil\u201d, disse o\u00a0presidente nacional do PSOL, Luiz Ara\u00fajo, destacando que, al\u00e9m da investiga\u00e7\u00e3o dos atos de Temer, a Executiva Nacional e a bancada do PSOL na C\u00e2mara querem a convoca\u00e7\u00e3o\u00a0de\u00a0novas elei\u00e7\u00f5es.<\/p>\n<p><strong><em><span style=\"color: #0000ff;\"><span style=\"color: #000000;\">Leia mais:<\/span> <a style=\"color: #0000ff;\" href=\"http:\/\/www.psol50.org.br\/blog\/2017\/04\/12\/chega-psol-defende-investigacao-sobre-nova-lista-da-odebrecht-e-diretas-ja\/\" target=\"_blank\" rel=\"noopener noreferrer\">Chega! PSOL defende investiga\u00e7\u00e3o sobre nova lista da Odebrecht e diretas j\u00e1!<br \/>\n<\/a><\/span><\/em><\/strong><br \/>\nNa tarde desta quarta-feira, ap\u00f3s a divulga\u00e7\u00e3o da lista do ministro Edson Fachin, a bancada do <span style=\"color: #0000ff;\"><a class=\"profileLink\" style=\"color: #0000ff;\" href=\"https:\/\/www.facebook.com\/psolnacamara\/\" data-hovercard=\"\/ajax\/hovercard\/page.php?id=197749170329322\" data-hovercard-prefer-more-content-show=\"1\">PSOL na C\u00e2mara<\/a><\/span> e a Executiva do partido apresentaram,\u00a0em coletiva de imprensa, a posi\u00e7\u00e3o do partido pela investiga\u00e7\u00e3o de Temer no \u00e2mbito da Lava-Jato. Confira, abaixo, a fala do l\u00edder, deputado Glauber Braga (RJ).<\/p>\n<p>https:\/\/www.facebook.com\/psol50oficial\/videos\/1072581512846079\/<\/p>\n","protected":false},"excerpt":{"rendered":"<p>O PSOL protocolou no in\u00edcio da noite desta quarta-feira (12\/04), no Supremo Tribunal Federal (STF), agravo regimental para que a corte instaure investiga\u00e7\u00e3o contra o presidente da Rep\u00fablica, Michel Temer. O pedido leva em considera\u00e7\u00e3o a \u00faltima lista divulgada na ter\u00e7a-feira pelo ministro Edson Fachin, relator da opera\u00e7\u00e3o Lava Jato no STF, que inclui parlamentares [&hellip;]<\/p>\n","protected":false},"author":2,"featured_media":16331,"comment_status":"open","ping_status":"open","sticky":false,"template":"","format":"standard","meta":{"_acf_changed":false,"footnotes":""},"categories":[1882,6,14],"tags":[3090,3091,3092,61,1748,3093,45,2817],"class_list":{"0":"post-16151","1":"post","2":"type-post","3":"status-publish","4":"format-standard","5":"has-post-thumbnail","7":"category-brasil","8":"category-noticias","9":"category-partido","10":"tag-agravo-regimental","11":"tag-edson-fachin","12":"tag-inquerito","13":"tag-investigacao","14":"tag-michel-temer","15":"tag-rodrigo-janot","16":"tag-stf","17":"tag-teori-zavascki"},"acf":[],"yoast_head":"<!-- This site is optimized with the Yoast SEO plugin v26.5 - https:\/\/yoast.com\/wordpress\/plugins\/seo\/ -->\n<title>PSOL entra com recurso no STF para que Temer seja investigado por cita\u00e7\u00e3o na dela\u00e7\u00e3o da Odebrecht - PSOL 50<\/title>\n<meta name=\"robots\" content=\"index, follow, max-snippet:-1, max-image-preview:large, max-video-preview:-1\" \/>\n<link rel=\"canonical\" href=\"https:\/\/psol50.org.br\/psol-entra-com-recurso-no-stf-para-que-temer-seja-investigado-por-citacao-na-delacao-da-odebrecht\/\" \/>\n<meta property=\"og:locale\" content=\"pt_BR\" \/>\n<meta property=\"og:type\" content=\"article\" \/>\n<meta property=\"og:title\" content=\"PSOL entra com recurso no STF para que Temer seja investigado por cita\u00e7\u00e3o na dela\u00e7\u00e3o da Odebrecht - PSOL 50\" \/>\n<meta property=\"og:description\" content=\"O PSOL protocolou no in\u00edcio da noite desta quarta-feira (12\/04), no Supremo Tribunal Federal (STF), agravo regimental para que a corte instaure investiga\u00e7\u00e3o contra o presidente da Rep\u00fablica, Michel Temer. O pedido leva em considera\u00e7\u00e3o a \u00faltima lista divulgada na ter\u00e7a-feira pelo ministro Edson Fachin, relator da opera\u00e7\u00e3o Lava Jato no STF, que inclui parlamentares [&hellip;]\" \/>\n<meta property=\"og:url\" content=\"https:\/\/psol50.org.br\/psol-entra-com-recurso-no-stf-para-que-temer-seja-investigado-por-citacao-na-delacao-da-odebrecht\/\" \/>\n<meta property=\"og:site_name\" content=\"PSOL 50\" \/>\n<meta property=\"article:publisher\" content=\"https:\/\/www.facebook.com\/psol50\" \/>\n<meta property=\"article:published_time\" content=\"2017-04-13T02:45:01+00:00\" \/>\n<meta property=\"og:image\" content=\"https:\/\/psol50.org.br\/inc\/uploads\/2018\/07\/capa.png\" \/>\n\t<meta property=\"og:image:width\" content=\"1350\" \/>\n\t<meta property=\"og:image:height\" content=\"900\" \/>\n\t<meta property=\"og:image:type\" content=\"image\/png\" \/>\n<meta name=\"author\" content=\"Comunica\u00e7\u00e3o PSOL\" \/>\n<meta name=\"twitter:card\" content=\"summary_large_image\" \/>\n<meta name=\"twitter:creator\" content=\"@psol50\" \/>\n<meta name=\"twitter:site\" content=\"@psol50\" \/>\n<meta name=\"twitter:label1\" content=\"Escrito por\" \/>\n\t<meta name=\"twitter:data1\" content=\"Comunica\u00e7\u00e3o PSOL\" \/>\n\t<meta name=\"twitter:label2\" content=\"Est. tempo de leitura\" \/>\n\t<meta name=\"twitter:data2\" content=\"3 minutos\" \/>\n<script type=\"application\/ld+json\" class=\"yoast-schema-graph\">{\"@context\":\"https:\/\/schema.org\",\"@graph\":[{\"@type\":\"Article\",\"@id\":\"https:\/\/psol50.org.br\/psol-entra-com-recurso-no-stf-para-que-temer-seja-investigado-por-citacao-na-delacao-da-odebrecht\/#article\",\"isPartOf\":{\"@id\":\"https:\/\/psol50.org.br\/psol-entra-com-recurso-no-stf-para-que-temer-seja-investigado-por-citacao-na-delacao-da-odebrecht\/\"},\"author\":{\"name\":\"Comunica\u00e7\u00e3o PSOL\",\"@id\":\"https:\/\/psol50.org.br\/#\/schema\/person\/475dfa57d0b815993c714c2e96491fcd\"},\"headline\":\"PSOL entra com recurso no STF para que Temer seja investigado por cita\u00e7\u00e3o na dela\u00e7\u00e3o da Odebrecht\",\"datePublished\":\"2017-04-13T02:45:01+00:00\",\"mainEntityOfPage\":{\"@id\":\"https:\/\/psol50.org.br\/psol-entra-com-recurso-no-stf-para-que-temer-seja-investigado-por-citacao-na-delacao-da-odebrecht\/\"},\"wordCount\":647,\"commentCount\":0,\"publisher\":{\"@id\":\"https:\/\/psol50.org.br\/#organization\"},\"image\":{\"@id\":\"https:\/\/psol50.org.br\/psol-entra-com-recurso-no-stf-para-que-temer-seja-investigado-por-citacao-na-delacao-da-odebrecht\/#primaryimage\"},\"thumbnailUrl\":\"\",\"keywords\":[\"agravo regimental\",\"Edson Fachin\",\"inqu\u00e9rito\",\"investiga\u00e7\u00e3o\",\"Michel Temer\",\"Rodrigo Janot\",\"STF\",\"Teori Zavascki\"],\"articleSection\":[\"Brasil\",\"Not\u00edcias\",\"Partido\"],\"inLanguage\":\"pt-BR\",\"potentialAction\":[{\"@type\":\"CommentAction\",\"name\":\"Comment\",\"target\":[\"https:\/\/psol50.org.br\/psol-entra-com-recurso-no-stf-para-que-temer-seja-investigado-por-citacao-na-delacao-da-odebrecht\/#respond\"]}]},{\"@type\":\"WebPage\",\"@id\":\"https:\/\/psol50.org.br\/psol-entra-com-recurso-no-stf-para-que-temer-seja-investigado-por-citacao-na-delacao-da-odebrecht\/\",\"url\":\"https:\/\/psol50.org.br\/psol-entra-com-recurso-no-stf-para-que-temer-seja-investigado-por-citacao-na-delacao-da-odebrecht\/\",\"name\":\"PSOL entra com recurso no STF para que Temer seja investigado por cita\u00e7\u00e3o na dela\u00e7\u00e3o da Odebrecht - PSOL 50\",\"isPartOf\":{\"@id\":\"https:\/\/psol50.org.br\/#website\"},\"primaryImageOfPage\":{\"@id\":\"https:\/\/psol50.org.br\/psol-entra-com-recurso-no-stf-para-que-temer-seja-investigado-por-citacao-na-delacao-da-odebrecht\/#primaryimage\"},\"image\":{\"@id\":\"https:\/\/psol50.org.br\/psol-entra-com-recurso-no-stf-para-que-temer-seja-investigado-por-citacao-na-delacao-da-odebrecht\/#primaryimage\"},\"thumbnailUrl\":\"\",\"datePublished\":\"2017-04-13T02:45:01+00:00\",\"breadcrumb\":{\"@id\":\"https:\/\/psol50.org.br\/psol-entra-com-recurso-no-stf-para-que-temer-seja-investigado-por-citacao-na-delacao-da-odebrecht\/#breadcrumb\"},\"inLanguage\":\"pt-BR\",\"potentialAction\":[{\"@type\":\"ReadAction\",\"target\":[\"https:\/\/psol50.org.br\/psol-entra-com-recurso-no-stf-para-que-temer-seja-investigado-por-citacao-na-delacao-da-odebrecht\/\"]}]},{\"@type\":\"ImageObject\",\"inLanguage\":\"pt-BR\",\"@id\":\"https:\/\/psol50.org.br\/psol-entra-com-recurso-no-stf-para-que-temer-seja-investigado-por-citacao-na-delacao-da-odebrecht\/#primaryimage\",\"url\":\"\",\"contentUrl\":\"\"},{\"@type\":\"BreadcrumbList\",\"@id\":\"https:\/\/psol50.org.br\/psol-entra-com-recurso-no-stf-para-que-temer-seja-investigado-por-citacao-na-delacao-da-odebrecht\/#breadcrumb\",\"itemListElement\":[{\"@type\":\"ListItem\",\"position\":1,\"name\":\"In\u00edcio\",\"item\":\"https:\/\/psol50.org.br\/\"},{\"@type\":\"ListItem\",\"position\":2,\"name\":\"PSOL entra com recurso no STF para que Temer seja investigado por cita\u00e7\u00e3o na dela\u00e7\u00e3o da Odebrecht\"}]},{\"@type\":\"WebSite\",\"@id\":\"https:\/\/psol50.org.br\/#website\",\"url\":\"https:\/\/psol50.org.br\/\",\"name\":\"PSOL 50\",\"description\":\"Site oficial do Partido Socialismo e Liberdade\",\"publisher\":{\"@id\":\"https:\/\/psol50.org.br\/#organization\"},\"alternateName\":\"PSOL50\",\"potentialAction\":[{\"@type\":\"SearchAction\",\"target\":{\"@type\":\"EntryPoint\",\"urlTemplate\":\"https:\/\/psol50.org.br\/?s={search_term_string}\"},\"query-input\":{\"@type\":\"PropertyValueSpecification\",\"valueRequired\":true,\"valueName\":\"search_term_string\"}}],\"inLanguage\":\"pt-BR\"},{\"@type\":\"Organization\",\"@id\":\"https:\/\/psol50.org.br\/#organization\",\"name\":\"PSOL 50\",\"alternateName\":\"PSOL 50\",\"url\":\"https:\/\/psol50.org.br\/\",\"logo\":{\"@type\":\"ImageObject\",\"inLanguage\":\"pt-BR\",\"@id\":\"https:\/\/psol50.org.br\/#\/schema\/logo\/image\/\",\"url\":\"https:\/\/psol50.org.br\/inc\/uploads\/2018\/07\/capa.png\",\"contentUrl\":\"https:\/\/psol50.org.br\/inc\/uploads\/2018\/07\/capa.png\",\"width\":1350,\"height\":900,\"caption\":\"PSOL 50\"},\"image\":{\"@id\":\"https:\/\/psol50.org.br\/#\/schema\/logo\/image\/\"},\"sameAs\":[\"https:\/\/www.facebook.com\/psol50\",\"https:\/\/x.com\/psol50\",\"https:\/\/www.instagram.com\/psol50\/\",\"https:\/\/www.youtube.com\/channel\/UC7SnJS5o1os7a6CaiNabzcg\"]},{\"@type\":\"Person\",\"@id\":\"https:\/\/psol50.org.br\/#\/schema\/person\/475dfa57d0b815993c714c2e96491fcd\",\"name\":\"Comunica\u00e7\u00e3o PSOL\",\"image\":{\"@type\":\"ImageObject\",\"inLanguage\":\"pt-BR\",\"@id\":\"https:\/\/psol50.org.br\/#\/schema\/person\/image\/\",\"url\":\"https:\/\/secure.gravatar.com\/avatar\/b34fc4f4e468a4e51785917065a3db57b841f5c95dba6ad8c73aaf8f66f8f9bf?s=96&d=mm&r=g\",\"contentUrl\":\"https:\/\/secure.gravatar.com\/avatar\/b34fc4f4e468a4e51785917065a3db57b841f5c95dba6ad8c73aaf8f66f8f9bf?s=96&d=mm&r=g\",\"caption\":\"Comunica\u00e7\u00e3o PSOL\"}}]}<\/script>\n<!-- \/ Yoast SEO plugin. -->","yoast_head_json":{"title":"PSOL entra com recurso no STF para que Temer seja investigado por cita\u00e7\u00e3o na dela\u00e7\u00e3o da Odebrecht - PSOL 50","robots":{"index":"index","follow":"follow","max-snippet":"max-snippet:-1","max-image-preview":"max-image-preview:large","max-video-preview":"max-video-preview:-1"},"canonical":"https:\/\/psol50.org.br\/psol-entra-com-recurso-no-stf-para-que-temer-seja-investigado-por-citacao-na-delacao-da-odebrecht\/","og_locale":"pt_BR","og_type":"article","og_title":"PSOL entra com recurso no STF para que Temer seja investigado por cita\u00e7\u00e3o na dela\u00e7\u00e3o da Odebrecht - PSOL 50","og_description":"O PSOL protocolou no in\u00edcio da noite desta quarta-feira (12\/04), no Supremo Tribunal Federal (STF), agravo regimental para que a corte instaure investiga\u00e7\u00e3o contra o presidente da Rep\u00fablica, Michel Temer. O pedido leva em considera\u00e7\u00e3o a \u00faltima lista divulgada na ter\u00e7a-feira pelo ministro Edson Fachin, relator da opera\u00e7\u00e3o Lava Jato no STF, que inclui parlamentares [&hellip;]","og_url":"https:\/\/psol50.org.br\/psol-entra-com-recurso-no-stf-para-que-temer-seja-investigado-por-citacao-na-delacao-da-odebrecht\/","og_site_name":"PSOL 50","article_publisher":"https:\/\/www.facebook.com\/psol50","article_published_time":"2017-04-13T02:45:01+00:00","og_image":[{"width":1350,"height":900,"url":"https:\/\/psol50.org.br\/inc\/uploads\/2018\/07\/capa.png","type":"image\/png"}],"author":"Comunica\u00e7\u00e3o PSOL","twitter_card":"summary_large_image","twitter_creator":"@psol50","twitter_site":"@psol50","twitter_misc":{"Escrito por":"Comunica\u00e7\u00e3o PSOL","Est. tempo de leitura":"3 minutos"},"schema":{"@context":"https:\/\/schema.org","@graph":[{"@type":"Article","@id":"https:\/\/psol50.org.br\/psol-entra-com-recurso-no-stf-para-que-temer-seja-investigado-por-citacao-na-delacao-da-odebrecht\/#article","isPartOf":{"@id":"https:\/\/psol50.org.br\/psol-entra-com-recurso-no-stf-para-que-temer-seja-investigado-por-citacao-na-delacao-da-odebrecht\/"},"author":{"name":"Comunica\u00e7\u00e3o PSOL","@id":"https:\/\/psol50.org.br\/#\/schema\/person\/475dfa57d0b815993c714c2e96491fcd"},"headline":"PSOL entra com recurso no STF para que Temer seja investigado por cita\u00e7\u00e3o na dela\u00e7\u00e3o da Odebrecht","datePublished":"2017-04-13T02:45:01+00:00","mainEntityOfPage":{"@id":"https:\/\/psol50.org.br\/psol-entra-com-recurso-no-stf-para-que-temer-seja-investigado-por-citacao-na-delacao-da-odebrecht\/"},"wordCount":647,"commentCount":0,"publisher":{"@id":"https:\/\/psol50.org.br\/#organization"},"image":{"@id":"https:\/\/psol50.org.br\/psol-entra-com-recurso-no-stf-para-que-temer-seja-investigado-por-citacao-na-delacao-da-odebrecht\/#primaryimage"},"thumbnailUrl":"","keywords":["agravo regimental","Edson Fachin","inqu\u00e9rito","investiga\u00e7\u00e3o","Michel Temer","Rodrigo Janot","STF","Teori Zavascki"],"articleSection":["Brasil","Not\u00edcias","Partido"],"inLanguage":"pt-BR","potentialAction":[{"@type":"CommentAction","name":"Comment","target":["https:\/\/psol50.org.br\/psol-entra-com-recurso-no-stf-para-que-temer-seja-investigado-por-citacao-na-delacao-da-odebrecht\/#respond"]}]},{"@type":"WebPage","@id":"https:\/\/psol50.org.br\/psol-entra-com-recurso-no-stf-para-que-temer-seja-investigado-por-citacao-na-delacao-da-odebrecht\/","url":"https:\/\/psol50.org.br\/psol-entra-com-recurso-no-stf-para-que-temer-seja-investigado-por-citacao-na-delacao-da-odebrecht\/","name":"PSOL entra com recurso no STF para que Temer seja investigado por cita\u00e7\u00e3o na dela\u00e7\u00e3o da Odebrecht - PSOL 50","isPartOf":{"@id":"https:\/\/psol50.org.br\/#website"},"primaryImageOfPage":{"@id":"https:\/\/psol50.org.br\/psol-entra-com-recurso-no-stf-para-que-temer-seja-investigado-por-citacao-na-delacao-da-odebrecht\/#primaryimage"},"image":{"@id":"https:\/\/psol50.org.br\/psol-entra-com-recurso-no-stf-para-que-temer-seja-investigado-por-citacao-na-delacao-da-odebrecht\/#primaryimage"},"thumbnailUrl":"","datePublished":"2017-04-13T02:45:01+00:00","breadcrumb":{"@id":"https:\/\/psol50.org.br\/psol-entra-com-recurso-no-stf-para-que-temer-seja-investigado-por-citacao-na-delacao-da-odebrecht\/#breadcrumb"},"inLanguage":"pt-BR","potentialAction":[{"@type":"ReadAction","target":["https:\/\/psol50.org.br\/psol-entra-com-recurso-no-stf-para-que-temer-seja-investigado-por-citacao-na-delacao-da-odebrecht\/"]}]},{"@type":"ImageObject","inLanguage":"pt-BR","@id":"https:\/\/psol50.org.br\/psol-entra-com-recurso-no-stf-para-que-temer-seja-investigado-por-citacao-na-delacao-da-odebrecht\/#primaryimage","url":"","contentUrl":""},{"@type":"BreadcrumbList","@id":"https:\/\/psol50.org.br\/psol-entra-com-recurso-no-stf-para-que-temer-seja-investigado-por-citacao-na-delacao-da-odebrecht\/#breadcrumb","itemListElement":[{"@type":"ListItem","position":1,"name":"In\u00edcio","item":"https:\/\/psol50.org.br\/"},{"@type":"ListItem","position":2,"name":"PSOL entra com recurso no STF para que Temer seja investigado por cita\u00e7\u00e3o na dela\u00e7\u00e3o da Odebrecht"}]},{"@type":"WebSite","@id":"https:\/\/psol50.org.br\/#website","url":"https:\/\/psol50.org.br\/","name":"PSOL 50","description":"Site oficial do Partido Socialismo e Liberdade","publisher":{"@id":"https:\/\/psol50.org.br\/#organization"},"alternateName":"PSOL50","potentialAction":[{"@type":"SearchAction","target":{"@type":"EntryPoint","urlTemplate":"https:\/\/psol50.org.br\/?s={search_term_string}"},"query-input":{"@type":"PropertyValueSpecification","valueRequired":true,"valueName":"search_term_string"}}],"inLanguage":"pt-BR"},{"@type":"Organization","@id":"https:\/\/psol50.org.br\/#organization","name":"PSOL 50","alternateName":"PSOL 50","url":"https:\/\/psol50.org.br\/","logo":{"@type":"ImageObject","inLanguage":"pt-BR","@id":"https:\/\/psol50.org.br\/#\/schema\/logo\/image\/","url":"https:\/\/psol50.org.br\/inc\/uploads\/2018\/07\/capa.png","contentUrl":"https:\/\/psol50.org.br\/inc\/uploads\/2018\/07\/capa.png","width":1350,"height":900,"caption":"PSOL 50"},"image":{"@id":"https:\/\/psol50.org.br\/#\/schema\/logo\/image\/"},"sameAs":["https:\/\/www.facebook.com\/psol50","https:\/\/x.com\/psol50","https:\/\/www.instagram.com\/psol50\/","https:\/\/www.youtube.com\/channel\/UC7SnJS5o1os7a6CaiNabzcg"]},{"@type":"Person","@id":"https:\/\/psol50.org.br\/#\/schema\/person\/475dfa57d0b815993c714c2e96491fcd","name":"Comunica\u00e7\u00e3o PSOL","image":{"@type":"ImageObject","inLanguage":"pt-BR","@id":"https:\/\/psol50.org.br\/#\/schema\/person\/image\/","url":"https:\/\/secure.gravatar.com\/avatar\/b34fc4f4e468a4e51785917065a3db57b841f5c95dba6ad8c73aaf8f66f8f9bf?s=96&d=mm&r=g","contentUrl":"https:\/\/secure.gravatar.com\/avatar\/b34fc4f4e468a4e51785917065a3db57b841f5c95dba6ad8c73aaf8f66f8f9bf?s=96&d=mm&r=g","caption":"Comunica\u00e7\u00e3o PSOL"}}]}},"_links":{"self":[{"href":"https:\/\/psol50.org.br\/rest\/wp\/v2\/posts\/16151","targetHints":{"allow":["GET"]}}],"collection":[{"href":"https:\/\/psol50.org.br\/rest\/wp\/v2\/posts"}],"about":[{"href":"https:\/\/psol50.org.br\/rest\/wp\/v2\/types\/post"}],"author":[{"embeddable":true,"href":"https:\/\/psol50.org.br\/rest\/wp\/v2\/users\/2"}],"replies":[{"embeddable":true,"href":"https:\/\/psol50.org.br\/rest\/wp\/v2\/comments?post=16151"}],"version-history":[{"count":0,"href":"https:\/\/psol50.org.br\/rest\/wp\/v2\/posts\/16151\/revisions"}],"wp:featuredmedia":[{"embeddable":true,"href":"https:\/\/psol50.org.br\/rest\/"}],"wp:attachment":[{"href":"https:\/\/psol50.org.br\/rest\/wp\/v2\/media?parent=16151"}],"wp:term":[{"taxonomy":"category","embeddable":true,"href":"https:\/\/psol50.org.br\/rest\/wp\/v2\/categories?post=16151"},{"taxonomy":"post_tag","embeddable":true,"href":"https:\/\/psol50.org.br\/rest\/wp\/v2\/tags?post=16151"}],"curies":[{"name":"wp","href":"https:\/\/api.w.org\/{rel}","templated":true}]}}