{"id":1616,"date":"2011-09-02T00:00:00","date_gmt":"2011-09-02T00:00:00","guid":{"rendered":"http:\/\/psol50.org.br\/arquivo\/2011\/09\/02\/ato-contra-a-corrupcao-em-taboao-da-serra-sp-na-proxima-terca-dia-6\/"},"modified":"2011-09-02T00:00:00","modified_gmt":"2011-09-02T00:00:00","slug":"ato-contra-a-corrupcao-em-taboao-da-serra-sp-na-proxima-terca-dia-6","status":"publish","type":"post","link":"https:\/\/psol50.org.br\/ato-contra-a-corrupcao-em-taboao-da-serra-sp-na-proxima-terca-dia-6\/","title":{"rendered":"Ato contra a corrup\u00e7\u00e3o em Tabo\u00e3o da Serra (SP) na pr\u00f3xima ter\u00e7a, dia 6"},"content":{"rendered":"<p style=\"text-align: justify\">Leia o convite do Comit\u00ea de Luta contra a corrup\u00e7\u00e3o em Tabo\u00e3o da Serra para o ato p\u00fablico que ser\u00e1 realizado na pr\u00f3xima ter\u00e7a-feira, dia 6 de setembro, a partir das 16 horas em frente \u00e0 C\u00e2mara de Vereadores da Cidade. A popula\u00e7\u00e3o de Tabo\u00e3o est\u00e1 mobilizada contra a corrup\u00e7\u00e3o e pede a cassa\u00e7\u00e3o imediata do prefeito Evil\u00e1sio, dos vereadores corruptos e puni\u00e7\u00e3o de todos os envolvidos em casos de corrup\u00e7\u00e3o.<\/p>\n<p>A partir das 16 horas em frente \u00e0 C\u00e2mara dos vereadores.\u00a0 (Concentra\u00e7\u00e3o no Largo do Tabo\u00e3o, onde ser\u00e1 realizado o funeral de Evil\u00e1sio. Traga sua vela)<\/p>\n<p>Pela cassa\u00e7\u00e3o do prefeito Evil\u00e1sio e dos vereaores corruptos!<\/p>\n<p>Pris\u00e3o e confisco dos bens de todos os envolvidos na corrup\u00e7\u00e3o!<\/p>\n<p>A popula\u00e7\u00e3o de Tabo\u00e3o da Serra se surpreende a cada semana com os avan\u00e7os das investiga\u00e7\u00f5es, denominada \u201cOpera\u00e7\u00e3o Cleptocracia\u201d (governo de ladr\u00f5es), levada a cabo pela Policia Civil e pela Promotoria P\u00fablica de Tabo\u00e3o da Serra.<\/p>\n<p>A \u201cOpera\u00e7\u00e3o Cleptocracia\u201d que investiga os crimes cometidos pela quadrilha instalada na prefeitura e na C\u00e2mara de Tabo\u00e3o da Serra, j\u00e1 levou para a cadeia ou pediu a pris\u00e3o de cinco vereadores, quatro secret\u00e1rios e v\u00e1rios funcion\u00e1rios livre-nomeados, respons\u00e1veis pelo roubo de mais de 10 milh\u00f5es de reais dos cofres do munic\u00edpio.<\/p>\n<p>A investiga\u00e7\u00e3o, que come\u00e7ou com os desvios do dinheiro referente a d\u00edvidas do IPTU, trouxe \u00e0 tona desvios e fraudes no ISS, contratos ilegais, alugu\u00e9is de carros e se ampliou para fraudes das anistias das multas de tr\u00e2nsito.<\/p>\n<p>A popula\u00e7\u00e3o aguarda ansiosamente os desdobramentos das investiga\u00e7\u00f5es que avan\u00e7am para todos os lados, n\u00e3o apenas da atual gest\u00e3o de Evil\u00e1sio Farias, mas tamb\u00e9m de seu antecessor, Fernando Fernandes.<\/p>\n<p>A den\u00fancia feita pela Folha de S\u00e3o Paulo de que Evil\u00e1sio acionou a empreiteira Etama (grande benefici\u00e1ria do dinheiro federal para obras do PAC) para conseguir 700 mil reais para soltar os secret\u00e1rios e vereadores presos \u00e9 mais do que um esc\u00e2ndalo: \u00e9 uma confiss\u00e3o de culpa!<\/p>\n<p><strong>MERCADO IMOBILI\u00c1RIO E EMPREITEIRAS S\u00c3O OS BASES DOS ESC\u00c2NDALOS<\/strong><\/p>\n<p>Est\u00e1 mais do que claro que um dos piv\u00f4s desta crise \u00e9 o setor imobili\u00e1rio e das empreiteiras. Setor este que, em todo pa\u00eds, trabalha por fora da lei. Compram os pol\u00edticos financiando as campanhas eleitorais de quase todos os candidatos e cobram a fatura com o favorecimento em licita\u00e7\u00f5es irregulares e superfaturamento de obras.<\/p>\n<p>O poder das empreiteiras, associado ao mercado imobili\u00e1rio chega ao ponto de engavetar os projetos de constru\u00e7\u00e3o de moradias populares, escolas, creches e hospitais e chegam ao ponto de alterar o Plano diretor dos munic\u00edpios em seu favor. Sempre pagando fortunas aos pol\u00edticos locais que os servem.<\/p>\n<p>Dois exemplos claros deste poder est\u00e3o no aumento escandaloso do IPTU que favoreceu os donos de imobili\u00e1rias, aumentando absurdamente o valor dos im\u00f3veis e dos alugueis. O outro exemplo, \u00e9 a venda do Terreno do Paulo Colombo, de onde fam\u00edlias sem teto foram despejadas, que foi vendido para uma grande empreiteira e agora far\u00e3o press\u00e3o na C\u00e2mara para alterar o Plano Diretor da cidade, j\u00e1 que o terreno est\u00e1 destinado para as ZEIS 1 (Zona Especial de Interesse Social). H\u00e1 den\u00fancias de que a d\u00edvida deste terreno foi quitada por um valor absurdamente inferior, o que permitiu a venda do mesmo.<br \/>\n<strong><br \/>\nA POPULA\u00c7\u00c3O E OS SERVI\u00c7OS P\u00daBLICOS S\u00c3O OS QUE MAIS SOFREM <\/strong><\/p>\n<p>O dinheiro dos cofres p\u00fablicos roubado pela quadrilha formada por pol\u00edticos e empres\u00e1rios da cidade pode chegar a R$ 50 milh\u00f5es, cerca de um ter\u00e7o do Or\u00e7amento do munic\u00edpio.<\/p>\n<p>Lutamos pelo fim da corrup\u00e7\u00e3o para que o dinheiro dos impostos seja aplicado na melhoria das condi\u00e7\u00f5es de vida da popula\u00e7\u00e3o.<\/p>\n<p>Queremos: Postos de sa\u00fade e hospitais com infraestrutura e atendimento m\u00e9dico dignos! Investimento em moradia popular! Creches e escolas de qualidade! Transporte coletivo barato e confort\u00e1vel! Cultura, lazer e passe-livre para a juventude! Sal\u00e1rios dignos e condi\u00e7\u00f5es de trabalho para os funcion\u00e1rios p\u00fablicos!<\/p>\n<p><strong>EXIGIMOS QUE A C\u00c2MARA APROVE J\u00c1<\/strong><\/p>\n<p><strong> <\/strong><\/p>\n<p><strong>O AFASTAMENTO DE EVIL\u00c1SIO E DOS VEREADORES CORRUPTOS <\/strong><\/p>\n<p>O Comit\u00ea de Luta contra a Corrup\u00e7\u00e3o apresentou em 16 de agosto uma REPRESENTA\u00c7\u00c3O na C\u00e2mara Municipal de Tabo\u00e3o da Serra, solicitando a abertura do processo de AFASTAMENTO do prefeito Evil\u00e1sio Farias. Na se\u00e7\u00e3o do dia 6\/9 os vereadores devem votar o afastamento de Evil\u00e1sio e a abertura do processo de cassa\u00e7\u00e3o. Na se\u00e7\u00e3o passada o prefeito mobilizou a sua tropa de paus mandados e livre-nomeados para defend\u00ea-lo na C\u00e2mara. \u00c9 preciso que a voz do povo seja ouvida e que press\u00e3o popular aumente para obrigar a C\u00e2mara a cumprir seus dever legal de cassar o mandato de todos os envolvidos nos esc\u00e2ndalos de corrup\u00e7\u00e3o no munic\u00edpio.<\/p>\n<p><strong>DIA 6 de setembro<\/strong><\/p>\n<p><strong> <\/strong><\/p>\n<p><strong>GREVE GERAL DO FUNCIONALISMO MUNICIPAL<\/strong><\/p>\n<p style=\"text-align: justify\">Os servidores municipais de Tabo\u00e3o n\u00e3o podem deixar que os livre-nomeados do prefeito e seus secret\u00e1rios falem em nome do funcionalismo.\u00a0 Por isso, o Comit\u00ea de Luta contra a Corrup\u00e7\u00e3o e a Comiss\u00e3o Independente das Professoras ADIs fazem um chamado a todos os servidores p\u00fablicos do munic\u00edpio de Tabo\u00e3o a cruzarem os bra\u00e7os no pr\u00f3ximo dia 6 de setembro para mostrar a toda a popula\u00e7\u00e3o seu apoio \u00e0 luta contra a corrup\u00e7\u00e3o e em defesa de seus leg\u00edtimos direitos: Aumento geral de sal\u00e1rios, j\u00e1! Enquadramento das ADIs como professoras! Fim da terceiriza\u00e7\u00e3o, privatiza\u00e7\u00e3o e do sucateamento dos servi\u00e7os p\u00fablicos!<\/p>\n<p style=\"text-align: center\"><em><strong>C<a href=\"http:\/\/lutataboao.blogspot.com\">OMIT\u00ca DE LUTA CONTRA A CORRUP\u00c7\u00c3O EM TABO\u00c3O DA SERRA<br \/>\nEntidades participantes: APEOESP, MTST, Comit\u00ea Contra o Aumento do IPTU (A\u00e7\u00e3o Popular), Comiss\u00e3o de Professoras ADIs de Tabo\u00e3o da Serra, PSOL, PSTU, Fam\u00edlia Rap Nacional. Blog: http:\/\/lutataboao.blogspot.com<\/a><\/strong><\/em><\/p>\n","protected":false},"excerpt":{"rendered":"<p>Leia o convite do Comit\u00ea de Luta contra a corrup\u00e7\u00e3o em Tabo\u00e3o da Serra para o ato p\u00fablico que ser\u00e1 realizado na pr\u00f3xima ter\u00e7a-feira, dia 6 de setembro, a partir das 16 horas em frente \u00e0 C\u00e2mara de Vereadores da Cidade. A popula\u00e7\u00e3o de Tabo\u00e3o est\u00e1 mobilizada contra a corrup\u00e7\u00e3o e pede a cassa\u00e7\u00e3o imediata [&hellip;]<\/p>\n","protected":false},"author":2,"featured_media":0,"comment_status":"open","ping_status":"open","sticky":false,"template":"","format":"standard","meta":{"_acf_changed":false,"footnotes":""},"categories":[4766],"tags":[],"class_list":{"0":"post-1616","1":"post","2":"type-post","3":"status-publish","4":"format-standard","6":"category-arquivo"},"acf":[],"yoast_head":"<!-- This site is optimized with the Yoast SEO plugin v26.5 - https:\/\/yoast.com\/wordpress\/plugins\/seo\/ -->\n<title>Ato contra a corrup\u00e7\u00e3o em Tabo\u00e3o da Serra (SP) na pr\u00f3xima ter\u00e7a, dia 6 - PSOL 50<\/title>\n<meta name=\"robots\" content=\"index, follow, max-snippet:-1, max-image-preview:large, max-video-preview:-1\" \/>\n<link rel=\"canonical\" href=\"https:\/\/psol50.org.br\/ato-contra-a-corrupcao-em-taboao-da-serra-sp-na-proxima-terca-dia-6\/\" \/>\n<meta property=\"og:locale\" content=\"pt_BR\" \/>\n<meta property=\"og:type\" content=\"article\" \/>\n<meta property=\"og:title\" content=\"Ato contra a corrup\u00e7\u00e3o em Tabo\u00e3o da Serra (SP) na pr\u00f3xima ter\u00e7a, dia 6 - PSOL 50\" \/>\n<meta property=\"og:description\" content=\"Leia o convite do Comit\u00ea de Luta contra a corrup\u00e7\u00e3o em Tabo\u00e3o da Serra para o ato p\u00fablico que ser\u00e1 realizado na pr\u00f3xima ter\u00e7a-feira, dia 6 de setembro, a partir das 16 horas em frente \u00e0 C\u00e2mara de Vereadores da Cidade. A popula\u00e7\u00e3o de Tabo\u00e3o est\u00e1 mobilizada contra a corrup\u00e7\u00e3o e pede a cassa\u00e7\u00e3o imediata [&hellip;]\" \/>\n<meta property=\"og:url\" content=\"https:\/\/psol50.org.br\/ato-contra-a-corrupcao-em-taboao-da-serra-sp-na-proxima-terca-dia-6\/\" \/>\n<meta property=\"og:site_name\" content=\"PSOL 50\" \/>\n<meta property=\"article:publisher\" content=\"https:\/\/www.facebook.com\/psol50\" \/>\n<meta property=\"article:published_time\" content=\"2011-09-02T00:00:00+00:00\" \/>\n<meta property=\"og:image\" content=\"https:\/\/psol50.org.br\/inc\/uploads\/2018\/07\/capa.png\" \/>\n\t<meta property=\"og:image:width\" content=\"1350\" \/>\n\t<meta property=\"og:image:height\" content=\"900\" \/>\n\t<meta property=\"og:image:type\" content=\"image\/png\" \/>\n<meta name=\"author\" content=\"Comunica\u00e7\u00e3o PSOL\" \/>\n<meta name=\"twitter:card\" content=\"summary_large_image\" \/>\n<meta name=\"twitter:creator\" content=\"@psol50\" \/>\n<meta name=\"twitter:site\" content=\"@psol50\" \/>\n<meta name=\"twitter:label1\" content=\"Escrito por\" \/>\n\t<meta name=\"twitter:data1\" content=\"Comunica\u00e7\u00e3o PSOL\" \/>\n\t<meta name=\"twitter:label2\" content=\"Est. tempo de leitura\" \/>\n\t<meta name=\"twitter:data2\" content=\"5 minutos\" \/>\n<script type=\"application\/ld+json\" class=\"yoast-schema-graph\">{\"@context\":\"https:\/\/schema.org\",\"@graph\":[{\"@type\":\"Article\",\"@id\":\"https:\/\/psol50.org.br\/ato-contra-a-corrupcao-em-taboao-da-serra-sp-na-proxima-terca-dia-6\/#article\",\"isPartOf\":{\"@id\":\"https:\/\/psol50.org.br\/ato-contra-a-corrupcao-em-taboao-da-serra-sp-na-proxima-terca-dia-6\/\"},\"author\":{\"name\":\"Comunica\u00e7\u00e3o PSOL\",\"@id\":\"https:\/\/psol50.org.br\/#\/schema\/person\/475dfa57d0b815993c714c2e96491fcd\"},\"headline\":\"Ato contra a corrup\u00e7\u00e3o em Tabo\u00e3o da Serra (SP) na pr\u00f3xima ter\u00e7a, dia 6\",\"datePublished\":\"2011-09-02T00:00:00+00:00\",\"mainEntityOfPage\":{\"@id\":\"https:\/\/psol50.org.br\/ato-contra-a-corrupcao-em-taboao-da-serra-sp-na-proxima-terca-dia-6\/\"},\"wordCount\":1043,\"commentCount\":0,\"publisher\":{\"@id\":\"https:\/\/psol50.org.br\/#organization\"},\"articleSection\":[\"Arquivo\"],\"inLanguage\":\"pt-BR\",\"potentialAction\":[{\"@type\":\"CommentAction\",\"name\":\"Comment\",\"target\":[\"https:\/\/psol50.org.br\/ato-contra-a-corrupcao-em-taboao-da-serra-sp-na-proxima-terca-dia-6\/#respond\"]}]},{\"@type\":\"WebPage\",\"@id\":\"https:\/\/psol50.org.br\/ato-contra-a-corrupcao-em-taboao-da-serra-sp-na-proxima-terca-dia-6\/\",\"url\":\"https:\/\/psol50.org.br\/ato-contra-a-corrupcao-em-taboao-da-serra-sp-na-proxima-terca-dia-6\/\",\"name\":\"Ato contra a corrup\u00e7\u00e3o em Tabo\u00e3o da Serra (SP) na pr\u00f3xima ter\u00e7a, dia 6 - PSOL 50\",\"isPartOf\":{\"@id\":\"https:\/\/psol50.org.br\/#website\"},\"datePublished\":\"2011-09-02T00:00:00+00:00\",\"breadcrumb\":{\"@id\":\"https:\/\/psol50.org.br\/ato-contra-a-corrupcao-em-taboao-da-serra-sp-na-proxima-terca-dia-6\/#breadcrumb\"},\"inLanguage\":\"pt-BR\",\"potentialAction\":[{\"@type\":\"ReadAction\",\"target\":[\"https:\/\/psol50.org.br\/ato-contra-a-corrupcao-em-taboao-da-serra-sp-na-proxima-terca-dia-6\/\"]}]},{\"@type\":\"BreadcrumbList\",\"@id\":\"https:\/\/psol50.org.br\/ato-contra-a-corrupcao-em-taboao-da-serra-sp-na-proxima-terca-dia-6\/#breadcrumb\",\"itemListElement\":[{\"@type\":\"ListItem\",\"position\":1,\"name\":\"In\u00edcio\",\"item\":\"https:\/\/psol50.org.br\/\"},{\"@type\":\"ListItem\",\"position\":2,\"name\":\"Ato contra a corrup\u00e7\u00e3o em Tabo\u00e3o da Serra (SP) na pr\u00f3xima ter\u00e7a, dia 6\"}]},{\"@type\":\"WebSite\",\"@id\":\"https:\/\/psol50.org.br\/#website\",\"url\":\"https:\/\/psol50.org.br\/\",\"name\":\"PSOL 50\",\"description\":\"Site oficial do Partido Socialismo e Liberdade\",\"publisher\":{\"@id\":\"https:\/\/psol50.org.br\/#organization\"},\"alternateName\":\"PSOL50\",\"potentialAction\":[{\"@type\":\"SearchAction\",\"target\":{\"@type\":\"EntryPoint\",\"urlTemplate\":\"https:\/\/psol50.org.br\/?s={search_term_string}\"},\"query-input\":{\"@type\":\"PropertyValueSpecification\",\"valueRequired\":true,\"valueName\":\"search_term_string\"}}],\"inLanguage\":\"pt-BR\"},{\"@type\":\"Organization\",\"@id\":\"https:\/\/psol50.org.br\/#organization\",\"name\":\"PSOL 50\",\"alternateName\":\"PSOL 50\",\"url\":\"https:\/\/psol50.org.br\/\",\"logo\":{\"@type\":\"ImageObject\",\"inLanguage\":\"pt-BR\",\"@id\":\"https:\/\/psol50.org.br\/#\/schema\/logo\/image\/\",\"url\":\"https:\/\/psol50.org.br\/inc\/uploads\/2018\/07\/capa.png\",\"contentUrl\":\"https:\/\/psol50.org.br\/inc\/uploads\/2018\/07\/capa.png\",\"width\":1350,\"height\":900,\"caption\":\"PSOL 50\"},\"image\":{\"@id\":\"https:\/\/psol50.org.br\/#\/schema\/logo\/image\/\"},\"sameAs\":[\"https:\/\/www.facebook.com\/psol50\",\"https:\/\/x.com\/psol50\",\"https:\/\/www.instagram.com\/psol50\/\",\"https:\/\/www.youtube.com\/channel\/UC7SnJS5o1os7a6CaiNabzcg\"]},{\"@type\":\"Person\",\"@id\":\"https:\/\/psol50.org.br\/#\/schema\/person\/475dfa57d0b815993c714c2e96491fcd\",\"name\":\"Comunica\u00e7\u00e3o PSOL\",\"image\":{\"@type\":\"ImageObject\",\"inLanguage\":\"pt-BR\",\"@id\":\"https:\/\/psol50.org.br\/#\/schema\/person\/image\/\",\"url\":\"https:\/\/secure.gravatar.com\/avatar\/b34fc4f4e468a4e51785917065a3db57b841f5c95dba6ad8c73aaf8f66f8f9bf?s=96&d=mm&r=g\",\"contentUrl\":\"https:\/\/secure.gravatar.com\/avatar\/b34fc4f4e468a4e51785917065a3db57b841f5c95dba6ad8c73aaf8f66f8f9bf?s=96&d=mm&r=g\",\"caption\":\"Comunica\u00e7\u00e3o PSOL\"}}]}<\/script>\n<!-- \/ Yoast SEO plugin. -->","yoast_head_json":{"title":"Ato contra a corrup\u00e7\u00e3o em Tabo\u00e3o da Serra (SP) na pr\u00f3xima ter\u00e7a, dia 6 - PSOL 50","robots":{"index":"index","follow":"follow","max-snippet":"max-snippet:-1","max-image-preview":"max-image-preview:large","max-video-preview":"max-video-preview:-1"},"canonical":"https:\/\/psol50.org.br\/ato-contra-a-corrupcao-em-taboao-da-serra-sp-na-proxima-terca-dia-6\/","og_locale":"pt_BR","og_type":"article","og_title":"Ato contra a corrup\u00e7\u00e3o em Tabo\u00e3o da Serra (SP) na pr\u00f3xima ter\u00e7a, dia 6 - PSOL 50","og_description":"Leia o convite do Comit\u00ea de Luta contra a corrup\u00e7\u00e3o em Tabo\u00e3o da Serra para o ato p\u00fablico que ser\u00e1 realizado na pr\u00f3xima ter\u00e7a-feira, dia 6 de setembro, a partir das 16 horas em frente \u00e0 C\u00e2mara de Vereadores da Cidade. A popula\u00e7\u00e3o de Tabo\u00e3o est\u00e1 mobilizada contra a corrup\u00e7\u00e3o e pede a cassa\u00e7\u00e3o imediata [&hellip;]","og_url":"https:\/\/psol50.org.br\/ato-contra-a-corrupcao-em-taboao-da-serra-sp-na-proxima-terca-dia-6\/","og_site_name":"PSOL 50","article_publisher":"https:\/\/www.facebook.com\/psol50","article_published_time":"2011-09-02T00:00:00+00:00","og_image":[{"width":1350,"height":900,"url":"https:\/\/psol50.org.br\/inc\/uploads\/2018\/07\/capa.png","type":"image\/png"}],"author":"Comunica\u00e7\u00e3o PSOL","twitter_card":"summary_large_image","twitter_creator":"@psol50","twitter_site":"@psol50","twitter_misc":{"Escrito por":"Comunica\u00e7\u00e3o PSOL","Est. tempo de leitura":"5 minutos"},"schema":{"@context":"https:\/\/schema.org","@graph":[{"@type":"Article","@id":"https:\/\/psol50.org.br\/ato-contra-a-corrupcao-em-taboao-da-serra-sp-na-proxima-terca-dia-6\/#article","isPartOf":{"@id":"https:\/\/psol50.org.br\/ato-contra-a-corrupcao-em-taboao-da-serra-sp-na-proxima-terca-dia-6\/"},"author":{"name":"Comunica\u00e7\u00e3o PSOL","@id":"https:\/\/psol50.org.br\/#\/schema\/person\/475dfa57d0b815993c714c2e96491fcd"},"headline":"Ato contra a corrup\u00e7\u00e3o em Tabo\u00e3o da Serra (SP) na pr\u00f3xima ter\u00e7a, dia 6","datePublished":"2011-09-02T00:00:00+00:00","mainEntityOfPage":{"@id":"https:\/\/psol50.org.br\/ato-contra-a-corrupcao-em-taboao-da-serra-sp-na-proxima-terca-dia-6\/"},"wordCount":1043,"commentCount":0,"publisher":{"@id":"https:\/\/psol50.org.br\/#organization"},"articleSection":["Arquivo"],"inLanguage":"pt-BR","potentialAction":[{"@type":"CommentAction","name":"Comment","target":["https:\/\/psol50.org.br\/ato-contra-a-corrupcao-em-taboao-da-serra-sp-na-proxima-terca-dia-6\/#respond"]}]},{"@type":"WebPage","@id":"https:\/\/psol50.org.br\/ato-contra-a-corrupcao-em-taboao-da-serra-sp-na-proxima-terca-dia-6\/","url":"https:\/\/psol50.org.br\/ato-contra-a-corrupcao-em-taboao-da-serra-sp-na-proxima-terca-dia-6\/","name":"Ato contra a corrup\u00e7\u00e3o em Tabo\u00e3o da Serra (SP) na pr\u00f3xima ter\u00e7a, dia 6 - PSOL 50","isPartOf":{"@id":"https:\/\/psol50.org.br\/#website"},"datePublished":"2011-09-02T00:00:00+00:00","breadcrumb":{"@id":"https:\/\/psol50.org.br\/ato-contra-a-corrupcao-em-taboao-da-serra-sp-na-proxima-terca-dia-6\/#breadcrumb"},"inLanguage":"pt-BR","potentialAction":[{"@type":"ReadAction","target":["https:\/\/psol50.org.br\/ato-contra-a-corrupcao-em-taboao-da-serra-sp-na-proxima-terca-dia-6\/"]}]},{"@type":"BreadcrumbList","@id":"https:\/\/psol50.org.br\/ato-contra-a-corrupcao-em-taboao-da-serra-sp-na-proxima-terca-dia-6\/#breadcrumb","itemListElement":[{"@type":"ListItem","position":1,"name":"In\u00edcio","item":"https:\/\/psol50.org.br\/"},{"@type":"ListItem","position":2,"name":"Ato contra a corrup\u00e7\u00e3o em Tabo\u00e3o da Serra (SP) na pr\u00f3xima ter\u00e7a, dia 6"}]},{"@type":"WebSite","@id":"https:\/\/psol50.org.br\/#website","url":"https:\/\/psol50.org.br\/","name":"PSOL 50","description":"Site oficial do Partido Socialismo e Liberdade","publisher":{"@id":"https:\/\/psol50.org.br\/#organization"},"alternateName":"PSOL50","potentialAction":[{"@type":"SearchAction","target":{"@type":"EntryPoint","urlTemplate":"https:\/\/psol50.org.br\/?s={search_term_string}"},"query-input":{"@type":"PropertyValueSpecification","valueRequired":true,"valueName":"search_term_string"}}],"inLanguage":"pt-BR"},{"@type":"Organization","@id":"https:\/\/psol50.org.br\/#organization","name":"PSOL 50","alternateName":"PSOL 50","url":"https:\/\/psol50.org.br\/","logo":{"@type":"ImageObject","inLanguage":"pt-BR","@id":"https:\/\/psol50.org.br\/#\/schema\/logo\/image\/","url":"https:\/\/psol50.org.br\/inc\/uploads\/2018\/07\/capa.png","contentUrl":"https:\/\/psol50.org.br\/inc\/uploads\/2018\/07\/capa.png","width":1350,"height":900,"caption":"PSOL 50"},"image":{"@id":"https:\/\/psol50.org.br\/#\/schema\/logo\/image\/"},"sameAs":["https:\/\/www.facebook.com\/psol50","https:\/\/x.com\/psol50","https:\/\/www.instagram.com\/psol50\/","https:\/\/www.youtube.com\/channel\/UC7SnJS5o1os7a6CaiNabzcg"]},{"@type":"Person","@id":"https:\/\/psol50.org.br\/#\/schema\/person\/475dfa57d0b815993c714c2e96491fcd","name":"Comunica\u00e7\u00e3o PSOL","image":{"@type":"ImageObject","inLanguage":"pt-BR","@id":"https:\/\/psol50.org.br\/#\/schema\/person\/image\/","url":"https:\/\/secure.gravatar.com\/avatar\/b34fc4f4e468a4e51785917065a3db57b841f5c95dba6ad8c73aaf8f66f8f9bf?s=96&d=mm&r=g","contentUrl":"https:\/\/secure.gravatar.com\/avatar\/b34fc4f4e468a4e51785917065a3db57b841f5c95dba6ad8c73aaf8f66f8f9bf?s=96&d=mm&r=g","caption":"Comunica\u00e7\u00e3o PSOL"}}]}},"_links":{"self":[{"href":"https:\/\/psol50.org.br\/rest\/wp\/v2\/posts\/1616","targetHints":{"allow":["GET"]}}],"collection":[{"href":"https:\/\/psol50.org.br\/rest\/wp\/v2\/posts"}],"about":[{"href":"https:\/\/psol50.org.br\/rest\/wp\/v2\/types\/post"}],"author":[{"embeddable":true,"href":"https:\/\/psol50.org.br\/rest\/wp\/v2\/users\/2"}],"replies":[{"embeddable":true,"href":"https:\/\/psol50.org.br\/rest\/wp\/v2\/comments?post=1616"}],"version-history":[{"count":0,"href":"https:\/\/psol50.org.br\/rest\/wp\/v2\/posts\/1616\/revisions"}],"wp:attachment":[{"href":"https:\/\/psol50.org.br\/rest\/wp\/v2\/media?parent=1616"}],"wp:term":[{"taxonomy":"category","embeddable":true,"href":"https:\/\/psol50.org.br\/rest\/wp\/v2\/categories?post=1616"},{"taxonomy":"post_tag","embeddable":true,"href":"https:\/\/psol50.org.br\/rest\/wp\/v2\/tags?post=1616"}],"curies":[{"name":"wp","href":"https:\/\/api.w.org\/{rel}","templated":true}]}}