{"id":1617,"date":"2011-09-03T00:00:00","date_gmt":"2011-09-03T00:00:00","guid":{"rendered":"http:\/\/psol50.org.br\/arquivo\/2011\/09\/03\/bonde-da-covardia-pronunciamento-de-marcelo-freixo-psol-rj\/"},"modified":"2011-09-03T00:00:00","modified_gmt":"2011-09-03T00:00:00","slug":"bonde-da-covardia-pronunciamento-de-marcelo-freixo-psol-rj","status":"publish","type":"post","link":"https:\/\/psol50.org.br\/bonde-da-covardia-pronunciamento-de-marcelo-freixo-psol-rj\/","title":{"rendered":"Bonde da covardia  *Pronunciamento de Marcelo Freixo (PSOL-RJ)"},"content":{"rendered":"<p style=\"text-align: center\"><em><strong><a rel=\"attachment wp-att-10626\" href=\"http:\/\/psol50.org.br\/blog\/2011\/09\/03\/bonde-da-covardia-pronunciamento-de-marcelo-freixo-psol-rj\/bondedacocavardia1t\/\"><img loading=\"lazy\" decoding=\"async\" class=\"aligncenter size-full wp-image-10626\" src=\"http:\/\/psol50.org.br\/files\/2011\/09\/BondedaCocavardia1t.jpg\" alt=\"\" width=\"293\" height=\"400\" \/><\/a><a href=\"http:\/\/www.youtube.com\/watch?v=C6RvjvdbRgY\">Clique aqui e confira o discurso de Marcelo Freixo em http:\/\/www.youtube.com\/watch?v=C6RvjvdbRgY <\/a><\/strong><\/em><\/p>\n<p style=\"text-align: justify\">\u201cEu, n\u00e3o podia ser diferente, venho fazer refer\u00eancia ao acidente dram\u00e1tico, lament\u00e1vel, ocorrido no bondinho de Santa Tereza, que vitimou diversas pessoas.<\/p>\n<p>Eu tenho um pequeno ponto de diverg\u00eancia com a fala anterior do Deputado Luiz Paulo. Na verdade, nem \u00e9 uma diverg\u00eancia. O Deputado Luiz Paulo, de forma muito educada, diz que a diferen\u00e7a que existe em rela\u00e7\u00e3o a outros sistemas de transportes que utilizam o bonde \u00e9 a falta de investimento. Na verdade, eu acrescento, Deputado Luiz Paulo, um ponto a mais: al\u00e9m da falta de investimento, falta tamb\u00e9m vergonha na cara dos nossos governantes. Falta investimento e falta vergonha na cara, porque se tivesse um pouco de cada coisa, essa trag\u00e9dia n\u00e3o teria ocorrido.<\/p>\n<p>Eu quero ler algo que foi publicado no jornal Extra de hoje, uma senten\u00e7a de 2009. Dois mil e nove!<\/p>\n<p>(Lendo)<\/p>\n<p>\u201cN\u00famero 1 \u2013 cabe ao governo do Estado adotar todas as medidas necess\u00e1rias para o funcionamento seguro do sistema de bondes de Santa Tereza; restaurarem, no prazo de 120 dias, o gradil sobre os Arcos da Lapa; restaurarem os bondes pendentes de reforma, no prazo de 60 dias, a contar da intima\u00e7\u00e3o da decis\u00e3o, sob pena de multa di\u00e1ria de 50 mil reais\u201d.<\/p>\n<p>Essa senten\u00e7a contra o Governo do Estado n\u00e3o foi cumprida porque o Governo recorreu, perdeu novamente, recorreu novamente, ou seja, a Justi\u00e7a j\u00e1 havia dito que aquilo ali era previs\u00edvel. Isso aqui foi antes da morte do franc\u00eas, nos Arcos da Lapa e, evidentemente, antes do acidente desta semana, que vitimou tantas pessoas.<\/p>\n<p>Pois bem, o Estado tem essa pr\u00e1tica de n\u00e3o cumprir com suas obriga\u00e7\u00f5es m\u00ednimas e apelar, judicialmente, para que n\u00e3o cumpra os investimentos que deve, que a lei determina isso.<\/p>\n<p>Mas o mais interessante \u00e9 que os bondes de Santa Tereza s\u00e3o tombados pelo Instituto do Patrim\u00f4nio Art\u00edstico e Nacional \u2013 Iphan. E mais do que isso: s\u00e3o extremamente \u00fateis. Santa Tereza n\u00e3o admite, n\u00e3o consegue imaginar a sua vida sem os bondes, n\u00e3o s\u00f3 por uma quest\u00e3o tur\u00edstica, mas \u00e9 um meio de transporte mais barato. \u00c9 fundamental e aquela comunidade n\u00e3o abre m\u00e3o de ter o bondinho de Santa Tereza funcionando em condi\u00e7\u00f5es adequadas. Portanto, n\u00e3o \u00e9 um investimento qualquer. Ele precisa ser feito com os investimentos que j\u00e1 existem.<\/p>\n<p>O mais impressionante, Deputada Janira Rocha, \u00e9 que j\u00e1 tivemos 14 milh\u00f5es destinados \u00e0 reforma dos bondes, dos quais 9,8 milh\u00f5es foram repassados \u00e0 TTRANS, para investirem em novos ve\u00edculos e n\u00e3o reformar os antigos bondes. O mais curioso \u00e9 que esse contrato com a TTRANS foi suspenso, por irregularidades, pelo Tribunal de Contas. Ent\u00e3o, h\u00e1 dinheiro, n\u00e3o se faz o que deveria ser feito, e ainda investe em algo que o Tribunal de Contas diz que \u00e9 ilegal. Ou seja, o que falta n\u00e3o \u00e9 investimento; o que falta \u00e9 vergonha na cara, \u00e9 dec\u00eancia, \u00e9 dignidade. \u00c9 isso que falta a este governo e aos seus Secret\u00e1rios. N\u00e3o \u00e9 dinheiro. Dinheiro tem, mas sobra picaretagem. S\u00e3o 17 milh\u00f5es do Banco Mundial, Deputada Janira Rocha; 17 milh\u00f5es do Banco Mundial para reformar 14 bondes. Isso n\u00e3o foi feito.<\/p>\n<p>H\u00e1 verba. H\u00e1 investimento. Eles investiram nos chamados pseudos bondes de VLTs, e os bondes antigos, que vitimaram essas pessoas, nesta semana, foram abandonados.<\/p>\n<p>H\u00e1 uma A\u00e7\u00e3o Civil P\u00fablica do Minist\u00e9rio P\u00fablico \u2013 e me estranha o Minist\u00e9rio P\u00fablico n\u00e3o ter pedido a execu\u00e7\u00e3o disso \u2013 que condena o Governo do Estado.<\/p>\n<p>Por fim, tudo isso \u00e9 inaceit\u00e1vel, Sr. Presidente, mas quero dizer que o mais inaceit\u00e1vel de tudo foi o Secret\u00e1rio J\u00falio Lopes &#8211; que parece sempre mais preocupado com seu penteado do que com a vida das pessoas \u2013 dizer que o \u00fanico transporte que ele conhece \u00e9 o transporte escolar, porque n\u00e3o entende nada de transportes. Foi um empres\u00e1rio da Educa\u00e7\u00e3o colocado na pasta de Transportes, sei l\u00e1 por que raz\u00e3o, talvez fa\u00e7a muito bem a raz\u00e3o pela qual o colocaram l\u00e1, que n\u00e3o \u00e9 entender de transportes.<\/p>\n<p>O mesmo Secret\u00e1rio J\u00falio Lopes, que, quando fala, mais parece um advogado de defesa das empresas privadas que investem no transporte do que algu\u00e9m que representa o poder p\u00fablico como secret\u00e1rio. Foi o mesmo secret\u00e1rio que defendeu o fim das barcas de madrugada, alegando que n\u00e3o dava lucro para a empresa, como se fosse papel do secret\u00e1rio estar preocupado com o lucro da empresa e n\u00e3o com os usu\u00e1rios do transporte p\u00fablico. Foi esse mesmo cidad\u00e3o, ao qual quero evitar adjetivos, para n\u00e3o quebrar decoro, que vem a p\u00fablico, primeiro, dizer frase dessa pessoa, digamos assim:<\/p>\n<p>(Lendo)<\/p>\n<p>\u201cO Secret\u00e1rio de Transportes J\u00falio Lopes esteve em Santa Tereza ontem \u00e0 noite e lamentou o acidente, que, segundo ele, \u2018representa uma trag\u00e9dia para o turismo da cidade\u2019.\u201d<\/p>\n<p>(Conclui a leitura)<\/p>\n<p>Ora, francamente! Fica calado que \u00e9 melhor! Morre gente, morre crian\u00e7a, uma trag\u00e9dia atr\u00e1s da outra e ele est\u00e1 preocupado com o turismo da cidade! Esta \u00e9 a primeira preocupa\u00e7\u00e3o dele. \u00c9 porque s\u00f3 pensa em dinheiro. \u00c9 por isso que ele est\u00e1 na pasta do Transporte. \u00c9 porque \u00e9 um agente da Fetranspor, \u00e9 o cara para fazer acordo \u2013 por isso que ele est\u00e1 l\u00e1. N\u00e3o entende \u201cchongas\u201d de transporte e n\u00e3o tem nem respeito \u00e0 vida humana!<\/p>\n<p>\u00c9 isso que tem que ser dito aqui. N\u00e3o \u00e9 falta de investimento, n\u00e3o! \u00c9 falta de car\u00e1ter! \u00c9 isso que falta a este Governo: vergonha na cara.<\/p>\n<p><strong><em>Agora ele vem, de novo, a p\u00fablico, dizer que a culpa \u00e9 do Sr. Nelson Correia da Silva, o motorneiro que faleceu no acidente. Sinceramente, o Secret\u00e1rio tem que lavar a boca com \u00e1gua sanit\u00e1ria antes de falar desse senhor. <\/em><span style=\"color: #ff0000\">Esse senhor morreu tentando salvar a vida das pessoas. Ele podia ter pulado e n\u00e3o pulou. Ele estava trabalhando l\u00e1 &#8211; coisa que o Secret\u00e1rio n\u00e3o sabe o que \u00e9 fazer, desde crian\u00e7a, porque nunca trabalhou direito &#8211; ele morreu porque ficou no bonde at\u00e9 o final, tentando frear, tentando salvar, trabalhando naquelas p\u00e9ssimas condi\u00e7\u00f5es que esse Secret\u00e1rio incompetente, idiota, fornece a essas pessoas. <\/span><\/strong><strong><em>Por isso que esse senhor morreu! De forma covarde! De forma covarde, leviana! \u00c9 um monstro, \u00e9 um covarde! Vai colocar a culpa nessa pessoa, nesse trabalhador que morreu. <\/em><\/strong><\/p>\n<p>A fam\u00edlia do motorneiro est\u00e1 chorando sua morte, indignada. O Secret\u00e1rio, de forma desrespeitosa, aviltante, no lugar de reconhecer que n\u00e3o fez o que deveria, no lugar de pedir demiss\u00e3o, de pedir desculpas, de ir para o inferno, de ir para onde quiser, coloca a responsabilidade nesse pobre coitado que morreu. Se n\u00e3o tem compet\u00eancia, tenha ao menos o m\u00ednimo de respeito a essa fam\u00edlia.<\/p>\n<p>\u00c9 inaceit\u00e1vel, Sr. Presidente, \u00e9 inaceit\u00e1vel que esse incompetente continue na pasta! N\u00e3o d\u00e1! N\u00e3o d\u00e1!<\/p>\n<p>Espero que ele venha \u00e0 audi\u00eancia p\u00fablica. Espero que venha aqui! E espero que a sa\u00edda n\u00e3o seja, como ele adora: \u201cVamos privatizar, vamos fazer qualquer coisa\u201d. Admita a responsabilidade! Pe\u00e7a demiss\u00e3o! Vai cuidar dos seus investimentos na Educa\u00e7\u00e3o privada, o que fez durante sua vida inteira, porque de Transporte n\u00e3o entende nada! E a sua incompet\u00eancia gerou a morte dessas pessoas.<\/p>\n<p>Mas ao colocar a culpa na pessoa que morreu, tentando salvar a vida dos outros, ele extrapolou todos os limites poss\u00edveis. N\u00e3o d\u00e1!<\/p>\n<p>Obrigado\u201d.<\/p>\n<p>*Marcelo Freixo em pronunciamento no plen\u00e1rio do Alerj no dia 30\/8\/11.<\/p>\n","protected":false},"excerpt":{"rendered":"<p>Clique aqui e confira o discurso de Marcelo Freixo em http:\/\/www.youtube.com\/watch?v=C6RvjvdbRgY \u201cEu, n\u00e3o podia ser diferente, venho fazer refer\u00eancia ao acidente dram\u00e1tico, lament\u00e1vel, ocorrido no bondinho de Santa Tereza, que vitimou diversas pessoas. Eu tenho um pequeno ponto de diverg\u00eancia com a fala anterior do Deputado Luiz Paulo. Na verdade, nem \u00e9 uma diverg\u00eancia. O [&hellip;]<\/p>\n","protected":false},"author":2,"featured_media":0,"comment_status":"open","ping_status":"open","sticky":false,"template":"","format":"standard","meta":{"_acf_changed":false,"footnotes":""},"categories":[4766],"tags":[],"class_list":{"0":"post-1617","1":"post","2":"type-post","3":"status-publish","4":"format-standard","6":"category-arquivo"},"acf":[],"yoast_head":"<!-- This site is optimized with the Yoast SEO plugin v26.5 - https:\/\/yoast.com\/wordpress\/plugins\/seo\/ -->\n<title>Bonde da covardia *Pronunciamento de Marcelo Freixo (PSOL-RJ) - PSOL 50<\/title>\n<meta name=\"robots\" content=\"index, follow, max-snippet:-1, max-image-preview:large, max-video-preview:-1\" \/>\n<link rel=\"canonical\" href=\"https:\/\/psol50.org.br\/bonde-da-covardia-pronunciamento-de-marcelo-freixo-psol-rj\/\" \/>\n<meta property=\"og:locale\" content=\"pt_BR\" \/>\n<meta property=\"og:type\" content=\"article\" \/>\n<meta property=\"og:title\" content=\"Bonde da covardia *Pronunciamento de Marcelo Freixo (PSOL-RJ) - PSOL 50\" \/>\n<meta property=\"og:description\" content=\"Clique aqui e confira o discurso de Marcelo Freixo em http:\/\/www.youtube.com\/watch?v=C6RvjvdbRgY \u201cEu, n\u00e3o podia ser diferente, venho fazer refer\u00eancia ao acidente dram\u00e1tico, lament\u00e1vel, ocorrido no bondinho de Santa Tereza, que vitimou diversas pessoas. Eu tenho um pequeno ponto de diverg\u00eancia com a fala anterior do Deputado Luiz Paulo. Na verdade, nem \u00e9 uma diverg\u00eancia. O [&hellip;]\" \/>\n<meta property=\"og:url\" content=\"https:\/\/psol50.org.br\/bonde-da-covardia-pronunciamento-de-marcelo-freixo-psol-rj\/\" \/>\n<meta property=\"og:site_name\" content=\"PSOL 50\" \/>\n<meta property=\"article:publisher\" content=\"https:\/\/www.facebook.com\/psol50\" \/>\n<meta property=\"article:published_time\" content=\"2011-09-03T00:00:00+00:00\" \/>\n<meta property=\"og:image\" content=\"http:\/\/psol50.org.br\/files\/2011\/09\/BondedaCocavardia1t.jpg\" \/>\n<meta name=\"author\" content=\"Comunica\u00e7\u00e3o PSOL\" \/>\n<meta name=\"twitter:card\" content=\"summary_large_image\" \/>\n<meta name=\"twitter:creator\" content=\"@psol50\" \/>\n<meta name=\"twitter:site\" content=\"@psol50\" \/>\n<meta name=\"twitter:label1\" content=\"Escrito por\" \/>\n\t<meta name=\"twitter:data1\" content=\"Comunica\u00e7\u00e3o PSOL\" \/>\n\t<meta name=\"twitter:label2\" content=\"Est. tempo de leitura\" \/>\n\t<meta name=\"twitter:data2\" content=\"6 minutos\" \/>\n<script type=\"application\/ld+json\" class=\"yoast-schema-graph\">{\"@context\":\"https:\/\/schema.org\",\"@graph\":[{\"@type\":\"Article\",\"@id\":\"https:\/\/psol50.org.br\/bonde-da-covardia-pronunciamento-de-marcelo-freixo-psol-rj\/#article\",\"isPartOf\":{\"@id\":\"https:\/\/psol50.org.br\/bonde-da-covardia-pronunciamento-de-marcelo-freixo-psol-rj\/\"},\"author\":{\"name\":\"Comunica\u00e7\u00e3o PSOL\",\"@id\":\"https:\/\/psol50.org.br\/#\/schema\/person\/475dfa57d0b815993c714c2e96491fcd\"},\"headline\":\"Bonde da covardia *Pronunciamento de Marcelo Freixo (PSOL-RJ)\",\"datePublished\":\"2011-09-03T00:00:00+00:00\",\"mainEntityOfPage\":{\"@id\":\"https:\/\/psol50.org.br\/bonde-da-covardia-pronunciamento-de-marcelo-freixo-psol-rj\/\"},\"wordCount\":1306,\"commentCount\":0,\"publisher\":{\"@id\":\"https:\/\/psol50.org.br\/#organization\"},\"image\":{\"@id\":\"https:\/\/psol50.org.br\/bonde-da-covardia-pronunciamento-de-marcelo-freixo-psol-rj\/#primaryimage\"},\"thumbnailUrl\":\"http:\/\/psol50.org.br\/files\/2011\/09\/BondedaCocavardia1t.jpg\",\"articleSection\":[\"Arquivo\"],\"inLanguage\":\"pt-BR\",\"potentialAction\":[{\"@type\":\"CommentAction\",\"name\":\"Comment\",\"target\":[\"https:\/\/psol50.org.br\/bonde-da-covardia-pronunciamento-de-marcelo-freixo-psol-rj\/#respond\"]}]},{\"@type\":\"WebPage\",\"@id\":\"https:\/\/psol50.org.br\/bonde-da-covardia-pronunciamento-de-marcelo-freixo-psol-rj\/\",\"url\":\"https:\/\/psol50.org.br\/bonde-da-covardia-pronunciamento-de-marcelo-freixo-psol-rj\/\",\"name\":\"Bonde da covardia *Pronunciamento de Marcelo Freixo (PSOL-RJ) - PSOL 50\",\"isPartOf\":{\"@id\":\"https:\/\/psol50.org.br\/#website\"},\"primaryImageOfPage\":{\"@id\":\"https:\/\/psol50.org.br\/bonde-da-covardia-pronunciamento-de-marcelo-freixo-psol-rj\/#primaryimage\"},\"image\":{\"@id\":\"https:\/\/psol50.org.br\/bonde-da-covardia-pronunciamento-de-marcelo-freixo-psol-rj\/#primaryimage\"},\"thumbnailUrl\":\"http:\/\/psol50.org.br\/files\/2011\/09\/BondedaCocavardia1t.jpg\",\"datePublished\":\"2011-09-03T00:00:00+00:00\",\"breadcrumb\":{\"@id\":\"https:\/\/psol50.org.br\/bonde-da-covardia-pronunciamento-de-marcelo-freixo-psol-rj\/#breadcrumb\"},\"inLanguage\":\"pt-BR\",\"potentialAction\":[{\"@type\":\"ReadAction\",\"target\":[\"https:\/\/psol50.org.br\/bonde-da-covardia-pronunciamento-de-marcelo-freixo-psol-rj\/\"]}]},{\"@type\":\"ImageObject\",\"inLanguage\":\"pt-BR\",\"@id\":\"https:\/\/psol50.org.br\/bonde-da-covardia-pronunciamento-de-marcelo-freixo-psol-rj\/#primaryimage\",\"url\":\"http:\/\/psol50.org.br\/files\/2011\/09\/BondedaCocavardia1t.jpg\",\"contentUrl\":\"http:\/\/psol50.org.br\/files\/2011\/09\/BondedaCocavardia1t.jpg\"},{\"@type\":\"BreadcrumbList\",\"@id\":\"https:\/\/psol50.org.br\/bonde-da-covardia-pronunciamento-de-marcelo-freixo-psol-rj\/#breadcrumb\",\"itemListElement\":[{\"@type\":\"ListItem\",\"position\":1,\"name\":\"In\u00edcio\",\"item\":\"https:\/\/psol50.org.br\/\"},{\"@type\":\"ListItem\",\"position\":2,\"name\":\"Bonde da covardia *Pronunciamento de Marcelo Freixo (PSOL-RJ)\"}]},{\"@type\":\"WebSite\",\"@id\":\"https:\/\/psol50.org.br\/#website\",\"url\":\"https:\/\/psol50.org.br\/\",\"name\":\"PSOL 50\",\"description\":\"Site oficial do Partido Socialismo e Liberdade\",\"publisher\":{\"@id\":\"https:\/\/psol50.org.br\/#organization\"},\"alternateName\":\"PSOL50\",\"potentialAction\":[{\"@type\":\"SearchAction\",\"target\":{\"@type\":\"EntryPoint\",\"urlTemplate\":\"https:\/\/psol50.org.br\/?s={search_term_string}\"},\"query-input\":{\"@type\":\"PropertyValueSpecification\",\"valueRequired\":true,\"valueName\":\"search_term_string\"}}],\"inLanguage\":\"pt-BR\"},{\"@type\":\"Organization\",\"@id\":\"https:\/\/psol50.org.br\/#organization\",\"name\":\"PSOL 50\",\"alternateName\":\"PSOL 50\",\"url\":\"https:\/\/psol50.org.br\/\",\"logo\":{\"@type\":\"ImageObject\",\"inLanguage\":\"pt-BR\",\"@id\":\"https:\/\/psol50.org.br\/#\/schema\/logo\/image\/\",\"url\":\"https:\/\/psol50.org.br\/inc\/uploads\/2018\/07\/capa.png\",\"contentUrl\":\"https:\/\/psol50.org.br\/inc\/uploads\/2018\/07\/capa.png\",\"width\":1350,\"height\":900,\"caption\":\"PSOL 50\"},\"image\":{\"@id\":\"https:\/\/psol50.org.br\/#\/schema\/logo\/image\/\"},\"sameAs\":[\"https:\/\/www.facebook.com\/psol50\",\"https:\/\/x.com\/psol50\",\"https:\/\/www.instagram.com\/psol50\/\",\"https:\/\/www.youtube.com\/channel\/UC7SnJS5o1os7a6CaiNabzcg\"]},{\"@type\":\"Person\",\"@id\":\"https:\/\/psol50.org.br\/#\/schema\/person\/475dfa57d0b815993c714c2e96491fcd\",\"name\":\"Comunica\u00e7\u00e3o PSOL\",\"image\":{\"@type\":\"ImageObject\",\"inLanguage\":\"pt-BR\",\"@id\":\"https:\/\/psol50.org.br\/#\/schema\/person\/image\/\",\"url\":\"https:\/\/secure.gravatar.com\/avatar\/b34fc4f4e468a4e51785917065a3db57b841f5c95dba6ad8c73aaf8f66f8f9bf?s=96&d=mm&r=g\",\"contentUrl\":\"https:\/\/secure.gravatar.com\/avatar\/b34fc4f4e468a4e51785917065a3db57b841f5c95dba6ad8c73aaf8f66f8f9bf?s=96&d=mm&r=g\",\"caption\":\"Comunica\u00e7\u00e3o PSOL\"}}]}<\/script>\n<!-- \/ Yoast SEO plugin. -->","yoast_head_json":{"title":"Bonde da covardia *Pronunciamento de Marcelo Freixo (PSOL-RJ) - PSOL 50","robots":{"index":"index","follow":"follow","max-snippet":"max-snippet:-1","max-image-preview":"max-image-preview:large","max-video-preview":"max-video-preview:-1"},"canonical":"https:\/\/psol50.org.br\/bonde-da-covardia-pronunciamento-de-marcelo-freixo-psol-rj\/","og_locale":"pt_BR","og_type":"article","og_title":"Bonde da covardia *Pronunciamento de Marcelo Freixo (PSOL-RJ) - PSOL 50","og_description":"Clique aqui e confira o discurso de Marcelo Freixo em http:\/\/www.youtube.com\/watch?v=C6RvjvdbRgY \u201cEu, n\u00e3o podia ser diferente, venho fazer refer\u00eancia ao acidente dram\u00e1tico, lament\u00e1vel, ocorrido no bondinho de Santa Tereza, que vitimou diversas pessoas. Eu tenho um pequeno ponto de diverg\u00eancia com a fala anterior do Deputado Luiz Paulo. Na verdade, nem \u00e9 uma diverg\u00eancia. O [&hellip;]","og_url":"https:\/\/psol50.org.br\/bonde-da-covardia-pronunciamento-de-marcelo-freixo-psol-rj\/","og_site_name":"PSOL 50","article_publisher":"https:\/\/www.facebook.com\/psol50","article_published_time":"2011-09-03T00:00:00+00:00","og_image":[{"url":"http:\/\/psol50.org.br\/files\/2011\/09\/BondedaCocavardia1t.jpg","type":"","width":"","height":""}],"author":"Comunica\u00e7\u00e3o PSOL","twitter_card":"summary_large_image","twitter_creator":"@psol50","twitter_site":"@psol50","twitter_misc":{"Escrito por":"Comunica\u00e7\u00e3o PSOL","Est. tempo de leitura":"6 minutos"},"schema":{"@context":"https:\/\/schema.org","@graph":[{"@type":"Article","@id":"https:\/\/psol50.org.br\/bonde-da-covardia-pronunciamento-de-marcelo-freixo-psol-rj\/#article","isPartOf":{"@id":"https:\/\/psol50.org.br\/bonde-da-covardia-pronunciamento-de-marcelo-freixo-psol-rj\/"},"author":{"name":"Comunica\u00e7\u00e3o PSOL","@id":"https:\/\/psol50.org.br\/#\/schema\/person\/475dfa57d0b815993c714c2e96491fcd"},"headline":"Bonde da covardia *Pronunciamento de Marcelo Freixo (PSOL-RJ)","datePublished":"2011-09-03T00:00:00+00:00","mainEntityOfPage":{"@id":"https:\/\/psol50.org.br\/bonde-da-covardia-pronunciamento-de-marcelo-freixo-psol-rj\/"},"wordCount":1306,"commentCount":0,"publisher":{"@id":"https:\/\/psol50.org.br\/#organization"},"image":{"@id":"https:\/\/psol50.org.br\/bonde-da-covardia-pronunciamento-de-marcelo-freixo-psol-rj\/#primaryimage"},"thumbnailUrl":"http:\/\/psol50.org.br\/files\/2011\/09\/BondedaCocavardia1t.jpg","articleSection":["Arquivo"],"inLanguage":"pt-BR","potentialAction":[{"@type":"CommentAction","name":"Comment","target":["https:\/\/psol50.org.br\/bonde-da-covardia-pronunciamento-de-marcelo-freixo-psol-rj\/#respond"]}]},{"@type":"WebPage","@id":"https:\/\/psol50.org.br\/bonde-da-covardia-pronunciamento-de-marcelo-freixo-psol-rj\/","url":"https:\/\/psol50.org.br\/bonde-da-covardia-pronunciamento-de-marcelo-freixo-psol-rj\/","name":"Bonde da covardia *Pronunciamento de Marcelo Freixo (PSOL-RJ) - PSOL 50","isPartOf":{"@id":"https:\/\/psol50.org.br\/#website"},"primaryImageOfPage":{"@id":"https:\/\/psol50.org.br\/bonde-da-covardia-pronunciamento-de-marcelo-freixo-psol-rj\/#primaryimage"},"image":{"@id":"https:\/\/psol50.org.br\/bonde-da-covardia-pronunciamento-de-marcelo-freixo-psol-rj\/#primaryimage"},"thumbnailUrl":"http:\/\/psol50.org.br\/files\/2011\/09\/BondedaCocavardia1t.jpg","datePublished":"2011-09-03T00:00:00+00:00","breadcrumb":{"@id":"https:\/\/psol50.org.br\/bonde-da-covardia-pronunciamento-de-marcelo-freixo-psol-rj\/#breadcrumb"},"inLanguage":"pt-BR","potentialAction":[{"@type":"ReadAction","target":["https:\/\/psol50.org.br\/bonde-da-covardia-pronunciamento-de-marcelo-freixo-psol-rj\/"]}]},{"@type":"ImageObject","inLanguage":"pt-BR","@id":"https:\/\/psol50.org.br\/bonde-da-covardia-pronunciamento-de-marcelo-freixo-psol-rj\/#primaryimage","url":"http:\/\/psol50.org.br\/files\/2011\/09\/BondedaCocavardia1t.jpg","contentUrl":"http:\/\/psol50.org.br\/files\/2011\/09\/BondedaCocavardia1t.jpg"},{"@type":"BreadcrumbList","@id":"https:\/\/psol50.org.br\/bonde-da-covardia-pronunciamento-de-marcelo-freixo-psol-rj\/#breadcrumb","itemListElement":[{"@type":"ListItem","position":1,"name":"In\u00edcio","item":"https:\/\/psol50.org.br\/"},{"@type":"ListItem","position":2,"name":"Bonde da covardia *Pronunciamento de Marcelo Freixo (PSOL-RJ)"}]},{"@type":"WebSite","@id":"https:\/\/psol50.org.br\/#website","url":"https:\/\/psol50.org.br\/","name":"PSOL 50","description":"Site oficial do Partido Socialismo e Liberdade","publisher":{"@id":"https:\/\/psol50.org.br\/#organization"},"alternateName":"PSOL50","potentialAction":[{"@type":"SearchAction","target":{"@type":"EntryPoint","urlTemplate":"https:\/\/psol50.org.br\/?s={search_term_string}"},"query-input":{"@type":"PropertyValueSpecification","valueRequired":true,"valueName":"search_term_string"}}],"inLanguage":"pt-BR"},{"@type":"Organization","@id":"https:\/\/psol50.org.br\/#organization","name":"PSOL 50","alternateName":"PSOL 50","url":"https:\/\/psol50.org.br\/","logo":{"@type":"ImageObject","inLanguage":"pt-BR","@id":"https:\/\/psol50.org.br\/#\/schema\/logo\/image\/","url":"https:\/\/psol50.org.br\/inc\/uploads\/2018\/07\/capa.png","contentUrl":"https:\/\/psol50.org.br\/inc\/uploads\/2018\/07\/capa.png","width":1350,"height":900,"caption":"PSOL 50"},"image":{"@id":"https:\/\/psol50.org.br\/#\/schema\/logo\/image\/"},"sameAs":["https:\/\/www.facebook.com\/psol50","https:\/\/x.com\/psol50","https:\/\/www.instagram.com\/psol50\/","https:\/\/www.youtube.com\/channel\/UC7SnJS5o1os7a6CaiNabzcg"]},{"@type":"Person","@id":"https:\/\/psol50.org.br\/#\/schema\/person\/475dfa57d0b815993c714c2e96491fcd","name":"Comunica\u00e7\u00e3o PSOL","image":{"@type":"ImageObject","inLanguage":"pt-BR","@id":"https:\/\/psol50.org.br\/#\/schema\/person\/image\/","url":"https:\/\/secure.gravatar.com\/avatar\/b34fc4f4e468a4e51785917065a3db57b841f5c95dba6ad8c73aaf8f66f8f9bf?s=96&d=mm&r=g","contentUrl":"https:\/\/secure.gravatar.com\/avatar\/b34fc4f4e468a4e51785917065a3db57b841f5c95dba6ad8c73aaf8f66f8f9bf?s=96&d=mm&r=g","caption":"Comunica\u00e7\u00e3o PSOL"}}]}},"_links":{"self":[{"href":"https:\/\/psol50.org.br\/rest\/wp\/v2\/posts\/1617","targetHints":{"allow":["GET"]}}],"collection":[{"href":"https:\/\/psol50.org.br\/rest\/wp\/v2\/posts"}],"about":[{"href":"https:\/\/psol50.org.br\/rest\/wp\/v2\/types\/post"}],"author":[{"embeddable":true,"href":"https:\/\/psol50.org.br\/rest\/wp\/v2\/users\/2"}],"replies":[{"embeddable":true,"href":"https:\/\/psol50.org.br\/rest\/wp\/v2\/comments?post=1617"}],"version-history":[{"count":0,"href":"https:\/\/psol50.org.br\/rest\/wp\/v2\/posts\/1617\/revisions"}],"wp:attachment":[{"href":"https:\/\/psol50.org.br\/rest\/wp\/v2\/media?parent=1617"}],"wp:term":[{"taxonomy":"category","embeddable":true,"href":"https:\/\/psol50.org.br\/rest\/wp\/v2\/categories?post=1617"},{"taxonomy":"post_tag","embeddable":true,"href":"https:\/\/psol50.org.br\/rest\/wp\/v2\/tags?post=1617"}],"curies":[{"name":"wp","href":"https:\/\/api.w.org\/{rel}","templated":true}]}}