{"id":1618,"date":"2011-09-05T00:00:00","date_gmt":"2011-09-05T00:00:00","guid":{"rendered":"http:\/\/psol50.org.br\/arquivo\/2011\/09\/05\/reforco-de-peso-no-psol-rj-carlos-lessa-e-paulo-pinheiro\/"},"modified":"2011-09-05T00:00:00","modified_gmt":"2011-09-05T00:00:00","slug":"reforco-de-peso-no-psol-rj-carlos-lessa-e-paulo-pinheiro","status":"publish","type":"post","link":"https:\/\/psol50.org.br\/reforco-de-peso-no-psol-rj-carlos-lessa-e-paulo-pinheiro\/","title":{"rendered":"Refor\u00e7o de peso no PSOL-RJ: Carlos Lessa e Paulo Pinheiro"},"content":{"rendered":"<div>\n<figure id=\"attachment_10660\" aria-describedby=\"caption-attachment-10660\" style=\"width: 350px\" class=\"wp-caption aligncenter\"><a rel=\"attachment wp-att-10660\" href=\"http:\/\/psol50.org.br\/blog\/2011\/09\/05\/reforco-de-peso-no-psol-rj-carlos-lessa-e-paulo-pinheiro\/psol_rj_reforco\/\"><img loading=\"lazy\" decoding=\"async\" class=\"size-full wp-image-10660\" src=\"http:\/\/psol50.org.br\/files\/2011\/09\/PSOL_RJ_Refor\u00e7o.jpg\" alt=\"\" width=\"350\" height=\"233\" \/><\/a><figcaption id=\"caption-attachment-10660\" class=\"wp-caption-text\">(Paulo Pinheiro com o movimento estudantil na aprova\u00e7\u00e3o da Meia Passagem)<\/figcaption><\/figure>\n<p>O PSOL do Rio de Janeiro acaba de ganhar dois refor\u00e7os de peso para sua legenda: o vereador Paulo Pinheiro; e o economista Carlos Lessa. A Dire\u00e7\u00e3o Nacional do partido aprovou ontem, domingo, 4, o pedido de filia\u00e7\u00e3o dos dois grandes nomes da esquerda carioca que surgem para fortalecer a candidatura de Marcelo Freixo para a prefeitura da cidade no ano que vem.<\/p>\n<\/div>\n<div><em><strong>O m\u00e9dico Paulo Pinheiro \u00e9 vereador eleito pelo PPS, mas sempre deixou bem claro sua liga\u00e7\u00e3o com a esquerda carioca<\/strong><strong> e com os movimentos sociais. <\/strong><\/em>A recente aproxima\u00e7\u00e3o do PPS com o governo de Sergio Cabral (PMDB) e com a prefeitura de Eduardo Paes (PMDB) levou ao descontentamento de Pinheiro com seu partido e o aproximou do PSOL.<\/div>\n<div><em><strong>O economista Calos Lessa, ex-reitor da UFRJ e desenvolvimentista de boa cepa, tamb\u00e9m \u00e9 uma importante conquista para o partido que sempre teve dificuldades maiores para formular sobre quest\u00f5es relacionadas ao desenvolvimento econ\u00f4mico.<\/strong><\/em><\/div>\n<div>O PSOL est\u00e1 fortalecendo de forma acertada sua legenda para a grandiosa disputa eleitoral do ano que vem. Marcelo Freixo versus Eduard Paes ser\u00e1 praticamente uma disputa b\u00edblica entre Davi e Golias, entre a milit\u00e2ncia e a m\u00e1quina.<\/div>\n<div>Segue abaixo a carta do diret\u00f3rio estadual do PSOL endere\u00e7ada ao diret\u00f3rio nacional informando os dois pedidos de filia\u00e7\u00e3o ao partido.<\/div>\n<blockquote>\n<div><em>Rio de Janeiro, 2 de setembro de 2011<\/em><\/div>\n<div>Aos companheiros do Diret\u00f3rio Nacional do PSOL:<\/div>\n<div>Chegamos at\u00e9 voc\u00eas para comunicar nossa satisfa\u00e7\u00e3o com a solicita\u00e7\u00e3o de filia\u00e7\u00e3o ao nosso partido por parte do m\u00e9dico e vereador carioca Paulo Pinheiro e do economista e professor Carlos Lessa. Esse gesto muito nos honra. Ambos dispensam maiores apresenta\u00e7\u00f5es, mas gostar\u00edamos de manifestar \u00e0 nossa dire\u00e7\u00e3o que Paulo e Lessa, para al\u00e9m de suas eventuais vincula\u00e7\u00f5es partid\u00e1rias pret\u00e9ritas, s\u00e3o reconhecidos em suas trajet\u00f3rias p\u00fablicas como pessoas \u00e9ticas e comprometidas com a luta contra a desigualdade social. Paulo, na sa\u00fade p\u00fablica, acrescentar\u00e1 not\u00e1vel ac\u00famulo ao nosso partido, assim como Lessa, ex-reitor eleito da UFRJ, \u00e9 s\u00edmbolo inquestion\u00e1vel do mundo intelectual e da formula\u00e7\u00e3o econ\u00f4mica na linha da soberania e da identidade nacionais. O esp\u00edrito p\u00fablico e pr\u00e1tica coletiva e criativa de ambos nos asseguram que trar\u00e3o mais luz para o nosso PSOL, um partido necess\u00e1rio que brilhar\u00e1 ainda mais com a milit\u00e2ncia e contribui\u00e7\u00e3o de pessoas como eles.<\/div>\n<div>N\u00f3s, parlamentares do PSOL do RJ, sabedores da import\u00e2ncia de nossa organiza\u00e7\u00e3o como abrigo da esquerda socialista e democr\u00e1tica, entendemos que esses companheiros s\u00e3o muito bem vindos.<\/div>\n<div><em><strong>Presidente PSOL\/RJ Jefferson Moura,<\/strong><\/em><\/div>\n<p><em><strong> <\/strong><\/em><\/p>\n<div><em><strong>Deputados Federais Chico Alencar e Jean Wyllys,<\/strong><\/em><\/div>\n<p><em><strong> <\/strong><\/em><\/p>\n<div><em><strong>Deputados Estaduais Marcelo Freixo e Janira Rocha,<\/strong><\/em><\/div>\n<p><em><strong> <\/strong><\/em><\/p>\n<div><em><strong>Vereador Eliomar Coelho<\/strong><\/em><\/div>\n<div><\/div>\n<div><a href=\"http:\/\/fatossociais.blogspot.com\/2011\/09\/reforco-de-peso-no-psol-carlos-lessa-e.html\"><em><strong>*Fonte: Fatos Sociais <\/strong><\/em><\/a><\/div>\n<\/blockquote>\n","protected":false},"excerpt":{"rendered":"<p>O PSOL do Rio de Janeiro acaba de ganhar dois refor\u00e7os de peso para sua legenda: o vereador Paulo Pinheiro; e o economista Carlos Lessa. A Dire\u00e7\u00e3o Nacional do partido aprovou ontem, domingo, 4, o pedido de filia\u00e7\u00e3o dos dois grandes nomes da esquerda carioca que surgem para fortalecer a candidatura de Marcelo Freixo para [&hellip;]<\/p>\n","protected":false},"author":2,"featured_media":0,"comment_status":"open","ping_status":"open","sticky":false,"template":"","format":"standard","meta":{"_acf_changed":false,"footnotes":""},"categories":[4766,654],"tags":[22],"class_list":{"0":"post-1618","1":"post","2":"type-post","3":"status-publish","4":"format-standard","6":"category-arquivo","7":"category-estados","8":"tag-psol"},"acf":[],"yoast_head":"<!-- This site is optimized with the Yoast SEO plugin v26.5 - https:\/\/yoast.com\/wordpress\/plugins\/seo\/ -->\n<title>Refor\u00e7o de peso no PSOL-RJ: Carlos Lessa e Paulo Pinheiro - PSOL 50<\/title>\n<meta name=\"robots\" content=\"index, follow, max-snippet:-1, max-image-preview:large, max-video-preview:-1\" \/>\n<link rel=\"canonical\" href=\"https:\/\/psol50.org.br\/reforco-de-peso-no-psol-rj-carlos-lessa-e-paulo-pinheiro\/\" \/>\n<meta property=\"og:locale\" content=\"pt_BR\" \/>\n<meta property=\"og:type\" content=\"article\" \/>\n<meta property=\"og:title\" content=\"Refor\u00e7o de peso no PSOL-RJ: Carlos Lessa e Paulo Pinheiro - PSOL 50\" \/>\n<meta property=\"og:description\" content=\"O PSOL do Rio de Janeiro acaba de ganhar dois refor\u00e7os de peso para sua legenda: o vereador Paulo Pinheiro; e o economista Carlos Lessa. A Dire\u00e7\u00e3o Nacional do partido aprovou ontem, domingo, 4, o pedido de filia\u00e7\u00e3o dos dois grandes nomes da esquerda carioca que surgem para fortalecer a candidatura de Marcelo Freixo para [&hellip;]\" \/>\n<meta property=\"og:url\" content=\"https:\/\/psol50.org.br\/reforco-de-peso-no-psol-rj-carlos-lessa-e-paulo-pinheiro\/\" \/>\n<meta property=\"og:site_name\" content=\"PSOL 50\" \/>\n<meta property=\"article:publisher\" content=\"https:\/\/www.facebook.com\/psol50\" \/>\n<meta property=\"article:published_time\" content=\"2011-09-05T00:00:00+00:00\" \/>\n<meta property=\"og:image\" content=\"http:\/\/psol50.org.br\/files\/2011\/09\/PSOL_RJ_Refor\u00e7o.jpg\" \/>\n<meta name=\"author\" content=\"Comunica\u00e7\u00e3o PSOL\" \/>\n<meta name=\"twitter:card\" content=\"summary_large_image\" \/>\n<meta name=\"twitter:creator\" content=\"@psol50\" \/>\n<meta name=\"twitter:site\" content=\"@psol50\" \/>\n<meta name=\"twitter:label1\" content=\"Escrito por\" \/>\n\t<meta name=\"twitter:data1\" content=\"Comunica\u00e7\u00e3o PSOL\" \/>\n\t<meta name=\"twitter:label2\" content=\"Est. tempo de leitura\" \/>\n\t<meta name=\"twitter:data2\" content=\"2 minutos\" \/>\n<script type=\"application\/ld+json\" class=\"yoast-schema-graph\">{\"@context\":\"https:\/\/schema.org\",\"@graph\":[{\"@type\":\"Article\",\"@id\":\"https:\/\/psol50.org.br\/reforco-de-peso-no-psol-rj-carlos-lessa-e-paulo-pinheiro\/#article\",\"isPartOf\":{\"@id\":\"https:\/\/psol50.org.br\/reforco-de-peso-no-psol-rj-carlos-lessa-e-paulo-pinheiro\/\"},\"author\":{\"name\":\"Comunica\u00e7\u00e3o PSOL\",\"@id\":\"https:\/\/psol50.org.br\/#\/schema\/person\/475dfa57d0b815993c714c2e96491fcd\"},\"headline\":\"Refor\u00e7o de peso no PSOL-RJ: Carlos Lessa e Paulo Pinheiro\",\"datePublished\":\"2011-09-05T00:00:00+00:00\",\"mainEntityOfPage\":{\"@id\":\"https:\/\/psol50.org.br\/reforco-de-peso-no-psol-rj-carlos-lessa-e-paulo-pinheiro\/\"},\"wordCount\":504,\"commentCount\":0,\"publisher\":{\"@id\":\"https:\/\/psol50.org.br\/#organization\"},\"keywords\":[\"PSOL\"],\"articleSection\":[\"Arquivo\",\"Estados\"],\"inLanguage\":\"pt-BR\",\"potentialAction\":[{\"@type\":\"CommentAction\",\"name\":\"Comment\",\"target\":[\"https:\/\/psol50.org.br\/reforco-de-peso-no-psol-rj-carlos-lessa-e-paulo-pinheiro\/#respond\"]}]},{\"@type\":\"WebPage\",\"@id\":\"https:\/\/psol50.org.br\/reforco-de-peso-no-psol-rj-carlos-lessa-e-paulo-pinheiro\/\",\"url\":\"https:\/\/psol50.org.br\/reforco-de-peso-no-psol-rj-carlos-lessa-e-paulo-pinheiro\/\",\"name\":\"Refor\u00e7o de peso no PSOL-RJ: Carlos Lessa e Paulo Pinheiro - PSOL 50\",\"isPartOf\":{\"@id\":\"https:\/\/psol50.org.br\/#website\"},\"datePublished\":\"2011-09-05T00:00:00+00:00\",\"breadcrumb\":{\"@id\":\"https:\/\/psol50.org.br\/reforco-de-peso-no-psol-rj-carlos-lessa-e-paulo-pinheiro\/#breadcrumb\"},\"inLanguage\":\"pt-BR\",\"potentialAction\":[{\"@type\":\"ReadAction\",\"target\":[\"https:\/\/psol50.org.br\/reforco-de-peso-no-psol-rj-carlos-lessa-e-paulo-pinheiro\/\"]}]},{\"@type\":\"BreadcrumbList\",\"@id\":\"https:\/\/psol50.org.br\/reforco-de-peso-no-psol-rj-carlos-lessa-e-paulo-pinheiro\/#breadcrumb\",\"itemListElement\":[{\"@type\":\"ListItem\",\"position\":1,\"name\":\"In\u00edcio\",\"item\":\"https:\/\/psol50.org.br\/\"},{\"@type\":\"ListItem\",\"position\":2,\"name\":\"Refor\u00e7o de peso no PSOL-RJ: Carlos Lessa e Paulo Pinheiro\"}]},{\"@type\":\"WebSite\",\"@id\":\"https:\/\/psol50.org.br\/#website\",\"url\":\"https:\/\/psol50.org.br\/\",\"name\":\"PSOL 50\",\"description\":\"Site oficial do Partido Socialismo e Liberdade\",\"publisher\":{\"@id\":\"https:\/\/psol50.org.br\/#organization\"},\"alternateName\":\"PSOL50\",\"potentialAction\":[{\"@type\":\"SearchAction\",\"target\":{\"@type\":\"EntryPoint\",\"urlTemplate\":\"https:\/\/psol50.org.br\/?s={search_term_string}\"},\"query-input\":{\"@type\":\"PropertyValueSpecification\",\"valueRequired\":true,\"valueName\":\"search_term_string\"}}],\"inLanguage\":\"pt-BR\"},{\"@type\":\"Organization\",\"@id\":\"https:\/\/psol50.org.br\/#organization\",\"name\":\"PSOL 50\",\"alternateName\":\"PSOL 50\",\"url\":\"https:\/\/psol50.org.br\/\",\"logo\":{\"@type\":\"ImageObject\",\"inLanguage\":\"pt-BR\",\"@id\":\"https:\/\/psol50.org.br\/#\/schema\/logo\/image\/\",\"url\":\"https:\/\/psol50.org.br\/inc\/uploads\/2018\/07\/capa.png\",\"contentUrl\":\"https:\/\/psol50.org.br\/inc\/uploads\/2018\/07\/capa.png\",\"width\":1350,\"height\":900,\"caption\":\"PSOL 50\"},\"image\":{\"@id\":\"https:\/\/psol50.org.br\/#\/schema\/logo\/image\/\"},\"sameAs\":[\"https:\/\/www.facebook.com\/psol50\",\"https:\/\/x.com\/psol50\",\"https:\/\/www.instagram.com\/psol50\/\",\"https:\/\/www.youtube.com\/channel\/UC7SnJS5o1os7a6CaiNabzcg\"]},{\"@type\":\"Person\",\"@id\":\"https:\/\/psol50.org.br\/#\/schema\/person\/475dfa57d0b815993c714c2e96491fcd\",\"name\":\"Comunica\u00e7\u00e3o PSOL\",\"image\":{\"@type\":\"ImageObject\",\"inLanguage\":\"pt-BR\",\"@id\":\"https:\/\/psol50.org.br\/#\/schema\/person\/image\/\",\"url\":\"https:\/\/secure.gravatar.com\/avatar\/b34fc4f4e468a4e51785917065a3db57b841f5c95dba6ad8c73aaf8f66f8f9bf?s=96&d=mm&r=g\",\"contentUrl\":\"https:\/\/secure.gravatar.com\/avatar\/b34fc4f4e468a4e51785917065a3db57b841f5c95dba6ad8c73aaf8f66f8f9bf?s=96&d=mm&r=g\",\"caption\":\"Comunica\u00e7\u00e3o PSOL\"}}]}<\/script>\n<!-- \/ Yoast SEO plugin. -->","yoast_head_json":{"title":"Refor\u00e7o de peso no PSOL-RJ: Carlos Lessa e Paulo Pinheiro - PSOL 50","robots":{"index":"index","follow":"follow","max-snippet":"max-snippet:-1","max-image-preview":"max-image-preview:large","max-video-preview":"max-video-preview:-1"},"canonical":"https:\/\/psol50.org.br\/reforco-de-peso-no-psol-rj-carlos-lessa-e-paulo-pinheiro\/","og_locale":"pt_BR","og_type":"article","og_title":"Refor\u00e7o de peso no PSOL-RJ: Carlos Lessa e Paulo Pinheiro - PSOL 50","og_description":"O PSOL do Rio de Janeiro acaba de ganhar dois refor\u00e7os de peso para sua legenda: o vereador Paulo Pinheiro; e o economista Carlos Lessa. A Dire\u00e7\u00e3o Nacional do partido aprovou ontem, domingo, 4, o pedido de filia\u00e7\u00e3o dos dois grandes nomes da esquerda carioca que surgem para fortalecer a candidatura de Marcelo Freixo para [&hellip;]","og_url":"https:\/\/psol50.org.br\/reforco-de-peso-no-psol-rj-carlos-lessa-e-paulo-pinheiro\/","og_site_name":"PSOL 50","article_publisher":"https:\/\/www.facebook.com\/psol50","article_published_time":"2011-09-05T00:00:00+00:00","og_image":[{"url":"http:\/\/psol50.org.br\/files\/2011\/09\/PSOL_RJ_Refor\u00e7o.jpg","type":"","width":"","height":""}],"author":"Comunica\u00e7\u00e3o PSOL","twitter_card":"summary_large_image","twitter_creator":"@psol50","twitter_site":"@psol50","twitter_misc":{"Escrito por":"Comunica\u00e7\u00e3o PSOL","Est. tempo de leitura":"2 minutos"},"schema":{"@context":"https:\/\/schema.org","@graph":[{"@type":"Article","@id":"https:\/\/psol50.org.br\/reforco-de-peso-no-psol-rj-carlos-lessa-e-paulo-pinheiro\/#article","isPartOf":{"@id":"https:\/\/psol50.org.br\/reforco-de-peso-no-psol-rj-carlos-lessa-e-paulo-pinheiro\/"},"author":{"name":"Comunica\u00e7\u00e3o PSOL","@id":"https:\/\/psol50.org.br\/#\/schema\/person\/475dfa57d0b815993c714c2e96491fcd"},"headline":"Refor\u00e7o de peso no PSOL-RJ: Carlos Lessa e Paulo Pinheiro","datePublished":"2011-09-05T00:00:00+00:00","mainEntityOfPage":{"@id":"https:\/\/psol50.org.br\/reforco-de-peso-no-psol-rj-carlos-lessa-e-paulo-pinheiro\/"},"wordCount":504,"commentCount":0,"publisher":{"@id":"https:\/\/psol50.org.br\/#organization"},"keywords":["PSOL"],"articleSection":["Arquivo","Estados"],"inLanguage":"pt-BR","potentialAction":[{"@type":"CommentAction","name":"Comment","target":["https:\/\/psol50.org.br\/reforco-de-peso-no-psol-rj-carlos-lessa-e-paulo-pinheiro\/#respond"]}]},{"@type":"WebPage","@id":"https:\/\/psol50.org.br\/reforco-de-peso-no-psol-rj-carlos-lessa-e-paulo-pinheiro\/","url":"https:\/\/psol50.org.br\/reforco-de-peso-no-psol-rj-carlos-lessa-e-paulo-pinheiro\/","name":"Refor\u00e7o de peso no PSOL-RJ: Carlos Lessa e Paulo Pinheiro - PSOL 50","isPartOf":{"@id":"https:\/\/psol50.org.br\/#website"},"datePublished":"2011-09-05T00:00:00+00:00","breadcrumb":{"@id":"https:\/\/psol50.org.br\/reforco-de-peso-no-psol-rj-carlos-lessa-e-paulo-pinheiro\/#breadcrumb"},"inLanguage":"pt-BR","potentialAction":[{"@type":"ReadAction","target":["https:\/\/psol50.org.br\/reforco-de-peso-no-psol-rj-carlos-lessa-e-paulo-pinheiro\/"]}]},{"@type":"BreadcrumbList","@id":"https:\/\/psol50.org.br\/reforco-de-peso-no-psol-rj-carlos-lessa-e-paulo-pinheiro\/#breadcrumb","itemListElement":[{"@type":"ListItem","position":1,"name":"In\u00edcio","item":"https:\/\/psol50.org.br\/"},{"@type":"ListItem","position":2,"name":"Refor\u00e7o de peso no PSOL-RJ: Carlos Lessa e Paulo Pinheiro"}]},{"@type":"WebSite","@id":"https:\/\/psol50.org.br\/#website","url":"https:\/\/psol50.org.br\/","name":"PSOL 50","description":"Site oficial do Partido Socialismo e Liberdade","publisher":{"@id":"https:\/\/psol50.org.br\/#organization"},"alternateName":"PSOL50","potentialAction":[{"@type":"SearchAction","target":{"@type":"EntryPoint","urlTemplate":"https:\/\/psol50.org.br\/?s={search_term_string}"},"query-input":{"@type":"PropertyValueSpecification","valueRequired":true,"valueName":"search_term_string"}}],"inLanguage":"pt-BR"},{"@type":"Organization","@id":"https:\/\/psol50.org.br\/#organization","name":"PSOL 50","alternateName":"PSOL 50","url":"https:\/\/psol50.org.br\/","logo":{"@type":"ImageObject","inLanguage":"pt-BR","@id":"https:\/\/psol50.org.br\/#\/schema\/logo\/image\/","url":"https:\/\/psol50.org.br\/inc\/uploads\/2018\/07\/capa.png","contentUrl":"https:\/\/psol50.org.br\/inc\/uploads\/2018\/07\/capa.png","width":1350,"height":900,"caption":"PSOL 50"},"image":{"@id":"https:\/\/psol50.org.br\/#\/schema\/logo\/image\/"},"sameAs":["https:\/\/www.facebook.com\/psol50","https:\/\/x.com\/psol50","https:\/\/www.instagram.com\/psol50\/","https:\/\/www.youtube.com\/channel\/UC7SnJS5o1os7a6CaiNabzcg"]},{"@type":"Person","@id":"https:\/\/psol50.org.br\/#\/schema\/person\/475dfa57d0b815993c714c2e96491fcd","name":"Comunica\u00e7\u00e3o PSOL","image":{"@type":"ImageObject","inLanguage":"pt-BR","@id":"https:\/\/psol50.org.br\/#\/schema\/person\/image\/","url":"https:\/\/secure.gravatar.com\/avatar\/b34fc4f4e468a4e51785917065a3db57b841f5c95dba6ad8c73aaf8f66f8f9bf?s=96&d=mm&r=g","contentUrl":"https:\/\/secure.gravatar.com\/avatar\/b34fc4f4e468a4e51785917065a3db57b841f5c95dba6ad8c73aaf8f66f8f9bf?s=96&d=mm&r=g","caption":"Comunica\u00e7\u00e3o PSOL"}}]}},"_links":{"self":[{"href":"https:\/\/psol50.org.br\/rest\/wp\/v2\/posts\/1618","targetHints":{"allow":["GET"]}}],"collection":[{"href":"https:\/\/psol50.org.br\/rest\/wp\/v2\/posts"}],"about":[{"href":"https:\/\/psol50.org.br\/rest\/wp\/v2\/types\/post"}],"author":[{"embeddable":true,"href":"https:\/\/psol50.org.br\/rest\/wp\/v2\/users\/2"}],"replies":[{"embeddable":true,"href":"https:\/\/psol50.org.br\/rest\/wp\/v2\/comments?post=1618"}],"version-history":[{"count":0,"href":"https:\/\/psol50.org.br\/rest\/wp\/v2\/posts\/1618\/revisions"}],"wp:attachment":[{"href":"https:\/\/psol50.org.br\/rest\/wp\/v2\/media?parent=1618"}],"wp:term":[{"taxonomy":"category","embeddable":true,"href":"https:\/\/psol50.org.br\/rest\/wp\/v2\/categories?post=1618"},{"taxonomy":"post_tag","embeddable":true,"href":"https:\/\/psol50.org.br\/rest\/wp\/v2\/tags?post=1618"}],"curies":[{"name":"wp","href":"https:\/\/api.w.org\/{rel}","templated":true}]}}