{"id":1619,"date":"2011-09-08T00:00:00","date_gmt":"2011-09-08T00:00:00","guid":{"rendered":"http:\/\/psol50.org.br\/arquivo\/2011\/09\/08\/plenaria-do-psol-df-aprova-mocao-de-repudio-a-absolvicao-de-jaqueline-roriz\/"},"modified":"2011-09-08T00:00:00","modified_gmt":"2011-09-08T00:00:00","slug":"plenaria-do-psol-df-aprova-mocao-de-repudio-a-absolvicao-de-jaqueline-roriz","status":"publish","type":"post","link":"https:\/\/psol50.org.br\/plenaria-do-psol-df-aprova-mocao-de-repudio-a-absolvicao-de-jaqueline-roriz\/","title":{"rendered":"Plen\u00e1ria do PSOL-DF  aprova mo\u00e7\u00e3o de rep\u00fadio \u00e0 absolvi\u00e7\u00e3o de Jaqueline Roriz"},"content":{"rendered":"<p><a rel=\"attachment wp-att-10684\" href=\"http:\/\/psol50.org.br\/blog\/2011\/09\/08\/plenaria-do-psol-df-aprova-mocao-de-repudio-a-absolvicao-de-jaqueline-roriz\/plenariadf\/\"><img loading=\"lazy\" decoding=\"async\" class=\"aligncenter size-full wp-image-10684\" src=\"http:\/\/psol50.org.br\/files\/2011\/09\/PlenariaDF.jpg\" alt=\"\" width=\"400\" height=\"265\" \/><\/a>O Partido Socialismo e Liberdade do Distrito Federal \u2013 PSOL-DF realizou neste domingo, 04\/9, em Santa Maria a sua segunda, de quatro plen\u00e1rias regionais que v\u00e3o definir as bandeiras do partido tanto em n\u00edvel nacional, quanto distrital. Em cada plen\u00e1ria s\u00e3o apresentadas as teses das tend\u00eancias internas e eleitos os delegados para o Congresso do PSOL do Distrito Federal. Al\u00e9m dos militantes de Santa Maria, participaram tamb\u00e9m os do Gama.<\/p>\n<p>Na plen\u00e1ria, os militantes aprovaram por aclama\u00e7\u00e3o uma mo\u00e7\u00e3o de rep\u00fadio (leia a \u00edntegra no final do texto) \u00e0 C\u00e2mara dos Deputados pela absolvi\u00e7\u00e3o da deputada Jaqueline Roriz \u2013 PMN-DF, flagrada em v\u00eddeo recebendo dinheiro de Durval Barbosa, ent\u00e3o presidente da Codeplan e homem de confian\u00e7a dos ex-governadores Jos\u00e9 Roberto Arruda e Joaquim Roriz. Por iniciativa do jornalista Chico Sant\u2019Anna, candidato ao Senado Federal nas \u00faltimas elei\u00e7\u00f5es, cerca de cem militantes repudiaram a decis\u00e3o dos deputados federais considerando a decis\u00e3o um sinal verde \u00e0 corrup\u00e7\u00e3o e defenderam a imediata aprova\u00e7\u00e3o da PEC 349, que p\u00f5e fim aos votos secretos no Congresso Nacional.<\/p>\n<p>Toninho do PSOL, presidente do partido, lembrou que se n\u00e3o fosse a agremia\u00e7\u00e3o, Jaqueline nem teria sido julgada. \u201cO PSOL foi o \u00fanico partido que teve coragem de representar contra ela na Comiss\u00e3o de \u00c9tica e Decoro Parlamentar. Nenhum outro partido se mexeu\u201d \u2013 disse ele.<\/p>\n<p>A Plen\u00e1ria de Santa Maria-Gama aprovou ainda uma mo\u00e7\u00e3o de apoio pela pronta recupera\u00e7\u00e3o da ex-senadora Heloisa Helena, que esteve internada no \u00faltimo final de semana, em Macei\u00f3, e reafirmou mo\u00e7\u00e3o, anteriormente aprovada pela plen\u00e1ria regional da Ceil\u00e2ndia-Taguatinga, em defesa dos parques, \u00e1reas verdes e de prote\u00e7\u00e3o ambiental e em rep\u00fadio a a\u00e7\u00e3o de especula\u00e7\u00e3o imobili\u00e1ria promovida por empres\u00e1rios da cidade com o benepl\u00e1cito do GDF. Dentre as \u00e1reas de risco, est\u00e3o o Parque Gatum\u00e9, em Samambaia, amea\u00e7ado pela instala\u00e7\u00e3o de um lix\u00e3o, o Parque Olhos D\u2019\u00c1gua, na Asa Norte, cujas nascentes est\u00e3o em risco pela constru\u00e7\u00e3o de um centro comercial; Parque Sucupira do Sudoeste, onde 21 blocos poder\u00e3o ser constru\u00eddos num antigo terreno da Marinha, do Parque do Guar\u00e1, que corre o risco de ser reduzido \u00e0 metade, ficando a outra parcela destinada \u00e0 especula\u00e7\u00e3o imobili\u00e1ria; e o Setor Catetinho, \u00e1rea de prote\u00e7\u00e3o ambiental permanente, que est\u00e1 sob a mira da gan\u00e2ncia de pol\u00edticos e especuladores imobili\u00e1rios.<\/p>\n<p><strong>PSOL-DF realiza encontro regional e aprova mo\u00e7\u00e3o em defesa dos Parques do DF<\/strong>.<\/p>\n<p>Na avalia\u00e7\u00e3o da conjuntura do DF, os diversos oradores que se revezaram foram un\u00edssonos em criticar a inefici\u00eancia do governo Agnelo\/Filippelli, que entrando no nono m\u00eas de administra\u00e7\u00e3o n\u00e3o conseguiu resolver nenhum dos principais problemas da cidade, em especial sa\u00fade, transporte, seguran\u00e7a e educa\u00e7\u00e3o, cuja secret\u00e1ria acaba de pedir demiss\u00e3o, alegando n\u00e3o ter condi\u00e7\u00f5es de trabalhar no GDF.<\/p>\n<p>Tamb\u00e9m foi analisada a situa\u00e7\u00e3o do governo federal, que n\u00e3o conseguiu realizar a faxina necess\u00e1ria, nem mesmo acabar com os casos de corrup\u00e7\u00e3o. O quadro econ\u00f4mico \u00e9 outra preocupa\u00e7\u00e3o. Na avalia\u00e7\u00e3o dos filiados, a pior parte da crise financeira internacional ainda n\u00e3o bateu \u00e0s portas do Brasil e que a queda do Produto Interno Bruto, j\u00e1 reconhecida pelo governo, poder\u00e1 afetar o n\u00edvel de renda e emprego dos trabalhadores brasileiros.<\/p>\n<p>Por tudo isso, o PSOL-DF decidiu conclamar os moradores de Bras\u00edlia que se mobilizem e participem da manifesta\u00e7\u00e3o popular contra a corrup\u00e7\u00e3o, marcada para o dia 7 de setembro.<\/p>\n<p><strong>Mo\u00e7\u00e3o de solidariedade a Heloisa Helena, pelo pleno restabelecimento de seu estado de sa\u00fade.<\/strong><\/p>\n<p>Os militantes do PSOL do Gama e Santa Maria, no Distrito Federal, reunidos no Encontro realizado no dia 04 de setembro de 2011,\u00a0 preocupados com o estado de sa\u00fade da companheira Heleoisa Helena, manisfesta o desejo de pleno restabelecimento de nossa companheira, esperando seu\u00a0 retorno \u00e0s atividades pol\u00edticas e ao conv\u00edvio com seus familiares e amigos. Esse \u00e9 o desejo dos militantes do Distrito Federal, e temos certeza, do povo de Alagoas e do Brasil!<\/p>\n<p><strong>Mo\u00e7\u00e3o em Rep\u00fadio \u00e0 C\u00e2mara dos Deputados pela absolvi\u00e7\u00e3o da deputada federal, Jaqueline Roriz<\/strong><\/p>\n<p>Considerando ter sido o Partido Socialismo e Liberdade o \u00fanico partido pol\u00edtico a tomar a iniciativa de representar contra a deputada Jaqueline Roriz junto ao Conselho de \u00c9tica e Decoro Parlamentar da C\u00e2mara dos Deputados;<\/p>\n<p>Considerando que aquela Casa do parlamento decidiu ignorar as cenas gritantes de corrup\u00e7\u00e3o e uso de recursos il\u00edcitos de recursos;<\/p>\n<p>Considerando que tal decis\u00e3o envergonha a todos os brasilienses honestos e que apenas abre oficialmente a porta da corrup\u00e7\u00e3o \u00e0 pol\u00edtica;<\/p>\n<p>O PSOL-DF, reunido na sua 2\u00aa plen\u00e1ria regional em Santa Maria-DF, fiel aos seus valores e princ\u00edpios de \u00e9tica e moraliza\u00e7\u00e3o da pol\u00edtica, vem a p\u00fablico, por meio desta mo\u00e7\u00e3o, repudiar a decis\u00e3o da C\u00e2mara dos Deputados no sentido de absolver a deputada Jaqueline Roriz, flagrada recolhendo em sua bolsa dinheiro esp\u00fario.<\/p>\n<p>Entende o PSOL que a postura da C\u00e2mara dos Deputados s\u00f3 contribui para o descr\u00e9dito do sistema pol\u00edtico e do funcionamento das institui\u00e7\u00f5es democr\u00e1ticas al\u00e9m de incentivar a ladroagem e a corrup\u00e7\u00e3o abertas, ferindo frontalmente os valores republicanos e da moralidade p\u00fablica.<\/p>\n<p>Entende, ainda, o PSOL-DF, que diante de tal realidade, s\u00f3 com a efetiva participa\u00e7\u00e3o popular a corrup\u00e7\u00e3o ser\u00e1 afastada da cena pol\u00edtica brasileira e neste sentido, conclama a todos para somarem for\u00e7as junto ao PSOL pela aprova\u00e7\u00e3o imediata da PEC 349, que p\u00f5e fim aos votos secretos no Congresso Nacional, e nos protestos contra a corrup\u00e7\u00e3o no Brasil, em especial na Marcha Popular convocada para 7 de setembro.<\/p>\n<p><em><strong>Santa Maria \u2013 DF, 04 de setembro de 2011.<br \/>\nEncontro Regional do PSOL \u2013 D<\/strong><\/em>F<\/p>\n<p><a href=\"http:\/\/chicosantanna.wordpress.com\/2011\/09\/04\/plenaria-do-psol-em-st%C2%AA-maria-aprova-mocao-de-repudio-a-absolvicao-de-jaqueline-roriz\/\"><em><strong>*Fonte: Bras\u00edlia por Chico Sant\u2019Anna <\/strong><\/em><\/a><\/p>\n","protected":false},"excerpt":{"rendered":"<p>O Partido Socialismo e Liberdade do Distrito Federal \u2013 PSOL-DF realizou neste domingo, 04\/9, em Santa Maria a sua segunda, de quatro plen\u00e1rias regionais que v\u00e3o definir as bandeiras do partido tanto em n\u00edvel nacional, quanto distrital. Em cada plen\u00e1ria s\u00e3o apresentadas as teses das tend\u00eancias internas e eleitos os delegados para o Congresso do [&hellip;]<\/p>\n","protected":false},"author":2,"featured_media":0,"comment_status":"open","ping_status":"open","sticky":false,"template":"","format":"standard","meta":{"_acf_changed":false,"footnotes":""},"categories":[4766],"tags":[],"class_list":{"0":"post-1619","1":"post","2":"type-post","3":"status-publish","4":"format-standard","6":"category-arquivo"},"acf":[],"yoast_head":"<!-- This site is optimized with the Yoast SEO plugin v26.5 - https:\/\/yoast.com\/wordpress\/plugins\/seo\/ -->\n<title>Plen\u00e1ria do PSOL-DF aprova mo\u00e7\u00e3o de rep\u00fadio \u00e0 absolvi\u00e7\u00e3o de Jaqueline Roriz - PSOL 50<\/title>\n<meta name=\"robots\" content=\"index, follow, max-snippet:-1, max-image-preview:large, max-video-preview:-1\" \/>\n<link rel=\"canonical\" href=\"https:\/\/psol50.org.br\/plenaria-do-psol-df-aprova-mocao-de-repudio-a-absolvicao-de-jaqueline-roriz\/\" \/>\n<meta property=\"og:locale\" content=\"pt_BR\" \/>\n<meta property=\"og:type\" content=\"article\" \/>\n<meta property=\"og:title\" content=\"Plen\u00e1ria do PSOL-DF aprova mo\u00e7\u00e3o de rep\u00fadio \u00e0 absolvi\u00e7\u00e3o de Jaqueline Roriz - PSOL 50\" \/>\n<meta property=\"og:description\" content=\"O Partido Socialismo e Liberdade do Distrito Federal \u2013 PSOL-DF realizou neste domingo, 04\/9, em Santa Maria a sua segunda, de quatro plen\u00e1rias regionais que v\u00e3o definir as bandeiras do partido tanto em n\u00edvel nacional, quanto distrital. Em cada plen\u00e1ria s\u00e3o apresentadas as teses das tend\u00eancias internas e eleitos os delegados para o Congresso do [&hellip;]\" \/>\n<meta property=\"og:url\" content=\"https:\/\/psol50.org.br\/plenaria-do-psol-df-aprova-mocao-de-repudio-a-absolvicao-de-jaqueline-roriz\/\" \/>\n<meta property=\"og:site_name\" content=\"PSOL 50\" \/>\n<meta property=\"article:publisher\" content=\"https:\/\/www.facebook.com\/psol50\" \/>\n<meta property=\"article:published_time\" content=\"2011-09-08T00:00:00+00:00\" \/>\n<meta property=\"og:image\" content=\"http:\/\/psol50.org.br\/files\/2011\/09\/PlenariaDF.jpg\" \/>\n<meta name=\"author\" content=\"Comunica\u00e7\u00e3o PSOL\" \/>\n<meta name=\"twitter:card\" content=\"summary_large_image\" \/>\n<meta name=\"twitter:creator\" content=\"@psol50\" \/>\n<meta name=\"twitter:site\" content=\"@psol50\" \/>\n<meta name=\"twitter:label1\" content=\"Escrito por\" \/>\n\t<meta name=\"twitter:data1\" content=\"Comunica\u00e7\u00e3o PSOL\" \/>\n\t<meta name=\"twitter:label2\" content=\"Est. tempo de leitura\" \/>\n\t<meta name=\"twitter:data2\" content=\"5 minutos\" \/>\n<script type=\"application\/ld+json\" class=\"yoast-schema-graph\">{\"@context\":\"https:\/\/schema.org\",\"@graph\":[{\"@type\":\"Article\",\"@id\":\"https:\/\/psol50.org.br\/plenaria-do-psol-df-aprova-mocao-de-repudio-a-absolvicao-de-jaqueline-roriz\/#article\",\"isPartOf\":{\"@id\":\"https:\/\/psol50.org.br\/plenaria-do-psol-df-aprova-mocao-de-repudio-a-absolvicao-de-jaqueline-roriz\/\"},\"author\":{\"name\":\"Comunica\u00e7\u00e3o PSOL\",\"@id\":\"https:\/\/psol50.org.br\/#\/schema\/person\/475dfa57d0b815993c714c2e96491fcd\"},\"headline\":\"Plen\u00e1ria do PSOL-DF aprova mo\u00e7\u00e3o de rep\u00fadio \u00e0 absolvi\u00e7\u00e3o de Jaqueline Roriz\",\"datePublished\":\"2011-09-08T00:00:00+00:00\",\"mainEntityOfPage\":{\"@id\":\"https:\/\/psol50.org.br\/plenaria-do-psol-df-aprova-mocao-de-repudio-a-absolvicao-de-jaqueline-roriz\/\"},\"wordCount\":1024,\"commentCount\":0,\"publisher\":{\"@id\":\"https:\/\/psol50.org.br\/#organization\"},\"image\":{\"@id\":\"https:\/\/psol50.org.br\/plenaria-do-psol-df-aprova-mocao-de-repudio-a-absolvicao-de-jaqueline-roriz\/#primaryimage\"},\"thumbnailUrl\":\"http:\/\/psol50.org.br\/files\/2011\/09\/PlenariaDF.jpg\",\"articleSection\":[\"Arquivo\"],\"inLanguage\":\"pt-BR\",\"potentialAction\":[{\"@type\":\"CommentAction\",\"name\":\"Comment\",\"target\":[\"https:\/\/psol50.org.br\/plenaria-do-psol-df-aprova-mocao-de-repudio-a-absolvicao-de-jaqueline-roriz\/#respond\"]}]},{\"@type\":\"WebPage\",\"@id\":\"https:\/\/psol50.org.br\/plenaria-do-psol-df-aprova-mocao-de-repudio-a-absolvicao-de-jaqueline-roriz\/\",\"url\":\"https:\/\/psol50.org.br\/plenaria-do-psol-df-aprova-mocao-de-repudio-a-absolvicao-de-jaqueline-roriz\/\",\"name\":\"Plen\u00e1ria do PSOL-DF aprova mo\u00e7\u00e3o de rep\u00fadio \u00e0 absolvi\u00e7\u00e3o de Jaqueline Roriz - PSOL 50\",\"isPartOf\":{\"@id\":\"https:\/\/psol50.org.br\/#website\"},\"primaryImageOfPage\":{\"@id\":\"https:\/\/psol50.org.br\/plenaria-do-psol-df-aprova-mocao-de-repudio-a-absolvicao-de-jaqueline-roriz\/#primaryimage\"},\"image\":{\"@id\":\"https:\/\/psol50.org.br\/plenaria-do-psol-df-aprova-mocao-de-repudio-a-absolvicao-de-jaqueline-roriz\/#primaryimage\"},\"thumbnailUrl\":\"http:\/\/psol50.org.br\/files\/2011\/09\/PlenariaDF.jpg\",\"datePublished\":\"2011-09-08T00:00:00+00:00\",\"breadcrumb\":{\"@id\":\"https:\/\/psol50.org.br\/plenaria-do-psol-df-aprova-mocao-de-repudio-a-absolvicao-de-jaqueline-roriz\/#breadcrumb\"},\"inLanguage\":\"pt-BR\",\"potentialAction\":[{\"@type\":\"ReadAction\",\"target\":[\"https:\/\/psol50.org.br\/plenaria-do-psol-df-aprova-mocao-de-repudio-a-absolvicao-de-jaqueline-roriz\/\"]}]},{\"@type\":\"ImageObject\",\"inLanguage\":\"pt-BR\",\"@id\":\"https:\/\/psol50.org.br\/plenaria-do-psol-df-aprova-mocao-de-repudio-a-absolvicao-de-jaqueline-roriz\/#primaryimage\",\"url\":\"http:\/\/psol50.org.br\/files\/2011\/09\/PlenariaDF.jpg\",\"contentUrl\":\"http:\/\/psol50.org.br\/files\/2011\/09\/PlenariaDF.jpg\"},{\"@type\":\"BreadcrumbList\",\"@id\":\"https:\/\/psol50.org.br\/plenaria-do-psol-df-aprova-mocao-de-repudio-a-absolvicao-de-jaqueline-roriz\/#breadcrumb\",\"itemListElement\":[{\"@type\":\"ListItem\",\"position\":1,\"name\":\"In\u00edcio\",\"item\":\"https:\/\/psol50.org.br\/\"},{\"@type\":\"ListItem\",\"position\":2,\"name\":\"Plen\u00e1ria do PSOL-DF aprova mo\u00e7\u00e3o de rep\u00fadio \u00e0 absolvi\u00e7\u00e3o de Jaqueline Roriz\"}]},{\"@type\":\"WebSite\",\"@id\":\"https:\/\/psol50.org.br\/#website\",\"url\":\"https:\/\/psol50.org.br\/\",\"name\":\"PSOL 50\",\"description\":\"Site oficial do Partido Socialismo e Liberdade\",\"publisher\":{\"@id\":\"https:\/\/psol50.org.br\/#organization\"},\"alternateName\":\"PSOL50\",\"potentialAction\":[{\"@type\":\"SearchAction\",\"target\":{\"@type\":\"EntryPoint\",\"urlTemplate\":\"https:\/\/psol50.org.br\/?s={search_term_string}\"},\"query-input\":{\"@type\":\"PropertyValueSpecification\",\"valueRequired\":true,\"valueName\":\"search_term_string\"}}],\"inLanguage\":\"pt-BR\"},{\"@type\":\"Organization\",\"@id\":\"https:\/\/psol50.org.br\/#organization\",\"name\":\"PSOL 50\",\"alternateName\":\"PSOL 50\",\"url\":\"https:\/\/psol50.org.br\/\",\"logo\":{\"@type\":\"ImageObject\",\"inLanguage\":\"pt-BR\",\"@id\":\"https:\/\/psol50.org.br\/#\/schema\/logo\/image\/\",\"url\":\"https:\/\/psol50.org.br\/inc\/uploads\/2018\/07\/capa.png\",\"contentUrl\":\"https:\/\/psol50.org.br\/inc\/uploads\/2018\/07\/capa.png\",\"width\":1350,\"height\":900,\"caption\":\"PSOL 50\"},\"image\":{\"@id\":\"https:\/\/psol50.org.br\/#\/schema\/logo\/image\/\"},\"sameAs\":[\"https:\/\/www.facebook.com\/psol50\",\"https:\/\/x.com\/psol50\",\"https:\/\/www.instagram.com\/psol50\/\",\"https:\/\/www.youtube.com\/channel\/UC7SnJS5o1os7a6CaiNabzcg\"]},{\"@type\":\"Person\",\"@id\":\"https:\/\/psol50.org.br\/#\/schema\/person\/475dfa57d0b815993c714c2e96491fcd\",\"name\":\"Comunica\u00e7\u00e3o PSOL\",\"image\":{\"@type\":\"ImageObject\",\"inLanguage\":\"pt-BR\",\"@id\":\"https:\/\/psol50.org.br\/#\/schema\/person\/image\/\",\"url\":\"https:\/\/secure.gravatar.com\/avatar\/b34fc4f4e468a4e51785917065a3db57b841f5c95dba6ad8c73aaf8f66f8f9bf?s=96&d=mm&r=g\",\"contentUrl\":\"https:\/\/secure.gravatar.com\/avatar\/b34fc4f4e468a4e51785917065a3db57b841f5c95dba6ad8c73aaf8f66f8f9bf?s=96&d=mm&r=g\",\"caption\":\"Comunica\u00e7\u00e3o PSOL\"}}]}<\/script>\n<!-- \/ Yoast SEO plugin. -->","yoast_head_json":{"title":"Plen\u00e1ria do PSOL-DF aprova mo\u00e7\u00e3o de rep\u00fadio \u00e0 absolvi\u00e7\u00e3o de Jaqueline Roriz - PSOL 50","robots":{"index":"index","follow":"follow","max-snippet":"max-snippet:-1","max-image-preview":"max-image-preview:large","max-video-preview":"max-video-preview:-1"},"canonical":"https:\/\/psol50.org.br\/plenaria-do-psol-df-aprova-mocao-de-repudio-a-absolvicao-de-jaqueline-roriz\/","og_locale":"pt_BR","og_type":"article","og_title":"Plen\u00e1ria do PSOL-DF aprova mo\u00e7\u00e3o de rep\u00fadio \u00e0 absolvi\u00e7\u00e3o de Jaqueline Roriz - PSOL 50","og_description":"O Partido Socialismo e Liberdade do Distrito Federal \u2013 PSOL-DF realizou neste domingo, 04\/9, em Santa Maria a sua segunda, de quatro plen\u00e1rias regionais que v\u00e3o definir as bandeiras do partido tanto em n\u00edvel nacional, quanto distrital. Em cada plen\u00e1ria s\u00e3o apresentadas as teses das tend\u00eancias internas e eleitos os delegados para o Congresso do [&hellip;]","og_url":"https:\/\/psol50.org.br\/plenaria-do-psol-df-aprova-mocao-de-repudio-a-absolvicao-de-jaqueline-roriz\/","og_site_name":"PSOL 50","article_publisher":"https:\/\/www.facebook.com\/psol50","article_published_time":"2011-09-08T00:00:00+00:00","og_image":[{"url":"http:\/\/psol50.org.br\/files\/2011\/09\/PlenariaDF.jpg","type":"","width":"","height":""}],"author":"Comunica\u00e7\u00e3o PSOL","twitter_card":"summary_large_image","twitter_creator":"@psol50","twitter_site":"@psol50","twitter_misc":{"Escrito por":"Comunica\u00e7\u00e3o PSOL","Est. tempo de leitura":"5 minutos"},"schema":{"@context":"https:\/\/schema.org","@graph":[{"@type":"Article","@id":"https:\/\/psol50.org.br\/plenaria-do-psol-df-aprova-mocao-de-repudio-a-absolvicao-de-jaqueline-roriz\/#article","isPartOf":{"@id":"https:\/\/psol50.org.br\/plenaria-do-psol-df-aprova-mocao-de-repudio-a-absolvicao-de-jaqueline-roriz\/"},"author":{"name":"Comunica\u00e7\u00e3o PSOL","@id":"https:\/\/psol50.org.br\/#\/schema\/person\/475dfa57d0b815993c714c2e96491fcd"},"headline":"Plen\u00e1ria do PSOL-DF aprova mo\u00e7\u00e3o de rep\u00fadio \u00e0 absolvi\u00e7\u00e3o de Jaqueline Roriz","datePublished":"2011-09-08T00:00:00+00:00","mainEntityOfPage":{"@id":"https:\/\/psol50.org.br\/plenaria-do-psol-df-aprova-mocao-de-repudio-a-absolvicao-de-jaqueline-roriz\/"},"wordCount":1024,"commentCount":0,"publisher":{"@id":"https:\/\/psol50.org.br\/#organization"},"image":{"@id":"https:\/\/psol50.org.br\/plenaria-do-psol-df-aprova-mocao-de-repudio-a-absolvicao-de-jaqueline-roriz\/#primaryimage"},"thumbnailUrl":"http:\/\/psol50.org.br\/files\/2011\/09\/PlenariaDF.jpg","articleSection":["Arquivo"],"inLanguage":"pt-BR","potentialAction":[{"@type":"CommentAction","name":"Comment","target":["https:\/\/psol50.org.br\/plenaria-do-psol-df-aprova-mocao-de-repudio-a-absolvicao-de-jaqueline-roriz\/#respond"]}]},{"@type":"WebPage","@id":"https:\/\/psol50.org.br\/plenaria-do-psol-df-aprova-mocao-de-repudio-a-absolvicao-de-jaqueline-roriz\/","url":"https:\/\/psol50.org.br\/plenaria-do-psol-df-aprova-mocao-de-repudio-a-absolvicao-de-jaqueline-roriz\/","name":"Plen\u00e1ria do PSOL-DF aprova mo\u00e7\u00e3o de rep\u00fadio \u00e0 absolvi\u00e7\u00e3o de Jaqueline Roriz - PSOL 50","isPartOf":{"@id":"https:\/\/psol50.org.br\/#website"},"primaryImageOfPage":{"@id":"https:\/\/psol50.org.br\/plenaria-do-psol-df-aprova-mocao-de-repudio-a-absolvicao-de-jaqueline-roriz\/#primaryimage"},"image":{"@id":"https:\/\/psol50.org.br\/plenaria-do-psol-df-aprova-mocao-de-repudio-a-absolvicao-de-jaqueline-roriz\/#primaryimage"},"thumbnailUrl":"http:\/\/psol50.org.br\/files\/2011\/09\/PlenariaDF.jpg","datePublished":"2011-09-08T00:00:00+00:00","breadcrumb":{"@id":"https:\/\/psol50.org.br\/plenaria-do-psol-df-aprova-mocao-de-repudio-a-absolvicao-de-jaqueline-roriz\/#breadcrumb"},"inLanguage":"pt-BR","potentialAction":[{"@type":"ReadAction","target":["https:\/\/psol50.org.br\/plenaria-do-psol-df-aprova-mocao-de-repudio-a-absolvicao-de-jaqueline-roriz\/"]}]},{"@type":"ImageObject","inLanguage":"pt-BR","@id":"https:\/\/psol50.org.br\/plenaria-do-psol-df-aprova-mocao-de-repudio-a-absolvicao-de-jaqueline-roriz\/#primaryimage","url":"http:\/\/psol50.org.br\/files\/2011\/09\/PlenariaDF.jpg","contentUrl":"http:\/\/psol50.org.br\/files\/2011\/09\/PlenariaDF.jpg"},{"@type":"BreadcrumbList","@id":"https:\/\/psol50.org.br\/plenaria-do-psol-df-aprova-mocao-de-repudio-a-absolvicao-de-jaqueline-roriz\/#breadcrumb","itemListElement":[{"@type":"ListItem","position":1,"name":"In\u00edcio","item":"https:\/\/psol50.org.br\/"},{"@type":"ListItem","position":2,"name":"Plen\u00e1ria do PSOL-DF aprova mo\u00e7\u00e3o de rep\u00fadio \u00e0 absolvi\u00e7\u00e3o de Jaqueline Roriz"}]},{"@type":"WebSite","@id":"https:\/\/psol50.org.br\/#website","url":"https:\/\/psol50.org.br\/","name":"PSOL 50","description":"Site oficial do Partido Socialismo e Liberdade","publisher":{"@id":"https:\/\/psol50.org.br\/#organization"},"alternateName":"PSOL50","potentialAction":[{"@type":"SearchAction","target":{"@type":"EntryPoint","urlTemplate":"https:\/\/psol50.org.br\/?s={search_term_string}"},"query-input":{"@type":"PropertyValueSpecification","valueRequired":true,"valueName":"search_term_string"}}],"inLanguage":"pt-BR"},{"@type":"Organization","@id":"https:\/\/psol50.org.br\/#organization","name":"PSOL 50","alternateName":"PSOL 50","url":"https:\/\/psol50.org.br\/","logo":{"@type":"ImageObject","inLanguage":"pt-BR","@id":"https:\/\/psol50.org.br\/#\/schema\/logo\/image\/","url":"https:\/\/psol50.org.br\/inc\/uploads\/2018\/07\/capa.png","contentUrl":"https:\/\/psol50.org.br\/inc\/uploads\/2018\/07\/capa.png","width":1350,"height":900,"caption":"PSOL 50"},"image":{"@id":"https:\/\/psol50.org.br\/#\/schema\/logo\/image\/"},"sameAs":["https:\/\/www.facebook.com\/psol50","https:\/\/x.com\/psol50","https:\/\/www.instagram.com\/psol50\/","https:\/\/www.youtube.com\/channel\/UC7SnJS5o1os7a6CaiNabzcg"]},{"@type":"Person","@id":"https:\/\/psol50.org.br\/#\/schema\/person\/475dfa57d0b815993c714c2e96491fcd","name":"Comunica\u00e7\u00e3o PSOL","image":{"@type":"ImageObject","inLanguage":"pt-BR","@id":"https:\/\/psol50.org.br\/#\/schema\/person\/image\/","url":"https:\/\/secure.gravatar.com\/avatar\/b34fc4f4e468a4e51785917065a3db57b841f5c95dba6ad8c73aaf8f66f8f9bf?s=96&d=mm&r=g","contentUrl":"https:\/\/secure.gravatar.com\/avatar\/b34fc4f4e468a4e51785917065a3db57b841f5c95dba6ad8c73aaf8f66f8f9bf?s=96&d=mm&r=g","caption":"Comunica\u00e7\u00e3o PSOL"}}]}},"_links":{"self":[{"href":"https:\/\/psol50.org.br\/rest\/wp\/v2\/posts\/1619","targetHints":{"allow":["GET"]}}],"collection":[{"href":"https:\/\/psol50.org.br\/rest\/wp\/v2\/posts"}],"about":[{"href":"https:\/\/psol50.org.br\/rest\/wp\/v2\/types\/post"}],"author":[{"embeddable":true,"href":"https:\/\/psol50.org.br\/rest\/wp\/v2\/users\/2"}],"replies":[{"embeddable":true,"href":"https:\/\/psol50.org.br\/rest\/wp\/v2\/comments?post=1619"}],"version-history":[{"count":0,"href":"https:\/\/psol50.org.br\/rest\/wp\/v2\/posts\/1619\/revisions"}],"wp:attachment":[{"href":"https:\/\/psol50.org.br\/rest\/wp\/v2\/media?parent=1619"}],"wp:term":[{"taxonomy":"category","embeddable":true,"href":"https:\/\/psol50.org.br\/rest\/wp\/v2\/categories?post=1619"},{"taxonomy":"post_tag","embeddable":true,"href":"https:\/\/psol50.org.br\/rest\/wp\/v2\/tags?post=1619"}],"curies":[{"name":"wp","href":"https:\/\/api.w.org\/{rel}","templated":true}]}}