{"id":16309,"date":"2017-04-17T12:52:02","date_gmt":"2017-04-17T12:52:02","guid":{"rendered":"http:\/\/www.psol50.org.br\/?p=16170"},"modified":"2017-04-17T12:52:02","modified_gmt":"2017-04-17T12:52:02","slug":"para-destravar-mudancas-na-previdencia-temer-trata-reforma-trabalhista-com-prioridade","status":"publish","type":"post","link":"https:\/\/psol50.org.br\/para-destravar-mudancas-na-previdencia-temer-trata-reforma-trabalhista-com-prioridade\/","title":{"rendered":"Para destravar mudan\u00e7as na Previd\u00eancia, Temer trata reforma trabalhista com prioridade"},"content":{"rendered":"<p>O Pal\u00e1cio do Planalto, sob o comando de Michel Temer, e sua base aliada no Congresso Nacional t\u00eam demonstrado que usar\u00e3o a reforma trabalhista, prevista no <strong><a href=\"http:\/\/www.camara.gov.br\/proposicoesWeb\/fichadetramitacao?idProposicao=2122076\"><span style=\"color: #0000ff;\">PL 6787\/2016<\/span><\/a><\/strong>, para garantir o respeito do mercado e, como consequ\u00eancia, mostrar que tem for\u00e7as para conseguir aprovar a Proposta de Emenda \u00e0 Constitui\u00e7\u00e3o n\u00ba 287\/2016, que altera as regras na aposentadoria de trabalhadores dos setores p\u00fablico e privado. O governo, por meio de seu mais forte aliado na C\u00e2mara dos Deputados, Rodrigo Maia (DEM-RJ) \u2013 um dos citados na lista do ministro Edson Fachin para abertura de investiga\u00e7\u00e3o no Supremo Tribunal Federal, por suposto envolvimento no esquema de corrup\u00e7\u00e3o feito com a empreiteira Odebrecht -, pretende votar nos pr\u00f3ximos dias requerimento de urg\u00eancia visando \u00e0 vota\u00e7\u00e3o, na pr\u00f3xima semana, do projeto que altera a legisla\u00e7\u00e3o trabalhista.<\/p>\n<p>A real inten\u00e7\u00e3o do governo \u00e9 mostrar ao empresariado, especialmente aos investidores com grande interesse nas mudan\u00e7as previdenci\u00e1rias, que as \u00faltimas dela\u00e7\u00f5es de ex-executivos da Odebrecht na opera\u00e7\u00e3o Lava Jato n\u00e3o atrapalhar\u00e3o o cronograma de vota\u00e7\u00e3o. Isso porque dezenas de deputados e senadores da base de sustenta\u00e7\u00e3o do governo Temer, al\u00e9m de oito ministros, ser\u00e3o investigados pelo STF, a partir da lista entregue pelo relator Edson Fachin.<\/p>\n<p>Segundo reportagem divulgada pelo jornal Folha de S. Paulo, na \u00faltima quinta-feira (13\/04) Temer telefonou para os l\u00edderes dos partidos que apoiam seu governo convidando-os para um caf\u00e9 da manh\u00e3 no Pal\u00e1cio da Alvorada nesta ter\u00e7a-feira (18), quando o relator do texto, Rog\u00e9rio Marinho (PSDB-RN), far\u00e1 uma exposi\u00e7\u00e3o de seu parecer. Na ocasi\u00e3o, conforme apurou o jornal, o presidente deve refor\u00e7ar a necessidade de fazer um aceno\u00a0ao mercado e \u00e0 sociedade e pedir\u00e1 empenho para a aprova\u00e7\u00e3o da reforma trabalhista em regime de urg\u00eancia.<\/p>\n<p>Na semana passada, <a href=\"http:\/\/www.psol50.org.br\/blog\/2017\/04\/11\/relator-confessa-reforma-trabalhista-quer-desmontar-clt\/\" target=\"_blank\" rel=\"noopener\"><strong><span style=\"color: #0000ff;\">Marinho disse que seu texto apresentar\u00e1 nada menos do que cem mudan\u00e7as na Consolida\u00e7\u00e3o das Leis do Trabalho<\/span><\/strong><\/a>, lei referente aos direitos do trabalhador. A aposta do Pal\u00e1cio do Planalto \u00e9 garantir que o PL 6787 passe com algo em torno de 340 votos.<\/p>\n<p><strong>Encontro para negociar PEC 287<\/strong><br \/>\nNo mesmo esfor\u00e7o de garantir apoios suficientes \u00e0 vota\u00e7\u00e3o da reforma da Previd\u00eancia, Michel Temer realizou neste domingo de P\u00e1scoa (16) um encontro, no Pal\u00e1cio da Alvorada, com sua base aliada na C\u00e2mara dos Deputados, com as presen\u00e7as dos ministros da Fazenda, Henrique Meireles; da Secretaria de Governo, Ant\u00f4nio Imbassahy; da Secretaria-Geral da Presid\u00eancia, Moreira Franco; do relator da proposta, deputado Arthur Maia (PPS-BA); e do presidente da comiss\u00e3o especial, Carlos Marun (PMDB-MS). Na ocasi\u00e3o, ficou acertado que o relator apresentar\u00e1 seu parecer final nesta ter\u00e7a-feira (18), incluindo as mudan\u00e7as autorizadas por Temer em alguns pontos que n\u00e3o alteram o cerne da reforma.<\/p>\n<p>A expectativa do governo \u00e9 votar o parecer na pr\u00f3xima semana. Segundo a Ag\u00eancia Brasil, Carlos Marun, presidente da comiss\u00e3o especial, afirmou durante a reuni\u00e3o que a abertura de investiga\u00e7\u00e3o contra o relator Arthur Maia n\u00e3o causa constrangimento na comiss\u00e3o especial e que isso n\u00e3o deve impedir a vota\u00e7\u00e3o do relat\u00f3rio da PEC 287. Maia \u00e9 acusado de n\u00e3o ter declarado R$ 200 mil recebidos da empresa para sua campanha eleitoral.<\/p>\n<p>O PSOL entende que a presen\u00e7a de quatro dezenas de deputados federais, um ter\u00e7o do Senado Federal, doze governadores e oito ministros do governo Temer na lista do ministro Edson Fachin, mostra que a atual composi\u00e7\u00e3o do Congresso Nacional n\u00e3o tem condi\u00e7\u00f5es de votar medidas que penalizem os mais pobres, como as reformas da Previd\u00eancia, trabalhista e pol\u00edtica antidemocr\u00e1tica.<\/p>\n<p>O partido entrou com recurso no STF exigindo que Michel Temer tamb\u00e9m seja investigado, considera\u00e7\u00e3o a cita\u00e7\u00e3o de seu nome nas dela\u00e7\u00f5es da empreiteira. Al\u00e9m disso, defende a convoca\u00e7\u00e3o de novas elei\u00e7\u00f5es diretas, considerando que o atual governo n\u00e3o tem mais condi\u00e7\u00f5es de continuar \u00e0 frente do pa\u00eds.<\/p>\n<p><strong><em>Leia mais: <a href=\"http:\/\/www.psol50.org.br\/blog\/2017\/04\/12\/chega-psol-defende-investigacao-sobre-nova-lista-da-odebrecht-e-diretas-ja\/\" target=\"_blank\" rel=\"noopener\"><span style=\"color: #0000ff;\">Chega! PSOL defende investiga\u00e7\u00e3o sobre nova lista da Odebrecht e diretas j\u00e1!<\/span><\/a><\/em><\/strong><\/p>\n<p><a href=\"http:\/\/www.psol50.org.br\/blog\/2017\/04\/13\/psol-entra-com-recurso-no-stf-para-que-temer-seja-investigado-por-citacao-na-delacao-da-odebrecht\/\" target=\"_blank\" rel=\"noopener\"><em><strong><span style=\"color: #0000ff;\">PSOL entra com recurso no STF para que Temer seja investigado por cita\u00e7\u00e3o na dela\u00e7\u00e3o da Odebrecht<\/span><\/strong><\/em><\/a><\/p>\n<p>&nbsp;<\/p>\n","protected":false},"excerpt":{"rendered":"<p>O Pal\u00e1cio do Planalto, sob o comando de Michel Temer, e sua base aliada no Congresso Nacional t\u00eam demonstrado que usar\u00e3o a reforma trabalhista, prevista no PL 6787\/2016, para garantir o respeito do mercado e, como consequ\u00eancia, mostrar que tem for\u00e7as para conseguir aprovar a Proposta de Emenda \u00e0 Constitui\u00e7\u00e3o n\u00ba 287\/2016, que altera as [&hellip;]<\/p>\n","protected":false},"author":2,"featured_media":15392,"comment_status":"open","ping_status":"open","sticky":false,"template":"","format":"standard","meta":{"_acf_changed":false,"footnotes":""},"categories":[1882,6],"tags":[3095,406,1556,1748,2867,2831,3001,22,3096,39,1669,3097],"class_list":{"0":"post-16309","1":"post","2":"type-post","3":"status-publish","4":"format-standard","5":"has-post-thumbnail","7":"category-brasil","8":"category-noticias","9":"tag-delacao","10":"tag-direitos","11":"tag-mercado","12":"tag-michel-temer","13":"tag-odebrecht","14":"tag-pec-2872016","15":"tag-pl-67872016","16":"tag-psol","17":"tag-psolr","18":"tag-reforma-da-previdencia","19":"tag-reforma-trabalhista","20":"tag-regime-de-urgencia"},"acf":[],"yoast_head":"<!-- This site is optimized with the Yoast SEO plugin v26.5 - https:\/\/yoast.com\/wordpress\/plugins\/seo\/ -->\n<title>Para destravar mudan\u00e7as na Previd\u00eancia, Temer trata reforma trabalhista com prioridade - PSOL 50<\/title>\n<meta name=\"robots\" content=\"index, follow, max-snippet:-1, max-image-preview:large, max-video-preview:-1\" \/>\n<link rel=\"canonical\" href=\"https:\/\/psol50.org.br\/para-destravar-mudancas-na-previdencia-temer-trata-reforma-trabalhista-com-prioridade\/\" \/>\n<meta property=\"og:locale\" content=\"pt_BR\" \/>\n<meta property=\"og:type\" content=\"article\" \/>\n<meta property=\"og:title\" content=\"Para destravar mudan\u00e7as na Previd\u00eancia, Temer trata reforma trabalhista com prioridade - PSOL 50\" \/>\n<meta property=\"og:description\" content=\"O Pal\u00e1cio do Planalto, sob o comando de Michel Temer, e sua base aliada no Congresso Nacional t\u00eam demonstrado que usar\u00e3o a reforma trabalhista, prevista no PL 6787\/2016, para garantir o respeito do mercado e, como consequ\u00eancia, mostrar que tem for\u00e7as para conseguir aprovar a Proposta de Emenda \u00e0 Constitui\u00e7\u00e3o n\u00ba 287\/2016, que altera as [&hellip;]\" \/>\n<meta property=\"og:url\" content=\"https:\/\/psol50.org.br\/para-destravar-mudancas-na-previdencia-temer-trata-reforma-trabalhista-com-prioridade\/\" \/>\n<meta property=\"og:site_name\" content=\"PSOL 50\" \/>\n<meta property=\"article:publisher\" content=\"https:\/\/www.facebook.com\/psol50\" \/>\n<meta property=\"article:published_time\" content=\"2017-04-17T12:52:02+00:00\" \/>\n<meta property=\"og:image\" content=\"https:\/\/psol50.org.br\/inc\/uploads\/2018\/07\/capa.png\" \/>\n\t<meta property=\"og:image:width\" content=\"1350\" \/>\n\t<meta property=\"og:image:height\" content=\"900\" \/>\n\t<meta property=\"og:image:type\" content=\"image\/png\" \/>\n<meta name=\"author\" content=\"Comunica\u00e7\u00e3o PSOL\" \/>\n<meta name=\"twitter:card\" content=\"summary_large_image\" \/>\n<meta name=\"twitter:creator\" content=\"@psol50\" \/>\n<meta name=\"twitter:site\" content=\"@psol50\" \/>\n<meta name=\"twitter:label1\" content=\"Escrito por\" \/>\n\t<meta name=\"twitter:data1\" content=\"Comunica\u00e7\u00e3o PSOL\" \/>\n\t<meta name=\"twitter:label2\" content=\"Est. tempo de leitura\" \/>\n\t<meta name=\"twitter:data2\" content=\"4 minutos\" \/>\n<script type=\"application\/ld+json\" class=\"yoast-schema-graph\">{\"@context\":\"https:\/\/schema.org\",\"@graph\":[{\"@type\":\"Article\",\"@id\":\"https:\/\/psol50.org.br\/para-destravar-mudancas-na-previdencia-temer-trata-reforma-trabalhista-com-prioridade\/#article\",\"isPartOf\":{\"@id\":\"https:\/\/psol50.org.br\/para-destravar-mudancas-na-previdencia-temer-trata-reforma-trabalhista-com-prioridade\/\"},\"author\":{\"name\":\"Comunica\u00e7\u00e3o PSOL\",\"@id\":\"https:\/\/psol50.org.br\/#\/schema\/person\/475dfa57d0b815993c714c2e96491fcd\"},\"headline\":\"Para destravar mudan\u00e7as na Previd\u00eancia, Temer trata reforma trabalhista com prioridade\",\"datePublished\":\"2017-04-17T12:52:02+00:00\",\"mainEntityOfPage\":{\"@id\":\"https:\/\/psol50.org.br\/para-destravar-mudancas-na-previdencia-temer-trata-reforma-trabalhista-com-prioridade\/\"},\"wordCount\":726,\"commentCount\":0,\"publisher\":{\"@id\":\"https:\/\/psol50.org.br\/#organization\"},\"image\":{\"@id\":\"https:\/\/psol50.org.br\/para-destravar-mudancas-na-previdencia-temer-trata-reforma-trabalhista-com-prioridade\/#primaryimage\"},\"thumbnailUrl\":\"\",\"keywords\":[\"dela\u00e7\u00e3o\",\"direitos\",\"mercado\",\"Michel Temer\",\"Odebrecht\",\"PEC 287\/2016\",\"PL 6787\/2016\",\"PSOL\",\"PSOLr\",\"reforma da previd\u00eancia\",\"reforma trabalhista\",\"regime de urg\u00eancia\"],\"articleSection\":[\"Brasil\",\"Not\u00edcias\"],\"inLanguage\":\"pt-BR\",\"potentialAction\":[{\"@type\":\"CommentAction\",\"name\":\"Comment\",\"target\":[\"https:\/\/psol50.org.br\/para-destravar-mudancas-na-previdencia-temer-trata-reforma-trabalhista-com-prioridade\/#respond\"]}]},{\"@type\":\"WebPage\",\"@id\":\"https:\/\/psol50.org.br\/para-destravar-mudancas-na-previdencia-temer-trata-reforma-trabalhista-com-prioridade\/\",\"url\":\"https:\/\/psol50.org.br\/para-destravar-mudancas-na-previdencia-temer-trata-reforma-trabalhista-com-prioridade\/\",\"name\":\"Para destravar mudan\u00e7as na Previd\u00eancia, Temer trata reforma trabalhista com prioridade - PSOL 50\",\"isPartOf\":{\"@id\":\"https:\/\/psol50.org.br\/#website\"},\"primaryImageOfPage\":{\"@id\":\"https:\/\/psol50.org.br\/para-destravar-mudancas-na-previdencia-temer-trata-reforma-trabalhista-com-prioridade\/#primaryimage\"},\"image\":{\"@id\":\"https:\/\/psol50.org.br\/para-destravar-mudancas-na-previdencia-temer-trata-reforma-trabalhista-com-prioridade\/#primaryimage\"},\"thumbnailUrl\":\"\",\"datePublished\":\"2017-04-17T12:52:02+00:00\",\"breadcrumb\":{\"@id\":\"https:\/\/psol50.org.br\/para-destravar-mudancas-na-previdencia-temer-trata-reforma-trabalhista-com-prioridade\/#breadcrumb\"},\"inLanguage\":\"pt-BR\",\"potentialAction\":[{\"@type\":\"ReadAction\",\"target\":[\"https:\/\/psol50.org.br\/para-destravar-mudancas-na-previdencia-temer-trata-reforma-trabalhista-com-prioridade\/\"]}]},{\"@type\":\"ImageObject\",\"inLanguage\":\"pt-BR\",\"@id\":\"https:\/\/psol50.org.br\/para-destravar-mudancas-na-previdencia-temer-trata-reforma-trabalhista-com-prioridade\/#primaryimage\",\"url\":\"\",\"contentUrl\":\"\"},{\"@type\":\"BreadcrumbList\",\"@id\":\"https:\/\/psol50.org.br\/para-destravar-mudancas-na-previdencia-temer-trata-reforma-trabalhista-com-prioridade\/#breadcrumb\",\"itemListElement\":[{\"@type\":\"ListItem\",\"position\":1,\"name\":\"In\u00edcio\",\"item\":\"https:\/\/psol50.org.br\/\"},{\"@type\":\"ListItem\",\"position\":2,\"name\":\"Para destravar mudan\u00e7as na Previd\u00eancia, Temer trata reforma trabalhista com prioridade\"}]},{\"@type\":\"WebSite\",\"@id\":\"https:\/\/psol50.org.br\/#website\",\"url\":\"https:\/\/psol50.org.br\/\",\"name\":\"PSOL 50\",\"description\":\"Site oficial do Partido Socialismo e Liberdade\",\"publisher\":{\"@id\":\"https:\/\/psol50.org.br\/#organization\"},\"alternateName\":\"PSOL50\",\"potentialAction\":[{\"@type\":\"SearchAction\",\"target\":{\"@type\":\"EntryPoint\",\"urlTemplate\":\"https:\/\/psol50.org.br\/?s={search_term_string}\"},\"query-input\":{\"@type\":\"PropertyValueSpecification\",\"valueRequired\":true,\"valueName\":\"search_term_string\"}}],\"inLanguage\":\"pt-BR\"},{\"@type\":\"Organization\",\"@id\":\"https:\/\/psol50.org.br\/#organization\",\"name\":\"PSOL 50\",\"alternateName\":\"PSOL 50\",\"url\":\"https:\/\/psol50.org.br\/\",\"logo\":{\"@type\":\"ImageObject\",\"inLanguage\":\"pt-BR\",\"@id\":\"https:\/\/psol50.org.br\/#\/schema\/logo\/image\/\",\"url\":\"https:\/\/psol50.org.br\/inc\/uploads\/2018\/07\/capa.png\",\"contentUrl\":\"https:\/\/psol50.org.br\/inc\/uploads\/2018\/07\/capa.png\",\"width\":1350,\"height\":900,\"caption\":\"PSOL 50\"},\"image\":{\"@id\":\"https:\/\/psol50.org.br\/#\/schema\/logo\/image\/\"},\"sameAs\":[\"https:\/\/www.facebook.com\/psol50\",\"https:\/\/x.com\/psol50\",\"https:\/\/www.instagram.com\/psol50\/\",\"https:\/\/www.youtube.com\/channel\/UC7SnJS5o1os7a6CaiNabzcg\"]},{\"@type\":\"Person\",\"@id\":\"https:\/\/psol50.org.br\/#\/schema\/person\/475dfa57d0b815993c714c2e96491fcd\",\"name\":\"Comunica\u00e7\u00e3o PSOL\",\"image\":{\"@type\":\"ImageObject\",\"inLanguage\":\"pt-BR\",\"@id\":\"https:\/\/psol50.org.br\/#\/schema\/person\/image\/\",\"url\":\"https:\/\/secure.gravatar.com\/avatar\/b34fc4f4e468a4e51785917065a3db57b841f5c95dba6ad8c73aaf8f66f8f9bf?s=96&d=mm&r=g\",\"contentUrl\":\"https:\/\/secure.gravatar.com\/avatar\/b34fc4f4e468a4e51785917065a3db57b841f5c95dba6ad8c73aaf8f66f8f9bf?s=96&d=mm&r=g\",\"caption\":\"Comunica\u00e7\u00e3o PSOL\"}}]}<\/script>\n<!-- \/ Yoast SEO plugin. -->","yoast_head_json":{"title":"Para destravar mudan\u00e7as na Previd\u00eancia, Temer trata reforma trabalhista com prioridade - PSOL 50","robots":{"index":"index","follow":"follow","max-snippet":"max-snippet:-1","max-image-preview":"max-image-preview:large","max-video-preview":"max-video-preview:-1"},"canonical":"https:\/\/psol50.org.br\/para-destravar-mudancas-na-previdencia-temer-trata-reforma-trabalhista-com-prioridade\/","og_locale":"pt_BR","og_type":"article","og_title":"Para destravar mudan\u00e7as na Previd\u00eancia, Temer trata reforma trabalhista com prioridade - PSOL 50","og_description":"O Pal\u00e1cio do Planalto, sob o comando de Michel Temer, e sua base aliada no Congresso Nacional t\u00eam demonstrado que usar\u00e3o a reforma trabalhista, prevista no PL 6787\/2016, para garantir o respeito do mercado e, como consequ\u00eancia, mostrar que tem for\u00e7as para conseguir aprovar a Proposta de Emenda \u00e0 Constitui\u00e7\u00e3o n\u00ba 287\/2016, que altera as [&hellip;]","og_url":"https:\/\/psol50.org.br\/para-destravar-mudancas-na-previdencia-temer-trata-reforma-trabalhista-com-prioridade\/","og_site_name":"PSOL 50","article_publisher":"https:\/\/www.facebook.com\/psol50","article_published_time":"2017-04-17T12:52:02+00:00","og_image":[{"width":1350,"height":900,"url":"https:\/\/psol50.org.br\/inc\/uploads\/2018\/07\/capa.png","type":"image\/png"}],"author":"Comunica\u00e7\u00e3o PSOL","twitter_card":"summary_large_image","twitter_creator":"@psol50","twitter_site":"@psol50","twitter_misc":{"Escrito por":"Comunica\u00e7\u00e3o PSOL","Est. tempo de leitura":"4 minutos"},"schema":{"@context":"https:\/\/schema.org","@graph":[{"@type":"Article","@id":"https:\/\/psol50.org.br\/para-destravar-mudancas-na-previdencia-temer-trata-reforma-trabalhista-com-prioridade\/#article","isPartOf":{"@id":"https:\/\/psol50.org.br\/para-destravar-mudancas-na-previdencia-temer-trata-reforma-trabalhista-com-prioridade\/"},"author":{"name":"Comunica\u00e7\u00e3o PSOL","@id":"https:\/\/psol50.org.br\/#\/schema\/person\/475dfa57d0b815993c714c2e96491fcd"},"headline":"Para destravar mudan\u00e7as na Previd\u00eancia, Temer trata reforma trabalhista com prioridade","datePublished":"2017-04-17T12:52:02+00:00","mainEntityOfPage":{"@id":"https:\/\/psol50.org.br\/para-destravar-mudancas-na-previdencia-temer-trata-reforma-trabalhista-com-prioridade\/"},"wordCount":726,"commentCount":0,"publisher":{"@id":"https:\/\/psol50.org.br\/#organization"},"image":{"@id":"https:\/\/psol50.org.br\/para-destravar-mudancas-na-previdencia-temer-trata-reforma-trabalhista-com-prioridade\/#primaryimage"},"thumbnailUrl":"","keywords":["dela\u00e7\u00e3o","direitos","mercado","Michel Temer","Odebrecht","PEC 287\/2016","PL 6787\/2016","PSOL","PSOLr","reforma da previd\u00eancia","reforma trabalhista","regime de urg\u00eancia"],"articleSection":["Brasil","Not\u00edcias"],"inLanguage":"pt-BR","potentialAction":[{"@type":"CommentAction","name":"Comment","target":["https:\/\/psol50.org.br\/para-destravar-mudancas-na-previdencia-temer-trata-reforma-trabalhista-com-prioridade\/#respond"]}]},{"@type":"WebPage","@id":"https:\/\/psol50.org.br\/para-destravar-mudancas-na-previdencia-temer-trata-reforma-trabalhista-com-prioridade\/","url":"https:\/\/psol50.org.br\/para-destravar-mudancas-na-previdencia-temer-trata-reforma-trabalhista-com-prioridade\/","name":"Para destravar mudan\u00e7as na Previd\u00eancia, Temer trata reforma trabalhista com prioridade - PSOL 50","isPartOf":{"@id":"https:\/\/psol50.org.br\/#website"},"primaryImageOfPage":{"@id":"https:\/\/psol50.org.br\/para-destravar-mudancas-na-previdencia-temer-trata-reforma-trabalhista-com-prioridade\/#primaryimage"},"image":{"@id":"https:\/\/psol50.org.br\/para-destravar-mudancas-na-previdencia-temer-trata-reforma-trabalhista-com-prioridade\/#primaryimage"},"thumbnailUrl":"","datePublished":"2017-04-17T12:52:02+00:00","breadcrumb":{"@id":"https:\/\/psol50.org.br\/para-destravar-mudancas-na-previdencia-temer-trata-reforma-trabalhista-com-prioridade\/#breadcrumb"},"inLanguage":"pt-BR","potentialAction":[{"@type":"ReadAction","target":["https:\/\/psol50.org.br\/para-destravar-mudancas-na-previdencia-temer-trata-reforma-trabalhista-com-prioridade\/"]}]},{"@type":"ImageObject","inLanguage":"pt-BR","@id":"https:\/\/psol50.org.br\/para-destravar-mudancas-na-previdencia-temer-trata-reforma-trabalhista-com-prioridade\/#primaryimage","url":"","contentUrl":""},{"@type":"BreadcrumbList","@id":"https:\/\/psol50.org.br\/para-destravar-mudancas-na-previdencia-temer-trata-reforma-trabalhista-com-prioridade\/#breadcrumb","itemListElement":[{"@type":"ListItem","position":1,"name":"In\u00edcio","item":"https:\/\/psol50.org.br\/"},{"@type":"ListItem","position":2,"name":"Para destravar mudan\u00e7as na Previd\u00eancia, Temer trata reforma trabalhista com prioridade"}]},{"@type":"WebSite","@id":"https:\/\/psol50.org.br\/#website","url":"https:\/\/psol50.org.br\/","name":"PSOL 50","description":"Site oficial do Partido Socialismo e Liberdade","publisher":{"@id":"https:\/\/psol50.org.br\/#organization"},"alternateName":"PSOL50","potentialAction":[{"@type":"SearchAction","target":{"@type":"EntryPoint","urlTemplate":"https:\/\/psol50.org.br\/?s={search_term_string}"},"query-input":{"@type":"PropertyValueSpecification","valueRequired":true,"valueName":"search_term_string"}}],"inLanguage":"pt-BR"},{"@type":"Organization","@id":"https:\/\/psol50.org.br\/#organization","name":"PSOL 50","alternateName":"PSOL 50","url":"https:\/\/psol50.org.br\/","logo":{"@type":"ImageObject","inLanguage":"pt-BR","@id":"https:\/\/psol50.org.br\/#\/schema\/logo\/image\/","url":"https:\/\/psol50.org.br\/inc\/uploads\/2018\/07\/capa.png","contentUrl":"https:\/\/psol50.org.br\/inc\/uploads\/2018\/07\/capa.png","width":1350,"height":900,"caption":"PSOL 50"},"image":{"@id":"https:\/\/psol50.org.br\/#\/schema\/logo\/image\/"},"sameAs":["https:\/\/www.facebook.com\/psol50","https:\/\/x.com\/psol50","https:\/\/www.instagram.com\/psol50\/","https:\/\/www.youtube.com\/channel\/UC7SnJS5o1os7a6CaiNabzcg"]},{"@type":"Person","@id":"https:\/\/psol50.org.br\/#\/schema\/person\/475dfa57d0b815993c714c2e96491fcd","name":"Comunica\u00e7\u00e3o PSOL","image":{"@type":"ImageObject","inLanguage":"pt-BR","@id":"https:\/\/psol50.org.br\/#\/schema\/person\/image\/","url":"https:\/\/secure.gravatar.com\/avatar\/b34fc4f4e468a4e51785917065a3db57b841f5c95dba6ad8c73aaf8f66f8f9bf?s=96&d=mm&r=g","contentUrl":"https:\/\/secure.gravatar.com\/avatar\/b34fc4f4e468a4e51785917065a3db57b841f5c95dba6ad8c73aaf8f66f8f9bf?s=96&d=mm&r=g","caption":"Comunica\u00e7\u00e3o PSOL"}}]}},"_links":{"self":[{"href":"https:\/\/psol50.org.br\/rest\/wp\/v2\/posts\/16309","targetHints":{"allow":["GET"]}}],"collection":[{"href":"https:\/\/psol50.org.br\/rest\/wp\/v2\/posts"}],"about":[{"href":"https:\/\/psol50.org.br\/rest\/wp\/v2\/types\/post"}],"author":[{"embeddable":true,"href":"https:\/\/psol50.org.br\/rest\/wp\/v2\/users\/2"}],"replies":[{"embeddable":true,"href":"https:\/\/psol50.org.br\/rest\/wp\/v2\/comments?post=16309"}],"version-history":[{"count":0,"href":"https:\/\/psol50.org.br\/rest\/wp\/v2\/posts\/16309\/revisions"}],"wp:featuredmedia":[{"embeddable":true,"href":"https:\/\/psol50.org.br\/rest\/"}],"wp:attachment":[{"href":"https:\/\/psol50.org.br\/rest\/wp\/v2\/media?parent=16309"}],"wp:term":[{"taxonomy":"category","embeddable":true,"href":"https:\/\/psol50.org.br\/rest\/wp\/v2\/categories?post=16309"},{"taxonomy":"post_tag","embeddable":true,"href":"https:\/\/psol50.org.br\/rest\/wp\/v2\/tags?post=16309"}],"curies":[{"name":"wp","href":"https:\/\/api.w.org\/{rel}","templated":true}]}}