{"id":16314,"date":"2017-04-19T15:25:26","date_gmt":"2017-04-19T15:25:26","guid":{"rendered":"http:\/\/www.psol50.org.br\/?p=16185"},"modified":"2017-04-19T15:25:26","modified_gmt":"2017-04-19T15:25:26","slug":"pressao-garante-recuo-na-reforma-da-previdencia-e-adia-votacao-para-depois-da-greve-geral","status":"publish","type":"post","link":"https:\/\/psol50.org.br\/pressao-garante-recuo-na-reforma-da-previdencia-e-adia-votacao-para-depois-da-greve-geral\/","title":{"rendered":"Press\u00e3o garante recuo na reforma da Previd\u00eancia e adia vota\u00e7\u00e3o para depois da greve geral"},"content":{"rendered":"<p>As press\u00f5es das entidades sindicais de trabalhadores, dos movimentos sociais e dos parlamentares da oposi\u00e7\u00e3o t\u00eam demonstrado sua for\u00e7a e fizeram\u00a0o governo de Michel Temer recuar mais uma vez em rela\u00e7\u00e3o \u00e0 Proposta de Emenda \u00e0 Constitui\u00e7\u00e3o n\u00ba 287\/2016, que altera as regras da aposentadoria. Nesta quarta-feira (19\/04), o relator da PEC na comiss\u00e3o especial, deputado Arthur Maia (PPS-BA), entregou seu parecer com altera\u00e7\u00f5es em v\u00e1rios pontos do texto. O n\u00edtido recuo do governo \u00e9 em fun\u00e7\u00e3o das mobiliza\u00e7\u00f5es que pipocam pa\u00eds a fora, mas tamb\u00e9m do receio em sofrer uma derrota na vota\u00e7\u00e3o da mat\u00e9ria mais importante de seu ajuste fiscal, uma vez que a maioria dos deputados t\u00eam se posicionado contr\u00e1rios \u00e0 reforma. Incluindo, a\u00ed, integrantes da pr\u00f3pria base de apoio do Pal\u00e1cio do Planalto.<\/p>\n<p>A inten\u00e7\u00e3o do governo era votar a mat\u00e9ria j\u00e1 na pr\u00f3xima semana na comiss\u00e3o especial, mas devido o encaminhamento proposto pelo deputado Ivan Valente (PSOL-SP), que contou com o apoio de v\u00e1rios deputados da oposi\u00e7\u00e3o, a aprecia\u00e7\u00e3o ser\u00e1 somente a partir do\u00a0dia\u00a02 de maio, ap\u00f3s a greve geral do dia 28 de abril e do Dia Internacional do Trabalhador, celebrado em 1\u00ba de maio. O PSOL e outros partidos anunciaram que se n\u00e3o houvesse acordo em torno da data de vota\u00e7\u00e3o do texto, suas respectivas bancadas entrariam em obstru\u00e7\u00e3o.<\/p>\n<p>No parecer, alguns pontos importantes foram modificados em rela\u00e7\u00e3o ao texto original, como o tempo de contribui\u00e7\u00e3o para a aposentadoria integral e\u00a0a idade m\u00ednima de aposentadoria das\u00a0mulheres. Al\u00e9m disso, policiais e professores ter\u00e3o direito \u00e0 aposentadoria especial &#8211; com idade mais baixa.<\/p>\n<p>Para se aposentar integralmente, o tempo de contribui\u00e7\u00e3o passa de 49 anos para 40 anos. No entanto, o tempo m\u00ednimo continua em 25 anos e o percentual para quem se aposentar com esse\u00a0tempo ser\u00e1\u00a070% em cima do valor integral. A mudan\u00e7a n\u00e3o resolve o problema para aqueles trabalhadores que passam longos per\u00edodos sem trabalho formal e sem recolher para a Previd\u00eancia. Nesse caso, continuar\u00e3o com a dificuldade em atingir sequer o tempo m\u00ednimo de contribui\u00e7\u00e3o.<\/p>\n<p>O novo texto fixa a idade m\u00ednima em 62 anos para as mulheres e mant\u00e9m os\u00a065 anos para os homens, ap\u00f3s um per\u00edodo de transi\u00e7\u00e3o de 20 anos. Ou seja, o aumento seria progressivo, come\u00e7ando em 53 e 55 anos, respectivamente, na data da promulga\u00e7\u00e3o da emenda.<\/p>\n<figure id=\"attachment_16214\" aria-describedby=\"caption-attachment-16214\" style=\"width: 600px\" class=\"wp-caption aligncenter\"><img loading=\"lazy\" decoding=\"async\" class=\"wp-image-16214\" src=\"http:\/\/www.psol50.org.br\/2017teste\/inc\/uploads\/2017\/04\/ArthurMaia_L\u00facioBernardoJr_CD-1024x683.jpg\" alt=\"\" width=\"600\" height=\"400\" \/><figcaption id=\"caption-attachment-16214\" class=\"wp-caption-text\"><em>Foto: L\u00facio Bernardo Jr.\/C\u00e2mara dos Deputados<\/em><\/figcaption><\/figure>\n<p>Os trabalhadores rurais teriam idade m\u00ednima menor, de 60 anos, com 20 anos de tempo de contribui\u00e7\u00e3o. E a al\u00edquota individual de contribui\u00e7\u00e3o para o Instituto Nacional do Seguro Social (INSS), provavelmente dever\u00e1 ser de 5% sobre um sal\u00e1rio m\u00ednimo. Hoje, eles contribuem pela produ\u00e7\u00e3o vendida.<\/p>\n<p>Para as pens\u00f5es, o relator mant\u00e9m a possibilidade de ac\u00famulo de pens\u00e3o e aposentadoria, mas com um teto de dois sal\u00e1rios m\u00ednimos. O interessado poderia ainda optar pelo maior benef\u00edcio entre os dois, caso isso seja mais vantajoso.\u00a0Nada muda, por\u00e9m, em rela\u00e7\u00e3o ao c\u00e1lculo do valor da pens\u00e3o: o benef\u00edcio ser\u00e1 de 50% da aposentadoria mais 10% por dependente, mas com a volta do piso de um sal\u00e1rio m\u00ednimo.<\/p>\n<p>No caso dos benef\u00edcios assistenciais (Benef\u00edcio de Presta\u00e7\u00e3o Continuada &#8211; <span class=\"termoGlossario\">BPC<\/span>), o relator tamb\u00e9m mant\u00e9m a vincula\u00e7\u00e3o com o sal\u00e1rio m\u00ednimo, mas aumenta a idade m\u00ednima de 65 para 68 anos. A proposta original sugeria 70 anos.<\/p>\n<p><strong>Aumentar a press\u00e3o para derrotar as reformas<\/strong><br \/>\nO PSOL entende que ao apresentar um relat\u00f3rio diferente do texto original, o governo est\u00e1 sendo pressionado pelas mobiliza\u00e7\u00f5es, em especial pela greve geral convocada para o pr\u00f3ximo dia 28 de abril. Al\u00e9m disso, \u00e9 importante destacar a atua\u00e7\u00e3o da bancada do partido na reuni\u00e3o da comiss\u00e3o especial,\u00a0que anunciou entrar\u00a0em\u00a0obstru\u00e7\u00e3o, caso o governo n\u00e3o adiasse a vota\u00e7\u00e3o da mat\u00e9ria na comiss\u00e3o especial. Isso significa que aumentar a press\u00e3o, nas ruas e no parlamento, poder\u00e1 garantir a vit\u00f3ria final que \u00e9 a derrota definitiva dessa proposta.<\/p>\n<p>No dia 28, a milit\u00e2ncia do partido estar\u00e1 nas manifesta\u00e7\u00f5es que ocorrer\u00e3o em todo o pa\u00eds para marcar a greve geral. Michel Temer e Rodrigo Maia j\u00e1 sofreram uma derrota nesta ter\u00e7a-feira, com a rejei\u00e7\u00e3o do requerimento de urg\u00eancia da reforma trabalhista votado no plen\u00e1rio da Casa. Agora, mais do que nunca, \u00e9 preciso tomar as ruas, pressionar deputados e senadores para, com muita luta, mostrar ao governo leg\u00edtimo que a popula\u00e7\u00e3o n\u00e3o aceitar\u00e1 as suas reformas como parte de seu ajuste fiscal.<\/p>\n","protected":false},"excerpt":{"rendered":"<p>As press\u00f5es das entidades sindicais de trabalhadores, dos movimentos sociais e dos parlamentares da oposi\u00e7\u00e3o t\u00eam demonstrado sua for\u00e7a e fizeram\u00a0o governo de Michel Temer recuar mais uma vez em rela\u00e7\u00e3o \u00e0 Proposta de Emenda \u00e0 Constitui\u00e7\u00e3o n\u00ba 287\/2016, que altera as regras da aposentadoria. Nesta quarta-feira (19\/04), o relator da PEC na comiss\u00e3o especial, [&hellip;]<\/p>\n","protected":false},"author":2,"featured_media":16340,"comment_status":"open","ping_status":"open","sticky":false,"template":"","format":"standard","meta":{"_acf_changed":false,"footnotes":""},"categories":[10,1882,6],"tags":[1735,3102,2348,1793,1748,1835,2836,2831,3103,3060,39,3104],"class_list":{"0":"post-16314","1":"post","2":"type-post","3":"status-publish","4":"format-standard","5":"has-post-thumbnail","7":"category-acao-parlamentares","8":"category-brasil","9":"category-noticias","10":"tag-aposentadoria","11":"tag-arthur-maia","12":"tag-comissao-especial","13":"tag-greve-geral","14":"tag-michel-temer","15":"tag-mobilizacao","16":"tag-parecer","17":"tag-pec-2872016","18":"tag-pressao-popular","19":"tag-recuo","20":"tag-reforma-da-previdencia","21":"tag-relatorio"},"acf":[],"yoast_head":"<!-- This site is optimized with the Yoast SEO plugin v26.5 - https:\/\/yoast.com\/wordpress\/plugins\/seo\/ -->\n<title>Press\u00e3o garante recuo na reforma da Previd\u00eancia e adia vota\u00e7\u00e3o para depois da greve geral - PSOL 50<\/title>\n<meta name=\"robots\" content=\"index, follow, max-snippet:-1, max-image-preview:large, max-video-preview:-1\" \/>\n<link rel=\"canonical\" href=\"https:\/\/psol50.org.br\/pressao-garante-recuo-na-reforma-da-previdencia-e-adia-votacao-para-depois-da-greve-geral\/\" \/>\n<meta property=\"og:locale\" content=\"pt_BR\" \/>\n<meta property=\"og:type\" content=\"article\" \/>\n<meta property=\"og:title\" content=\"Press\u00e3o garante recuo na reforma da Previd\u00eancia e adia vota\u00e7\u00e3o para depois da greve geral - PSOL 50\" \/>\n<meta property=\"og:description\" content=\"As press\u00f5es das entidades sindicais de trabalhadores, dos movimentos sociais e dos parlamentares da oposi\u00e7\u00e3o t\u00eam demonstrado sua for\u00e7a e fizeram\u00a0o governo de Michel Temer recuar mais uma vez em rela\u00e7\u00e3o \u00e0 Proposta de Emenda \u00e0 Constitui\u00e7\u00e3o n\u00ba 287\/2016, que altera as regras da aposentadoria. Nesta quarta-feira (19\/04), o relator da PEC na comiss\u00e3o especial, [&hellip;]\" \/>\n<meta property=\"og:url\" content=\"https:\/\/psol50.org.br\/pressao-garante-recuo-na-reforma-da-previdencia-e-adia-votacao-para-depois-da-greve-geral\/\" \/>\n<meta property=\"og:site_name\" content=\"PSOL 50\" \/>\n<meta property=\"article:publisher\" content=\"https:\/\/www.facebook.com\/psol50\" \/>\n<meta property=\"article:published_time\" content=\"2017-04-19T15:25:26+00:00\" \/>\n<meta property=\"og:image\" content=\"https:\/\/psol50.org.br\/inc\/uploads\/2018\/07\/capa.png\" \/>\n\t<meta property=\"og:image:width\" content=\"1350\" \/>\n\t<meta property=\"og:image:height\" content=\"900\" \/>\n\t<meta property=\"og:image:type\" content=\"image\/png\" \/>\n<meta name=\"author\" content=\"Comunica\u00e7\u00e3o PSOL\" \/>\n<meta name=\"twitter:card\" content=\"summary_large_image\" \/>\n<meta name=\"twitter:creator\" content=\"@psol50\" \/>\n<meta name=\"twitter:site\" content=\"@psol50\" \/>\n<meta name=\"twitter:label1\" content=\"Escrito por\" \/>\n\t<meta name=\"twitter:data1\" content=\"Comunica\u00e7\u00e3o PSOL\" \/>\n\t<meta name=\"twitter:label2\" content=\"Est. tempo de leitura\" \/>\n\t<meta name=\"twitter:data2\" content=\"4 minutos\" \/>\n<script type=\"application\/ld+json\" class=\"yoast-schema-graph\">{\"@context\":\"https:\/\/schema.org\",\"@graph\":[{\"@type\":\"Article\",\"@id\":\"https:\/\/psol50.org.br\/pressao-garante-recuo-na-reforma-da-previdencia-e-adia-votacao-para-depois-da-greve-geral\/#article\",\"isPartOf\":{\"@id\":\"https:\/\/psol50.org.br\/pressao-garante-recuo-na-reforma-da-previdencia-e-adia-votacao-para-depois-da-greve-geral\/\"},\"author\":{\"name\":\"Comunica\u00e7\u00e3o PSOL\",\"@id\":\"https:\/\/psol50.org.br\/#\/schema\/person\/475dfa57d0b815993c714c2e96491fcd\"},\"headline\":\"Press\u00e3o garante recuo na reforma da Previd\u00eancia e adia vota\u00e7\u00e3o para depois da greve geral\",\"datePublished\":\"2017-04-19T15:25:26+00:00\",\"mainEntityOfPage\":{\"@id\":\"https:\/\/psol50.org.br\/pressao-garante-recuo-na-reforma-da-previdencia-e-adia-votacao-para-depois-da-greve-geral\/\"},\"wordCount\":829,\"commentCount\":0,\"publisher\":{\"@id\":\"https:\/\/psol50.org.br\/#organization\"},\"image\":{\"@id\":\"https:\/\/psol50.org.br\/pressao-garante-recuo-na-reforma-da-previdencia-e-adia-votacao-para-depois-da-greve-geral\/#primaryimage\"},\"thumbnailUrl\":\"\",\"keywords\":[\"aposentadoria\",\"Arthur Maia\",\"Comiss\u00e3o Especial\",\"greve geral\",\"Michel Temer\",\"mobiliza\u00e7\u00e3o\",\"parecer\",\"PEC 287\/2016\",\"press\u00e3o popular\",\"recuo\",\"reforma da previd\u00eancia\",\"relat\u00f3rio\"],\"articleSection\":[\"A\u00e7\u00e3o Parlamentar\",\"Brasil\",\"Not\u00edcias\"],\"inLanguage\":\"pt-BR\",\"potentialAction\":[{\"@type\":\"CommentAction\",\"name\":\"Comment\",\"target\":[\"https:\/\/psol50.org.br\/pressao-garante-recuo-na-reforma-da-previdencia-e-adia-votacao-para-depois-da-greve-geral\/#respond\"]}]},{\"@type\":\"WebPage\",\"@id\":\"https:\/\/psol50.org.br\/pressao-garante-recuo-na-reforma-da-previdencia-e-adia-votacao-para-depois-da-greve-geral\/\",\"url\":\"https:\/\/psol50.org.br\/pressao-garante-recuo-na-reforma-da-previdencia-e-adia-votacao-para-depois-da-greve-geral\/\",\"name\":\"Press\u00e3o garante recuo na reforma da Previd\u00eancia e adia vota\u00e7\u00e3o para depois da greve geral - PSOL 50\",\"isPartOf\":{\"@id\":\"https:\/\/psol50.org.br\/#website\"},\"primaryImageOfPage\":{\"@id\":\"https:\/\/psol50.org.br\/pressao-garante-recuo-na-reforma-da-previdencia-e-adia-votacao-para-depois-da-greve-geral\/#primaryimage\"},\"image\":{\"@id\":\"https:\/\/psol50.org.br\/pressao-garante-recuo-na-reforma-da-previdencia-e-adia-votacao-para-depois-da-greve-geral\/#primaryimage\"},\"thumbnailUrl\":\"\",\"datePublished\":\"2017-04-19T15:25:26+00:00\",\"breadcrumb\":{\"@id\":\"https:\/\/psol50.org.br\/pressao-garante-recuo-na-reforma-da-previdencia-e-adia-votacao-para-depois-da-greve-geral\/#breadcrumb\"},\"inLanguage\":\"pt-BR\",\"potentialAction\":[{\"@type\":\"ReadAction\",\"target\":[\"https:\/\/psol50.org.br\/pressao-garante-recuo-na-reforma-da-previdencia-e-adia-votacao-para-depois-da-greve-geral\/\"]}]},{\"@type\":\"ImageObject\",\"inLanguage\":\"pt-BR\",\"@id\":\"https:\/\/psol50.org.br\/pressao-garante-recuo-na-reforma-da-previdencia-e-adia-votacao-para-depois-da-greve-geral\/#primaryimage\",\"url\":\"\",\"contentUrl\":\"\"},{\"@type\":\"BreadcrumbList\",\"@id\":\"https:\/\/psol50.org.br\/pressao-garante-recuo-na-reforma-da-previdencia-e-adia-votacao-para-depois-da-greve-geral\/#breadcrumb\",\"itemListElement\":[{\"@type\":\"ListItem\",\"position\":1,\"name\":\"In\u00edcio\",\"item\":\"https:\/\/psol50.org.br\/\"},{\"@type\":\"ListItem\",\"position\":2,\"name\":\"Press\u00e3o garante recuo na reforma da Previd\u00eancia e adia vota\u00e7\u00e3o para depois da greve geral\"}]},{\"@type\":\"WebSite\",\"@id\":\"https:\/\/psol50.org.br\/#website\",\"url\":\"https:\/\/psol50.org.br\/\",\"name\":\"PSOL 50\",\"description\":\"Site oficial do Partido Socialismo e Liberdade\",\"publisher\":{\"@id\":\"https:\/\/psol50.org.br\/#organization\"},\"alternateName\":\"PSOL50\",\"potentialAction\":[{\"@type\":\"SearchAction\",\"target\":{\"@type\":\"EntryPoint\",\"urlTemplate\":\"https:\/\/psol50.org.br\/?s={search_term_string}\"},\"query-input\":{\"@type\":\"PropertyValueSpecification\",\"valueRequired\":true,\"valueName\":\"search_term_string\"}}],\"inLanguage\":\"pt-BR\"},{\"@type\":\"Organization\",\"@id\":\"https:\/\/psol50.org.br\/#organization\",\"name\":\"PSOL 50\",\"alternateName\":\"PSOL 50\",\"url\":\"https:\/\/psol50.org.br\/\",\"logo\":{\"@type\":\"ImageObject\",\"inLanguage\":\"pt-BR\",\"@id\":\"https:\/\/psol50.org.br\/#\/schema\/logo\/image\/\",\"url\":\"https:\/\/psol50.org.br\/inc\/uploads\/2018\/07\/capa.png\",\"contentUrl\":\"https:\/\/psol50.org.br\/inc\/uploads\/2018\/07\/capa.png\",\"width\":1350,\"height\":900,\"caption\":\"PSOL 50\"},\"image\":{\"@id\":\"https:\/\/psol50.org.br\/#\/schema\/logo\/image\/\"},\"sameAs\":[\"https:\/\/www.facebook.com\/psol50\",\"https:\/\/x.com\/psol50\",\"https:\/\/www.instagram.com\/psol50\/\",\"https:\/\/www.youtube.com\/channel\/UC7SnJS5o1os7a6CaiNabzcg\"]},{\"@type\":\"Person\",\"@id\":\"https:\/\/psol50.org.br\/#\/schema\/person\/475dfa57d0b815993c714c2e96491fcd\",\"name\":\"Comunica\u00e7\u00e3o PSOL\",\"image\":{\"@type\":\"ImageObject\",\"inLanguage\":\"pt-BR\",\"@id\":\"https:\/\/psol50.org.br\/#\/schema\/person\/image\/\",\"url\":\"https:\/\/secure.gravatar.com\/avatar\/b34fc4f4e468a4e51785917065a3db57b841f5c95dba6ad8c73aaf8f66f8f9bf?s=96&d=mm&r=g\",\"contentUrl\":\"https:\/\/secure.gravatar.com\/avatar\/b34fc4f4e468a4e51785917065a3db57b841f5c95dba6ad8c73aaf8f66f8f9bf?s=96&d=mm&r=g\",\"caption\":\"Comunica\u00e7\u00e3o PSOL\"}}]}<\/script>\n<!-- \/ Yoast SEO plugin. -->","yoast_head_json":{"title":"Press\u00e3o garante recuo na reforma da Previd\u00eancia e adia vota\u00e7\u00e3o para depois da greve geral - PSOL 50","robots":{"index":"index","follow":"follow","max-snippet":"max-snippet:-1","max-image-preview":"max-image-preview:large","max-video-preview":"max-video-preview:-1"},"canonical":"https:\/\/psol50.org.br\/pressao-garante-recuo-na-reforma-da-previdencia-e-adia-votacao-para-depois-da-greve-geral\/","og_locale":"pt_BR","og_type":"article","og_title":"Press\u00e3o garante recuo na reforma da Previd\u00eancia e adia vota\u00e7\u00e3o para depois da greve geral - PSOL 50","og_description":"As press\u00f5es das entidades sindicais de trabalhadores, dos movimentos sociais e dos parlamentares da oposi\u00e7\u00e3o t\u00eam demonstrado sua for\u00e7a e fizeram\u00a0o governo de Michel Temer recuar mais uma vez em rela\u00e7\u00e3o \u00e0 Proposta de Emenda \u00e0 Constitui\u00e7\u00e3o n\u00ba 287\/2016, que altera as regras da aposentadoria. Nesta quarta-feira (19\/04), o relator da PEC na comiss\u00e3o especial, [&hellip;]","og_url":"https:\/\/psol50.org.br\/pressao-garante-recuo-na-reforma-da-previdencia-e-adia-votacao-para-depois-da-greve-geral\/","og_site_name":"PSOL 50","article_publisher":"https:\/\/www.facebook.com\/psol50","article_published_time":"2017-04-19T15:25:26+00:00","og_image":[{"width":1350,"height":900,"url":"https:\/\/psol50.org.br\/inc\/uploads\/2018\/07\/capa.png","type":"image\/png"}],"author":"Comunica\u00e7\u00e3o PSOL","twitter_card":"summary_large_image","twitter_creator":"@psol50","twitter_site":"@psol50","twitter_misc":{"Escrito por":"Comunica\u00e7\u00e3o PSOL","Est. tempo de leitura":"4 minutos"},"schema":{"@context":"https:\/\/schema.org","@graph":[{"@type":"Article","@id":"https:\/\/psol50.org.br\/pressao-garante-recuo-na-reforma-da-previdencia-e-adia-votacao-para-depois-da-greve-geral\/#article","isPartOf":{"@id":"https:\/\/psol50.org.br\/pressao-garante-recuo-na-reforma-da-previdencia-e-adia-votacao-para-depois-da-greve-geral\/"},"author":{"name":"Comunica\u00e7\u00e3o PSOL","@id":"https:\/\/psol50.org.br\/#\/schema\/person\/475dfa57d0b815993c714c2e96491fcd"},"headline":"Press\u00e3o garante recuo na reforma da Previd\u00eancia e adia vota\u00e7\u00e3o para depois da greve geral","datePublished":"2017-04-19T15:25:26+00:00","mainEntityOfPage":{"@id":"https:\/\/psol50.org.br\/pressao-garante-recuo-na-reforma-da-previdencia-e-adia-votacao-para-depois-da-greve-geral\/"},"wordCount":829,"commentCount":0,"publisher":{"@id":"https:\/\/psol50.org.br\/#organization"},"image":{"@id":"https:\/\/psol50.org.br\/pressao-garante-recuo-na-reforma-da-previdencia-e-adia-votacao-para-depois-da-greve-geral\/#primaryimage"},"thumbnailUrl":"","keywords":["aposentadoria","Arthur Maia","Comiss\u00e3o Especial","greve geral","Michel Temer","mobiliza\u00e7\u00e3o","parecer","PEC 287\/2016","press\u00e3o popular","recuo","reforma da previd\u00eancia","relat\u00f3rio"],"articleSection":["A\u00e7\u00e3o Parlamentar","Brasil","Not\u00edcias"],"inLanguage":"pt-BR","potentialAction":[{"@type":"CommentAction","name":"Comment","target":["https:\/\/psol50.org.br\/pressao-garante-recuo-na-reforma-da-previdencia-e-adia-votacao-para-depois-da-greve-geral\/#respond"]}]},{"@type":"WebPage","@id":"https:\/\/psol50.org.br\/pressao-garante-recuo-na-reforma-da-previdencia-e-adia-votacao-para-depois-da-greve-geral\/","url":"https:\/\/psol50.org.br\/pressao-garante-recuo-na-reforma-da-previdencia-e-adia-votacao-para-depois-da-greve-geral\/","name":"Press\u00e3o garante recuo na reforma da Previd\u00eancia e adia vota\u00e7\u00e3o para depois da greve geral - PSOL 50","isPartOf":{"@id":"https:\/\/psol50.org.br\/#website"},"primaryImageOfPage":{"@id":"https:\/\/psol50.org.br\/pressao-garante-recuo-na-reforma-da-previdencia-e-adia-votacao-para-depois-da-greve-geral\/#primaryimage"},"image":{"@id":"https:\/\/psol50.org.br\/pressao-garante-recuo-na-reforma-da-previdencia-e-adia-votacao-para-depois-da-greve-geral\/#primaryimage"},"thumbnailUrl":"","datePublished":"2017-04-19T15:25:26+00:00","breadcrumb":{"@id":"https:\/\/psol50.org.br\/pressao-garante-recuo-na-reforma-da-previdencia-e-adia-votacao-para-depois-da-greve-geral\/#breadcrumb"},"inLanguage":"pt-BR","potentialAction":[{"@type":"ReadAction","target":["https:\/\/psol50.org.br\/pressao-garante-recuo-na-reforma-da-previdencia-e-adia-votacao-para-depois-da-greve-geral\/"]}]},{"@type":"ImageObject","inLanguage":"pt-BR","@id":"https:\/\/psol50.org.br\/pressao-garante-recuo-na-reforma-da-previdencia-e-adia-votacao-para-depois-da-greve-geral\/#primaryimage","url":"","contentUrl":""},{"@type":"BreadcrumbList","@id":"https:\/\/psol50.org.br\/pressao-garante-recuo-na-reforma-da-previdencia-e-adia-votacao-para-depois-da-greve-geral\/#breadcrumb","itemListElement":[{"@type":"ListItem","position":1,"name":"In\u00edcio","item":"https:\/\/psol50.org.br\/"},{"@type":"ListItem","position":2,"name":"Press\u00e3o garante recuo na reforma da Previd\u00eancia e adia vota\u00e7\u00e3o para depois da greve geral"}]},{"@type":"WebSite","@id":"https:\/\/psol50.org.br\/#website","url":"https:\/\/psol50.org.br\/","name":"PSOL 50","description":"Site oficial do Partido Socialismo e Liberdade","publisher":{"@id":"https:\/\/psol50.org.br\/#organization"},"alternateName":"PSOL50","potentialAction":[{"@type":"SearchAction","target":{"@type":"EntryPoint","urlTemplate":"https:\/\/psol50.org.br\/?s={search_term_string}"},"query-input":{"@type":"PropertyValueSpecification","valueRequired":true,"valueName":"search_term_string"}}],"inLanguage":"pt-BR"},{"@type":"Organization","@id":"https:\/\/psol50.org.br\/#organization","name":"PSOL 50","alternateName":"PSOL 50","url":"https:\/\/psol50.org.br\/","logo":{"@type":"ImageObject","inLanguage":"pt-BR","@id":"https:\/\/psol50.org.br\/#\/schema\/logo\/image\/","url":"https:\/\/psol50.org.br\/inc\/uploads\/2018\/07\/capa.png","contentUrl":"https:\/\/psol50.org.br\/inc\/uploads\/2018\/07\/capa.png","width":1350,"height":900,"caption":"PSOL 50"},"image":{"@id":"https:\/\/psol50.org.br\/#\/schema\/logo\/image\/"},"sameAs":["https:\/\/www.facebook.com\/psol50","https:\/\/x.com\/psol50","https:\/\/www.instagram.com\/psol50\/","https:\/\/www.youtube.com\/channel\/UC7SnJS5o1os7a6CaiNabzcg"]},{"@type":"Person","@id":"https:\/\/psol50.org.br\/#\/schema\/person\/475dfa57d0b815993c714c2e96491fcd","name":"Comunica\u00e7\u00e3o PSOL","image":{"@type":"ImageObject","inLanguage":"pt-BR","@id":"https:\/\/psol50.org.br\/#\/schema\/person\/image\/","url":"https:\/\/secure.gravatar.com\/avatar\/b34fc4f4e468a4e51785917065a3db57b841f5c95dba6ad8c73aaf8f66f8f9bf?s=96&d=mm&r=g","contentUrl":"https:\/\/secure.gravatar.com\/avatar\/b34fc4f4e468a4e51785917065a3db57b841f5c95dba6ad8c73aaf8f66f8f9bf?s=96&d=mm&r=g","caption":"Comunica\u00e7\u00e3o PSOL"}}]}},"_links":{"self":[{"href":"https:\/\/psol50.org.br\/rest\/wp\/v2\/posts\/16314","targetHints":{"allow":["GET"]}}],"collection":[{"href":"https:\/\/psol50.org.br\/rest\/wp\/v2\/posts"}],"about":[{"href":"https:\/\/psol50.org.br\/rest\/wp\/v2\/types\/post"}],"author":[{"embeddable":true,"href":"https:\/\/psol50.org.br\/rest\/wp\/v2\/users\/2"}],"replies":[{"embeddable":true,"href":"https:\/\/psol50.org.br\/rest\/wp\/v2\/comments?post=16314"}],"version-history":[{"count":0,"href":"https:\/\/psol50.org.br\/rest\/wp\/v2\/posts\/16314\/revisions"}],"wp:featuredmedia":[{"embeddable":true,"href":"https:\/\/psol50.org.br\/rest\/"}],"wp:attachment":[{"href":"https:\/\/psol50.org.br\/rest\/wp\/v2\/media?parent=16314"}],"wp:term":[{"taxonomy":"category","embeddable":true,"href":"https:\/\/psol50.org.br\/rest\/wp\/v2\/categories?post=16314"},{"taxonomy":"post_tag","embeddable":true,"href":"https:\/\/psol50.org.br\/rest\/wp\/v2\/tags?post=16314"}],"curies":[{"name":"wp","href":"https:\/\/api.w.org\/{rel}","templated":true}]}}