{"id":16315,"date":"2017-04-18T14:29:42","date_gmt":"2017-04-18T14:29:42","guid":{"rendered":"http:\/\/www.psol50.org.br\/?p=16193"},"modified":"2017-04-18T14:29:42","modified_gmt":"2017-04-18T14:29:42","slug":"brasileiros-protestam-em-lisboa-durante-evento-com-presencas-de-fhc-gilmar-mendes-e-doria","status":"publish","type":"post","link":"https:\/\/psol50.org.br\/brasileiros-protestam-em-lisboa-durante-evento-com-presencas-de-fhc-gilmar-mendes-e-doria\/","title":{"rendered":"Brasileiros protestam em Lisboa, durante evento com presen\u00e7as de FHC, Gilmar Mendes e Doria"},"content":{"rendered":"<p>Brasileiros e portugueses denunciaram o golpe em curso no Brasil, em protesto em frente \u00e0 Faculdade de Direito da Universidade de Lisboa, onde teve in\u00edcio, na manh\u00e3 desta ter\u00e7a-feira\u00a0(18\/04), o V Semin\u00e1rio Luso-brasileiro de Direito. O evento, que conta com Fernando Henrique Cardoso, Gilmar Mendes, Jo\u00e3o D\u00f3ria, Bruno Ara\u00fajo e Osmar Terra, entre outros articuladores do golpe e integrantes do governo Temer, tem como tema &#8220;Constitui\u00e7\u00e3o e Governan\u00e7a&#8221;.<\/p>\n<p>Criticado por sua postura conservadora e por proteger pol\u00edticos como Michel Temer, o ministro do Supremo Tribunal Federal (STF) Gilmar Mendes foi um dos oradores da mesa intitulada &#8220;Crise da democracia representativa e do sistema pol\u00edtico&#8221;. Ele tamb\u00e9m mediar\u00e1 a mesa que questiona &#8220;O presidencialismo de coaliza\u00e7\u00e3o \u00e9 reform\u00e1vel?&#8221;, na pr\u00f3xima quinta-feira. J\u00e1 o atual prefeito de S\u00e3o Paulo, Jo\u00e3o D\u00f3ria, discursar\u00e1 amanh\u00e3 sobre &#8220;Governan\u00e7a das zonas metropolitanas e mobilidade urbana&#8221;. Durante a campanha eleitoral, D\u00f3ria chegou a prometer reverter a redu\u00e7\u00e3o de velocidade de todas as vias da cidade, bem como privatizar as ciclovias da capital paulista. O ato foi organizado pelo Coletivo Andorinha &#8211; Frente Democr\u00e1tica Brasileira de Lisboa.<\/p>\n<p>&nbsp;<\/p>\n<figure id=\"attachment_16194\" aria-describedby=\"caption-attachment-16194\" style=\"width: 600px\" class=\"wp-caption aligncenter\"><img loading=\"lazy\" decoding=\"async\" class=\"wp-image-16194\" src=\"http:\/\/www.psol50.org.br\/2017teste\/inc\/uploads\/2017\/04\/Protesto_Lisboa2.jpg\" alt=\"\" width=\"600\" height=\"450\" \/><figcaption id=\"caption-attachment-16194\" class=\"wp-caption-text\"><em>Fotos: Paulo Silva<\/em><\/figcaption><\/figure>\n<p>O ato foi organizado pelo Coletivo Andorinha &#8211; Frente Democr\u00e1tica Brasileira de Lisboa. Os manifestantes\u00a0criticaram a realiza\u00e7\u00e3o do semin\u00e1rio e alertaram que os participantes n\u00e3o expressam o pensamento da sociedade brasileira. Tamb\u00e9m reivindicaram a abertura de espa\u00e7os pela Faculdade de Direito para que outras perspectivas sobre o Pa\u00eds sejam expostas. Por meio de palavras de ordem, denunciaram as reformas elitistas que est\u00e3o sendo impostas no Brasil, especialmente a reforma da previd\u00eancia.<\/p>\n<p>O semin\u00e1rio ser\u00e1 finalizado no dia 20 de abril, com discurso do presidente de Portugal, Marcelo Rebelo de Sousa.<\/p>\n<p>O Coletivo Andorinha foi formado em 2016, no contexto da discuss\u00e3o sobre o impeachment da presidenta Dilma Rousseff. O grupo \u00e9 formado por brasileiros e brasileiras residentes em Lisboa e tem realizado diversas manifesta\u00e7\u00f5es em defesa da democracia, da legalidade e do Estado de Direito no Brasil.<\/p>\n<p><img loading=\"lazy\" decoding=\"async\" class=\"wp-image-16196 aligncenter\" src=\"http:\/\/www.psol50.org.br\/2017teste\/inc\/uploads\/2017\/04\/DSC_2179_1-1024x682.jpg\" alt=\"\" width=\"600\" height=\"400\" \/><\/p>\n<p>&nbsp;<\/p>\n<p><img loading=\"lazy\" decoding=\"async\" class=\"wp-image-16198 aligncenter\" src=\"http:\/\/www.psol50.org.br\/2017teste\/inc\/uploads\/2017\/04\/DSC_2168_1-1024x682.jpg\" alt=\"\" width=\"600\" height=\"400\" \/><\/p>\n<p>Fonte: <em>Helena Martins, de Lisboa<\/em><\/p>\n","protected":false},"excerpt":{"rendered":"<p>Brasileiros e portugueses denunciaram o golpe em curso no Brasil, em protesto em frente \u00e0 Faculdade de Direito da Universidade de Lisboa, onde teve in\u00edcio, na manh\u00e3 desta ter\u00e7a-feira\u00a0(18\/04), o V Semin\u00e1rio Luso-brasileiro de Direito. O evento, que conta com Fernando Henrique Cardoso, Gilmar Mendes, Jo\u00e3o D\u00f3ria, Bruno Ara\u00fajo e Osmar Terra, entre outros articuladores [&hellip;]<\/p>\n","protected":false},"author":2,"featured_media":16337,"comment_status":"open","ping_status":"open","sticky":false,"template":"","format":"standard","meta":{"_acf_changed":false,"footnotes":""},"categories":[836,1104],"tags":[3105,3106,3107,151,930,3108,1748,491,3109,3110],"class_list":{"0":"post-16315","1":"post","2":"type-post","3":"status-publish","4":"format-standard","5":"has-post-thumbnail","7":"category-internacional","8":"category-movimento","9":"tag-brasileiros","10":"tag-coletivo-andorinha-frente-democratica-brasileira-de-lisboa","11":"tag-gilmar-mendes","12":"tag-golpe","13":"tag-joao-doria","14":"tag-lisboa","15":"tag-michel-temer","16":"tag-portugal","17":"tag-portugueses","18":"tag-v-seminario-luso-brasileiro-de-direito"},"acf":[],"yoast_head":"<!-- This site is optimized with the Yoast SEO plugin v26.5 - https:\/\/yoast.com\/wordpress\/plugins\/seo\/ -->\n<title>Brasileiros protestam em Lisboa, durante evento com presen\u00e7as de FHC, Gilmar Mendes e Doria - PSOL 50<\/title>\n<meta name=\"robots\" content=\"index, follow, max-snippet:-1, max-image-preview:large, max-video-preview:-1\" \/>\n<link rel=\"canonical\" href=\"https:\/\/psol50.org.br\/brasileiros-protestam-em-lisboa-durante-evento-com-presencas-de-fhc-gilmar-mendes-e-doria\/\" \/>\n<meta property=\"og:locale\" content=\"pt_BR\" \/>\n<meta property=\"og:type\" content=\"article\" \/>\n<meta property=\"og:title\" content=\"Brasileiros protestam em Lisboa, durante evento com presen\u00e7as de FHC, Gilmar Mendes e Doria - PSOL 50\" \/>\n<meta property=\"og:description\" content=\"Brasileiros e portugueses denunciaram o golpe em curso no Brasil, em protesto em frente \u00e0 Faculdade de Direito da Universidade de Lisboa, onde teve in\u00edcio, na manh\u00e3 desta ter\u00e7a-feira\u00a0(18\/04), o V Semin\u00e1rio Luso-brasileiro de Direito. O evento, que conta com Fernando Henrique Cardoso, Gilmar Mendes, Jo\u00e3o D\u00f3ria, Bruno Ara\u00fajo e Osmar Terra, entre outros articuladores [&hellip;]\" \/>\n<meta property=\"og:url\" content=\"https:\/\/psol50.org.br\/brasileiros-protestam-em-lisboa-durante-evento-com-presencas-de-fhc-gilmar-mendes-e-doria\/\" \/>\n<meta property=\"og:site_name\" content=\"PSOL 50\" \/>\n<meta property=\"article:publisher\" content=\"https:\/\/www.facebook.com\/psol50\" \/>\n<meta property=\"article:published_time\" content=\"2017-04-18T14:29:42+00:00\" \/>\n<meta property=\"og:image\" content=\"https:\/\/psol50.org.br\/inc\/uploads\/2018\/07\/capa.png\" \/>\n\t<meta property=\"og:image:width\" content=\"1350\" \/>\n\t<meta property=\"og:image:height\" content=\"900\" \/>\n\t<meta property=\"og:image:type\" content=\"image\/png\" \/>\n<meta name=\"author\" content=\"Comunica\u00e7\u00e3o PSOL\" \/>\n<meta name=\"twitter:card\" content=\"summary_large_image\" \/>\n<meta name=\"twitter:creator\" content=\"@psol50\" \/>\n<meta name=\"twitter:site\" content=\"@psol50\" \/>\n<meta name=\"twitter:label1\" content=\"Escrito por\" \/>\n\t<meta name=\"twitter:data1\" content=\"Comunica\u00e7\u00e3o PSOL\" \/>\n\t<meta name=\"twitter:label2\" content=\"Est. tempo de leitura\" \/>\n\t<meta name=\"twitter:data2\" content=\"2 minutos\" \/>\n<script type=\"application\/ld+json\" class=\"yoast-schema-graph\">{\"@context\":\"https:\/\/schema.org\",\"@graph\":[{\"@type\":\"Article\",\"@id\":\"https:\/\/psol50.org.br\/brasileiros-protestam-em-lisboa-durante-evento-com-presencas-de-fhc-gilmar-mendes-e-doria\/#article\",\"isPartOf\":{\"@id\":\"https:\/\/psol50.org.br\/brasileiros-protestam-em-lisboa-durante-evento-com-presencas-de-fhc-gilmar-mendes-e-doria\/\"},\"author\":{\"name\":\"Comunica\u00e7\u00e3o PSOL\",\"@id\":\"https:\/\/psol50.org.br\/#\/schema\/person\/475dfa57d0b815993c714c2e96491fcd\"},\"headline\":\"Brasileiros protestam em Lisboa, durante evento com presen\u00e7as de FHC, Gilmar Mendes e Doria\",\"datePublished\":\"2017-04-18T14:29:42+00:00\",\"mainEntityOfPage\":{\"@id\":\"https:\/\/psol50.org.br\/brasileiros-protestam-em-lisboa-durante-evento-com-presencas-de-fhc-gilmar-mendes-e-doria\/\"},\"wordCount\":377,\"commentCount\":0,\"publisher\":{\"@id\":\"https:\/\/psol50.org.br\/#organization\"},\"image\":{\"@id\":\"https:\/\/psol50.org.br\/brasileiros-protestam-em-lisboa-durante-evento-com-presencas-de-fhc-gilmar-mendes-e-doria\/#primaryimage\"},\"thumbnailUrl\":\"\",\"keywords\":[\"brasileiros\",\"Coletivo Andorinha - Frente Democr\u00e1tica Brasileira de Lisboa\",\"Gilmar Mendes\",\"golpe\",\"Jo\u00e3o D\u00f3ria\",\"Lisboa\",\"Michel Temer\",\"Portugal\",\"portugueses\",\"V Semin\u00e1rio Luso\u2014brasileiro de Direito\"],\"articleSection\":[\"Internacional\",\"Movimento\"],\"inLanguage\":\"pt-BR\",\"potentialAction\":[{\"@type\":\"CommentAction\",\"name\":\"Comment\",\"target\":[\"https:\/\/psol50.org.br\/brasileiros-protestam-em-lisboa-durante-evento-com-presencas-de-fhc-gilmar-mendes-e-doria\/#respond\"]}]},{\"@type\":\"WebPage\",\"@id\":\"https:\/\/psol50.org.br\/brasileiros-protestam-em-lisboa-durante-evento-com-presencas-de-fhc-gilmar-mendes-e-doria\/\",\"url\":\"https:\/\/psol50.org.br\/brasileiros-protestam-em-lisboa-durante-evento-com-presencas-de-fhc-gilmar-mendes-e-doria\/\",\"name\":\"Brasileiros protestam em Lisboa, durante evento com presen\u00e7as de FHC, Gilmar Mendes e Doria - PSOL 50\",\"isPartOf\":{\"@id\":\"https:\/\/psol50.org.br\/#website\"},\"primaryImageOfPage\":{\"@id\":\"https:\/\/psol50.org.br\/brasileiros-protestam-em-lisboa-durante-evento-com-presencas-de-fhc-gilmar-mendes-e-doria\/#primaryimage\"},\"image\":{\"@id\":\"https:\/\/psol50.org.br\/brasileiros-protestam-em-lisboa-durante-evento-com-presencas-de-fhc-gilmar-mendes-e-doria\/#primaryimage\"},\"thumbnailUrl\":\"\",\"datePublished\":\"2017-04-18T14:29:42+00:00\",\"breadcrumb\":{\"@id\":\"https:\/\/psol50.org.br\/brasileiros-protestam-em-lisboa-durante-evento-com-presencas-de-fhc-gilmar-mendes-e-doria\/#breadcrumb\"},\"inLanguage\":\"pt-BR\",\"potentialAction\":[{\"@type\":\"ReadAction\",\"target\":[\"https:\/\/psol50.org.br\/brasileiros-protestam-em-lisboa-durante-evento-com-presencas-de-fhc-gilmar-mendes-e-doria\/\"]}]},{\"@type\":\"ImageObject\",\"inLanguage\":\"pt-BR\",\"@id\":\"https:\/\/psol50.org.br\/brasileiros-protestam-em-lisboa-durante-evento-com-presencas-de-fhc-gilmar-mendes-e-doria\/#primaryimage\",\"url\":\"\",\"contentUrl\":\"\"},{\"@type\":\"BreadcrumbList\",\"@id\":\"https:\/\/psol50.org.br\/brasileiros-protestam-em-lisboa-durante-evento-com-presencas-de-fhc-gilmar-mendes-e-doria\/#breadcrumb\",\"itemListElement\":[{\"@type\":\"ListItem\",\"position\":1,\"name\":\"In\u00edcio\",\"item\":\"https:\/\/psol50.org.br\/\"},{\"@type\":\"ListItem\",\"position\":2,\"name\":\"Brasileiros protestam em Lisboa, durante evento com presen\u00e7as de FHC, Gilmar Mendes e Doria\"}]},{\"@type\":\"WebSite\",\"@id\":\"https:\/\/psol50.org.br\/#website\",\"url\":\"https:\/\/psol50.org.br\/\",\"name\":\"PSOL 50\",\"description\":\"Site oficial do Partido Socialismo e Liberdade\",\"publisher\":{\"@id\":\"https:\/\/psol50.org.br\/#organization\"},\"alternateName\":\"PSOL50\",\"potentialAction\":[{\"@type\":\"SearchAction\",\"target\":{\"@type\":\"EntryPoint\",\"urlTemplate\":\"https:\/\/psol50.org.br\/?s={search_term_string}\"},\"query-input\":{\"@type\":\"PropertyValueSpecification\",\"valueRequired\":true,\"valueName\":\"search_term_string\"}}],\"inLanguage\":\"pt-BR\"},{\"@type\":\"Organization\",\"@id\":\"https:\/\/psol50.org.br\/#organization\",\"name\":\"PSOL 50\",\"alternateName\":\"PSOL 50\",\"url\":\"https:\/\/psol50.org.br\/\",\"logo\":{\"@type\":\"ImageObject\",\"inLanguage\":\"pt-BR\",\"@id\":\"https:\/\/psol50.org.br\/#\/schema\/logo\/image\/\",\"url\":\"https:\/\/psol50.org.br\/inc\/uploads\/2018\/07\/capa.png\",\"contentUrl\":\"https:\/\/psol50.org.br\/inc\/uploads\/2018\/07\/capa.png\",\"width\":1350,\"height\":900,\"caption\":\"PSOL 50\"},\"image\":{\"@id\":\"https:\/\/psol50.org.br\/#\/schema\/logo\/image\/\"},\"sameAs\":[\"https:\/\/www.facebook.com\/psol50\",\"https:\/\/x.com\/psol50\",\"https:\/\/www.instagram.com\/psol50\/\",\"https:\/\/www.youtube.com\/channel\/UC7SnJS5o1os7a6CaiNabzcg\"]},{\"@type\":\"Person\",\"@id\":\"https:\/\/psol50.org.br\/#\/schema\/person\/475dfa57d0b815993c714c2e96491fcd\",\"name\":\"Comunica\u00e7\u00e3o PSOL\",\"image\":{\"@type\":\"ImageObject\",\"inLanguage\":\"pt-BR\",\"@id\":\"https:\/\/psol50.org.br\/#\/schema\/person\/image\/\",\"url\":\"https:\/\/secure.gravatar.com\/avatar\/b34fc4f4e468a4e51785917065a3db57b841f5c95dba6ad8c73aaf8f66f8f9bf?s=96&d=mm&r=g\",\"contentUrl\":\"https:\/\/secure.gravatar.com\/avatar\/b34fc4f4e468a4e51785917065a3db57b841f5c95dba6ad8c73aaf8f66f8f9bf?s=96&d=mm&r=g\",\"caption\":\"Comunica\u00e7\u00e3o PSOL\"}}]}<\/script>\n<!-- \/ Yoast SEO plugin. -->","yoast_head_json":{"title":"Brasileiros protestam em Lisboa, durante evento com presen\u00e7as de FHC, Gilmar Mendes e Doria - PSOL 50","robots":{"index":"index","follow":"follow","max-snippet":"max-snippet:-1","max-image-preview":"max-image-preview:large","max-video-preview":"max-video-preview:-1"},"canonical":"https:\/\/psol50.org.br\/brasileiros-protestam-em-lisboa-durante-evento-com-presencas-de-fhc-gilmar-mendes-e-doria\/","og_locale":"pt_BR","og_type":"article","og_title":"Brasileiros protestam em Lisboa, durante evento com presen\u00e7as de FHC, Gilmar Mendes e Doria - PSOL 50","og_description":"Brasileiros e portugueses denunciaram o golpe em curso no Brasil, em protesto em frente \u00e0 Faculdade de Direito da Universidade de Lisboa, onde teve in\u00edcio, na manh\u00e3 desta ter\u00e7a-feira\u00a0(18\/04), o V Semin\u00e1rio Luso-brasileiro de Direito. O evento, que conta com Fernando Henrique Cardoso, Gilmar Mendes, Jo\u00e3o D\u00f3ria, Bruno Ara\u00fajo e Osmar Terra, entre outros articuladores [&hellip;]","og_url":"https:\/\/psol50.org.br\/brasileiros-protestam-em-lisboa-durante-evento-com-presencas-de-fhc-gilmar-mendes-e-doria\/","og_site_name":"PSOL 50","article_publisher":"https:\/\/www.facebook.com\/psol50","article_published_time":"2017-04-18T14:29:42+00:00","og_image":[{"width":1350,"height":900,"url":"https:\/\/psol50.org.br\/inc\/uploads\/2018\/07\/capa.png","type":"image\/png"}],"author":"Comunica\u00e7\u00e3o PSOL","twitter_card":"summary_large_image","twitter_creator":"@psol50","twitter_site":"@psol50","twitter_misc":{"Escrito por":"Comunica\u00e7\u00e3o PSOL","Est. tempo de leitura":"2 minutos"},"schema":{"@context":"https:\/\/schema.org","@graph":[{"@type":"Article","@id":"https:\/\/psol50.org.br\/brasileiros-protestam-em-lisboa-durante-evento-com-presencas-de-fhc-gilmar-mendes-e-doria\/#article","isPartOf":{"@id":"https:\/\/psol50.org.br\/brasileiros-protestam-em-lisboa-durante-evento-com-presencas-de-fhc-gilmar-mendes-e-doria\/"},"author":{"name":"Comunica\u00e7\u00e3o PSOL","@id":"https:\/\/psol50.org.br\/#\/schema\/person\/475dfa57d0b815993c714c2e96491fcd"},"headline":"Brasileiros protestam em Lisboa, durante evento com presen\u00e7as de FHC, Gilmar Mendes e Doria","datePublished":"2017-04-18T14:29:42+00:00","mainEntityOfPage":{"@id":"https:\/\/psol50.org.br\/brasileiros-protestam-em-lisboa-durante-evento-com-presencas-de-fhc-gilmar-mendes-e-doria\/"},"wordCount":377,"commentCount":0,"publisher":{"@id":"https:\/\/psol50.org.br\/#organization"},"image":{"@id":"https:\/\/psol50.org.br\/brasileiros-protestam-em-lisboa-durante-evento-com-presencas-de-fhc-gilmar-mendes-e-doria\/#primaryimage"},"thumbnailUrl":"","keywords":["brasileiros","Coletivo Andorinha - Frente Democr\u00e1tica Brasileira de Lisboa","Gilmar Mendes","golpe","Jo\u00e3o D\u00f3ria","Lisboa","Michel Temer","Portugal","portugueses","V Semin\u00e1rio Luso\u2014brasileiro de Direito"],"articleSection":["Internacional","Movimento"],"inLanguage":"pt-BR","potentialAction":[{"@type":"CommentAction","name":"Comment","target":["https:\/\/psol50.org.br\/brasileiros-protestam-em-lisboa-durante-evento-com-presencas-de-fhc-gilmar-mendes-e-doria\/#respond"]}]},{"@type":"WebPage","@id":"https:\/\/psol50.org.br\/brasileiros-protestam-em-lisboa-durante-evento-com-presencas-de-fhc-gilmar-mendes-e-doria\/","url":"https:\/\/psol50.org.br\/brasileiros-protestam-em-lisboa-durante-evento-com-presencas-de-fhc-gilmar-mendes-e-doria\/","name":"Brasileiros protestam em Lisboa, durante evento com presen\u00e7as de FHC, Gilmar Mendes e Doria - PSOL 50","isPartOf":{"@id":"https:\/\/psol50.org.br\/#website"},"primaryImageOfPage":{"@id":"https:\/\/psol50.org.br\/brasileiros-protestam-em-lisboa-durante-evento-com-presencas-de-fhc-gilmar-mendes-e-doria\/#primaryimage"},"image":{"@id":"https:\/\/psol50.org.br\/brasileiros-protestam-em-lisboa-durante-evento-com-presencas-de-fhc-gilmar-mendes-e-doria\/#primaryimage"},"thumbnailUrl":"","datePublished":"2017-04-18T14:29:42+00:00","breadcrumb":{"@id":"https:\/\/psol50.org.br\/brasileiros-protestam-em-lisboa-durante-evento-com-presencas-de-fhc-gilmar-mendes-e-doria\/#breadcrumb"},"inLanguage":"pt-BR","potentialAction":[{"@type":"ReadAction","target":["https:\/\/psol50.org.br\/brasileiros-protestam-em-lisboa-durante-evento-com-presencas-de-fhc-gilmar-mendes-e-doria\/"]}]},{"@type":"ImageObject","inLanguage":"pt-BR","@id":"https:\/\/psol50.org.br\/brasileiros-protestam-em-lisboa-durante-evento-com-presencas-de-fhc-gilmar-mendes-e-doria\/#primaryimage","url":"","contentUrl":""},{"@type":"BreadcrumbList","@id":"https:\/\/psol50.org.br\/brasileiros-protestam-em-lisboa-durante-evento-com-presencas-de-fhc-gilmar-mendes-e-doria\/#breadcrumb","itemListElement":[{"@type":"ListItem","position":1,"name":"In\u00edcio","item":"https:\/\/psol50.org.br\/"},{"@type":"ListItem","position":2,"name":"Brasileiros protestam em Lisboa, durante evento com presen\u00e7as de FHC, Gilmar Mendes e Doria"}]},{"@type":"WebSite","@id":"https:\/\/psol50.org.br\/#website","url":"https:\/\/psol50.org.br\/","name":"PSOL 50","description":"Site oficial do Partido Socialismo e Liberdade","publisher":{"@id":"https:\/\/psol50.org.br\/#organization"},"alternateName":"PSOL50","potentialAction":[{"@type":"SearchAction","target":{"@type":"EntryPoint","urlTemplate":"https:\/\/psol50.org.br\/?s={search_term_string}"},"query-input":{"@type":"PropertyValueSpecification","valueRequired":true,"valueName":"search_term_string"}}],"inLanguage":"pt-BR"},{"@type":"Organization","@id":"https:\/\/psol50.org.br\/#organization","name":"PSOL 50","alternateName":"PSOL 50","url":"https:\/\/psol50.org.br\/","logo":{"@type":"ImageObject","inLanguage":"pt-BR","@id":"https:\/\/psol50.org.br\/#\/schema\/logo\/image\/","url":"https:\/\/psol50.org.br\/inc\/uploads\/2018\/07\/capa.png","contentUrl":"https:\/\/psol50.org.br\/inc\/uploads\/2018\/07\/capa.png","width":1350,"height":900,"caption":"PSOL 50"},"image":{"@id":"https:\/\/psol50.org.br\/#\/schema\/logo\/image\/"},"sameAs":["https:\/\/www.facebook.com\/psol50","https:\/\/x.com\/psol50","https:\/\/www.instagram.com\/psol50\/","https:\/\/www.youtube.com\/channel\/UC7SnJS5o1os7a6CaiNabzcg"]},{"@type":"Person","@id":"https:\/\/psol50.org.br\/#\/schema\/person\/475dfa57d0b815993c714c2e96491fcd","name":"Comunica\u00e7\u00e3o PSOL","image":{"@type":"ImageObject","inLanguage":"pt-BR","@id":"https:\/\/psol50.org.br\/#\/schema\/person\/image\/","url":"https:\/\/secure.gravatar.com\/avatar\/b34fc4f4e468a4e51785917065a3db57b841f5c95dba6ad8c73aaf8f66f8f9bf?s=96&d=mm&r=g","contentUrl":"https:\/\/secure.gravatar.com\/avatar\/b34fc4f4e468a4e51785917065a3db57b841f5c95dba6ad8c73aaf8f66f8f9bf?s=96&d=mm&r=g","caption":"Comunica\u00e7\u00e3o PSOL"}}]}},"_links":{"self":[{"href":"https:\/\/psol50.org.br\/rest\/wp\/v2\/posts\/16315","targetHints":{"allow":["GET"]}}],"collection":[{"href":"https:\/\/psol50.org.br\/rest\/wp\/v2\/posts"}],"about":[{"href":"https:\/\/psol50.org.br\/rest\/wp\/v2\/types\/post"}],"author":[{"embeddable":true,"href":"https:\/\/psol50.org.br\/rest\/wp\/v2\/users\/2"}],"replies":[{"embeddable":true,"href":"https:\/\/psol50.org.br\/rest\/wp\/v2\/comments?post=16315"}],"version-history":[{"count":0,"href":"https:\/\/psol50.org.br\/rest\/wp\/v2\/posts\/16315\/revisions"}],"wp:featuredmedia":[{"embeddable":true,"href":"https:\/\/psol50.org.br\/rest\/"}],"wp:attachment":[{"href":"https:\/\/psol50.org.br\/rest\/wp\/v2\/media?parent=16315"}],"wp:term":[{"taxonomy":"category","embeddable":true,"href":"https:\/\/psol50.org.br\/rest\/wp\/v2\/categories?post=16315"},{"taxonomy":"post_tag","embeddable":true,"href":"https:\/\/psol50.org.br\/rest\/wp\/v2\/tags?post=16315"}],"curies":[{"name":"wp","href":"https:\/\/api.w.org\/{rel}","templated":true}]}}