{"id":16319,"date":"2017-04-20T15:14:18","date_gmt":"2017-04-20T15:14:18","guid":{"rendered":"http:\/\/www.psol50.org.br\/?p=16239"},"modified":"2017-04-20T15:14:18","modified_gmt":"2017-04-20T15:14:18","slug":"governo-consegue-urgencia-da-reforma-trabalhista-com-pressao-em-cima-de-deputados","status":"publish","type":"post","link":"https:\/\/psol50.org.br\/governo-consegue-urgencia-da-reforma-trabalhista-com-pressao-em-cima-de-deputados\/","title":{"rendered":"Governo consegue urg\u00eancia da reforma trabalhista com press\u00e3o em cima de deputados"},"content":{"rendered":"<p>Um dia ap\u00f3s perder a <a href=\"http:\/\/www.psol50.org.br\/blog\/2017\/04\/18\/maia-tenta-manobra-mas-camara-rejeita-urgencia-para-desmonte-trabalhista\/\" target=\"_blank\" rel=\"noopener noreferrer\"><strong><span style=\"color: #0000ff;\">vota\u00e7\u00e3o do requerimento de urg\u00eancia para uma tramita\u00e7\u00e3o mais r\u00e1pida da reforma trabalhista<\/span><\/strong><\/a> (PL 6787\/2016), o presidente da C\u00e2mara, deputado Rodrigo Maia (DEM-RJ), n\u00e3o satisfeito com a derrota <a href=\"http:\/\/www.psol50.org.br\/blog\/2017\/04\/19\/escola-cunha-maia-coloca-de-novo-em-votacao-e-camara-aprova-urgencia-para-desmonte-trabalhista\/\" target=\"_blank\" rel=\"noopener noreferrer\"><strong><span style=\"color: #0000ff;\">manobrou e colocou novamente o pedido em vota\u00e7\u00e3o<\/span><\/strong><\/a>, em sess\u00e3o do dia seguinte. Foi uma manobra ao estilo Eduardo Cunha, ent\u00e3o presidente da Casa.<\/p>\n<p>Em sess\u00e3o nesta quarta-feira (19\/04), Maia conseguiu os votos necess\u00e1rios para aprovar a urg\u00eancia. Foram 287 deputados favor\u00e1veis e 144 contr\u00e1rios. A bancada do PSOL foi totalmente contra. Na vota\u00e7\u00e3o do dia anterior, foram 230 favor\u00e1veis e 163 contr\u00e1rios, o que n\u00e3o atingiu o qu\u00f3rum suficiente para aprovar a urg\u00eancia, pois o governo precisava de pelo menos 257 votos favor\u00e1veis.<\/p>\n<p>Para conseguir esse feito, Maia e demais fi\u00e9is aliados do governo de Michel Temer exerceram o poder em cima dos deputados \u201cfaltosos\u201d. Segundo mat\u00e9ria divulgada pelo jornal Folha de S. Paulo, os mapas de vota\u00e7\u00e3o de ter\u00e7a e de quarta-feira mostram que, em menos de 24 horas, foi criada uma bancada de 24 deputados &#8220;vira-casaca&#8221;: eles votaram contra a tramita\u00e7\u00e3o mais r\u00e1pida da reforma na ter\u00e7a, mas mudaram de ideia e, na vota\u00e7\u00e3o de quarta, apoiaram a tese do governo.<\/p>\n<p>De acordo com a reportagem, a press\u00e3o maior por parte do governo foi em cima de partidos com minist\u00e9rios. O pr\u00f3prio PMDB de Temer foi a legenda que mais contou com deputados vira-casacas. Quatro mudaram de ideia a favor do governo em menos de 24 horas.<\/p>\n<p>Confira, abaixo, os 24 deputados que mudaram o voto da noite para o dia, a favor do governo, segundo levantamento da Folha:<br \/>\nRoberto G\u00f3es (PDT-AP)<br \/>\nAlexandre Serfiotis (PMDB-RJ)<br \/>\nKaio Mani\u00e7oba (PMDB-PE)<br \/>\nSergio Zveiter (PMDB-RJ)<br \/>\nWalter Alves (PMDB-RN)<br \/>\nBeto Salame (PP-PA)<br \/>\nM\u00e1rio Negromonte Jr. (PP-BA)<br \/>\nWaldir Maranh\u00e3o (PP-MA)<br \/>\nArnaldo Jordy (PPS-PA)<br \/>\nBrunny (PR-MG)<br \/>\nSilas Freire (PR-PI)<br \/>\nTiririca (PR-SP)<br \/>\nJhonatan de Jesus (PRB-RR)<br \/>\nJony Marcos (PRB-SE)<br \/>\nGonzaga Patriota (PSB-PE)<br \/>\nHugo Leal (PSB-RJ)<br \/>\nTenente L\u00facio (PSB-MG)<br \/>\nProfessor Vict\u00f3rio Galli (PSC-MT)<br \/>\nVictor Mendes (PSD-MA)<br \/>\nPedro Cunha Lima (PSDB-PB)<br \/>\nDr. Sinval Malheiros (PTN-SP)<br \/>\nEzequiel Teixeira (PTN-RJ)<br \/>\nLuiz Carlos Ramos (PTN-RJ)<br \/>\nZ\u00e9 Silva (SD-MG)<\/p>\n","protected":false},"excerpt":{"rendered":"<p>Um dia ap\u00f3s perder a vota\u00e7\u00e3o do requerimento de urg\u00eancia para uma tramita\u00e7\u00e3o mais r\u00e1pida da reforma trabalhista (PL 6787\/2016), o presidente da C\u00e2mara, deputado Rodrigo Maia (DEM-RJ), n\u00e3o satisfeito com a derrota manobrou e colocou novamente o pedido em vota\u00e7\u00e3o, em sess\u00e3o do dia seguinte. Foi uma manobra ao estilo Eduardo Cunha, ent\u00e3o presidente [&hellip;]<\/p>\n","protected":false},"author":2,"featured_media":16342,"comment_status":"open","ping_status":"open","sticky":false,"template":"","format":"standard","meta":{"_acf_changed":false,"footnotes":""},"categories":[10,1882,6],"tags":[80,387,2959,1748,3111,1669,64,811,3112],"class_list":{"0":"post-16319","1":"post","2":"type-post","3":"status-publish","4":"format-standard","5":"has-post-thumbnail","7":"category-acao-parlamentares","8":"category-brasil","9":"category-noticias","10":"tag-deputados","11":"tag-governo","12":"tag-manobra","13":"tag-michel-temer","14":"tag-pressao","15":"tag-reforma-trabalhista","16":"tag-rodrigo-maia","17":"tag-urgencia","18":"tag-vira-casaca"},"acf":[],"yoast_head":"<!-- This site is optimized with the Yoast SEO plugin v26.5 - https:\/\/yoast.com\/wordpress\/plugins\/seo\/ -->\n<title>Governo consegue urg\u00eancia da reforma trabalhista com press\u00e3o em cima de deputados - PSOL 50<\/title>\n<meta name=\"robots\" content=\"index, follow, max-snippet:-1, max-image-preview:large, max-video-preview:-1\" \/>\n<link rel=\"canonical\" href=\"https:\/\/psol50.org.br\/governo-consegue-urgencia-da-reforma-trabalhista-com-pressao-em-cima-de-deputados\/\" \/>\n<meta property=\"og:locale\" content=\"pt_BR\" \/>\n<meta property=\"og:type\" content=\"article\" \/>\n<meta property=\"og:title\" content=\"Governo consegue urg\u00eancia da reforma trabalhista com press\u00e3o em cima de deputados - PSOL 50\" \/>\n<meta property=\"og:description\" content=\"Um dia ap\u00f3s perder a vota\u00e7\u00e3o do requerimento de urg\u00eancia para uma tramita\u00e7\u00e3o mais r\u00e1pida da reforma trabalhista (PL 6787\/2016), o presidente da C\u00e2mara, deputado Rodrigo Maia (DEM-RJ), n\u00e3o satisfeito com a derrota manobrou e colocou novamente o pedido em vota\u00e7\u00e3o, em sess\u00e3o do dia seguinte. Foi uma manobra ao estilo Eduardo Cunha, ent\u00e3o presidente [&hellip;]\" \/>\n<meta property=\"og:url\" content=\"https:\/\/psol50.org.br\/governo-consegue-urgencia-da-reforma-trabalhista-com-pressao-em-cima-de-deputados\/\" \/>\n<meta property=\"og:site_name\" content=\"PSOL 50\" \/>\n<meta property=\"article:publisher\" content=\"https:\/\/www.facebook.com\/psol50\" \/>\n<meta property=\"article:published_time\" content=\"2017-04-20T15:14:18+00:00\" \/>\n<meta property=\"og:image\" content=\"https:\/\/psol50.org.br\/inc\/uploads\/2018\/07\/capa.png\" \/>\n\t<meta property=\"og:image:width\" content=\"1350\" \/>\n\t<meta property=\"og:image:height\" content=\"900\" \/>\n\t<meta property=\"og:image:type\" content=\"image\/png\" \/>\n<meta name=\"author\" content=\"Comunica\u00e7\u00e3o PSOL\" \/>\n<meta name=\"twitter:card\" content=\"summary_large_image\" \/>\n<meta name=\"twitter:creator\" content=\"@psol50\" \/>\n<meta name=\"twitter:site\" content=\"@psol50\" \/>\n<meta name=\"twitter:label1\" content=\"Escrito por\" \/>\n\t<meta name=\"twitter:data1\" content=\"Comunica\u00e7\u00e3o PSOL\" \/>\n\t<meta name=\"twitter:label2\" content=\"Est. tempo de leitura\" \/>\n\t<meta name=\"twitter:data2\" content=\"2 minutos\" \/>\n<script type=\"application\/ld+json\" class=\"yoast-schema-graph\">{\"@context\":\"https:\/\/schema.org\",\"@graph\":[{\"@type\":\"Article\",\"@id\":\"https:\/\/psol50.org.br\/governo-consegue-urgencia-da-reforma-trabalhista-com-pressao-em-cima-de-deputados\/#article\",\"isPartOf\":{\"@id\":\"https:\/\/psol50.org.br\/governo-consegue-urgencia-da-reforma-trabalhista-com-pressao-em-cima-de-deputados\/\"},\"author\":{\"name\":\"Comunica\u00e7\u00e3o PSOL\",\"@id\":\"https:\/\/psol50.org.br\/#\/schema\/person\/475dfa57d0b815993c714c2e96491fcd\"},\"headline\":\"Governo consegue urg\u00eancia da reforma trabalhista com press\u00e3o em cima de deputados\",\"datePublished\":\"2017-04-20T15:14:18+00:00\",\"mainEntityOfPage\":{\"@id\":\"https:\/\/psol50.org.br\/governo-consegue-urgencia-da-reforma-trabalhista-com-pressao-em-cima-de-deputados\/\"},\"wordCount\":383,\"commentCount\":0,\"publisher\":{\"@id\":\"https:\/\/psol50.org.br\/#organization\"},\"image\":{\"@id\":\"https:\/\/psol50.org.br\/governo-consegue-urgencia-da-reforma-trabalhista-com-pressao-em-cima-de-deputados\/#primaryimage\"},\"thumbnailUrl\":\"\",\"keywords\":[\"deputados\",\"governo\",\"manobra\",\"Michel Temer\",\"press\u00e3o\",\"reforma trabalhista\",\"Rodrigo Maia\",\"urg\u00eancia\",\"vira-casaca\"],\"articleSection\":[\"A\u00e7\u00e3o Parlamentar\",\"Brasil\",\"Not\u00edcias\"],\"inLanguage\":\"pt-BR\",\"potentialAction\":[{\"@type\":\"CommentAction\",\"name\":\"Comment\",\"target\":[\"https:\/\/psol50.org.br\/governo-consegue-urgencia-da-reforma-trabalhista-com-pressao-em-cima-de-deputados\/#respond\"]}]},{\"@type\":\"WebPage\",\"@id\":\"https:\/\/psol50.org.br\/governo-consegue-urgencia-da-reforma-trabalhista-com-pressao-em-cima-de-deputados\/\",\"url\":\"https:\/\/psol50.org.br\/governo-consegue-urgencia-da-reforma-trabalhista-com-pressao-em-cima-de-deputados\/\",\"name\":\"Governo consegue urg\u00eancia da reforma trabalhista com press\u00e3o em cima de deputados - PSOL 50\",\"isPartOf\":{\"@id\":\"https:\/\/psol50.org.br\/#website\"},\"primaryImageOfPage\":{\"@id\":\"https:\/\/psol50.org.br\/governo-consegue-urgencia-da-reforma-trabalhista-com-pressao-em-cima-de-deputados\/#primaryimage\"},\"image\":{\"@id\":\"https:\/\/psol50.org.br\/governo-consegue-urgencia-da-reforma-trabalhista-com-pressao-em-cima-de-deputados\/#primaryimage\"},\"thumbnailUrl\":\"\",\"datePublished\":\"2017-04-20T15:14:18+00:00\",\"breadcrumb\":{\"@id\":\"https:\/\/psol50.org.br\/governo-consegue-urgencia-da-reforma-trabalhista-com-pressao-em-cima-de-deputados\/#breadcrumb\"},\"inLanguage\":\"pt-BR\",\"potentialAction\":[{\"@type\":\"ReadAction\",\"target\":[\"https:\/\/psol50.org.br\/governo-consegue-urgencia-da-reforma-trabalhista-com-pressao-em-cima-de-deputados\/\"]}]},{\"@type\":\"ImageObject\",\"inLanguage\":\"pt-BR\",\"@id\":\"https:\/\/psol50.org.br\/governo-consegue-urgencia-da-reforma-trabalhista-com-pressao-em-cima-de-deputados\/#primaryimage\",\"url\":\"\",\"contentUrl\":\"\"},{\"@type\":\"BreadcrumbList\",\"@id\":\"https:\/\/psol50.org.br\/governo-consegue-urgencia-da-reforma-trabalhista-com-pressao-em-cima-de-deputados\/#breadcrumb\",\"itemListElement\":[{\"@type\":\"ListItem\",\"position\":1,\"name\":\"In\u00edcio\",\"item\":\"https:\/\/psol50.org.br\/\"},{\"@type\":\"ListItem\",\"position\":2,\"name\":\"Governo consegue urg\u00eancia da reforma trabalhista com press\u00e3o em cima de deputados\"}]},{\"@type\":\"WebSite\",\"@id\":\"https:\/\/psol50.org.br\/#website\",\"url\":\"https:\/\/psol50.org.br\/\",\"name\":\"PSOL 50\",\"description\":\"Site oficial do Partido Socialismo e Liberdade\",\"publisher\":{\"@id\":\"https:\/\/psol50.org.br\/#organization\"},\"alternateName\":\"PSOL50\",\"potentialAction\":[{\"@type\":\"SearchAction\",\"target\":{\"@type\":\"EntryPoint\",\"urlTemplate\":\"https:\/\/psol50.org.br\/?s={search_term_string}\"},\"query-input\":{\"@type\":\"PropertyValueSpecification\",\"valueRequired\":true,\"valueName\":\"search_term_string\"}}],\"inLanguage\":\"pt-BR\"},{\"@type\":\"Organization\",\"@id\":\"https:\/\/psol50.org.br\/#organization\",\"name\":\"PSOL 50\",\"alternateName\":\"PSOL 50\",\"url\":\"https:\/\/psol50.org.br\/\",\"logo\":{\"@type\":\"ImageObject\",\"inLanguage\":\"pt-BR\",\"@id\":\"https:\/\/psol50.org.br\/#\/schema\/logo\/image\/\",\"url\":\"https:\/\/psol50.org.br\/inc\/uploads\/2018\/07\/capa.png\",\"contentUrl\":\"https:\/\/psol50.org.br\/inc\/uploads\/2018\/07\/capa.png\",\"width\":1350,\"height\":900,\"caption\":\"PSOL 50\"},\"image\":{\"@id\":\"https:\/\/psol50.org.br\/#\/schema\/logo\/image\/\"},\"sameAs\":[\"https:\/\/www.facebook.com\/psol50\",\"https:\/\/x.com\/psol50\",\"https:\/\/www.instagram.com\/psol50\/\",\"https:\/\/www.youtube.com\/channel\/UC7SnJS5o1os7a6CaiNabzcg\"]},{\"@type\":\"Person\",\"@id\":\"https:\/\/psol50.org.br\/#\/schema\/person\/475dfa57d0b815993c714c2e96491fcd\",\"name\":\"Comunica\u00e7\u00e3o PSOL\",\"image\":{\"@type\":\"ImageObject\",\"inLanguage\":\"pt-BR\",\"@id\":\"https:\/\/psol50.org.br\/#\/schema\/person\/image\/\",\"url\":\"https:\/\/secure.gravatar.com\/avatar\/b34fc4f4e468a4e51785917065a3db57b841f5c95dba6ad8c73aaf8f66f8f9bf?s=96&d=mm&r=g\",\"contentUrl\":\"https:\/\/secure.gravatar.com\/avatar\/b34fc4f4e468a4e51785917065a3db57b841f5c95dba6ad8c73aaf8f66f8f9bf?s=96&d=mm&r=g\",\"caption\":\"Comunica\u00e7\u00e3o PSOL\"}}]}<\/script>\n<!-- \/ Yoast SEO plugin. -->","yoast_head_json":{"title":"Governo consegue urg\u00eancia da reforma trabalhista com press\u00e3o em cima de deputados - PSOL 50","robots":{"index":"index","follow":"follow","max-snippet":"max-snippet:-1","max-image-preview":"max-image-preview:large","max-video-preview":"max-video-preview:-1"},"canonical":"https:\/\/psol50.org.br\/governo-consegue-urgencia-da-reforma-trabalhista-com-pressao-em-cima-de-deputados\/","og_locale":"pt_BR","og_type":"article","og_title":"Governo consegue urg\u00eancia da reforma trabalhista com press\u00e3o em cima de deputados - PSOL 50","og_description":"Um dia ap\u00f3s perder a vota\u00e7\u00e3o do requerimento de urg\u00eancia para uma tramita\u00e7\u00e3o mais r\u00e1pida da reforma trabalhista (PL 6787\/2016), o presidente da C\u00e2mara, deputado Rodrigo Maia (DEM-RJ), n\u00e3o satisfeito com a derrota manobrou e colocou novamente o pedido em vota\u00e7\u00e3o, em sess\u00e3o do dia seguinte. Foi uma manobra ao estilo Eduardo Cunha, ent\u00e3o presidente [&hellip;]","og_url":"https:\/\/psol50.org.br\/governo-consegue-urgencia-da-reforma-trabalhista-com-pressao-em-cima-de-deputados\/","og_site_name":"PSOL 50","article_publisher":"https:\/\/www.facebook.com\/psol50","article_published_time":"2017-04-20T15:14:18+00:00","og_image":[{"width":1350,"height":900,"url":"https:\/\/psol50.org.br\/inc\/uploads\/2018\/07\/capa.png","type":"image\/png"}],"author":"Comunica\u00e7\u00e3o PSOL","twitter_card":"summary_large_image","twitter_creator":"@psol50","twitter_site":"@psol50","twitter_misc":{"Escrito por":"Comunica\u00e7\u00e3o PSOL","Est. tempo de leitura":"2 minutos"},"schema":{"@context":"https:\/\/schema.org","@graph":[{"@type":"Article","@id":"https:\/\/psol50.org.br\/governo-consegue-urgencia-da-reforma-trabalhista-com-pressao-em-cima-de-deputados\/#article","isPartOf":{"@id":"https:\/\/psol50.org.br\/governo-consegue-urgencia-da-reforma-trabalhista-com-pressao-em-cima-de-deputados\/"},"author":{"name":"Comunica\u00e7\u00e3o PSOL","@id":"https:\/\/psol50.org.br\/#\/schema\/person\/475dfa57d0b815993c714c2e96491fcd"},"headline":"Governo consegue urg\u00eancia da reforma trabalhista com press\u00e3o em cima de deputados","datePublished":"2017-04-20T15:14:18+00:00","mainEntityOfPage":{"@id":"https:\/\/psol50.org.br\/governo-consegue-urgencia-da-reforma-trabalhista-com-pressao-em-cima-de-deputados\/"},"wordCount":383,"commentCount":0,"publisher":{"@id":"https:\/\/psol50.org.br\/#organization"},"image":{"@id":"https:\/\/psol50.org.br\/governo-consegue-urgencia-da-reforma-trabalhista-com-pressao-em-cima-de-deputados\/#primaryimage"},"thumbnailUrl":"","keywords":["deputados","governo","manobra","Michel Temer","press\u00e3o","reforma trabalhista","Rodrigo Maia","urg\u00eancia","vira-casaca"],"articleSection":["A\u00e7\u00e3o Parlamentar","Brasil","Not\u00edcias"],"inLanguage":"pt-BR","potentialAction":[{"@type":"CommentAction","name":"Comment","target":["https:\/\/psol50.org.br\/governo-consegue-urgencia-da-reforma-trabalhista-com-pressao-em-cima-de-deputados\/#respond"]}]},{"@type":"WebPage","@id":"https:\/\/psol50.org.br\/governo-consegue-urgencia-da-reforma-trabalhista-com-pressao-em-cima-de-deputados\/","url":"https:\/\/psol50.org.br\/governo-consegue-urgencia-da-reforma-trabalhista-com-pressao-em-cima-de-deputados\/","name":"Governo consegue urg\u00eancia da reforma trabalhista com press\u00e3o em cima de deputados - PSOL 50","isPartOf":{"@id":"https:\/\/psol50.org.br\/#website"},"primaryImageOfPage":{"@id":"https:\/\/psol50.org.br\/governo-consegue-urgencia-da-reforma-trabalhista-com-pressao-em-cima-de-deputados\/#primaryimage"},"image":{"@id":"https:\/\/psol50.org.br\/governo-consegue-urgencia-da-reforma-trabalhista-com-pressao-em-cima-de-deputados\/#primaryimage"},"thumbnailUrl":"","datePublished":"2017-04-20T15:14:18+00:00","breadcrumb":{"@id":"https:\/\/psol50.org.br\/governo-consegue-urgencia-da-reforma-trabalhista-com-pressao-em-cima-de-deputados\/#breadcrumb"},"inLanguage":"pt-BR","potentialAction":[{"@type":"ReadAction","target":["https:\/\/psol50.org.br\/governo-consegue-urgencia-da-reforma-trabalhista-com-pressao-em-cima-de-deputados\/"]}]},{"@type":"ImageObject","inLanguage":"pt-BR","@id":"https:\/\/psol50.org.br\/governo-consegue-urgencia-da-reforma-trabalhista-com-pressao-em-cima-de-deputados\/#primaryimage","url":"","contentUrl":""},{"@type":"BreadcrumbList","@id":"https:\/\/psol50.org.br\/governo-consegue-urgencia-da-reforma-trabalhista-com-pressao-em-cima-de-deputados\/#breadcrumb","itemListElement":[{"@type":"ListItem","position":1,"name":"In\u00edcio","item":"https:\/\/psol50.org.br\/"},{"@type":"ListItem","position":2,"name":"Governo consegue urg\u00eancia da reforma trabalhista com press\u00e3o em cima de deputados"}]},{"@type":"WebSite","@id":"https:\/\/psol50.org.br\/#website","url":"https:\/\/psol50.org.br\/","name":"PSOL 50","description":"Site oficial do Partido Socialismo e Liberdade","publisher":{"@id":"https:\/\/psol50.org.br\/#organization"},"alternateName":"PSOL50","potentialAction":[{"@type":"SearchAction","target":{"@type":"EntryPoint","urlTemplate":"https:\/\/psol50.org.br\/?s={search_term_string}"},"query-input":{"@type":"PropertyValueSpecification","valueRequired":true,"valueName":"search_term_string"}}],"inLanguage":"pt-BR"},{"@type":"Organization","@id":"https:\/\/psol50.org.br\/#organization","name":"PSOL 50","alternateName":"PSOL 50","url":"https:\/\/psol50.org.br\/","logo":{"@type":"ImageObject","inLanguage":"pt-BR","@id":"https:\/\/psol50.org.br\/#\/schema\/logo\/image\/","url":"https:\/\/psol50.org.br\/inc\/uploads\/2018\/07\/capa.png","contentUrl":"https:\/\/psol50.org.br\/inc\/uploads\/2018\/07\/capa.png","width":1350,"height":900,"caption":"PSOL 50"},"image":{"@id":"https:\/\/psol50.org.br\/#\/schema\/logo\/image\/"},"sameAs":["https:\/\/www.facebook.com\/psol50","https:\/\/x.com\/psol50","https:\/\/www.instagram.com\/psol50\/","https:\/\/www.youtube.com\/channel\/UC7SnJS5o1os7a6CaiNabzcg"]},{"@type":"Person","@id":"https:\/\/psol50.org.br\/#\/schema\/person\/475dfa57d0b815993c714c2e96491fcd","name":"Comunica\u00e7\u00e3o PSOL","image":{"@type":"ImageObject","inLanguage":"pt-BR","@id":"https:\/\/psol50.org.br\/#\/schema\/person\/image\/","url":"https:\/\/secure.gravatar.com\/avatar\/b34fc4f4e468a4e51785917065a3db57b841f5c95dba6ad8c73aaf8f66f8f9bf?s=96&d=mm&r=g","contentUrl":"https:\/\/secure.gravatar.com\/avatar\/b34fc4f4e468a4e51785917065a3db57b841f5c95dba6ad8c73aaf8f66f8f9bf?s=96&d=mm&r=g","caption":"Comunica\u00e7\u00e3o PSOL"}}]}},"_links":{"self":[{"href":"https:\/\/psol50.org.br\/rest\/wp\/v2\/posts\/16319","targetHints":{"allow":["GET"]}}],"collection":[{"href":"https:\/\/psol50.org.br\/rest\/wp\/v2\/posts"}],"about":[{"href":"https:\/\/psol50.org.br\/rest\/wp\/v2\/types\/post"}],"author":[{"embeddable":true,"href":"https:\/\/psol50.org.br\/rest\/wp\/v2\/users\/2"}],"replies":[{"embeddable":true,"href":"https:\/\/psol50.org.br\/rest\/wp\/v2\/comments?post=16319"}],"version-history":[{"count":0,"href":"https:\/\/psol50.org.br\/rest\/wp\/v2\/posts\/16319\/revisions"}],"wp:featuredmedia":[{"embeddable":true,"href":"https:\/\/psol50.org.br\/rest\/"}],"wp:attachment":[{"href":"https:\/\/psol50.org.br\/rest\/wp\/v2\/media?parent=16319"}],"wp:term":[{"taxonomy":"category","embeddable":true,"href":"https:\/\/psol50.org.br\/rest\/wp\/v2\/categories?post=16319"},{"taxonomy":"post_tag","embeddable":true,"href":"https:\/\/psol50.org.br\/rest\/wp\/v2\/tags?post=16319"}],"curies":[{"name":"wp","href":"https:\/\/api.w.org\/{rel}","templated":true}]}}