{"id":16323,"date":"2017-04-25T12:59:40","date_gmt":"2017-04-25T12:59:40","guid":{"rendered":"http:\/\/www.psol50.org.br\/?p=16258"},"modified":"2017-04-25T12:59:40","modified_gmt":"2017-04-25T12:59:40","slug":"jean-wyllys-o-icone-de-uma-justica-injusta-e-racista","status":"publish","type":"post","link":"https:\/\/psol50.org.br\/jean-wyllys-o-icone-de-uma-justica-injusta-e-racista\/","title":{"rendered":"Jean Wyllys | O \u00edcone de uma Justi\u00e7a injusta e racista"},"content":{"rendered":"<p class=\"graf graf--p\"><span style=\"font-size: 14px;\"><em>Artigo publicado originalmente no site da <span style=\"color: #0000ff;\">M\u00eddia Ninja<\/span><\/em><\/span><\/p>\n<p>Caros leitores e seguidores de nosso novo espa\u00e7o de interlocu\u00e7\u00e3o, a hist\u00f3ria que tenho para lhes contar sintetiza muito bem como o sistema penal do nosso pa\u00eds e, ao fim e ao cabo, tamb\u00e9m de todos os pa\u00edses latino-americanos e mesmo dos EUA \u00e9 visceralmente seletivo, racista e classista. Entender o \u201ccaso Rafael Braga\u201d\u200a\u2014\u200aque \u00e9 a hist\u00f3ria \u00e0 qual me refiro\u200a\u2014\u200a\u00e9 fundamental para que compreendamos como funciona o sistema penal quando o \u201cr\u00e9u\u201d \u00e9 pobre e, principalmente, quando pobre e negro.<\/p>\n<p><strong>1\u00ba caso:\u00a0porte de explosivos<\/strong><br \/>\nJovem, negro, pobre, catador de latinhas e morador da Vila Cruzeiro, uma favela do Rio de Janeiro, Rafael Braga foi o \u00fanico condenado no contexto das manifesta\u00e7\u00f5es de 2013\u200a\u2014\u200amesmo sem ter participado delas\u200a\u2014\u200apor portar duas garrafas pl\u00e1sticas de produtos de limpeza.<\/p>\n<p>Isso mesmo: uma pessoa foi jogada numa jaula insalubre por porte de material de limpeza sob argumento de que, na verdade, se tratavam de material explosivo. Feita a per\u00edcia nas garrafas apreendidas, constatou-se que n\u00e3o se tratava de material com potencial explosivo. Ou seja, o motivo pelo qual Rafael foi preso simplesmente n\u00e3o existia.<\/p>\n<p>Contra todas as provas e todas as evid\u00eancias e at\u00e9 mesmo contra toda dedu\u00e7\u00e3o l\u00f3gica, Rafael foi condenado por porte de materiais de limpeza.<\/p>\n<p>Enquanto cumpria pena, Rafael acabou progredindo\u00a0de regime para o semi-aberto (durante o dia, sa\u00eda da pris\u00e3o para trabalhar). Voltando para pris\u00e3o depois de ter passado todo o dia trabalhando, Rafael deixou-se fotografar ao lado de uma picha\u00e7\u00e3o que dizia: \u201cVoc\u00ea s\u00f3 olha da esquerda p\/ direita, o Estado te esmaga de cima p\/ baixo!!!\u201d. Mesmo sem ter sido o autor da fotografia, mesmo sem ter divulgado a foto em nenhum espa\u00e7o, mesmo sem ter compartilhado a foto, Rafael foi punido com torturantes 10 dias na cela solit\u00e1ria, que todos sabemos como \u00e9. 10 dias na solit\u00e1ria, entre os quais o dia da consci\u00eancia negra. N\u00e3o h\u00e1 coincid\u00eancia nisso. Esse epis\u00f3dio acaba com qualquer d\u00favida, se \u00e9 que restava alguma, do car\u00e1ter de persegui\u00e7\u00e3o da pris\u00e3o de Rafael.<\/p>\n<p class=\"graf graf--p\">A foto que levou \u00e0 aplica\u00e7\u00e3o do castigo (podemos, sem medo de errar, chamar de tortura) foi a seguinte:<\/p>\n<p><img loading=\"lazy\" decoding=\"async\" class=\"alignnone wp-image-16259\" src=\"http:\/\/www.psol50.org.br\/2017teste\/inc\/uploads\/2017\/04\/images-cms-image-000406230.jpg\" alt=\"\" width=\"843\" height=\"301\" \/><\/p>\n<p><strong>2\u00ba caso:\u00a0tr\u00e1fico de drogas<br \/>\n<\/strong>Em janeiro deste ano, j\u00e1 cumprindo pena em regime domiciliar (sendo monitorado por tornozeleira eletr\u00f4nica), Rafael estava a caminho da padaria na favela onde morava, quando foi novamente preso a partir de um flagrante forjado, de acordo com testemunhas, e acusado de associa\u00e7\u00e3o e tr\u00e1fico de drogas, mesmo estando sob vigil\u00e2ncia constante. A quantidade de drogas (\u201cplantadas\u201d no Rafael, segundo testemunhas) era \u00ednfima: 0,6 grama de maconha (suficiente pra fazer metade de um cigarro) e 9,3g de coca\u00edna.<\/p>\n<p>Na calada da noite, \u00e0s v\u00e9speras do feriado de 21 de abril, Rafael foi condenado a 11 anos de pris\u00e3o.<\/p>\n<p>A s\u00e9rie de absurdos do caso de Rafael n\u00e3o param por a\u00ed: o juiz que o condenou levou em considera\u00e7\u00e3o apenas os depoimentos contradit\u00f3rios dos policiais que o prenderam. Al\u00e9m disso, foi negado a ele o direito \u00e0 ampla defesa: o juiz negou o pedido de acesso \u00e0 c\u00e2mera da viatura policial que o levou \u00e0 delegacia e ao GPS da tornozeleira, al\u00e9m de ter ignorado o depoimento de uma testemunha que presenciou o momento da pris\u00e3o e declarou que Rafael fora agredido pelos policiais e levado para um lugar longe da vis\u00e3o de todos\u200a\u2014\u200aessas provas poderiam ter mudado o rumo do julgamento e comprovado sua inoc\u00eancia.<\/p>\n<p>Sublinho um ponto assustador de cada fase dessa hist\u00f3ria: Rafael n\u00e3o teve direito de defesa em nenhum momento. As provas apresentadas foram (est\u00e3o sendo) solenemente ignoradas ou tiveram sua produ\u00e7\u00e3o negada pelo Judici\u00e1rio.<\/p>\n<p>Para que fique claro: no Brasil h\u00e1 um encarceramento em massa de jovens negros e pobres, numa gest\u00e3o da pobreza atrav\u00e9s do sistema penal.<\/p>\n<p>Ser negro e pobre transformou Rafael e transforma tantos outros jovens em \u201cp\u00fablico-alvo preferencial\u201d do sistema penal. \u00c9 o que mostram os dados. Mais de 60% dos presos no Brasil s\u00e3o negros ou pardos e por volta da metade tem menos de 30 anos. Mais de 40% s\u00e3o presos sem condena\u00e7\u00e3o, provis\u00f3rios, e pelo menos 1 de cada 4 est\u00e1 na cadeia por infra\u00e7\u00e3o \u00e0 lei de drogas, principal m\u00e9todo de controle social da pobreza atrav\u00e9s do sistema penal.<\/p>\n<p>Com mais de 620 mil presos, o pa\u00eds tem a quarta maior popula\u00e7\u00e3o carcer\u00e1ria do mundo, superada apenas por EUA, R\u00fassia e China, mas nossas pris\u00f5es t\u00eam capacidade para apenas 370 mil presos. O sistema est\u00e1 colapsado e a popula\u00e7\u00e3o carcer\u00e1ria aumentou 450% nos \u00faltimos 20 anos.<\/p>\n<p>Contra estes fatos e dados n\u00e3o h\u00e1 \u201cargumentos\u201d de racistas e punitivistas que sobrevivam!<\/p>\n","protected":false},"excerpt":{"rendered":"<p>Artigo publicado originalmente no site da M\u00eddia Ninja Caros leitores e seguidores de nosso novo espa\u00e7o de interlocu\u00e7\u00e3o, a hist\u00f3ria que tenho para lhes contar sintetiza muito bem como o sistema penal do nosso pa\u00eds e, ao fim e ao cabo, tamb\u00e9m de todos os pa\u00edses latino-americanos e mesmo dos EUA \u00e9 visceralmente seletivo, racista [&hellip;]<\/p>\n","protected":false},"author":2,"featured_media":16346,"comment_status":"open","ping_status":"open","sticky":false,"template":"","format":"standard","meta":{"_acf_changed":false,"footnotes":""},"categories":[3,1882],"tags":[2762,663,2756,3113,3071,3114,537,2103],"class_list":{"0":"post-16323","1":"post","2":"type-post","3":"status-publish","4":"format-standard","5":"has-post-thumbnail","7":"category-artigos-e-entrevistas","8":"category-brasil","9":"tag-condenado","10":"tag-jean-wyllys","11":"tag-jovem","12":"tag-material-de-limpeza","13":"tag-negro","14":"tag-pobre","15":"tag-prisao","16":"tag-rafael-braga"},"acf":[],"yoast_head":"<!-- This site is optimized with the Yoast SEO plugin v26.5 - https:\/\/yoast.com\/wordpress\/plugins\/seo\/ -->\n<title>Jean Wyllys | O \u00edcone de uma Justi\u00e7a injusta e racista - PSOL 50<\/title>\n<meta name=\"robots\" content=\"index, follow, max-snippet:-1, max-image-preview:large, max-video-preview:-1\" \/>\n<link rel=\"canonical\" href=\"https:\/\/psol50.org.br\/jean-wyllys-o-icone-de-uma-justica-injusta-e-racista\/\" \/>\n<meta property=\"og:locale\" content=\"pt_BR\" \/>\n<meta property=\"og:type\" content=\"article\" \/>\n<meta property=\"og:title\" content=\"Jean Wyllys | O \u00edcone de uma Justi\u00e7a injusta e racista - PSOL 50\" \/>\n<meta property=\"og:description\" content=\"Artigo publicado originalmente no site da M\u00eddia Ninja Caros leitores e seguidores de nosso novo espa\u00e7o de interlocu\u00e7\u00e3o, a hist\u00f3ria que tenho para lhes contar sintetiza muito bem como o sistema penal do nosso pa\u00eds e, ao fim e ao cabo, tamb\u00e9m de todos os pa\u00edses latino-americanos e mesmo dos EUA \u00e9 visceralmente seletivo, racista [&hellip;]\" \/>\n<meta property=\"og:url\" content=\"https:\/\/psol50.org.br\/jean-wyllys-o-icone-de-uma-justica-injusta-e-racista\/\" \/>\n<meta property=\"og:site_name\" content=\"PSOL 50\" \/>\n<meta property=\"article:publisher\" content=\"https:\/\/www.facebook.com\/psol50\" \/>\n<meta property=\"article:published_time\" content=\"2017-04-25T12:59:40+00:00\" \/>\n<meta property=\"og:image\" content=\"https:\/\/psol50.org.br\/inc\/uploads\/2018\/07\/capa.png\" \/>\n\t<meta property=\"og:image:width\" content=\"1350\" \/>\n\t<meta property=\"og:image:height\" content=\"900\" \/>\n\t<meta property=\"og:image:type\" content=\"image\/png\" \/>\n<meta name=\"author\" content=\"Comunica\u00e7\u00e3o PSOL\" \/>\n<meta name=\"twitter:card\" content=\"summary_large_image\" \/>\n<meta name=\"twitter:creator\" content=\"@psol50\" \/>\n<meta name=\"twitter:site\" content=\"@psol50\" \/>\n<meta name=\"twitter:label1\" content=\"Escrito por\" \/>\n\t<meta name=\"twitter:data1\" content=\"Comunica\u00e7\u00e3o PSOL\" \/>\n\t<meta name=\"twitter:label2\" content=\"Est. tempo de leitura\" \/>\n\t<meta name=\"twitter:data2\" content=\"4 minutos\" \/>\n<script type=\"application\/ld+json\" class=\"yoast-schema-graph\">{\"@context\":\"https:\/\/schema.org\",\"@graph\":[{\"@type\":\"Article\",\"@id\":\"https:\/\/psol50.org.br\/jean-wyllys-o-icone-de-uma-justica-injusta-e-racista\/#article\",\"isPartOf\":{\"@id\":\"https:\/\/psol50.org.br\/jean-wyllys-o-icone-de-uma-justica-injusta-e-racista\/\"},\"author\":{\"name\":\"Comunica\u00e7\u00e3o PSOL\",\"@id\":\"https:\/\/psol50.org.br\/#\/schema\/person\/475dfa57d0b815993c714c2e96491fcd\"},\"headline\":\"Jean Wyllys | O \u00edcone de uma Justi\u00e7a injusta e racista\",\"datePublished\":\"2017-04-25T12:59:40+00:00\",\"mainEntityOfPage\":{\"@id\":\"https:\/\/psol50.org.br\/jean-wyllys-o-icone-de-uma-justica-injusta-e-racista\/\"},\"wordCount\":828,\"commentCount\":0,\"publisher\":{\"@id\":\"https:\/\/psol50.org.br\/#organization\"},\"image\":{\"@id\":\"https:\/\/psol50.org.br\/jean-wyllys-o-icone-de-uma-justica-injusta-e-racista\/#primaryimage\"},\"thumbnailUrl\":\"\",\"keywords\":[\"condenado\",\"Jean Wyllys\",\"jovem\",\"material de limpeza\",\"negro\",\"pobre\",\"pris\u00e3o\",\"Rafael Braga\"],\"articleSection\":[\"Artigos\",\"Brasil\"],\"inLanguage\":\"pt-BR\",\"potentialAction\":[{\"@type\":\"CommentAction\",\"name\":\"Comment\",\"target\":[\"https:\/\/psol50.org.br\/jean-wyllys-o-icone-de-uma-justica-injusta-e-racista\/#respond\"]}]},{\"@type\":\"WebPage\",\"@id\":\"https:\/\/psol50.org.br\/jean-wyllys-o-icone-de-uma-justica-injusta-e-racista\/\",\"url\":\"https:\/\/psol50.org.br\/jean-wyllys-o-icone-de-uma-justica-injusta-e-racista\/\",\"name\":\"Jean Wyllys | O \u00edcone de uma Justi\u00e7a injusta e racista - PSOL 50\",\"isPartOf\":{\"@id\":\"https:\/\/psol50.org.br\/#website\"},\"primaryImageOfPage\":{\"@id\":\"https:\/\/psol50.org.br\/jean-wyllys-o-icone-de-uma-justica-injusta-e-racista\/#primaryimage\"},\"image\":{\"@id\":\"https:\/\/psol50.org.br\/jean-wyllys-o-icone-de-uma-justica-injusta-e-racista\/#primaryimage\"},\"thumbnailUrl\":\"\",\"datePublished\":\"2017-04-25T12:59:40+00:00\",\"breadcrumb\":{\"@id\":\"https:\/\/psol50.org.br\/jean-wyllys-o-icone-de-uma-justica-injusta-e-racista\/#breadcrumb\"},\"inLanguage\":\"pt-BR\",\"potentialAction\":[{\"@type\":\"ReadAction\",\"target\":[\"https:\/\/psol50.org.br\/jean-wyllys-o-icone-de-uma-justica-injusta-e-racista\/\"]}]},{\"@type\":\"ImageObject\",\"inLanguage\":\"pt-BR\",\"@id\":\"https:\/\/psol50.org.br\/jean-wyllys-o-icone-de-uma-justica-injusta-e-racista\/#primaryimage\",\"url\":\"\",\"contentUrl\":\"\"},{\"@type\":\"BreadcrumbList\",\"@id\":\"https:\/\/psol50.org.br\/jean-wyllys-o-icone-de-uma-justica-injusta-e-racista\/#breadcrumb\",\"itemListElement\":[{\"@type\":\"ListItem\",\"position\":1,\"name\":\"In\u00edcio\",\"item\":\"https:\/\/psol50.org.br\/\"},{\"@type\":\"ListItem\",\"position\":2,\"name\":\"Jean Wyllys | O \u00edcone de uma Justi\u00e7a injusta e racista\"}]},{\"@type\":\"WebSite\",\"@id\":\"https:\/\/psol50.org.br\/#website\",\"url\":\"https:\/\/psol50.org.br\/\",\"name\":\"PSOL 50\",\"description\":\"Site oficial do Partido Socialismo e Liberdade\",\"publisher\":{\"@id\":\"https:\/\/psol50.org.br\/#organization\"},\"alternateName\":\"PSOL50\",\"potentialAction\":[{\"@type\":\"SearchAction\",\"target\":{\"@type\":\"EntryPoint\",\"urlTemplate\":\"https:\/\/psol50.org.br\/?s={search_term_string}\"},\"query-input\":{\"@type\":\"PropertyValueSpecification\",\"valueRequired\":true,\"valueName\":\"search_term_string\"}}],\"inLanguage\":\"pt-BR\"},{\"@type\":\"Organization\",\"@id\":\"https:\/\/psol50.org.br\/#organization\",\"name\":\"PSOL 50\",\"alternateName\":\"PSOL 50\",\"url\":\"https:\/\/psol50.org.br\/\",\"logo\":{\"@type\":\"ImageObject\",\"inLanguage\":\"pt-BR\",\"@id\":\"https:\/\/psol50.org.br\/#\/schema\/logo\/image\/\",\"url\":\"https:\/\/psol50.org.br\/inc\/uploads\/2018\/07\/capa.png\",\"contentUrl\":\"https:\/\/psol50.org.br\/inc\/uploads\/2018\/07\/capa.png\",\"width\":1350,\"height\":900,\"caption\":\"PSOL 50\"},\"image\":{\"@id\":\"https:\/\/psol50.org.br\/#\/schema\/logo\/image\/\"},\"sameAs\":[\"https:\/\/www.facebook.com\/psol50\",\"https:\/\/x.com\/psol50\",\"https:\/\/www.instagram.com\/psol50\/\",\"https:\/\/www.youtube.com\/channel\/UC7SnJS5o1os7a6CaiNabzcg\"]},{\"@type\":\"Person\",\"@id\":\"https:\/\/psol50.org.br\/#\/schema\/person\/475dfa57d0b815993c714c2e96491fcd\",\"name\":\"Comunica\u00e7\u00e3o PSOL\",\"image\":{\"@type\":\"ImageObject\",\"inLanguage\":\"pt-BR\",\"@id\":\"https:\/\/psol50.org.br\/#\/schema\/person\/image\/\",\"url\":\"https:\/\/secure.gravatar.com\/avatar\/b34fc4f4e468a4e51785917065a3db57b841f5c95dba6ad8c73aaf8f66f8f9bf?s=96&d=mm&r=g\",\"contentUrl\":\"https:\/\/secure.gravatar.com\/avatar\/b34fc4f4e468a4e51785917065a3db57b841f5c95dba6ad8c73aaf8f66f8f9bf?s=96&d=mm&r=g\",\"caption\":\"Comunica\u00e7\u00e3o PSOL\"}}]}<\/script>\n<!-- \/ Yoast SEO plugin. -->","yoast_head_json":{"title":"Jean Wyllys | O \u00edcone de uma Justi\u00e7a injusta e racista - PSOL 50","robots":{"index":"index","follow":"follow","max-snippet":"max-snippet:-1","max-image-preview":"max-image-preview:large","max-video-preview":"max-video-preview:-1"},"canonical":"https:\/\/psol50.org.br\/jean-wyllys-o-icone-de-uma-justica-injusta-e-racista\/","og_locale":"pt_BR","og_type":"article","og_title":"Jean Wyllys | O \u00edcone de uma Justi\u00e7a injusta e racista - PSOL 50","og_description":"Artigo publicado originalmente no site da M\u00eddia Ninja Caros leitores e seguidores de nosso novo espa\u00e7o de interlocu\u00e7\u00e3o, a hist\u00f3ria que tenho para lhes contar sintetiza muito bem como o sistema penal do nosso pa\u00eds e, ao fim e ao cabo, tamb\u00e9m de todos os pa\u00edses latino-americanos e mesmo dos EUA \u00e9 visceralmente seletivo, racista [&hellip;]","og_url":"https:\/\/psol50.org.br\/jean-wyllys-o-icone-de-uma-justica-injusta-e-racista\/","og_site_name":"PSOL 50","article_publisher":"https:\/\/www.facebook.com\/psol50","article_published_time":"2017-04-25T12:59:40+00:00","og_image":[{"width":1350,"height":900,"url":"https:\/\/psol50.org.br\/inc\/uploads\/2018\/07\/capa.png","type":"image\/png"}],"author":"Comunica\u00e7\u00e3o PSOL","twitter_card":"summary_large_image","twitter_creator":"@psol50","twitter_site":"@psol50","twitter_misc":{"Escrito por":"Comunica\u00e7\u00e3o PSOL","Est. tempo de leitura":"4 minutos"},"schema":{"@context":"https:\/\/schema.org","@graph":[{"@type":"Article","@id":"https:\/\/psol50.org.br\/jean-wyllys-o-icone-de-uma-justica-injusta-e-racista\/#article","isPartOf":{"@id":"https:\/\/psol50.org.br\/jean-wyllys-o-icone-de-uma-justica-injusta-e-racista\/"},"author":{"name":"Comunica\u00e7\u00e3o PSOL","@id":"https:\/\/psol50.org.br\/#\/schema\/person\/475dfa57d0b815993c714c2e96491fcd"},"headline":"Jean Wyllys | O \u00edcone de uma Justi\u00e7a injusta e racista","datePublished":"2017-04-25T12:59:40+00:00","mainEntityOfPage":{"@id":"https:\/\/psol50.org.br\/jean-wyllys-o-icone-de-uma-justica-injusta-e-racista\/"},"wordCount":828,"commentCount":0,"publisher":{"@id":"https:\/\/psol50.org.br\/#organization"},"image":{"@id":"https:\/\/psol50.org.br\/jean-wyllys-o-icone-de-uma-justica-injusta-e-racista\/#primaryimage"},"thumbnailUrl":"","keywords":["condenado","Jean Wyllys","jovem","material de limpeza","negro","pobre","pris\u00e3o","Rafael Braga"],"articleSection":["Artigos","Brasil"],"inLanguage":"pt-BR","potentialAction":[{"@type":"CommentAction","name":"Comment","target":["https:\/\/psol50.org.br\/jean-wyllys-o-icone-de-uma-justica-injusta-e-racista\/#respond"]}]},{"@type":"WebPage","@id":"https:\/\/psol50.org.br\/jean-wyllys-o-icone-de-uma-justica-injusta-e-racista\/","url":"https:\/\/psol50.org.br\/jean-wyllys-o-icone-de-uma-justica-injusta-e-racista\/","name":"Jean Wyllys | O \u00edcone de uma Justi\u00e7a injusta e racista - PSOL 50","isPartOf":{"@id":"https:\/\/psol50.org.br\/#website"},"primaryImageOfPage":{"@id":"https:\/\/psol50.org.br\/jean-wyllys-o-icone-de-uma-justica-injusta-e-racista\/#primaryimage"},"image":{"@id":"https:\/\/psol50.org.br\/jean-wyllys-o-icone-de-uma-justica-injusta-e-racista\/#primaryimage"},"thumbnailUrl":"","datePublished":"2017-04-25T12:59:40+00:00","breadcrumb":{"@id":"https:\/\/psol50.org.br\/jean-wyllys-o-icone-de-uma-justica-injusta-e-racista\/#breadcrumb"},"inLanguage":"pt-BR","potentialAction":[{"@type":"ReadAction","target":["https:\/\/psol50.org.br\/jean-wyllys-o-icone-de-uma-justica-injusta-e-racista\/"]}]},{"@type":"ImageObject","inLanguage":"pt-BR","@id":"https:\/\/psol50.org.br\/jean-wyllys-o-icone-de-uma-justica-injusta-e-racista\/#primaryimage","url":"","contentUrl":""},{"@type":"BreadcrumbList","@id":"https:\/\/psol50.org.br\/jean-wyllys-o-icone-de-uma-justica-injusta-e-racista\/#breadcrumb","itemListElement":[{"@type":"ListItem","position":1,"name":"In\u00edcio","item":"https:\/\/psol50.org.br\/"},{"@type":"ListItem","position":2,"name":"Jean Wyllys | O \u00edcone de uma Justi\u00e7a injusta e racista"}]},{"@type":"WebSite","@id":"https:\/\/psol50.org.br\/#website","url":"https:\/\/psol50.org.br\/","name":"PSOL 50","description":"Site oficial do Partido Socialismo e Liberdade","publisher":{"@id":"https:\/\/psol50.org.br\/#organization"},"alternateName":"PSOL50","potentialAction":[{"@type":"SearchAction","target":{"@type":"EntryPoint","urlTemplate":"https:\/\/psol50.org.br\/?s={search_term_string}"},"query-input":{"@type":"PropertyValueSpecification","valueRequired":true,"valueName":"search_term_string"}}],"inLanguage":"pt-BR"},{"@type":"Organization","@id":"https:\/\/psol50.org.br\/#organization","name":"PSOL 50","alternateName":"PSOL 50","url":"https:\/\/psol50.org.br\/","logo":{"@type":"ImageObject","inLanguage":"pt-BR","@id":"https:\/\/psol50.org.br\/#\/schema\/logo\/image\/","url":"https:\/\/psol50.org.br\/inc\/uploads\/2018\/07\/capa.png","contentUrl":"https:\/\/psol50.org.br\/inc\/uploads\/2018\/07\/capa.png","width":1350,"height":900,"caption":"PSOL 50"},"image":{"@id":"https:\/\/psol50.org.br\/#\/schema\/logo\/image\/"},"sameAs":["https:\/\/www.facebook.com\/psol50","https:\/\/x.com\/psol50","https:\/\/www.instagram.com\/psol50\/","https:\/\/www.youtube.com\/channel\/UC7SnJS5o1os7a6CaiNabzcg"]},{"@type":"Person","@id":"https:\/\/psol50.org.br\/#\/schema\/person\/475dfa57d0b815993c714c2e96491fcd","name":"Comunica\u00e7\u00e3o PSOL","image":{"@type":"ImageObject","inLanguage":"pt-BR","@id":"https:\/\/psol50.org.br\/#\/schema\/person\/image\/","url":"https:\/\/secure.gravatar.com\/avatar\/b34fc4f4e468a4e51785917065a3db57b841f5c95dba6ad8c73aaf8f66f8f9bf?s=96&d=mm&r=g","contentUrl":"https:\/\/secure.gravatar.com\/avatar\/b34fc4f4e468a4e51785917065a3db57b841f5c95dba6ad8c73aaf8f66f8f9bf?s=96&d=mm&r=g","caption":"Comunica\u00e7\u00e3o PSOL"}}]}},"_links":{"self":[{"href":"https:\/\/psol50.org.br\/rest\/wp\/v2\/posts\/16323","targetHints":{"allow":["GET"]}}],"collection":[{"href":"https:\/\/psol50.org.br\/rest\/wp\/v2\/posts"}],"about":[{"href":"https:\/\/psol50.org.br\/rest\/wp\/v2\/types\/post"}],"author":[{"embeddable":true,"href":"https:\/\/psol50.org.br\/rest\/wp\/v2\/users\/2"}],"replies":[{"embeddable":true,"href":"https:\/\/psol50.org.br\/rest\/wp\/v2\/comments?post=16323"}],"version-history":[{"count":0,"href":"https:\/\/psol50.org.br\/rest\/wp\/v2\/posts\/16323\/revisions"}],"wp:featuredmedia":[{"embeddable":true,"href":"https:\/\/psol50.org.br\/rest\/"}],"wp:attachment":[{"href":"https:\/\/psol50.org.br\/rest\/wp\/v2\/media?parent=16323"}],"wp:term":[{"taxonomy":"category","embeddable":true,"href":"https:\/\/psol50.org.br\/rest\/wp\/v2\/categories?post=16323"},{"taxonomy":"post_tag","embeddable":true,"href":"https:\/\/psol50.org.br\/rest\/wp\/v2\/tags?post=16323"}],"curies":[{"name":"wp","href":"https:\/\/api.w.org\/{rel}","templated":true}]}}