{"id":16324,"date":"2017-04-25T13:08:50","date_gmt":"2017-04-25T13:08:50","guid":{"rendered":"http:\/\/www.psol50.org.br\/?p=16263"},"modified":"2017-04-25T13:08:50","modified_gmt":"2017-04-25T13:08:50","slug":"nota-da-setorial-de-negras-e-negros-do-psol-liberdade-para-rafael-braga","status":"publish","type":"post","link":"https:\/\/psol50.org.br\/nota-da-setorial-de-negras-e-negros-do-psol-liberdade-para-rafael-braga\/","title":{"rendered":"Nota da Setorial de Negras e Negros do PSOL: Liberdade para Rafael Braga!"},"content":{"rendered":"<p>Rafael Braga Vieira, jovem negro e pobre, morava na rua e trabalhava catando latas para sobreviver. Rafael passava por uma manifesta\u00e7\u00e3o em junho de 2013 no Rio de Janeiro, quando foi abordado por um grupo de policiais que logo o intimidaram. Rafael levava consigo duas garrafas contendo \u00e1gua sanit\u00e1ria e Pinho Sol. Foi levado para a delegacia e se tornou a primeira pessoa julgada e condenada por participar de protestos no Brasil.<\/p>\n<p>Ap\u00f3s cumprir parte da senten\u00e7a, j\u00e1 em pris\u00e3o domiciliar, foi preso novamente por tr\u00e1fico de drogas. Agora Rafael Braga foi novamente condenado injustamente. Segundo a vers\u00e3o dos policiais, sobre a nova pris\u00e3o, foram encontrados com o jovem 0,6g de maconha, 9,3g de coca\u00edna e um roj\u00e3o. Uma \u00fanica testemunha, que era em favor do Rafael, n\u00e3o foi considerada e prevaleceu como sempre a vers\u00e3o dos policiais. No \u00faltimo dia 20 de abril, o juiz Ricardo Coronha Pinheiro o condenou a 11 anos de pris\u00e3o. A mesma pol\u00edcia que se apoia nos &#8220;autos de resist\u00eancia&#8221; para a pr\u00e1tica corriqueira de execu\u00e7\u00f5es sum\u00e1rias, onde praticamente todos os casos s\u00e3o arquivados sem qualquer investiga\u00e7\u00e3o, por um judici\u00e1rio branco que historicamente serve aos poderosos e abate e encarcera em massa negras, negros e ind\u00edgenas neste pa\u00eds.<\/p>\n<p>Segundo o Mapa da Viol\u00eancia, cerca de 60 mil pessoas s\u00e3o mortas anualmente de forma violenta no Brasil, destas a grande maioria \u00e9 de jovens negros moradores das periferias. O Infogr\u00e1fico do ITTC demonstra que nos \u00faltimos anos houve um aumento vertiginoso do encarceramento no pa\u00eds, no qual aumentou em cerca de 130% o n\u00famero de homens e 250% de mulheres negras e pobres. A Lei de Drogas aprovada em 2006 contribuiu de forma decisiva para o aumento desses \u00edndices.<\/p>\n<p>Vale dizer que a chamada &#8220;guerra \u00e0s drogas&#8221; trata-se de uma farsa que, na verdade, se traduz em guerra contra o povo pobre, negro e das periferias, modelo falido que n\u00e3o teve sucesso em nenhum lugar no mundo. Queremos saber: o que aconteceu com o helic\u00f3ptero encontrado com os 500 kg de pasta base de coca\u00edna, pertencente a poderosos deste pa\u00eds, historicamente impunes? Nosso povo \u00e9 abatido sistematicamente desde a col\u00f4nia, com a dizima\u00e7\u00e3o de grande parte das popula\u00e7\u00f5es ind\u00edgenas e a perversidade do escravismo, constituindo assim as camadas brasileiras. Hoje temos as popula\u00e7\u00f5es negra e ind\u00edgena marginalizadas, abandonadas nas periferias, que s\u00e3o exterminadas por um Estado terrorista e genocida, seja pela falta de direitos ou mesmo pelo poder da viol\u00eancia.<\/p>\n<p>Desmilitarizar as pol\u00edcias, a pol\u00edtica e a vida \u00e9 urgente.<\/p>\n<p>Infelizmente, esse caso de Rafael Braga n\u00e3o \u00e9 um caso isolado dos abusos e excessos cometidos pela pol\u00edcia. Fez um ano essa semana da morte da jovem Luana na cidade de Ribeir\u00e3o Preto (SP), m\u00e3e, negra, pobre e l\u00e9sbica, que morreu ap\u00f3s ser espancada por policiais. Recentemente, numa escola do Rio de Janeiro, a jovem de 13 anos Maria Eduarda foi assassinada dentro de uma escola ap\u00f3s desastrosa opera\u00e7\u00e3o policial, levando tr\u00eas bala\u00e7os &#8220;perdidos&#8221;. Al\u00e9m do pequeno Jo\u00e3o Victor, morto ap\u00f3s ser espancado pelas mil\u00edcias patronais, seguran\u00e7a e gerente do Habib&#8217;s, crime acobertado por essa empresa assassina que, a partir de fortes ind\u00edcios, at\u00e9 fraudou os laudos que investigavam sua morte. Pessoas tamb\u00e9m foram impedidas de testemunhar e provas contundentes, como v\u00eddeos, foram desconsideradas. E esses casos n\u00e3o s\u00e3o isolados.<\/p>\n<p>Dessa forma, as negras e os negros do PSOL convidam todas\/os filiadas\/os e simpatizantes do partido para participarmos do ato-vig\u00edlia que haver\u00e1 hoje (24\/04) a partir das 18h, no Masp (SP). Precisamos dar um basta a esse estado fascista e racista que dissemina a criminaliza\u00e7\u00e3o da pobreza. Venham vestido de preto e levem velas. Pela liberdade de Rafael Braga e pelo fim do genoc\u00eddio do povo negro e ind\u00edgena, representado pela Casa Grande que se instalou no poder, que al\u00e9m de tudo querem novamente nos escravizar e acabar com todos os nossos direitos sociais, trabalhistas e previdenci\u00e1rios.<\/p>\n<p><a class=\"_58cn\" href=\"https:\/\/www.facebook.com\/hashtag\/libertemrafaelbraga?source=feed_text&amp;story_id=700163150145322\" data-ft=\"{&quot;tn&quot;:&quot;*N&quot;,&quot;type&quot;:104}\"><span class=\"_5afx\"><span class=\"_58cl _5afz\">#<\/span><span class=\"_58cm\">LibertemRafaelBraga<\/span><\/span><\/a><\/p>\n","protected":false},"excerpt":{"rendered":"<p>Rafael Braga Vieira, jovem negro e pobre, morava na rua e trabalhava catando latas para sobreviver. Rafael passava por uma manifesta\u00e7\u00e3o em junho de 2013 no Rio de Janeiro, quando foi abordado por um grupo de policiais que logo o intimidaram. Rafael levava consigo duas garrafas contendo \u00e1gua sanit\u00e1ria e Pinho Sol. Foi levado para [&hellip;]<\/p>\n","protected":false},"author":2,"featured_media":16347,"comment_status":"open","ping_status":"open","sticky":false,"template":"","format":"standard","meta":{"_acf_changed":false,"footnotes":""},"categories":[1882,6,14],"tags":[1829,2756,3071,3114,728,2103,3115],"class_list":{"0":"post-16324","1":"post","2":"type-post","3":"status-publish","4":"format-standard","5":"has-post-thumbnail","7":"category-brasil","8":"category-noticias","9":"category-partido","10":"tag-encarceramento","11":"tag-jovem","12":"tag-negro","13":"tag-pobre","14":"tag-policia","15":"tag-rafael-braga","16":"tag-setorial-de-negras-e-negros-do-psol"},"acf":[],"yoast_head":"<!-- This site is optimized with the Yoast SEO plugin v26.5 - https:\/\/yoast.com\/wordpress\/plugins\/seo\/ -->\n<title>Nota da Setorial de Negras e Negros do PSOL: Liberdade para Rafael Braga! - PSOL 50<\/title>\n<meta name=\"robots\" content=\"index, follow, max-snippet:-1, max-image-preview:large, max-video-preview:-1\" \/>\n<link rel=\"canonical\" href=\"https:\/\/psol50.org.br\/nota-da-setorial-de-negras-e-negros-do-psol-liberdade-para-rafael-braga\/\" \/>\n<meta property=\"og:locale\" content=\"pt_BR\" \/>\n<meta property=\"og:type\" content=\"article\" \/>\n<meta property=\"og:title\" content=\"Nota da Setorial de Negras e Negros do PSOL: Liberdade para Rafael Braga! - PSOL 50\" \/>\n<meta property=\"og:description\" content=\"Rafael Braga Vieira, jovem negro e pobre, morava na rua e trabalhava catando latas para sobreviver. Rafael passava por uma manifesta\u00e7\u00e3o em junho de 2013 no Rio de Janeiro, quando foi abordado por um grupo de policiais que logo o intimidaram. Rafael levava consigo duas garrafas contendo \u00e1gua sanit\u00e1ria e Pinho Sol. Foi levado para [&hellip;]\" \/>\n<meta property=\"og:url\" content=\"https:\/\/psol50.org.br\/nota-da-setorial-de-negras-e-negros-do-psol-liberdade-para-rafael-braga\/\" \/>\n<meta property=\"og:site_name\" content=\"PSOL 50\" \/>\n<meta property=\"article:publisher\" content=\"https:\/\/www.facebook.com\/psol50\" \/>\n<meta property=\"article:published_time\" content=\"2017-04-25T13:08:50+00:00\" \/>\n<meta property=\"og:image\" content=\"https:\/\/psol50.org.br\/inc\/uploads\/2018\/07\/capa.png\" \/>\n\t<meta property=\"og:image:width\" content=\"1350\" \/>\n\t<meta property=\"og:image:height\" content=\"900\" \/>\n\t<meta property=\"og:image:type\" content=\"image\/png\" \/>\n<meta name=\"author\" content=\"Comunica\u00e7\u00e3o PSOL\" \/>\n<meta name=\"twitter:card\" content=\"summary_large_image\" \/>\n<meta name=\"twitter:creator\" content=\"@psol50\" \/>\n<meta name=\"twitter:site\" content=\"@psol50\" \/>\n<meta name=\"twitter:label1\" content=\"Escrito por\" \/>\n\t<meta name=\"twitter:data1\" content=\"Comunica\u00e7\u00e3o PSOL\" \/>\n\t<meta name=\"twitter:label2\" content=\"Est. tempo de leitura\" \/>\n\t<meta name=\"twitter:data2\" content=\"3 minutos\" \/>\n<script type=\"application\/ld+json\" class=\"yoast-schema-graph\">{\"@context\":\"https:\/\/schema.org\",\"@graph\":[{\"@type\":\"Article\",\"@id\":\"https:\/\/psol50.org.br\/nota-da-setorial-de-negras-e-negros-do-psol-liberdade-para-rafael-braga\/#article\",\"isPartOf\":{\"@id\":\"https:\/\/psol50.org.br\/nota-da-setorial-de-negras-e-negros-do-psol-liberdade-para-rafael-braga\/\"},\"author\":{\"name\":\"Comunica\u00e7\u00e3o PSOL\",\"@id\":\"https:\/\/psol50.org.br\/#\/schema\/person\/475dfa57d0b815993c714c2e96491fcd\"},\"headline\":\"Nota da Setorial de Negras e Negros do PSOL: Liberdade para Rafael Braga!\",\"datePublished\":\"2017-04-25T13:08:50+00:00\",\"mainEntityOfPage\":{\"@id\":\"https:\/\/psol50.org.br\/nota-da-setorial-de-negras-e-negros-do-psol-liberdade-para-rafael-braga\/\"},\"wordCount\":713,\"commentCount\":0,\"publisher\":{\"@id\":\"https:\/\/psol50.org.br\/#organization\"},\"image\":{\"@id\":\"https:\/\/psol50.org.br\/nota-da-setorial-de-negras-e-negros-do-psol-liberdade-para-rafael-braga\/#primaryimage\"},\"thumbnailUrl\":\"\",\"keywords\":[\"encarceramento\",\"jovem\",\"negro\",\"pobre\",\"pol\u00edcia\",\"Rafael Braga\",\"Setorial de Negras e Negros do PSOL\"],\"articleSection\":[\"Brasil\",\"Not\u00edcias\",\"Partido\"],\"inLanguage\":\"pt-BR\",\"potentialAction\":[{\"@type\":\"CommentAction\",\"name\":\"Comment\",\"target\":[\"https:\/\/psol50.org.br\/nota-da-setorial-de-negras-e-negros-do-psol-liberdade-para-rafael-braga\/#respond\"]}]},{\"@type\":\"WebPage\",\"@id\":\"https:\/\/psol50.org.br\/nota-da-setorial-de-negras-e-negros-do-psol-liberdade-para-rafael-braga\/\",\"url\":\"https:\/\/psol50.org.br\/nota-da-setorial-de-negras-e-negros-do-psol-liberdade-para-rafael-braga\/\",\"name\":\"Nota da Setorial de Negras e Negros do PSOL: Liberdade para Rafael Braga! - PSOL 50\",\"isPartOf\":{\"@id\":\"https:\/\/psol50.org.br\/#website\"},\"primaryImageOfPage\":{\"@id\":\"https:\/\/psol50.org.br\/nota-da-setorial-de-negras-e-negros-do-psol-liberdade-para-rafael-braga\/#primaryimage\"},\"image\":{\"@id\":\"https:\/\/psol50.org.br\/nota-da-setorial-de-negras-e-negros-do-psol-liberdade-para-rafael-braga\/#primaryimage\"},\"thumbnailUrl\":\"\",\"datePublished\":\"2017-04-25T13:08:50+00:00\",\"breadcrumb\":{\"@id\":\"https:\/\/psol50.org.br\/nota-da-setorial-de-negras-e-negros-do-psol-liberdade-para-rafael-braga\/#breadcrumb\"},\"inLanguage\":\"pt-BR\",\"potentialAction\":[{\"@type\":\"ReadAction\",\"target\":[\"https:\/\/psol50.org.br\/nota-da-setorial-de-negras-e-negros-do-psol-liberdade-para-rafael-braga\/\"]}]},{\"@type\":\"ImageObject\",\"inLanguage\":\"pt-BR\",\"@id\":\"https:\/\/psol50.org.br\/nota-da-setorial-de-negras-e-negros-do-psol-liberdade-para-rafael-braga\/#primaryimage\",\"url\":\"\",\"contentUrl\":\"\"},{\"@type\":\"BreadcrumbList\",\"@id\":\"https:\/\/psol50.org.br\/nota-da-setorial-de-negras-e-negros-do-psol-liberdade-para-rafael-braga\/#breadcrumb\",\"itemListElement\":[{\"@type\":\"ListItem\",\"position\":1,\"name\":\"In\u00edcio\",\"item\":\"https:\/\/psol50.org.br\/\"},{\"@type\":\"ListItem\",\"position\":2,\"name\":\"Nota da Setorial de Negras e Negros do PSOL: Liberdade para Rafael Braga!\"}]},{\"@type\":\"WebSite\",\"@id\":\"https:\/\/psol50.org.br\/#website\",\"url\":\"https:\/\/psol50.org.br\/\",\"name\":\"PSOL 50\",\"description\":\"Site oficial do Partido Socialismo e Liberdade\",\"publisher\":{\"@id\":\"https:\/\/psol50.org.br\/#organization\"},\"alternateName\":\"PSOL50\",\"potentialAction\":[{\"@type\":\"SearchAction\",\"target\":{\"@type\":\"EntryPoint\",\"urlTemplate\":\"https:\/\/psol50.org.br\/?s={search_term_string}\"},\"query-input\":{\"@type\":\"PropertyValueSpecification\",\"valueRequired\":true,\"valueName\":\"search_term_string\"}}],\"inLanguage\":\"pt-BR\"},{\"@type\":\"Organization\",\"@id\":\"https:\/\/psol50.org.br\/#organization\",\"name\":\"PSOL 50\",\"alternateName\":\"PSOL 50\",\"url\":\"https:\/\/psol50.org.br\/\",\"logo\":{\"@type\":\"ImageObject\",\"inLanguage\":\"pt-BR\",\"@id\":\"https:\/\/psol50.org.br\/#\/schema\/logo\/image\/\",\"url\":\"https:\/\/psol50.org.br\/inc\/uploads\/2018\/07\/capa.png\",\"contentUrl\":\"https:\/\/psol50.org.br\/inc\/uploads\/2018\/07\/capa.png\",\"width\":1350,\"height\":900,\"caption\":\"PSOL 50\"},\"image\":{\"@id\":\"https:\/\/psol50.org.br\/#\/schema\/logo\/image\/\"},\"sameAs\":[\"https:\/\/www.facebook.com\/psol50\",\"https:\/\/x.com\/psol50\",\"https:\/\/www.instagram.com\/psol50\/\",\"https:\/\/www.youtube.com\/channel\/UC7SnJS5o1os7a6CaiNabzcg\"]},{\"@type\":\"Person\",\"@id\":\"https:\/\/psol50.org.br\/#\/schema\/person\/475dfa57d0b815993c714c2e96491fcd\",\"name\":\"Comunica\u00e7\u00e3o PSOL\",\"image\":{\"@type\":\"ImageObject\",\"inLanguage\":\"pt-BR\",\"@id\":\"https:\/\/psol50.org.br\/#\/schema\/person\/image\/\",\"url\":\"https:\/\/secure.gravatar.com\/avatar\/b34fc4f4e468a4e51785917065a3db57b841f5c95dba6ad8c73aaf8f66f8f9bf?s=96&d=mm&r=g\",\"contentUrl\":\"https:\/\/secure.gravatar.com\/avatar\/b34fc4f4e468a4e51785917065a3db57b841f5c95dba6ad8c73aaf8f66f8f9bf?s=96&d=mm&r=g\",\"caption\":\"Comunica\u00e7\u00e3o PSOL\"}}]}<\/script>\n<!-- \/ Yoast SEO plugin. -->","yoast_head_json":{"title":"Nota da Setorial de Negras e Negros do PSOL: Liberdade para Rafael Braga! - PSOL 50","robots":{"index":"index","follow":"follow","max-snippet":"max-snippet:-1","max-image-preview":"max-image-preview:large","max-video-preview":"max-video-preview:-1"},"canonical":"https:\/\/psol50.org.br\/nota-da-setorial-de-negras-e-negros-do-psol-liberdade-para-rafael-braga\/","og_locale":"pt_BR","og_type":"article","og_title":"Nota da Setorial de Negras e Negros do PSOL: Liberdade para Rafael Braga! - PSOL 50","og_description":"Rafael Braga Vieira, jovem negro e pobre, morava na rua e trabalhava catando latas para sobreviver. Rafael passava por uma manifesta\u00e7\u00e3o em junho de 2013 no Rio de Janeiro, quando foi abordado por um grupo de policiais que logo o intimidaram. Rafael levava consigo duas garrafas contendo \u00e1gua sanit\u00e1ria e Pinho Sol. Foi levado para [&hellip;]","og_url":"https:\/\/psol50.org.br\/nota-da-setorial-de-negras-e-negros-do-psol-liberdade-para-rafael-braga\/","og_site_name":"PSOL 50","article_publisher":"https:\/\/www.facebook.com\/psol50","article_published_time":"2017-04-25T13:08:50+00:00","og_image":[{"width":1350,"height":900,"url":"https:\/\/psol50.org.br\/inc\/uploads\/2018\/07\/capa.png","type":"image\/png"}],"author":"Comunica\u00e7\u00e3o PSOL","twitter_card":"summary_large_image","twitter_creator":"@psol50","twitter_site":"@psol50","twitter_misc":{"Escrito por":"Comunica\u00e7\u00e3o PSOL","Est. tempo de leitura":"3 minutos"},"schema":{"@context":"https:\/\/schema.org","@graph":[{"@type":"Article","@id":"https:\/\/psol50.org.br\/nota-da-setorial-de-negras-e-negros-do-psol-liberdade-para-rafael-braga\/#article","isPartOf":{"@id":"https:\/\/psol50.org.br\/nota-da-setorial-de-negras-e-negros-do-psol-liberdade-para-rafael-braga\/"},"author":{"name":"Comunica\u00e7\u00e3o PSOL","@id":"https:\/\/psol50.org.br\/#\/schema\/person\/475dfa57d0b815993c714c2e96491fcd"},"headline":"Nota da Setorial de Negras e Negros do PSOL: Liberdade para Rafael Braga!","datePublished":"2017-04-25T13:08:50+00:00","mainEntityOfPage":{"@id":"https:\/\/psol50.org.br\/nota-da-setorial-de-negras-e-negros-do-psol-liberdade-para-rafael-braga\/"},"wordCount":713,"commentCount":0,"publisher":{"@id":"https:\/\/psol50.org.br\/#organization"},"image":{"@id":"https:\/\/psol50.org.br\/nota-da-setorial-de-negras-e-negros-do-psol-liberdade-para-rafael-braga\/#primaryimage"},"thumbnailUrl":"","keywords":["encarceramento","jovem","negro","pobre","pol\u00edcia","Rafael Braga","Setorial de Negras e Negros do PSOL"],"articleSection":["Brasil","Not\u00edcias","Partido"],"inLanguage":"pt-BR","potentialAction":[{"@type":"CommentAction","name":"Comment","target":["https:\/\/psol50.org.br\/nota-da-setorial-de-negras-e-negros-do-psol-liberdade-para-rafael-braga\/#respond"]}]},{"@type":"WebPage","@id":"https:\/\/psol50.org.br\/nota-da-setorial-de-negras-e-negros-do-psol-liberdade-para-rafael-braga\/","url":"https:\/\/psol50.org.br\/nota-da-setorial-de-negras-e-negros-do-psol-liberdade-para-rafael-braga\/","name":"Nota da Setorial de Negras e Negros do PSOL: Liberdade para Rafael Braga! - PSOL 50","isPartOf":{"@id":"https:\/\/psol50.org.br\/#website"},"primaryImageOfPage":{"@id":"https:\/\/psol50.org.br\/nota-da-setorial-de-negras-e-negros-do-psol-liberdade-para-rafael-braga\/#primaryimage"},"image":{"@id":"https:\/\/psol50.org.br\/nota-da-setorial-de-negras-e-negros-do-psol-liberdade-para-rafael-braga\/#primaryimage"},"thumbnailUrl":"","datePublished":"2017-04-25T13:08:50+00:00","breadcrumb":{"@id":"https:\/\/psol50.org.br\/nota-da-setorial-de-negras-e-negros-do-psol-liberdade-para-rafael-braga\/#breadcrumb"},"inLanguage":"pt-BR","potentialAction":[{"@type":"ReadAction","target":["https:\/\/psol50.org.br\/nota-da-setorial-de-negras-e-negros-do-psol-liberdade-para-rafael-braga\/"]}]},{"@type":"ImageObject","inLanguage":"pt-BR","@id":"https:\/\/psol50.org.br\/nota-da-setorial-de-negras-e-negros-do-psol-liberdade-para-rafael-braga\/#primaryimage","url":"","contentUrl":""},{"@type":"BreadcrumbList","@id":"https:\/\/psol50.org.br\/nota-da-setorial-de-negras-e-negros-do-psol-liberdade-para-rafael-braga\/#breadcrumb","itemListElement":[{"@type":"ListItem","position":1,"name":"In\u00edcio","item":"https:\/\/psol50.org.br\/"},{"@type":"ListItem","position":2,"name":"Nota da Setorial de Negras e Negros do PSOL: Liberdade para Rafael Braga!"}]},{"@type":"WebSite","@id":"https:\/\/psol50.org.br\/#website","url":"https:\/\/psol50.org.br\/","name":"PSOL 50","description":"Site oficial do Partido Socialismo e Liberdade","publisher":{"@id":"https:\/\/psol50.org.br\/#organization"},"alternateName":"PSOL50","potentialAction":[{"@type":"SearchAction","target":{"@type":"EntryPoint","urlTemplate":"https:\/\/psol50.org.br\/?s={search_term_string}"},"query-input":{"@type":"PropertyValueSpecification","valueRequired":true,"valueName":"search_term_string"}}],"inLanguage":"pt-BR"},{"@type":"Organization","@id":"https:\/\/psol50.org.br\/#organization","name":"PSOL 50","alternateName":"PSOL 50","url":"https:\/\/psol50.org.br\/","logo":{"@type":"ImageObject","inLanguage":"pt-BR","@id":"https:\/\/psol50.org.br\/#\/schema\/logo\/image\/","url":"https:\/\/psol50.org.br\/inc\/uploads\/2018\/07\/capa.png","contentUrl":"https:\/\/psol50.org.br\/inc\/uploads\/2018\/07\/capa.png","width":1350,"height":900,"caption":"PSOL 50"},"image":{"@id":"https:\/\/psol50.org.br\/#\/schema\/logo\/image\/"},"sameAs":["https:\/\/www.facebook.com\/psol50","https:\/\/x.com\/psol50","https:\/\/www.instagram.com\/psol50\/","https:\/\/www.youtube.com\/channel\/UC7SnJS5o1os7a6CaiNabzcg"]},{"@type":"Person","@id":"https:\/\/psol50.org.br\/#\/schema\/person\/475dfa57d0b815993c714c2e96491fcd","name":"Comunica\u00e7\u00e3o PSOL","image":{"@type":"ImageObject","inLanguage":"pt-BR","@id":"https:\/\/psol50.org.br\/#\/schema\/person\/image\/","url":"https:\/\/secure.gravatar.com\/avatar\/b34fc4f4e468a4e51785917065a3db57b841f5c95dba6ad8c73aaf8f66f8f9bf?s=96&d=mm&r=g","contentUrl":"https:\/\/secure.gravatar.com\/avatar\/b34fc4f4e468a4e51785917065a3db57b841f5c95dba6ad8c73aaf8f66f8f9bf?s=96&d=mm&r=g","caption":"Comunica\u00e7\u00e3o PSOL"}}]}},"_links":{"self":[{"href":"https:\/\/psol50.org.br\/rest\/wp\/v2\/posts\/16324","targetHints":{"allow":["GET"]}}],"collection":[{"href":"https:\/\/psol50.org.br\/rest\/wp\/v2\/posts"}],"about":[{"href":"https:\/\/psol50.org.br\/rest\/wp\/v2\/types\/post"}],"author":[{"embeddable":true,"href":"https:\/\/psol50.org.br\/rest\/wp\/v2\/users\/2"}],"replies":[{"embeddable":true,"href":"https:\/\/psol50.org.br\/rest\/wp\/v2\/comments?post=16324"}],"version-history":[{"count":0,"href":"https:\/\/psol50.org.br\/rest\/wp\/v2\/posts\/16324\/revisions"}],"wp:featuredmedia":[{"embeddable":true,"href":"https:\/\/psol50.org.br\/rest\/"}],"wp:attachment":[{"href":"https:\/\/psol50.org.br\/rest\/wp\/v2\/media?parent=16324"}],"wp:term":[{"taxonomy":"category","embeddable":true,"href":"https:\/\/psol50.org.br\/rest\/wp\/v2\/categories?post=16324"},{"taxonomy":"post_tag","embeddable":true,"href":"https:\/\/psol50.org.br\/rest\/wp\/v2\/tags?post=16324"}],"curies":[{"name":"wp","href":"https:\/\/api.w.org\/{rel}","templated":true}]}}