{"id":16328,"date":"2017-04-26T12:28:27","date_gmt":"2017-04-26T12:28:27","guid":{"rendered":"http:\/\/www.psol50.org.br\/?p=16283"},"modified":"2017-04-26T12:28:27","modified_gmt":"2017-04-26T12:28:27","slug":"por-solicitacao-de-edmilson-rodrigues-rodrigo-maia-recebera-comissao-de-indigenas","status":"publish","type":"post","link":"https:\/\/psol50.org.br\/por-solicitacao-de-edmilson-rodrigues-rodrigo-maia-recebera-comissao-de-indigenas\/","title":{"rendered":"Por solicita\u00e7\u00e3o de Edmilson Rodrigues, Rodrigo Maia receber\u00e1 comiss\u00e3o de ind\u00edgenas"},"content":{"rendered":"<p>Quase quatro mil ind\u00edgenas est\u00e3o em Bras\u00edlia nesta semana participando do Acampamento Terra Livre. Uma comiss\u00e3o ser\u00e1 recebida pelo presidente da C\u00e2mara Rodrigo Maia (DEM\/RJ) nesta quarta-feira (26\/4), pela manh\u00e3, a pedido do deputado Edmilson Rodrigues (PSOL\/PA). Os ind\u00edgenas pretendem discutir com o presidente a ofensiva contra seus direitos presentes em dezenas de projetos de lei e medidas provis\u00f3rias que tramitam na C\u00e2mara. Um deles se refere \u00e0 PEC 215, aprovada em comiss\u00e3o e que pode ir para plen\u00e1rio. Em 2016, Maia firmou compromisso de n\u00e3o vot\u00e1-la por n\u00e3o ser prioridade, no momento. Eles tamb\u00e9m reivindicam a demarca\u00e7\u00e3o de terras e a exonera\u00e7\u00e3o do Ministro da Justi\u00e7a, Osmar Serraglio.<\/p>\n<p>Os ind\u00edgenas, nesta ter\u00e7a-feira, marchavam pela Esplanada do acampamento at\u00e9 o Congresso Nacional para protestar contra a retirada de direitos, quando foram recebidos com trucul\u00eancia pela pol\u00edcia legislativa. Ela lan\u00e7ou bombas de g\u00e1s e sprays de pimenta e alguns ind\u00edgenas passaram mal, inclusive o cacique Raoni. Diante desta recep\u00e7\u00e3o violenta, o deputado Edmilson denunciou a trucul\u00eancia em plen\u00e1rio e solicitou que o presidente recebesse uma comiss\u00e3o dos ind\u00edgenas. Maia acolheu a solicita\u00e7\u00e3o.<\/p>\n<p>Do lado de fora, Edmilson falou aos ind\u00edgenas depois de comunica-los da audi\u00eancia. &#8220;H\u00e1 poucos dias, a comiss\u00e3o (Comiss\u00e3o Mista da MP 758\/2016) aprovou a perda de 1,8 milh\u00e3o de hectares de terras da Floresta Nacional do Jamanxim e outras \u00e1reas do Par\u00e1, n\u00e3o bastassem as a\u00e7\u00f5es diretas do governo federal&#8221;, lamentou. Ele criticou que mais de 200 parlamentares defendem os interesses do agroneg\u00f3cio na C\u00e2mara, os quais s\u00e3o conflitantes \u00e0 manuten\u00e7\u00e3o das terras nas m\u00e3os de ind\u00edgenas, quilombolas e \u00e1reas de conserva\u00e7\u00e3o, entre outras terras da Uni\u00e3o, sendo comuns casos de grilagem de terras e viol\u00eancia contra \u00edndios, quilombolas e pequenos produtores rurais na disputa pelo ac\u00famulo de terras.<\/p>\n<p>&#8220;A Carta R\u00e9gia do s\u00e9culo XVII dizia que os donos das terras s\u00e3o os ind\u00edgenas, mas, hoje, em pleno s\u00e9culo XXI, eles querem destruir as etnias, transformar os ind\u00edgenas em oper\u00e1rio rurais (para favorecer o agroneg\u00f3cio)&#8221;, criticou Edmilson.<\/p>\n<p>Confira o v\u00eddeo.<\/p>\n<div class=\"youtube-embed\" data-video_id=\"BdA6dliuoH4\"><iframe loading=\"lazy\" title=\"Edmilson Rodrigues pede que Rodrigo Maia receba ind\u00edgenas\" width=\"696\" height=\"522\" src=\"https:\/\/www.youtube.com\/embed\/BdA6dliuoH4?feature=oembed&#038;enablejsapi=1\" frameborder=\"0\" allow=\"accelerometer; autoplay; clipboard-write; encrypted-media; gyroscope; picture-in-picture\" allowfullscreen><\/iframe><\/div>\n","protected":false},"excerpt":{"rendered":"<p>Quase quatro mil ind\u00edgenas est\u00e3o em Bras\u00edlia nesta semana participando do Acampamento Terra Livre. Uma comiss\u00e3o ser\u00e1 recebida pelo presidente da C\u00e2mara Rodrigo Maia (DEM\/RJ) nesta quarta-feira (26\/4), pela manh\u00e3, a pedido do deputado Edmilson Rodrigues (PSOL\/PA). Os ind\u00edgenas pretendem discutir com o presidente a ofensiva contra seus direitos presentes em dezenas de projetos de [&hellip;]<\/p>\n","protected":false},"author":2,"featured_media":16352,"comment_status":"open","ping_status":"open","sticky":false,"template":"","format":"standard","meta":{"_acf_changed":false,"footnotes":""},"categories":[10,1882,1104,6],"tags":[3120,973,12,3121,64,3122],"class_list":{"0":"post-16328","1":"post","2":"type-post","3":"status-publish","4":"format-standard","5":"has-post-thumbnail","7":"category-acao-parlamentares","8":"category-brasil","9":"category-movimento","10":"category-noticias","11":"tag-acampamento-terra-livre","12":"tag-edmilson-rodrigues","13":"tag-indigenas","14":"tag-policia-legislativa","15":"tag-rodrigo-maia","16":"tag-truculencia"},"acf":[],"yoast_head":"<!-- This site is optimized with the Yoast SEO plugin v26.5 - https:\/\/yoast.com\/wordpress\/plugins\/seo\/ -->\n<title>Por solicita\u00e7\u00e3o de Edmilson Rodrigues, Rodrigo Maia receber\u00e1 comiss\u00e3o de ind\u00edgenas - PSOL 50<\/title>\n<meta name=\"robots\" content=\"index, follow, max-snippet:-1, max-image-preview:large, max-video-preview:-1\" \/>\n<link rel=\"canonical\" href=\"https:\/\/psol50.org.br\/por-solicitacao-de-edmilson-rodrigues-rodrigo-maia-recebera-comissao-de-indigenas\/\" \/>\n<meta property=\"og:locale\" content=\"pt_BR\" \/>\n<meta property=\"og:type\" content=\"article\" \/>\n<meta property=\"og:title\" content=\"Por solicita\u00e7\u00e3o de Edmilson Rodrigues, Rodrigo Maia receber\u00e1 comiss\u00e3o de ind\u00edgenas - PSOL 50\" \/>\n<meta property=\"og:description\" content=\"Quase quatro mil ind\u00edgenas est\u00e3o em Bras\u00edlia nesta semana participando do Acampamento Terra Livre. Uma comiss\u00e3o ser\u00e1 recebida pelo presidente da C\u00e2mara Rodrigo Maia (DEM\/RJ) nesta quarta-feira (26\/4), pela manh\u00e3, a pedido do deputado Edmilson Rodrigues (PSOL\/PA). Os ind\u00edgenas pretendem discutir com o presidente a ofensiva contra seus direitos presentes em dezenas de projetos de [&hellip;]\" \/>\n<meta property=\"og:url\" content=\"https:\/\/psol50.org.br\/por-solicitacao-de-edmilson-rodrigues-rodrigo-maia-recebera-comissao-de-indigenas\/\" \/>\n<meta property=\"og:site_name\" content=\"PSOL 50\" \/>\n<meta property=\"article:publisher\" content=\"https:\/\/www.facebook.com\/psol50\" \/>\n<meta property=\"article:published_time\" content=\"2017-04-26T12:28:27+00:00\" \/>\n<meta property=\"og:image\" content=\"https:\/\/psol50.org.br\/inc\/uploads\/2017\/04\/Indigena_TerraLivre_Ninja.jpg\" \/>\n\t<meta property=\"og:image:width\" content=\"1280\" \/>\n\t<meta property=\"og:image:height\" content=\"850\" \/>\n\t<meta property=\"og:image:type\" content=\"image\/jpeg\" \/>\n<meta name=\"author\" content=\"Comunica\u00e7\u00e3o PSOL\" \/>\n<meta name=\"twitter:card\" content=\"summary_large_image\" \/>\n<meta name=\"twitter:creator\" content=\"@psol50\" \/>\n<meta name=\"twitter:site\" content=\"@psol50\" \/>\n<meta name=\"twitter:label1\" content=\"Escrito por\" \/>\n\t<meta name=\"twitter:data1\" content=\"Comunica\u00e7\u00e3o PSOL\" \/>\n\t<meta name=\"twitter:label2\" content=\"Est. tempo de leitura\" \/>\n\t<meta name=\"twitter:data2\" content=\"2 minutos\" \/>\n<script type=\"application\/ld+json\" class=\"yoast-schema-graph\">{\"@context\":\"https:\/\/schema.org\",\"@graph\":[{\"@type\":\"Article\",\"@id\":\"https:\/\/psol50.org.br\/por-solicitacao-de-edmilson-rodrigues-rodrigo-maia-recebera-comissao-de-indigenas\/#article\",\"isPartOf\":{\"@id\":\"https:\/\/psol50.org.br\/por-solicitacao-de-edmilson-rodrigues-rodrigo-maia-recebera-comissao-de-indigenas\/\"},\"author\":{\"name\":\"Comunica\u00e7\u00e3o PSOL\",\"@id\":\"https:\/\/psol50.org.br\/#\/schema\/person\/475dfa57d0b815993c714c2e96491fcd\"},\"headline\":\"Por solicita\u00e7\u00e3o de Edmilson Rodrigues, Rodrigo Maia receber\u00e1 comiss\u00e3o de ind\u00edgenas\",\"datePublished\":\"2017-04-26T12:28:27+00:00\",\"mainEntityOfPage\":{\"@id\":\"https:\/\/psol50.org.br\/por-solicitacao-de-edmilson-rodrigues-rodrigo-maia-recebera-comissao-de-indigenas\/\"},\"wordCount\":409,\"commentCount\":0,\"publisher\":{\"@id\":\"https:\/\/psol50.org.br\/#organization\"},\"image\":{\"@id\":\"https:\/\/psol50.org.br\/por-solicitacao-de-edmilson-rodrigues-rodrigo-maia-recebera-comissao-de-indigenas\/#primaryimage\"},\"thumbnailUrl\":\"https:\/\/psol50.org.br\/inc\/uploads\/2017\/04\/Indigena_TerraLivre_Ninja.jpg\",\"keywords\":[\"acampamento Terra Livre\",\"Edmilson Rodrigues\",\"Ind\u00edgenas\",\"pol\u00edcia legislativa\",\"Rodrigo Maia\",\"trucul\u00eancia\"],\"articleSection\":[\"A\u00e7\u00e3o Parlamentar\",\"Brasil\",\"Movimento\",\"Not\u00edcias\"],\"inLanguage\":\"pt-BR\",\"potentialAction\":[{\"@type\":\"CommentAction\",\"name\":\"Comment\",\"target\":[\"https:\/\/psol50.org.br\/por-solicitacao-de-edmilson-rodrigues-rodrigo-maia-recebera-comissao-de-indigenas\/#respond\"]}]},{\"@type\":\"WebPage\",\"@id\":\"https:\/\/psol50.org.br\/por-solicitacao-de-edmilson-rodrigues-rodrigo-maia-recebera-comissao-de-indigenas\/\",\"url\":\"https:\/\/psol50.org.br\/por-solicitacao-de-edmilson-rodrigues-rodrigo-maia-recebera-comissao-de-indigenas\/\",\"name\":\"Por solicita\u00e7\u00e3o de Edmilson Rodrigues, Rodrigo Maia receber\u00e1 comiss\u00e3o de ind\u00edgenas - PSOL 50\",\"isPartOf\":{\"@id\":\"https:\/\/psol50.org.br\/#website\"},\"primaryImageOfPage\":{\"@id\":\"https:\/\/psol50.org.br\/por-solicitacao-de-edmilson-rodrigues-rodrigo-maia-recebera-comissao-de-indigenas\/#primaryimage\"},\"image\":{\"@id\":\"https:\/\/psol50.org.br\/por-solicitacao-de-edmilson-rodrigues-rodrigo-maia-recebera-comissao-de-indigenas\/#primaryimage\"},\"thumbnailUrl\":\"https:\/\/psol50.org.br\/inc\/uploads\/2017\/04\/Indigena_TerraLivre_Ninja.jpg\",\"datePublished\":\"2017-04-26T12:28:27+00:00\",\"breadcrumb\":{\"@id\":\"https:\/\/psol50.org.br\/por-solicitacao-de-edmilson-rodrigues-rodrigo-maia-recebera-comissao-de-indigenas\/#breadcrumb\"},\"inLanguage\":\"pt-BR\",\"potentialAction\":[{\"@type\":\"ReadAction\",\"target\":[\"https:\/\/psol50.org.br\/por-solicitacao-de-edmilson-rodrigues-rodrigo-maia-recebera-comissao-de-indigenas\/\"]}]},{\"@type\":\"ImageObject\",\"inLanguage\":\"pt-BR\",\"@id\":\"https:\/\/psol50.org.br\/por-solicitacao-de-edmilson-rodrigues-rodrigo-maia-recebera-comissao-de-indigenas\/#primaryimage\",\"url\":\"https:\/\/psol50.org.br\/inc\/uploads\/2017\/04\/Indigena_TerraLivre_Ninja.jpg\",\"contentUrl\":\"https:\/\/psol50.org.br\/inc\/uploads\/2017\/04\/Indigena_TerraLivre_Ninja.jpg\",\"width\":1280,\"height\":850},{\"@type\":\"BreadcrumbList\",\"@id\":\"https:\/\/psol50.org.br\/por-solicitacao-de-edmilson-rodrigues-rodrigo-maia-recebera-comissao-de-indigenas\/#breadcrumb\",\"itemListElement\":[{\"@type\":\"ListItem\",\"position\":1,\"name\":\"In\u00edcio\",\"item\":\"https:\/\/psol50.org.br\/\"},{\"@type\":\"ListItem\",\"position\":2,\"name\":\"Por solicita\u00e7\u00e3o de Edmilson Rodrigues, Rodrigo Maia receber\u00e1 comiss\u00e3o de ind\u00edgenas\"}]},{\"@type\":\"WebSite\",\"@id\":\"https:\/\/psol50.org.br\/#website\",\"url\":\"https:\/\/psol50.org.br\/\",\"name\":\"PSOL 50\",\"description\":\"Site oficial do Partido Socialismo e Liberdade\",\"publisher\":{\"@id\":\"https:\/\/psol50.org.br\/#organization\"},\"alternateName\":\"PSOL50\",\"potentialAction\":[{\"@type\":\"SearchAction\",\"target\":{\"@type\":\"EntryPoint\",\"urlTemplate\":\"https:\/\/psol50.org.br\/?s={search_term_string}\"},\"query-input\":{\"@type\":\"PropertyValueSpecification\",\"valueRequired\":true,\"valueName\":\"search_term_string\"}}],\"inLanguage\":\"pt-BR\"},{\"@type\":\"Organization\",\"@id\":\"https:\/\/psol50.org.br\/#organization\",\"name\":\"PSOL 50\",\"alternateName\":\"PSOL 50\",\"url\":\"https:\/\/psol50.org.br\/\",\"logo\":{\"@type\":\"ImageObject\",\"inLanguage\":\"pt-BR\",\"@id\":\"https:\/\/psol50.org.br\/#\/schema\/logo\/image\/\",\"url\":\"https:\/\/psol50.org.br\/inc\/uploads\/2018\/07\/capa.png\",\"contentUrl\":\"https:\/\/psol50.org.br\/inc\/uploads\/2018\/07\/capa.png\",\"width\":1350,\"height\":900,\"caption\":\"PSOL 50\"},\"image\":{\"@id\":\"https:\/\/psol50.org.br\/#\/schema\/logo\/image\/\"},\"sameAs\":[\"https:\/\/www.facebook.com\/psol50\",\"https:\/\/x.com\/psol50\",\"https:\/\/www.instagram.com\/psol50\/\",\"https:\/\/www.youtube.com\/channel\/UC7SnJS5o1os7a6CaiNabzcg\"]},{\"@type\":\"Person\",\"@id\":\"https:\/\/psol50.org.br\/#\/schema\/person\/475dfa57d0b815993c714c2e96491fcd\",\"name\":\"Comunica\u00e7\u00e3o PSOL\",\"image\":{\"@type\":\"ImageObject\",\"inLanguage\":\"pt-BR\",\"@id\":\"https:\/\/psol50.org.br\/#\/schema\/person\/image\/\",\"url\":\"https:\/\/secure.gravatar.com\/avatar\/b34fc4f4e468a4e51785917065a3db57b841f5c95dba6ad8c73aaf8f66f8f9bf?s=96&d=mm&r=g\",\"contentUrl\":\"https:\/\/secure.gravatar.com\/avatar\/b34fc4f4e468a4e51785917065a3db57b841f5c95dba6ad8c73aaf8f66f8f9bf?s=96&d=mm&r=g\",\"caption\":\"Comunica\u00e7\u00e3o PSOL\"}}]}<\/script>\n<!-- \/ Yoast SEO plugin. -->","yoast_head_json":{"title":"Por solicita\u00e7\u00e3o de Edmilson Rodrigues, Rodrigo Maia receber\u00e1 comiss\u00e3o de ind\u00edgenas - PSOL 50","robots":{"index":"index","follow":"follow","max-snippet":"max-snippet:-1","max-image-preview":"max-image-preview:large","max-video-preview":"max-video-preview:-1"},"canonical":"https:\/\/psol50.org.br\/por-solicitacao-de-edmilson-rodrigues-rodrigo-maia-recebera-comissao-de-indigenas\/","og_locale":"pt_BR","og_type":"article","og_title":"Por solicita\u00e7\u00e3o de Edmilson Rodrigues, Rodrigo Maia receber\u00e1 comiss\u00e3o de ind\u00edgenas - PSOL 50","og_description":"Quase quatro mil ind\u00edgenas est\u00e3o em Bras\u00edlia nesta semana participando do Acampamento Terra Livre. Uma comiss\u00e3o ser\u00e1 recebida pelo presidente da C\u00e2mara Rodrigo Maia (DEM\/RJ) nesta quarta-feira (26\/4), pela manh\u00e3, a pedido do deputado Edmilson Rodrigues (PSOL\/PA). Os ind\u00edgenas pretendem discutir com o presidente a ofensiva contra seus direitos presentes em dezenas de projetos de [&hellip;]","og_url":"https:\/\/psol50.org.br\/por-solicitacao-de-edmilson-rodrigues-rodrigo-maia-recebera-comissao-de-indigenas\/","og_site_name":"PSOL 50","article_publisher":"https:\/\/www.facebook.com\/psol50","article_published_time":"2017-04-26T12:28:27+00:00","og_image":[{"width":1280,"height":850,"url":"https:\/\/psol50.org.br\/inc\/uploads\/2017\/04\/Indigena_TerraLivre_Ninja.jpg","type":"image\/jpeg"}],"author":"Comunica\u00e7\u00e3o PSOL","twitter_card":"summary_large_image","twitter_creator":"@psol50","twitter_site":"@psol50","twitter_misc":{"Escrito por":"Comunica\u00e7\u00e3o PSOL","Est. tempo de leitura":"2 minutos"},"schema":{"@context":"https:\/\/schema.org","@graph":[{"@type":"Article","@id":"https:\/\/psol50.org.br\/por-solicitacao-de-edmilson-rodrigues-rodrigo-maia-recebera-comissao-de-indigenas\/#article","isPartOf":{"@id":"https:\/\/psol50.org.br\/por-solicitacao-de-edmilson-rodrigues-rodrigo-maia-recebera-comissao-de-indigenas\/"},"author":{"name":"Comunica\u00e7\u00e3o PSOL","@id":"https:\/\/psol50.org.br\/#\/schema\/person\/475dfa57d0b815993c714c2e96491fcd"},"headline":"Por solicita\u00e7\u00e3o de Edmilson Rodrigues, Rodrigo Maia receber\u00e1 comiss\u00e3o de ind\u00edgenas","datePublished":"2017-04-26T12:28:27+00:00","mainEntityOfPage":{"@id":"https:\/\/psol50.org.br\/por-solicitacao-de-edmilson-rodrigues-rodrigo-maia-recebera-comissao-de-indigenas\/"},"wordCount":409,"commentCount":0,"publisher":{"@id":"https:\/\/psol50.org.br\/#organization"},"image":{"@id":"https:\/\/psol50.org.br\/por-solicitacao-de-edmilson-rodrigues-rodrigo-maia-recebera-comissao-de-indigenas\/#primaryimage"},"thumbnailUrl":"https:\/\/psol50.org.br\/inc\/uploads\/2017\/04\/Indigena_TerraLivre_Ninja.jpg","keywords":["acampamento Terra Livre","Edmilson Rodrigues","Ind\u00edgenas","pol\u00edcia legislativa","Rodrigo Maia","trucul\u00eancia"],"articleSection":["A\u00e7\u00e3o Parlamentar","Brasil","Movimento","Not\u00edcias"],"inLanguage":"pt-BR","potentialAction":[{"@type":"CommentAction","name":"Comment","target":["https:\/\/psol50.org.br\/por-solicitacao-de-edmilson-rodrigues-rodrigo-maia-recebera-comissao-de-indigenas\/#respond"]}]},{"@type":"WebPage","@id":"https:\/\/psol50.org.br\/por-solicitacao-de-edmilson-rodrigues-rodrigo-maia-recebera-comissao-de-indigenas\/","url":"https:\/\/psol50.org.br\/por-solicitacao-de-edmilson-rodrigues-rodrigo-maia-recebera-comissao-de-indigenas\/","name":"Por solicita\u00e7\u00e3o de Edmilson Rodrigues, Rodrigo Maia receber\u00e1 comiss\u00e3o de ind\u00edgenas - PSOL 50","isPartOf":{"@id":"https:\/\/psol50.org.br\/#website"},"primaryImageOfPage":{"@id":"https:\/\/psol50.org.br\/por-solicitacao-de-edmilson-rodrigues-rodrigo-maia-recebera-comissao-de-indigenas\/#primaryimage"},"image":{"@id":"https:\/\/psol50.org.br\/por-solicitacao-de-edmilson-rodrigues-rodrigo-maia-recebera-comissao-de-indigenas\/#primaryimage"},"thumbnailUrl":"https:\/\/psol50.org.br\/inc\/uploads\/2017\/04\/Indigena_TerraLivre_Ninja.jpg","datePublished":"2017-04-26T12:28:27+00:00","breadcrumb":{"@id":"https:\/\/psol50.org.br\/por-solicitacao-de-edmilson-rodrigues-rodrigo-maia-recebera-comissao-de-indigenas\/#breadcrumb"},"inLanguage":"pt-BR","potentialAction":[{"@type":"ReadAction","target":["https:\/\/psol50.org.br\/por-solicitacao-de-edmilson-rodrigues-rodrigo-maia-recebera-comissao-de-indigenas\/"]}]},{"@type":"ImageObject","inLanguage":"pt-BR","@id":"https:\/\/psol50.org.br\/por-solicitacao-de-edmilson-rodrigues-rodrigo-maia-recebera-comissao-de-indigenas\/#primaryimage","url":"https:\/\/psol50.org.br\/inc\/uploads\/2017\/04\/Indigena_TerraLivre_Ninja.jpg","contentUrl":"https:\/\/psol50.org.br\/inc\/uploads\/2017\/04\/Indigena_TerraLivre_Ninja.jpg","width":1280,"height":850},{"@type":"BreadcrumbList","@id":"https:\/\/psol50.org.br\/por-solicitacao-de-edmilson-rodrigues-rodrigo-maia-recebera-comissao-de-indigenas\/#breadcrumb","itemListElement":[{"@type":"ListItem","position":1,"name":"In\u00edcio","item":"https:\/\/psol50.org.br\/"},{"@type":"ListItem","position":2,"name":"Por solicita\u00e7\u00e3o de Edmilson Rodrigues, Rodrigo Maia receber\u00e1 comiss\u00e3o de ind\u00edgenas"}]},{"@type":"WebSite","@id":"https:\/\/psol50.org.br\/#website","url":"https:\/\/psol50.org.br\/","name":"PSOL 50","description":"Site oficial do Partido Socialismo e Liberdade","publisher":{"@id":"https:\/\/psol50.org.br\/#organization"},"alternateName":"PSOL50","potentialAction":[{"@type":"SearchAction","target":{"@type":"EntryPoint","urlTemplate":"https:\/\/psol50.org.br\/?s={search_term_string}"},"query-input":{"@type":"PropertyValueSpecification","valueRequired":true,"valueName":"search_term_string"}}],"inLanguage":"pt-BR"},{"@type":"Organization","@id":"https:\/\/psol50.org.br\/#organization","name":"PSOL 50","alternateName":"PSOL 50","url":"https:\/\/psol50.org.br\/","logo":{"@type":"ImageObject","inLanguage":"pt-BR","@id":"https:\/\/psol50.org.br\/#\/schema\/logo\/image\/","url":"https:\/\/psol50.org.br\/inc\/uploads\/2018\/07\/capa.png","contentUrl":"https:\/\/psol50.org.br\/inc\/uploads\/2018\/07\/capa.png","width":1350,"height":900,"caption":"PSOL 50"},"image":{"@id":"https:\/\/psol50.org.br\/#\/schema\/logo\/image\/"},"sameAs":["https:\/\/www.facebook.com\/psol50","https:\/\/x.com\/psol50","https:\/\/www.instagram.com\/psol50\/","https:\/\/www.youtube.com\/channel\/UC7SnJS5o1os7a6CaiNabzcg"]},{"@type":"Person","@id":"https:\/\/psol50.org.br\/#\/schema\/person\/475dfa57d0b815993c714c2e96491fcd","name":"Comunica\u00e7\u00e3o PSOL","image":{"@type":"ImageObject","inLanguage":"pt-BR","@id":"https:\/\/psol50.org.br\/#\/schema\/person\/image\/","url":"https:\/\/secure.gravatar.com\/avatar\/b34fc4f4e468a4e51785917065a3db57b841f5c95dba6ad8c73aaf8f66f8f9bf?s=96&d=mm&r=g","contentUrl":"https:\/\/secure.gravatar.com\/avatar\/b34fc4f4e468a4e51785917065a3db57b841f5c95dba6ad8c73aaf8f66f8f9bf?s=96&d=mm&r=g","caption":"Comunica\u00e7\u00e3o PSOL"}}]}},"_links":{"self":[{"href":"https:\/\/psol50.org.br\/rest\/wp\/v2\/posts\/16328","targetHints":{"allow":["GET"]}}],"collection":[{"href":"https:\/\/psol50.org.br\/rest\/wp\/v2\/posts"}],"about":[{"href":"https:\/\/psol50.org.br\/rest\/wp\/v2\/types\/post"}],"author":[{"embeddable":true,"href":"https:\/\/psol50.org.br\/rest\/wp\/v2\/users\/2"}],"replies":[{"embeddable":true,"href":"https:\/\/psol50.org.br\/rest\/wp\/v2\/comments?post=16328"}],"version-history":[{"count":0,"href":"https:\/\/psol50.org.br\/rest\/wp\/v2\/posts\/16328\/revisions"}],"wp:featuredmedia":[{"embeddable":true,"href":"https:\/\/psol50.org.br\/rest\/wp\/v2\/media\/16352"}],"wp:attachment":[{"href":"https:\/\/psol50.org.br\/rest\/wp\/v2\/media?parent=16328"}],"wp:term":[{"taxonomy":"category","embeddable":true,"href":"https:\/\/psol50.org.br\/rest\/wp\/v2\/categories?post=16328"},{"taxonomy":"post_tag","embeddable":true,"href":"https:\/\/psol50.org.br\/rest\/wp\/v2\/tags?post=16328"}],"curies":[{"name":"wp","href":"https:\/\/api.w.org\/{rel}","templated":true}]}}