{"id":1635,"date":"2011-09-30T00:00:00","date_gmt":"2011-09-30T00:00:00","guid":{"rendered":"http:\/\/psol50.org.br\/arquivo\/2011\/09\/30\/joao-alfredo-protesta-contra-representante-da-especulacao-imobiliaria-em-fortaleza\/"},"modified":"2011-09-30T00:00:00","modified_gmt":"2011-09-30T00:00:00","slug":"joao-alfredo-protesta-contra-representante-da-especulacao-imobiliaria-em-fortaleza","status":"publish","type":"post","link":"https:\/\/psol50.org.br\/joao-alfredo-protesta-contra-representante-da-especulacao-imobiliaria-em-fortaleza\/","title":{"rendered":"Jo\u00e3o Alfredo protesta contra representante da especula\u00e7\u00e3o imobili\u00e1ria em Fortaleza"},"content":{"rendered":"<p style=\"text-align: justify\"><a rel=\"attachment wp-att-172536\" href=\"http:\/\/psol50.org.br\/?attachment_id=172536\"><img loading=\"lazy\" decoding=\"async\" src=\"http:\/\/blog.opovo.com.br\/blogdoeliomar\/files\/2011\/09\/magaly-550x369.jpg\" alt=\"\" width=\"440\" height=\"295\" \/><\/a><\/p>\n<p style=\"text-align: justify\">Alegando um \u201cgrave equ\u00edvoco jur\u00eddico\u201d no texto da lei que pro\u00edbe  interven\u00e7\u00f5es urbanas nas Dunas do Coc\u00f3, aprovada pela C\u00e2mara Municipal  em 2009, a vereadora<strong> Magaly Marques<\/strong> (PMDB) apresentou \u00e0  Comiss\u00e3o Especial do Plano Diretor da Casa uma emenda complementar que  anula a transforma\u00e7\u00e3o das dunas numa \u00c1rea de Revelante Interesse  Ecol\u00f3gico (Arie). Ou seja, se aprovado, o projeto torna o local uma Zona  de Interesse Ambiental (ZIA), permitindo que edifica\u00e7\u00f5es sejam  erguidas.<\/p>\n<p style=\"text-align: justify\">Segundo a vereadora, a lei, de autoria do<strong> vereador Jo\u00e3o Alfredo  (Psol)<\/strong>, \u00e9 de origem ordin\u00e1ria, quando deveria ser oriunda de uma lei  complementar, por se tratar de uma altera\u00e7\u00e3o no Plano Diretor do  Munic\u00edpio. Magaly argumentou que o procedimento adotado foi \u201cilegal\u201d.<\/p>\n<p style=\"text-align: justify\">\u201cEssa \u00e9 uma oportunidade limpar, de corrigir esse equ\u00edvoco grave, que  come\u00e7a desde a tramita\u00e7\u00e3o da mat\u00e9ria. Tenho inclusive pareceres do  Minist\u00e9rio P\u00fablico e Ordem dos Advogados concordando com minha conduta\u201d,  afirmou.<\/p>\n<p style=\"text-align: justify\"><strong>\u201cLei \u00e9 constitucional\u201d<\/strong><\/p>\n<p style=\"text-align: justify\">Contudo, o vereador Jo\u00e3o Alfredo defendeu no Plen\u00e1rio da C\u00e2mara que a  lei foi aprovada n\u00e3o s\u00f3 com apoio da Casa Legislativa, como tamb\u00e9m da  Procuradoria Geral de Justi\u00e7a (PGJ), da Procuradoria Geral do Munic\u00edpio  (PGM) e da Procuradoria Geral do Estado (PGE), que a declararam  constitucional.<\/p>\n<p style=\"text-align: justify\"><em><strong>\u201cA Arie Dunas do Coc\u00f3 foi aprovada pela C\u00e2mara com 27 votos  favor\u00e1veis e sancionada em outubro de 2009, pela prefeita Luizianne Lins  (PT), garantindo a prote\u00e7\u00e3o de uma \u00e1rea muito importante da Capital\u201d,  destacou Jo\u00e3o Alfredo.<\/strong><\/em><\/p>\n<p style=\"text-align: justify\"><em><strong> <\/strong><\/em><\/p>\n<p style=\"text-align: justify\"><em><strong>O parlamentar pediu que a emenda seja rejeitada pela comiss\u00e3o do  Plano Diretor. \u201cN\u00e3o vamos aproveitar o Plano Diretor para revogar a  lei\u201d, salientou Jo\u00e3o Alfredo.<\/strong><\/em><\/p>\n<p style=\"text-align: justify\"><a href=\"http:\/\/blog.opovo.com.br\/blogdoeliomar\/vereadora-quer-anular-lei-que-preserva-as-dunas-do-coco\/?utm_source=feedburner&amp;utm_medium=feed&amp;utm_campaign=Feed%3A+OPovoOnline-BlogDoEliomar+%28O+Povo+Online+-+Blog+do+Eliomar%29\"><em><strong>(O POVO)<\/strong><\/em><\/a><\/p>\n","protected":false},"excerpt":{"rendered":"<p>Alegando um \u201cgrave equ\u00edvoco jur\u00eddico\u201d no texto da lei que pro\u00edbe interven\u00e7\u00f5es urbanas nas Dunas do Coc\u00f3, aprovada pela C\u00e2mara Municipal em 2009, a vereadora Magaly Marques (PMDB) apresentou \u00e0 Comiss\u00e3o Especial do Plano Diretor da Casa uma emenda complementar que anula a transforma\u00e7\u00e3o das dunas numa \u00c1rea de Revelante Interesse Ecol\u00f3gico (Arie). Ou seja, [&hellip;]<\/p>\n","protected":false},"author":2,"featured_media":0,"comment_status":"open","ping_status":"open","sticky":false,"template":"","format":"standard","meta":{"_acf_changed":false,"footnotes":""},"categories":[4766],"tags":[],"class_list":{"0":"post-1635","1":"post","2":"type-post","3":"status-publish","4":"format-standard","6":"category-arquivo"},"acf":[],"yoast_head":"<!-- This site is optimized with the Yoast SEO plugin v26.5 - https:\/\/yoast.com\/wordpress\/plugins\/seo\/ -->\n<title>Jo\u00e3o Alfredo protesta contra representante da especula\u00e7\u00e3o imobili\u00e1ria em Fortaleza - PSOL 50<\/title>\n<meta name=\"robots\" content=\"index, follow, max-snippet:-1, max-image-preview:large, max-video-preview:-1\" \/>\n<link rel=\"canonical\" href=\"https:\/\/psol50.org.br\/joao-alfredo-protesta-contra-representante-da-especulacao-imobiliaria-em-fortaleza\/\" \/>\n<meta property=\"og:locale\" content=\"pt_BR\" \/>\n<meta property=\"og:type\" content=\"article\" \/>\n<meta property=\"og:title\" content=\"Jo\u00e3o Alfredo protesta contra representante da especula\u00e7\u00e3o imobili\u00e1ria em Fortaleza - PSOL 50\" \/>\n<meta property=\"og:description\" content=\"Alegando um \u201cgrave equ\u00edvoco jur\u00eddico\u201d no texto da lei que pro\u00edbe interven\u00e7\u00f5es urbanas nas Dunas do Coc\u00f3, aprovada pela C\u00e2mara Municipal em 2009, a vereadora Magaly Marques (PMDB) apresentou \u00e0 Comiss\u00e3o Especial do Plano Diretor da Casa uma emenda complementar que anula a transforma\u00e7\u00e3o das dunas numa \u00c1rea de Revelante Interesse Ecol\u00f3gico (Arie). Ou seja, [&hellip;]\" \/>\n<meta property=\"og:url\" content=\"https:\/\/psol50.org.br\/joao-alfredo-protesta-contra-representante-da-especulacao-imobiliaria-em-fortaleza\/\" \/>\n<meta property=\"og:site_name\" content=\"PSOL 50\" \/>\n<meta property=\"article:publisher\" content=\"https:\/\/www.facebook.com\/psol50\" \/>\n<meta property=\"article:published_time\" content=\"2011-09-30T00:00:00+00:00\" \/>\n<meta property=\"og:image\" content=\"http:\/\/blog.opovo.com.br\/blogdoeliomar\/files\/2011\/09\/magaly-550x369.jpg\" \/>\n<meta name=\"author\" content=\"Comunica\u00e7\u00e3o PSOL\" \/>\n<meta name=\"twitter:card\" content=\"summary_large_image\" \/>\n<meta name=\"twitter:creator\" content=\"@psol50\" \/>\n<meta name=\"twitter:site\" content=\"@psol50\" \/>\n<meta name=\"twitter:label1\" content=\"Escrito por\" \/>\n\t<meta name=\"twitter:data1\" content=\"Comunica\u00e7\u00e3o PSOL\" \/>\n\t<meta name=\"twitter:label2\" content=\"Est. tempo de leitura\" \/>\n\t<meta name=\"twitter:data2\" content=\"1 minuto\" \/>\n<script type=\"application\/ld+json\" class=\"yoast-schema-graph\">{\"@context\":\"https:\/\/schema.org\",\"@graph\":[{\"@type\":\"Article\",\"@id\":\"https:\/\/psol50.org.br\/joao-alfredo-protesta-contra-representante-da-especulacao-imobiliaria-em-fortaleza\/#article\",\"isPartOf\":{\"@id\":\"https:\/\/psol50.org.br\/joao-alfredo-protesta-contra-representante-da-especulacao-imobiliaria-em-fortaleza\/\"},\"author\":{\"name\":\"Comunica\u00e7\u00e3o PSOL\",\"@id\":\"https:\/\/psol50.org.br\/#\/schema\/person\/475dfa57d0b815993c714c2e96491fcd\"},\"headline\":\"Jo\u00e3o Alfredo protesta contra representante da especula\u00e7\u00e3o imobili\u00e1ria em Fortaleza\",\"datePublished\":\"2011-09-30T00:00:00+00:00\",\"mainEntityOfPage\":{\"@id\":\"https:\/\/psol50.org.br\/joao-alfredo-protesta-contra-representante-da-especulacao-imobiliaria-em-fortaleza\/\"},\"wordCount\":302,\"commentCount\":0,\"publisher\":{\"@id\":\"https:\/\/psol50.org.br\/#organization\"},\"image\":{\"@id\":\"https:\/\/psol50.org.br\/joao-alfredo-protesta-contra-representante-da-especulacao-imobiliaria-em-fortaleza\/#primaryimage\"},\"thumbnailUrl\":\"http:\/\/blog.opovo.com.br\/blogdoeliomar\/files\/2011\/09\/magaly-550x369.jpg\",\"articleSection\":[\"Arquivo\"],\"inLanguage\":\"pt-BR\",\"potentialAction\":[{\"@type\":\"CommentAction\",\"name\":\"Comment\",\"target\":[\"https:\/\/psol50.org.br\/joao-alfredo-protesta-contra-representante-da-especulacao-imobiliaria-em-fortaleza\/#respond\"]}]},{\"@type\":\"WebPage\",\"@id\":\"https:\/\/psol50.org.br\/joao-alfredo-protesta-contra-representante-da-especulacao-imobiliaria-em-fortaleza\/\",\"url\":\"https:\/\/psol50.org.br\/joao-alfredo-protesta-contra-representante-da-especulacao-imobiliaria-em-fortaleza\/\",\"name\":\"Jo\u00e3o Alfredo protesta contra representante da especula\u00e7\u00e3o imobili\u00e1ria em Fortaleza - PSOL 50\",\"isPartOf\":{\"@id\":\"https:\/\/psol50.org.br\/#website\"},\"primaryImageOfPage\":{\"@id\":\"https:\/\/psol50.org.br\/joao-alfredo-protesta-contra-representante-da-especulacao-imobiliaria-em-fortaleza\/#primaryimage\"},\"image\":{\"@id\":\"https:\/\/psol50.org.br\/joao-alfredo-protesta-contra-representante-da-especulacao-imobiliaria-em-fortaleza\/#primaryimage\"},\"thumbnailUrl\":\"http:\/\/blog.opovo.com.br\/blogdoeliomar\/files\/2011\/09\/magaly-550x369.jpg\",\"datePublished\":\"2011-09-30T00:00:00+00:00\",\"breadcrumb\":{\"@id\":\"https:\/\/psol50.org.br\/joao-alfredo-protesta-contra-representante-da-especulacao-imobiliaria-em-fortaleza\/#breadcrumb\"},\"inLanguage\":\"pt-BR\",\"potentialAction\":[{\"@type\":\"ReadAction\",\"target\":[\"https:\/\/psol50.org.br\/joao-alfredo-protesta-contra-representante-da-especulacao-imobiliaria-em-fortaleza\/\"]}]},{\"@type\":\"ImageObject\",\"inLanguage\":\"pt-BR\",\"@id\":\"https:\/\/psol50.org.br\/joao-alfredo-protesta-contra-representante-da-especulacao-imobiliaria-em-fortaleza\/#primaryimage\",\"url\":\"http:\/\/blog.opovo.com.br\/blogdoeliomar\/files\/2011\/09\/magaly-550x369.jpg\",\"contentUrl\":\"http:\/\/blog.opovo.com.br\/blogdoeliomar\/files\/2011\/09\/magaly-550x369.jpg\"},{\"@type\":\"BreadcrumbList\",\"@id\":\"https:\/\/psol50.org.br\/joao-alfredo-protesta-contra-representante-da-especulacao-imobiliaria-em-fortaleza\/#breadcrumb\",\"itemListElement\":[{\"@type\":\"ListItem\",\"position\":1,\"name\":\"In\u00edcio\",\"item\":\"https:\/\/psol50.org.br\/\"},{\"@type\":\"ListItem\",\"position\":2,\"name\":\"Jo\u00e3o Alfredo protesta contra representante da especula\u00e7\u00e3o imobili\u00e1ria em Fortaleza\"}]},{\"@type\":\"WebSite\",\"@id\":\"https:\/\/psol50.org.br\/#website\",\"url\":\"https:\/\/psol50.org.br\/\",\"name\":\"PSOL 50\",\"description\":\"Site oficial do Partido Socialismo e Liberdade\",\"publisher\":{\"@id\":\"https:\/\/psol50.org.br\/#organization\"},\"alternateName\":\"PSOL50\",\"potentialAction\":[{\"@type\":\"SearchAction\",\"target\":{\"@type\":\"EntryPoint\",\"urlTemplate\":\"https:\/\/psol50.org.br\/?s={search_term_string}\"},\"query-input\":{\"@type\":\"PropertyValueSpecification\",\"valueRequired\":true,\"valueName\":\"search_term_string\"}}],\"inLanguage\":\"pt-BR\"},{\"@type\":\"Organization\",\"@id\":\"https:\/\/psol50.org.br\/#organization\",\"name\":\"PSOL 50\",\"alternateName\":\"PSOL 50\",\"url\":\"https:\/\/psol50.org.br\/\",\"logo\":{\"@type\":\"ImageObject\",\"inLanguage\":\"pt-BR\",\"@id\":\"https:\/\/psol50.org.br\/#\/schema\/logo\/image\/\",\"url\":\"https:\/\/psol50.org.br\/inc\/uploads\/2018\/07\/capa.png\",\"contentUrl\":\"https:\/\/psol50.org.br\/inc\/uploads\/2018\/07\/capa.png\",\"width\":1350,\"height\":900,\"caption\":\"PSOL 50\"},\"image\":{\"@id\":\"https:\/\/psol50.org.br\/#\/schema\/logo\/image\/\"},\"sameAs\":[\"https:\/\/www.facebook.com\/psol50\",\"https:\/\/x.com\/psol50\",\"https:\/\/www.instagram.com\/psol50\/\",\"https:\/\/www.youtube.com\/channel\/UC7SnJS5o1os7a6CaiNabzcg\"]},{\"@type\":\"Person\",\"@id\":\"https:\/\/psol50.org.br\/#\/schema\/person\/475dfa57d0b815993c714c2e96491fcd\",\"name\":\"Comunica\u00e7\u00e3o PSOL\",\"image\":{\"@type\":\"ImageObject\",\"inLanguage\":\"pt-BR\",\"@id\":\"https:\/\/psol50.org.br\/#\/schema\/person\/image\/\",\"url\":\"https:\/\/secure.gravatar.com\/avatar\/b34fc4f4e468a4e51785917065a3db57b841f5c95dba6ad8c73aaf8f66f8f9bf?s=96&d=mm&r=g\",\"contentUrl\":\"https:\/\/secure.gravatar.com\/avatar\/b34fc4f4e468a4e51785917065a3db57b841f5c95dba6ad8c73aaf8f66f8f9bf?s=96&d=mm&r=g\",\"caption\":\"Comunica\u00e7\u00e3o PSOL\"}}]}<\/script>\n<!-- \/ Yoast SEO plugin. -->","yoast_head_json":{"title":"Jo\u00e3o Alfredo protesta contra representante da especula\u00e7\u00e3o imobili\u00e1ria em Fortaleza - PSOL 50","robots":{"index":"index","follow":"follow","max-snippet":"max-snippet:-1","max-image-preview":"max-image-preview:large","max-video-preview":"max-video-preview:-1"},"canonical":"https:\/\/psol50.org.br\/joao-alfredo-protesta-contra-representante-da-especulacao-imobiliaria-em-fortaleza\/","og_locale":"pt_BR","og_type":"article","og_title":"Jo\u00e3o Alfredo protesta contra representante da especula\u00e7\u00e3o imobili\u00e1ria em Fortaleza - PSOL 50","og_description":"Alegando um \u201cgrave equ\u00edvoco jur\u00eddico\u201d no texto da lei que pro\u00edbe interven\u00e7\u00f5es urbanas nas Dunas do Coc\u00f3, aprovada pela C\u00e2mara Municipal em 2009, a vereadora Magaly Marques (PMDB) apresentou \u00e0 Comiss\u00e3o Especial do Plano Diretor da Casa uma emenda complementar que anula a transforma\u00e7\u00e3o das dunas numa \u00c1rea de Revelante Interesse Ecol\u00f3gico (Arie). Ou seja, [&hellip;]","og_url":"https:\/\/psol50.org.br\/joao-alfredo-protesta-contra-representante-da-especulacao-imobiliaria-em-fortaleza\/","og_site_name":"PSOL 50","article_publisher":"https:\/\/www.facebook.com\/psol50","article_published_time":"2011-09-30T00:00:00+00:00","og_image":[{"url":"http:\/\/blog.opovo.com.br\/blogdoeliomar\/files\/2011\/09\/magaly-550x369.jpg","type":"","width":"","height":""}],"author":"Comunica\u00e7\u00e3o PSOL","twitter_card":"summary_large_image","twitter_creator":"@psol50","twitter_site":"@psol50","twitter_misc":{"Escrito por":"Comunica\u00e7\u00e3o PSOL","Est. tempo de leitura":"1 minuto"},"schema":{"@context":"https:\/\/schema.org","@graph":[{"@type":"Article","@id":"https:\/\/psol50.org.br\/joao-alfredo-protesta-contra-representante-da-especulacao-imobiliaria-em-fortaleza\/#article","isPartOf":{"@id":"https:\/\/psol50.org.br\/joao-alfredo-protesta-contra-representante-da-especulacao-imobiliaria-em-fortaleza\/"},"author":{"name":"Comunica\u00e7\u00e3o PSOL","@id":"https:\/\/psol50.org.br\/#\/schema\/person\/475dfa57d0b815993c714c2e96491fcd"},"headline":"Jo\u00e3o Alfredo protesta contra representante da especula\u00e7\u00e3o imobili\u00e1ria em Fortaleza","datePublished":"2011-09-30T00:00:00+00:00","mainEntityOfPage":{"@id":"https:\/\/psol50.org.br\/joao-alfredo-protesta-contra-representante-da-especulacao-imobiliaria-em-fortaleza\/"},"wordCount":302,"commentCount":0,"publisher":{"@id":"https:\/\/psol50.org.br\/#organization"},"image":{"@id":"https:\/\/psol50.org.br\/joao-alfredo-protesta-contra-representante-da-especulacao-imobiliaria-em-fortaleza\/#primaryimage"},"thumbnailUrl":"http:\/\/blog.opovo.com.br\/blogdoeliomar\/files\/2011\/09\/magaly-550x369.jpg","articleSection":["Arquivo"],"inLanguage":"pt-BR","potentialAction":[{"@type":"CommentAction","name":"Comment","target":["https:\/\/psol50.org.br\/joao-alfredo-protesta-contra-representante-da-especulacao-imobiliaria-em-fortaleza\/#respond"]}]},{"@type":"WebPage","@id":"https:\/\/psol50.org.br\/joao-alfredo-protesta-contra-representante-da-especulacao-imobiliaria-em-fortaleza\/","url":"https:\/\/psol50.org.br\/joao-alfredo-protesta-contra-representante-da-especulacao-imobiliaria-em-fortaleza\/","name":"Jo\u00e3o Alfredo protesta contra representante da especula\u00e7\u00e3o imobili\u00e1ria em Fortaleza - PSOL 50","isPartOf":{"@id":"https:\/\/psol50.org.br\/#website"},"primaryImageOfPage":{"@id":"https:\/\/psol50.org.br\/joao-alfredo-protesta-contra-representante-da-especulacao-imobiliaria-em-fortaleza\/#primaryimage"},"image":{"@id":"https:\/\/psol50.org.br\/joao-alfredo-protesta-contra-representante-da-especulacao-imobiliaria-em-fortaleza\/#primaryimage"},"thumbnailUrl":"http:\/\/blog.opovo.com.br\/blogdoeliomar\/files\/2011\/09\/magaly-550x369.jpg","datePublished":"2011-09-30T00:00:00+00:00","breadcrumb":{"@id":"https:\/\/psol50.org.br\/joao-alfredo-protesta-contra-representante-da-especulacao-imobiliaria-em-fortaleza\/#breadcrumb"},"inLanguage":"pt-BR","potentialAction":[{"@type":"ReadAction","target":["https:\/\/psol50.org.br\/joao-alfredo-protesta-contra-representante-da-especulacao-imobiliaria-em-fortaleza\/"]}]},{"@type":"ImageObject","inLanguage":"pt-BR","@id":"https:\/\/psol50.org.br\/joao-alfredo-protesta-contra-representante-da-especulacao-imobiliaria-em-fortaleza\/#primaryimage","url":"http:\/\/blog.opovo.com.br\/blogdoeliomar\/files\/2011\/09\/magaly-550x369.jpg","contentUrl":"http:\/\/blog.opovo.com.br\/blogdoeliomar\/files\/2011\/09\/magaly-550x369.jpg"},{"@type":"BreadcrumbList","@id":"https:\/\/psol50.org.br\/joao-alfredo-protesta-contra-representante-da-especulacao-imobiliaria-em-fortaleza\/#breadcrumb","itemListElement":[{"@type":"ListItem","position":1,"name":"In\u00edcio","item":"https:\/\/psol50.org.br\/"},{"@type":"ListItem","position":2,"name":"Jo\u00e3o Alfredo protesta contra representante da especula\u00e7\u00e3o imobili\u00e1ria em Fortaleza"}]},{"@type":"WebSite","@id":"https:\/\/psol50.org.br\/#website","url":"https:\/\/psol50.org.br\/","name":"PSOL 50","description":"Site oficial do Partido Socialismo e Liberdade","publisher":{"@id":"https:\/\/psol50.org.br\/#organization"},"alternateName":"PSOL50","potentialAction":[{"@type":"SearchAction","target":{"@type":"EntryPoint","urlTemplate":"https:\/\/psol50.org.br\/?s={search_term_string}"},"query-input":{"@type":"PropertyValueSpecification","valueRequired":true,"valueName":"search_term_string"}}],"inLanguage":"pt-BR"},{"@type":"Organization","@id":"https:\/\/psol50.org.br\/#organization","name":"PSOL 50","alternateName":"PSOL 50","url":"https:\/\/psol50.org.br\/","logo":{"@type":"ImageObject","inLanguage":"pt-BR","@id":"https:\/\/psol50.org.br\/#\/schema\/logo\/image\/","url":"https:\/\/psol50.org.br\/inc\/uploads\/2018\/07\/capa.png","contentUrl":"https:\/\/psol50.org.br\/inc\/uploads\/2018\/07\/capa.png","width":1350,"height":900,"caption":"PSOL 50"},"image":{"@id":"https:\/\/psol50.org.br\/#\/schema\/logo\/image\/"},"sameAs":["https:\/\/www.facebook.com\/psol50","https:\/\/x.com\/psol50","https:\/\/www.instagram.com\/psol50\/","https:\/\/www.youtube.com\/channel\/UC7SnJS5o1os7a6CaiNabzcg"]},{"@type":"Person","@id":"https:\/\/psol50.org.br\/#\/schema\/person\/475dfa57d0b815993c714c2e96491fcd","name":"Comunica\u00e7\u00e3o PSOL","image":{"@type":"ImageObject","inLanguage":"pt-BR","@id":"https:\/\/psol50.org.br\/#\/schema\/person\/image\/","url":"https:\/\/secure.gravatar.com\/avatar\/b34fc4f4e468a4e51785917065a3db57b841f5c95dba6ad8c73aaf8f66f8f9bf?s=96&d=mm&r=g","contentUrl":"https:\/\/secure.gravatar.com\/avatar\/b34fc4f4e468a4e51785917065a3db57b841f5c95dba6ad8c73aaf8f66f8f9bf?s=96&d=mm&r=g","caption":"Comunica\u00e7\u00e3o PSOL"}}]}},"_links":{"self":[{"href":"https:\/\/psol50.org.br\/rest\/wp\/v2\/posts\/1635","targetHints":{"allow":["GET"]}}],"collection":[{"href":"https:\/\/psol50.org.br\/rest\/wp\/v2\/posts"}],"about":[{"href":"https:\/\/psol50.org.br\/rest\/wp\/v2\/types\/post"}],"author":[{"embeddable":true,"href":"https:\/\/psol50.org.br\/rest\/wp\/v2\/users\/2"}],"replies":[{"embeddable":true,"href":"https:\/\/psol50.org.br\/rest\/wp\/v2\/comments?post=1635"}],"version-history":[{"count":0,"href":"https:\/\/psol50.org.br\/rest\/wp\/v2\/posts\/1635\/revisions"}],"wp:attachment":[{"href":"https:\/\/psol50.org.br\/rest\/wp\/v2\/media?parent=1635"}],"wp:term":[{"taxonomy":"category","embeddable":true,"href":"https:\/\/psol50.org.br\/rest\/wp\/v2\/categories?post=1635"},{"taxonomy":"post_tag","embeddable":true,"href":"https:\/\/psol50.org.br\/rest\/wp\/v2\/tags?post=1635"}],"curies":[{"name":"wp","href":"https:\/\/api.w.org\/{rel}","templated":true}]}}