{"id":1638,"date":"2011-10-03T00:00:00","date_gmt":"2011-10-03T00:00:00","guid":{"rendered":"http:\/\/psol50.org.br\/arquivo\/2011\/10\/03\/pela-aplicacao-das-leis-e-politicas-publicas-de-acessibilidade-em-macapa\/"},"modified":"2011-10-03T00:00:00","modified_gmt":"2011-10-03T00:00:00","slug":"pela-aplicacao-das-leis-e-politicas-publicas-de-acessibilidade-em-macapa","status":"publish","type":"post","link":"https:\/\/psol50.org.br\/pela-aplicacao-das-leis-e-politicas-publicas-de-acessibilidade-em-macapa\/","title":{"rendered":"Pela aplica\u00e7\u00e3o das leis e pol\u00edticas p\u00fablicas de acessibilidade em Macap\u00e1"},"content":{"rendered":"<p style=\"text-align: justify\"><a rel=\"attachment wp-att-11227\" href=\"http:\/\/psol50.org.br\/blog\/2011\/10\/03\/pela-aplicacao-das-leis-e-politicas-publicas-de-acessibilidade-em-macapa\/macapa-2\/\"><img loading=\"lazy\" decoding=\"async\" class=\"alignright size-medium wp-image-11227\" src=\"http:\/\/psol50.org.br\/files\/2011\/10\/macapa-2-300x240.jpg\" alt=\"\" width=\"300\" height=\"240\" \/><\/a><em><strong>O vereador Cl\u00e9cio Lu\u00eds (PSOL-MCP-PA) defende aplica\u00e7\u00e3o das leis e pol\u00edticas p\u00fablicas de acessibilidade em Macap\u00e1.<\/strong><\/em><\/p>\n<p>O munic\u00edpio de Macap\u00e1 possui diversas leis de acessibilidade, especialmente \u00e0s pessoas com defici\u00eancia. Mas, infelizmente, o executivo n\u00e3o as cumpre e nem possui pol\u00edticas de inclus\u00e3o. Esse \u00e9 um problema e n\u00e3o s\u00f3 os \u00f3rg\u00e3os fiscalizadores mas a sociedade tem que se conscientizar e se mobilizar para resolver.<\/p>\n<p>Baseado nesta situa\u00e7\u00e3o, o Vereador Cl\u00e9cio Luis participou da 1\u00aa Palestra P\u00fablica do Conselho Estadual dos Direitos da Pessoa com Defici\u00eancia. Na ocasi\u00e3o, o Vereador destacou a import\u00e2ncia da implanta\u00e7\u00e3o de pol\u00edticas p\u00fablicas e cumprimento das Leis voltadas \u00e0 acessibilidade pelos gestores municipais e do or\u00e7amento municipal para possibilitar a aplica\u00e7\u00e3o das leis das pessoas com defici\u00eancia.<\/p>\n<p>O evento foi realizado pelo Conselho dos Direitos da Pessoa com Defici\u00eancia (Condeap) no audit\u00f3rio da Universidade do Estado do Amap\u00e1 (Ueap) para refletir sobre o dia 21 de Setembro, Dia da Luta Nacional das Pessoas com Defici\u00eancia.<\/p>\n<p>O Vereador tem se colocado como ve\u00edculo das entidades e cidad\u00e3os que lutam pela acessibilidade universal. Fruto disso, v\u00e1rios projetos transformaram-se em leis. S\u00e3o elas:<\/p>\n<p>A Lei Geral de Acessibilidade, de No. 1.869\/2011-PMM, que \u00e9 respons\u00e1vel por estabelecer os crit\u00e9rios t\u00e9cnicos para as edifica\u00e7\u00f5es, instala\u00e7\u00f5es, equipamentos p\u00fablicos, mobili\u00e1rios urbanos, bem como observ\u00e2ncia nos projetos \u00e0s normas de acessibilidade universal. Estes crit\u00e9rios s\u00e3o importantes para garantir os direitos das pessoas com defici\u00eancia e mobilidade reduzida numa perspectiva inclusiva.<\/p>\n<p>A Lei de No. 1.839\/2010-PMM, que estabelece que as empresas de \u00f4nibus, que operam de qualquer modo no transporte coletivo no Munic\u00edpio de Macap\u00e1, dever\u00e3o instalar painel de orienta\u00e7\u00e3o contendo n\u00fameros da linha de \u00f4nibus, assim como os itiner\u00e1rios dos mesmos, a fim de possibilitar a plena acessibilidade das pessoas com defici\u00eancia visual.<\/p>\n<p>A Lei de No. 1.840\/2010-PMM, que obriga o Munic\u00edpio a afixar painel em braile e letras ampliadas em alto-contraste, para possibilitar plena leitura dos deficientes visuais, em pelo menos 50% dos abrigos de transporte coletivo do munic\u00edpio de Macap\u00e1, contendo linhas de \u00f4nibus e seus itiner\u00e1rios.<\/p>\n<p>A Lei de No. 1.869\/2011-PMM, que estabelece um percentual m\u00ednimo de 5% das vagas dos contratos administrativo no \u00e2mbito do munic\u00edpio de Macap\u00e1 para as pessoas com defici\u00eancia que se enquadram na Lei 10.690 de 16\/06\/2003.<\/p>\n<p>De acordo com o Vereador Cl\u00e9cio, \u201ca acessibilidade tem que ser universal, ou seja, para todos. Um parque infantil n\u00e3o precisa de brinquedos especiais. Ele tem que ter brinquedos seguros e acess\u00edveis. Aquele que n\u00e3o \u00e9 seguro e acess\u00edvel para uma crian\u00e7a com defici\u00eancia, tamb\u00e9m n\u00e3o ser\u00e1 seguro para outra crian\u00e7a. Isso vale para rampas, pr\u00e9dios p\u00fablicos, cal\u00e7adas e etc.\u201d, afirma.<\/p>\n","protected":false},"excerpt":{"rendered":"<p>O vereador Cl\u00e9cio Lu\u00eds (PSOL-MCP-PA) defende aplica\u00e7\u00e3o das leis e pol\u00edticas p\u00fablicas de acessibilidade em Macap\u00e1. O munic\u00edpio de Macap\u00e1 possui diversas leis de acessibilidade, especialmente \u00e0s pessoas com defici\u00eancia. Mas, infelizmente, o executivo n\u00e3o as cumpre e nem possui pol\u00edticas de inclus\u00e3o. Esse \u00e9 um problema e n\u00e3o s\u00f3 os \u00f3rg\u00e3os fiscalizadores mas a [&hellip;]<\/p>\n","protected":false},"author":2,"featured_media":0,"comment_status":"open","ping_status":"open","sticky":false,"template":"","format":"standard","meta":{"_acf_changed":false,"footnotes":""},"categories":[4766],"tags":[],"class_list":{"0":"post-1638","1":"post","2":"type-post","3":"status-publish","4":"format-standard","6":"category-arquivo"},"acf":[],"yoast_head":"<!-- This site is optimized with the Yoast SEO plugin v26.5 - https:\/\/yoast.com\/wordpress\/plugins\/seo\/ -->\n<title>Pela aplica\u00e7\u00e3o das leis e pol\u00edticas p\u00fablicas de acessibilidade em Macap\u00e1 - PSOL 50<\/title>\n<meta name=\"robots\" content=\"index, follow, max-snippet:-1, max-image-preview:large, max-video-preview:-1\" \/>\n<link rel=\"canonical\" href=\"https:\/\/psol50.org.br\/pela-aplicacao-das-leis-e-politicas-publicas-de-acessibilidade-em-macapa\/\" \/>\n<meta property=\"og:locale\" content=\"pt_BR\" \/>\n<meta property=\"og:type\" content=\"article\" \/>\n<meta property=\"og:title\" content=\"Pela aplica\u00e7\u00e3o das leis e pol\u00edticas p\u00fablicas de acessibilidade em Macap\u00e1 - PSOL 50\" \/>\n<meta property=\"og:description\" content=\"O vereador Cl\u00e9cio Lu\u00eds (PSOL-MCP-PA) defende aplica\u00e7\u00e3o das leis e pol\u00edticas p\u00fablicas de acessibilidade em Macap\u00e1. O munic\u00edpio de Macap\u00e1 possui diversas leis de acessibilidade, especialmente \u00e0s pessoas com defici\u00eancia. Mas, infelizmente, o executivo n\u00e3o as cumpre e nem possui pol\u00edticas de inclus\u00e3o. Esse \u00e9 um problema e n\u00e3o s\u00f3 os \u00f3rg\u00e3os fiscalizadores mas a [&hellip;]\" \/>\n<meta property=\"og:url\" content=\"https:\/\/psol50.org.br\/pela-aplicacao-das-leis-e-politicas-publicas-de-acessibilidade-em-macapa\/\" \/>\n<meta property=\"og:site_name\" content=\"PSOL 50\" \/>\n<meta property=\"article:publisher\" content=\"https:\/\/www.facebook.com\/psol50\" \/>\n<meta property=\"article:published_time\" content=\"2011-10-03T00:00:00+00:00\" \/>\n<meta property=\"og:image\" content=\"http:\/\/psol50.org.br\/files\/2011\/10\/macapa-2-300x240.jpg\" \/>\n<meta name=\"author\" content=\"Comunica\u00e7\u00e3o PSOL\" \/>\n<meta name=\"twitter:card\" content=\"summary_large_image\" \/>\n<meta name=\"twitter:creator\" content=\"@psol50\" \/>\n<meta name=\"twitter:site\" content=\"@psol50\" \/>\n<meta name=\"twitter:label1\" content=\"Escrito por\" \/>\n\t<meta name=\"twitter:data1\" content=\"Comunica\u00e7\u00e3o PSOL\" \/>\n\t<meta name=\"twitter:label2\" content=\"Est. tempo de leitura\" \/>\n\t<meta name=\"twitter:data2\" content=\"2 minutos\" \/>\n<script type=\"application\/ld+json\" class=\"yoast-schema-graph\">{\"@context\":\"https:\/\/schema.org\",\"@graph\":[{\"@type\":\"Article\",\"@id\":\"https:\/\/psol50.org.br\/pela-aplicacao-das-leis-e-politicas-publicas-de-acessibilidade-em-macapa\/#article\",\"isPartOf\":{\"@id\":\"https:\/\/psol50.org.br\/pela-aplicacao-das-leis-e-politicas-publicas-de-acessibilidade-em-macapa\/\"},\"author\":{\"name\":\"Comunica\u00e7\u00e3o PSOL\",\"@id\":\"https:\/\/psol50.org.br\/#\/schema\/person\/475dfa57d0b815993c714c2e96491fcd\"},\"headline\":\"Pela aplica\u00e7\u00e3o das leis e pol\u00edticas p\u00fablicas de acessibilidade em Macap\u00e1\",\"datePublished\":\"2011-10-03T00:00:00+00:00\",\"mainEntityOfPage\":{\"@id\":\"https:\/\/psol50.org.br\/pela-aplicacao-das-leis-e-politicas-publicas-de-acessibilidade-em-macapa\/\"},\"wordCount\":504,\"commentCount\":0,\"publisher\":{\"@id\":\"https:\/\/psol50.org.br\/#organization\"},\"image\":{\"@id\":\"https:\/\/psol50.org.br\/pela-aplicacao-das-leis-e-politicas-publicas-de-acessibilidade-em-macapa\/#primaryimage\"},\"thumbnailUrl\":\"http:\/\/psol50.org.br\/files\/2011\/10\/macapa-2-300x240.jpg\",\"articleSection\":[\"Arquivo\"],\"inLanguage\":\"pt-BR\",\"potentialAction\":[{\"@type\":\"CommentAction\",\"name\":\"Comment\",\"target\":[\"https:\/\/psol50.org.br\/pela-aplicacao-das-leis-e-politicas-publicas-de-acessibilidade-em-macapa\/#respond\"]}]},{\"@type\":\"WebPage\",\"@id\":\"https:\/\/psol50.org.br\/pela-aplicacao-das-leis-e-politicas-publicas-de-acessibilidade-em-macapa\/\",\"url\":\"https:\/\/psol50.org.br\/pela-aplicacao-das-leis-e-politicas-publicas-de-acessibilidade-em-macapa\/\",\"name\":\"Pela aplica\u00e7\u00e3o das leis e pol\u00edticas p\u00fablicas de acessibilidade em Macap\u00e1 - PSOL 50\",\"isPartOf\":{\"@id\":\"https:\/\/psol50.org.br\/#website\"},\"primaryImageOfPage\":{\"@id\":\"https:\/\/psol50.org.br\/pela-aplicacao-das-leis-e-politicas-publicas-de-acessibilidade-em-macapa\/#primaryimage\"},\"image\":{\"@id\":\"https:\/\/psol50.org.br\/pela-aplicacao-das-leis-e-politicas-publicas-de-acessibilidade-em-macapa\/#primaryimage\"},\"thumbnailUrl\":\"http:\/\/psol50.org.br\/files\/2011\/10\/macapa-2-300x240.jpg\",\"datePublished\":\"2011-10-03T00:00:00+00:00\",\"breadcrumb\":{\"@id\":\"https:\/\/psol50.org.br\/pela-aplicacao-das-leis-e-politicas-publicas-de-acessibilidade-em-macapa\/#breadcrumb\"},\"inLanguage\":\"pt-BR\",\"potentialAction\":[{\"@type\":\"ReadAction\",\"target\":[\"https:\/\/psol50.org.br\/pela-aplicacao-das-leis-e-politicas-publicas-de-acessibilidade-em-macapa\/\"]}]},{\"@type\":\"ImageObject\",\"inLanguage\":\"pt-BR\",\"@id\":\"https:\/\/psol50.org.br\/pela-aplicacao-das-leis-e-politicas-publicas-de-acessibilidade-em-macapa\/#primaryimage\",\"url\":\"http:\/\/psol50.org.br\/files\/2011\/10\/macapa-2-300x240.jpg\",\"contentUrl\":\"http:\/\/psol50.org.br\/files\/2011\/10\/macapa-2-300x240.jpg\"},{\"@type\":\"BreadcrumbList\",\"@id\":\"https:\/\/psol50.org.br\/pela-aplicacao-das-leis-e-politicas-publicas-de-acessibilidade-em-macapa\/#breadcrumb\",\"itemListElement\":[{\"@type\":\"ListItem\",\"position\":1,\"name\":\"In\u00edcio\",\"item\":\"https:\/\/psol50.org.br\/\"},{\"@type\":\"ListItem\",\"position\":2,\"name\":\"Pela aplica\u00e7\u00e3o das leis e pol\u00edticas p\u00fablicas de acessibilidade em Macap\u00e1\"}]},{\"@type\":\"WebSite\",\"@id\":\"https:\/\/psol50.org.br\/#website\",\"url\":\"https:\/\/psol50.org.br\/\",\"name\":\"PSOL 50\",\"description\":\"Site oficial do Partido Socialismo e Liberdade\",\"publisher\":{\"@id\":\"https:\/\/psol50.org.br\/#organization\"},\"alternateName\":\"PSOL50\",\"potentialAction\":[{\"@type\":\"SearchAction\",\"target\":{\"@type\":\"EntryPoint\",\"urlTemplate\":\"https:\/\/psol50.org.br\/?s={search_term_string}\"},\"query-input\":{\"@type\":\"PropertyValueSpecification\",\"valueRequired\":true,\"valueName\":\"search_term_string\"}}],\"inLanguage\":\"pt-BR\"},{\"@type\":\"Organization\",\"@id\":\"https:\/\/psol50.org.br\/#organization\",\"name\":\"PSOL 50\",\"alternateName\":\"PSOL 50\",\"url\":\"https:\/\/psol50.org.br\/\",\"logo\":{\"@type\":\"ImageObject\",\"inLanguage\":\"pt-BR\",\"@id\":\"https:\/\/psol50.org.br\/#\/schema\/logo\/image\/\",\"url\":\"https:\/\/psol50.org.br\/inc\/uploads\/2018\/07\/capa.png\",\"contentUrl\":\"https:\/\/psol50.org.br\/inc\/uploads\/2018\/07\/capa.png\",\"width\":1350,\"height\":900,\"caption\":\"PSOL 50\"},\"image\":{\"@id\":\"https:\/\/psol50.org.br\/#\/schema\/logo\/image\/\"},\"sameAs\":[\"https:\/\/www.facebook.com\/psol50\",\"https:\/\/x.com\/psol50\",\"https:\/\/www.instagram.com\/psol50\/\",\"https:\/\/www.youtube.com\/channel\/UC7SnJS5o1os7a6CaiNabzcg\"]},{\"@type\":\"Person\",\"@id\":\"https:\/\/psol50.org.br\/#\/schema\/person\/475dfa57d0b815993c714c2e96491fcd\",\"name\":\"Comunica\u00e7\u00e3o PSOL\",\"image\":{\"@type\":\"ImageObject\",\"inLanguage\":\"pt-BR\",\"@id\":\"https:\/\/psol50.org.br\/#\/schema\/person\/image\/\",\"url\":\"https:\/\/secure.gravatar.com\/avatar\/b34fc4f4e468a4e51785917065a3db57b841f5c95dba6ad8c73aaf8f66f8f9bf?s=96&d=mm&r=g\",\"contentUrl\":\"https:\/\/secure.gravatar.com\/avatar\/b34fc4f4e468a4e51785917065a3db57b841f5c95dba6ad8c73aaf8f66f8f9bf?s=96&d=mm&r=g\",\"caption\":\"Comunica\u00e7\u00e3o PSOL\"}}]}<\/script>\n<!-- \/ Yoast SEO plugin. -->","yoast_head_json":{"title":"Pela aplica\u00e7\u00e3o das leis e pol\u00edticas p\u00fablicas de acessibilidade em Macap\u00e1 - PSOL 50","robots":{"index":"index","follow":"follow","max-snippet":"max-snippet:-1","max-image-preview":"max-image-preview:large","max-video-preview":"max-video-preview:-1"},"canonical":"https:\/\/psol50.org.br\/pela-aplicacao-das-leis-e-politicas-publicas-de-acessibilidade-em-macapa\/","og_locale":"pt_BR","og_type":"article","og_title":"Pela aplica\u00e7\u00e3o das leis e pol\u00edticas p\u00fablicas de acessibilidade em Macap\u00e1 - PSOL 50","og_description":"O vereador Cl\u00e9cio Lu\u00eds (PSOL-MCP-PA) defende aplica\u00e7\u00e3o das leis e pol\u00edticas p\u00fablicas de acessibilidade em Macap\u00e1. O munic\u00edpio de Macap\u00e1 possui diversas leis de acessibilidade, especialmente \u00e0s pessoas com defici\u00eancia. Mas, infelizmente, o executivo n\u00e3o as cumpre e nem possui pol\u00edticas de inclus\u00e3o. Esse \u00e9 um problema e n\u00e3o s\u00f3 os \u00f3rg\u00e3os fiscalizadores mas a [&hellip;]","og_url":"https:\/\/psol50.org.br\/pela-aplicacao-das-leis-e-politicas-publicas-de-acessibilidade-em-macapa\/","og_site_name":"PSOL 50","article_publisher":"https:\/\/www.facebook.com\/psol50","article_published_time":"2011-10-03T00:00:00+00:00","og_image":[{"url":"http:\/\/psol50.org.br\/files\/2011\/10\/macapa-2-300x240.jpg","type":"","width":"","height":""}],"author":"Comunica\u00e7\u00e3o PSOL","twitter_card":"summary_large_image","twitter_creator":"@psol50","twitter_site":"@psol50","twitter_misc":{"Escrito por":"Comunica\u00e7\u00e3o PSOL","Est. tempo de leitura":"2 minutos"},"schema":{"@context":"https:\/\/schema.org","@graph":[{"@type":"Article","@id":"https:\/\/psol50.org.br\/pela-aplicacao-das-leis-e-politicas-publicas-de-acessibilidade-em-macapa\/#article","isPartOf":{"@id":"https:\/\/psol50.org.br\/pela-aplicacao-das-leis-e-politicas-publicas-de-acessibilidade-em-macapa\/"},"author":{"name":"Comunica\u00e7\u00e3o PSOL","@id":"https:\/\/psol50.org.br\/#\/schema\/person\/475dfa57d0b815993c714c2e96491fcd"},"headline":"Pela aplica\u00e7\u00e3o das leis e pol\u00edticas p\u00fablicas de acessibilidade em Macap\u00e1","datePublished":"2011-10-03T00:00:00+00:00","mainEntityOfPage":{"@id":"https:\/\/psol50.org.br\/pela-aplicacao-das-leis-e-politicas-publicas-de-acessibilidade-em-macapa\/"},"wordCount":504,"commentCount":0,"publisher":{"@id":"https:\/\/psol50.org.br\/#organization"},"image":{"@id":"https:\/\/psol50.org.br\/pela-aplicacao-das-leis-e-politicas-publicas-de-acessibilidade-em-macapa\/#primaryimage"},"thumbnailUrl":"http:\/\/psol50.org.br\/files\/2011\/10\/macapa-2-300x240.jpg","articleSection":["Arquivo"],"inLanguage":"pt-BR","potentialAction":[{"@type":"CommentAction","name":"Comment","target":["https:\/\/psol50.org.br\/pela-aplicacao-das-leis-e-politicas-publicas-de-acessibilidade-em-macapa\/#respond"]}]},{"@type":"WebPage","@id":"https:\/\/psol50.org.br\/pela-aplicacao-das-leis-e-politicas-publicas-de-acessibilidade-em-macapa\/","url":"https:\/\/psol50.org.br\/pela-aplicacao-das-leis-e-politicas-publicas-de-acessibilidade-em-macapa\/","name":"Pela aplica\u00e7\u00e3o das leis e pol\u00edticas p\u00fablicas de acessibilidade em Macap\u00e1 - PSOL 50","isPartOf":{"@id":"https:\/\/psol50.org.br\/#website"},"primaryImageOfPage":{"@id":"https:\/\/psol50.org.br\/pela-aplicacao-das-leis-e-politicas-publicas-de-acessibilidade-em-macapa\/#primaryimage"},"image":{"@id":"https:\/\/psol50.org.br\/pela-aplicacao-das-leis-e-politicas-publicas-de-acessibilidade-em-macapa\/#primaryimage"},"thumbnailUrl":"http:\/\/psol50.org.br\/files\/2011\/10\/macapa-2-300x240.jpg","datePublished":"2011-10-03T00:00:00+00:00","breadcrumb":{"@id":"https:\/\/psol50.org.br\/pela-aplicacao-das-leis-e-politicas-publicas-de-acessibilidade-em-macapa\/#breadcrumb"},"inLanguage":"pt-BR","potentialAction":[{"@type":"ReadAction","target":["https:\/\/psol50.org.br\/pela-aplicacao-das-leis-e-politicas-publicas-de-acessibilidade-em-macapa\/"]}]},{"@type":"ImageObject","inLanguage":"pt-BR","@id":"https:\/\/psol50.org.br\/pela-aplicacao-das-leis-e-politicas-publicas-de-acessibilidade-em-macapa\/#primaryimage","url":"http:\/\/psol50.org.br\/files\/2011\/10\/macapa-2-300x240.jpg","contentUrl":"http:\/\/psol50.org.br\/files\/2011\/10\/macapa-2-300x240.jpg"},{"@type":"BreadcrumbList","@id":"https:\/\/psol50.org.br\/pela-aplicacao-das-leis-e-politicas-publicas-de-acessibilidade-em-macapa\/#breadcrumb","itemListElement":[{"@type":"ListItem","position":1,"name":"In\u00edcio","item":"https:\/\/psol50.org.br\/"},{"@type":"ListItem","position":2,"name":"Pela aplica\u00e7\u00e3o das leis e pol\u00edticas p\u00fablicas de acessibilidade em Macap\u00e1"}]},{"@type":"WebSite","@id":"https:\/\/psol50.org.br\/#website","url":"https:\/\/psol50.org.br\/","name":"PSOL 50","description":"Site oficial do Partido Socialismo e Liberdade","publisher":{"@id":"https:\/\/psol50.org.br\/#organization"},"alternateName":"PSOL50","potentialAction":[{"@type":"SearchAction","target":{"@type":"EntryPoint","urlTemplate":"https:\/\/psol50.org.br\/?s={search_term_string}"},"query-input":{"@type":"PropertyValueSpecification","valueRequired":true,"valueName":"search_term_string"}}],"inLanguage":"pt-BR"},{"@type":"Organization","@id":"https:\/\/psol50.org.br\/#organization","name":"PSOL 50","alternateName":"PSOL 50","url":"https:\/\/psol50.org.br\/","logo":{"@type":"ImageObject","inLanguage":"pt-BR","@id":"https:\/\/psol50.org.br\/#\/schema\/logo\/image\/","url":"https:\/\/psol50.org.br\/inc\/uploads\/2018\/07\/capa.png","contentUrl":"https:\/\/psol50.org.br\/inc\/uploads\/2018\/07\/capa.png","width":1350,"height":900,"caption":"PSOL 50"},"image":{"@id":"https:\/\/psol50.org.br\/#\/schema\/logo\/image\/"},"sameAs":["https:\/\/www.facebook.com\/psol50","https:\/\/x.com\/psol50","https:\/\/www.instagram.com\/psol50\/","https:\/\/www.youtube.com\/channel\/UC7SnJS5o1os7a6CaiNabzcg"]},{"@type":"Person","@id":"https:\/\/psol50.org.br\/#\/schema\/person\/475dfa57d0b815993c714c2e96491fcd","name":"Comunica\u00e7\u00e3o PSOL","image":{"@type":"ImageObject","inLanguage":"pt-BR","@id":"https:\/\/psol50.org.br\/#\/schema\/person\/image\/","url":"https:\/\/secure.gravatar.com\/avatar\/b34fc4f4e468a4e51785917065a3db57b841f5c95dba6ad8c73aaf8f66f8f9bf?s=96&d=mm&r=g","contentUrl":"https:\/\/secure.gravatar.com\/avatar\/b34fc4f4e468a4e51785917065a3db57b841f5c95dba6ad8c73aaf8f66f8f9bf?s=96&d=mm&r=g","caption":"Comunica\u00e7\u00e3o PSOL"}}]}},"_links":{"self":[{"href":"https:\/\/psol50.org.br\/rest\/wp\/v2\/posts\/1638","targetHints":{"allow":["GET"]}}],"collection":[{"href":"https:\/\/psol50.org.br\/rest\/wp\/v2\/posts"}],"about":[{"href":"https:\/\/psol50.org.br\/rest\/wp\/v2\/types\/post"}],"author":[{"embeddable":true,"href":"https:\/\/psol50.org.br\/rest\/wp\/v2\/users\/2"}],"replies":[{"embeddable":true,"href":"https:\/\/psol50.org.br\/rest\/wp\/v2\/comments?post=1638"}],"version-history":[{"count":0,"href":"https:\/\/psol50.org.br\/rest\/wp\/v2\/posts\/1638\/revisions"}],"wp:attachment":[{"href":"https:\/\/psol50.org.br\/rest\/wp\/v2\/media?parent=1638"}],"wp:term":[{"taxonomy":"category","embeddable":true,"href":"https:\/\/psol50.org.br\/rest\/wp\/v2\/categories?post=1638"},{"taxonomy":"post_tag","embeddable":true,"href":"https:\/\/psol50.org.br\/rest\/wp\/v2\/tags?post=1638"}],"curies":[{"name":"wp","href":"https:\/\/api.w.org\/{rel}","templated":true}]}}