{"id":1642,"date":"2011-10-06T00:00:00","date_gmt":"2011-10-06T00:00:00","guid":{"rendered":"http:\/\/psol50.org.br\/arquivo\/2011\/10\/06\/marcelo-freixo-recebera-titulo-de-cidadao-carioca-dia-10\/"},"modified":"2011-10-06T00:00:00","modified_gmt":"2011-10-06T00:00:00","slug":"marcelo-freixo-recebera-titulo-de-cidadao-carioca-dia-10","status":"publish","type":"post","link":"https:\/\/psol50.org.br\/marcelo-freixo-recebera-titulo-de-cidadao-carioca-dia-10\/","title":{"rendered":"Marcelo Freixo receber\u00e1 T\u00edtulo de Cidad\u00e3o Carioca dia 10"},"content":{"rendered":"<p><a href=\"http:\/\/psol50.org.br\/blog\/2011\/10\/06\/marcelo-freixo-recebera-titulo-de-cidadao-carioca\/convite_marcelofreixo\/\" rel=\"attachment wp-att-11341\"><img loading=\"lazy\" decoding=\"async\" class=\"aligncenter size-full wp-image-11341\" src=\"http:\/\/psol50.org.br\/files\/2011\/10\/convite_MarceloFreixo.jpg\" alt=\"\" width=\"401\" height=\"738\" \/><\/a>O deputado estadual Marcelo Freixo (PSOL\/RJ) receber\u00e1 o T\u00edtulo de Cidad\u00e3o Honor\u00e1rio do Munic\u00edpio do Rio de Janeiro das m\u00e3os do vereador Paulo Pinheiro (PSOL\/RJ) na pr\u00f3xima segunda-feira (10\/10), \u00e0s 18h30, na C\u00e2mara Rio. Nosso mandato endossa a justa homenagem E recebe, de bra\u00e7os abertos, o novo companheiro de bancada, Paulo Pinheiro.<\/p>\n<p>\u2013 \u00c9 sempre bom ser homenageado por companheiros como Paulo Pinheiro e Eliomar Coelho, essa \u00e9 uma bancada que me d\u00e1 imenso orgulho. Vai ser um momento de festa e confraterniza\u00e7\u00e3o, onde amigos se encontram em clima de alegria.<\/p>\n<p>E o que \u00e9 ser carioca, na concep\u00e7\u00e3o de Marcelo Freixo?<\/p>\n<p>&#8211; O Rio n\u00e3o \u00e9 uma cidade maravilhosa e sim um maravilhoso cen\u00e1rio para uma cidade. Ser carioca \u00e9 ter esse esp\u00edrito cr\u00edtico com boa pitada de irrever\u00eancia. Ser carioca \u00e9 ter compromisso na constru\u00e7\u00e3o de uma cidade mais justa. Como diz minha companheira, \u201d no Rio, a dignidade depende do CEP\u201d.<\/p>\n<p>Nascido em Niter\u00f3i, Marcelo Freixo conta que come\u00e7ou sua milit\u00e2ncia e forma\u00e7\u00e3o em Direitos Humanos no Rio, nos pres\u00eddios e favelas da cidade.<\/p>\n<p>&#8211; Eu me sinto completamente carioca pois minha milit\u00e2ncia se deu toda aqui. Foi aqui que aprendi o valor dessa luta. Minha identidade com essa cidade se fez ao longo da minha hist\u00f3ria de vida e luta. Isso me d\u00e1 legitimidade para dizer que sou carioca\u201d, afirma Marcelo Freixo.<\/p>\n","protected":false},"excerpt":{"rendered":"<p>O deputado estadual Marcelo Freixo (PSOL\/RJ) receber\u00e1 o T\u00edtulo de Cidad\u00e3o Honor\u00e1rio do Munic\u00edpio do Rio de Janeiro das m\u00e3os do vereador Paulo Pinheiro (PSOL\/RJ) na pr\u00f3xima segunda-feira (10\/10), \u00e0s 18h30, na C\u00e2mara Rio. Nosso mandato endossa a justa homenagem E recebe, de bra\u00e7os abertos, o novo companheiro de bancada, Paulo Pinheiro. \u2013 \u00c9 sempre [&hellip;]<\/p>\n","protected":false},"author":2,"featured_media":0,"comment_status":"open","ping_status":"open","sticky":false,"template":"timeline.php","format":"standard","meta":{"_acf_changed":false,"footnotes":""},"categories":[4766],"tags":[],"class_list":{"0":"post-1642","1":"post","2":"type-post","3":"status-publish","4":"format-standard","6":"category-arquivo"},"acf":[],"yoast_head":"<!-- This site is optimized with the Yoast SEO plugin v26.5 - https:\/\/yoast.com\/wordpress\/plugins\/seo\/ -->\n<title>Marcelo Freixo receber\u00e1 T\u00edtulo de Cidad\u00e3o Carioca dia 10 - PSOL 50<\/title>\n<meta name=\"robots\" content=\"index, follow, max-snippet:-1, max-image-preview:large, max-video-preview:-1\" \/>\n<link rel=\"canonical\" href=\"https:\/\/psol50.org.br\/marcelo-freixo-recebera-titulo-de-cidadao-carioca-dia-10\/\" \/>\n<meta property=\"og:locale\" content=\"pt_BR\" \/>\n<meta property=\"og:type\" content=\"article\" \/>\n<meta property=\"og:title\" content=\"Marcelo Freixo receber\u00e1 T\u00edtulo de Cidad\u00e3o Carioca dia 10 - PSOL 50\" \/>\n<meta property=\"og:description\" content=\"O deputado estadual Marcelo Freixo (PSOL\/RJ) receber\u00e1 o T\u00edtulo de Cidad\u00e3o Honor\u00e1rio do Munic\u00edpio do Rio de Janeiro das m\u00e3os do vereador Paulo Pinheiro (PSOL\/RJ) na pr\u00f3xima segunda-feira (10\/10), \u00e0s 18h30, na C\u00e2mara Rio. Nosso mandato endossa a justa homenagem E recebe, de bra\u00e7os abertos, o novo companheiro de bancada, Paulo Pinheiro. \u2013 \u00c9 sempre [&hellip;]\" \/>\n<meta property=\"og:url\" content=\"https:\/\/psol50.org.br\/marcelo-freixo-recebera-titulo-de-cidadao-carioca-dia-10\/\" \/>\n<meta property=\"og:site_name\" content=\"PSOL 50\" \/>\n<meta property=\"article:publisher\" content=\"https:\/\/www.facebook.com\/psol50\" \/>\n<meta property=\"article:published_time\" content=\"2011-10-06T00:00:00+00:00\" \/>\n<meta property=\"og:image\" content=\"http:\/\/psol50.org.br\/files\/2011\/10\/convite_MarceloFreixo.jpg\" \/>\n<meta name=\"author\" content=\"Comunica\u00e7\u00e3o PSOL\" \/>\n<meta name=\"twitter:card\" content=\"summary_large_image\" \/>\n<meta name=\"twitter:creator\" content=\"@psol50\" \/>\n<meta name=\"twitter:site\" content=\"@psol50\" \/>\n<meta name=\"twitter:label1\" content=\"Escrito por\" \/>\n\t<meta name=\"twitter:data1\" content=\"Comunica\u00e7\u00e3o PSOL\" \/>\n\t<meta name=\"twitter:label2\" content=\"Est. tempo de leitura\" \/>\n\t<meta name=\"twitter:data2\" content=\"1 minuto\" \/>\n<script type=\"application\/ld+json\" class=\"yoast-schema-graph\">{\"@context\":\"https:\/\/schema.org\",\"@graph\":[{\"@type\":\"Article\",\"@id\":\"https:\/\/psol50.org.br\/marcelo-freixo-recebera-titulo-de-cidadao-carioca-dia-10\/#article\",\"isPartOf\":{\"@id\":\"https:\/\/psol50.org.br\/marcelo-freixo-recebera-titulo-de-cidadao-carioca-dia-10\/\"},\"author\":{\"name\":\"Comunica\u00e7\u00e3o PSOL\",\"@id\":\"https:\/\/psol50.org.br\/#\/schema\/person\/475dfa57d0b815993c714c2e96491fcd\"},\"headline\":\"Marcelo Freixo receber\u00e1 T\u00edtulo de Cidad\u00e3o Carioca dia 10\",\"datePublished\":\"2011-10-06T00:00:00+00:00\",\"mainEntityOfPage\":{\"@id\":\"https:\/\/psol50.org.br\/marcelo-freixo-recebera-titulo-de-cidadao-carioca-dia-10\/\"},\"wordCount\":252,\"commentCount\":0,\"publisher\":{\"@id\":\"https:\/\/psol50.org.br\/#organization\"},\"image\":{\"@id\":\"https:\/\/psol50.org.br\/marcelo-freixo-recebera-titulo-de-cidadao-carioca-dia-10\/#primaryimage\"},\"thumbnailUrl\":\"http:\/\/psol50.org.br\/files\/2011\/10\/convite_MarceloFreixo.jpg\",\"articleSection\":[\"Arquivo\"],\"inLanguage\":\"pt-BR\",\"potentialAction\":[{\"@type\":\"CommentAction\",\"name\":\"Comment\",\"target\":[\"https:\/\/psol50.org.br\/marcelo-freixo-recebera-titulo-de-cidadao-carioca-dia-10\/#respond\"]}]},{\"@type\":\"WebPage\",\"@id\":\"https:\/\/psol50.org.br\/marcelo-freixo-recebera-titulo-de-cidadao-carioca-dia-10\/\",\"url\":\"https:\/\/psol50.org.br\/marcelo-freixo-recebera-titulo-de-cidadao-carioca-dia-10\/\",\"name\":\"Marcelo Freixo receber\u00e1 T\u00edtulo de Cidad\u00e3o Carioca dia 10 - PSOL 50\",\"isPartOf\":{\"@id\":\"https:\/\/psol50.org.br\/#website\"},\"primaryImageOfPage\":{\"@id\":\"https:\/\/psol50.org.br\/marcelo-freixo-recebera-titulo-de-cidadao-carioca-dia-10\/#primaryimage\"},\"image\":{\"@id\":\"https:\/\/psol50.org.br\/marcelo-freixo-recebera-titulo-de-cidadao-carioca-dia-10\/#primaryimage\"},\"thumbnailUrl\":\"http:\/\/psol50.org.br\/files\/2011\/10\/convite_MarceloFreixo.jpg\",\"datePublished\":\"2011-10-06T00:00:00+00:00\",\"breadcrumb\":{\"@id\":\"https:\/\/psol50.org.br\/marcelo-freixo-recebera-titulo-de-cidadao-carioca-dia-10\/#breadcrumb\"},\"inLanguage\":\"pt-BR\",\"potentialAction\":[{\"@type\":\"ReadAction\",\"target\":[\"https:\/\/psol50.org.br\/marcelo-freixo-recebera-titulo-de-cidadao-carioca-dia-10\/\"]}]},{\"@type\":\"ImageObject\",\"inLanguage\":\"pt-BR\",\"@id\":\"https:\/\/psol50.org.br\/marcelo-freixo-recebera-titulo-de-cidadao-carioca-dia-10\/#primaryimage\",\"url\":\"http:\/\/psol50.org.br\/files\/2011\/10\/convite_MarceloFreixo.jpg\",\"contentUrl\":\"http:\/\/psol50.org.br\/files\/2011\/10\/convite_MarceloFreixo.jpg\"},{\"@type\":\"BreadcrumbList\",\"@id\":\"https:\/\/psol50.org.br\/marcelo-freixo-recebera-titulo-de-cidadao-carioca-dia-10\/#breadcrumb\",\"itemListElement\":[{\"@type\":\"ListItem\",\"position\":1,\"name\":\"In\u00edcio\",\"item\":\"https:\/\/psol50.org.br\/\"},{\"@type\":\"ListItem\",\"position\":2,\"name\":\"Marcelo Freixo receber\u00e1 T\u00edtulo de Cidad\u00e3o Carioca dia 10\"}]},{\"@type\":\"WebSite\",\"@id\":\"https:\/\/psol50.org.br\/#website\",\"url\":\"https:\/\/psol50.org.br\/\",\"name\":\"PSOL 50\",\"description\":\"Site oficial do Partido Socialismo e Liberdade\",\"publisher\":{\"@id\":\"https:\/\/psol50.org.br\/#organization\"},\"alternateName\":\"PSOL50\",\"potentialAction\":[{\"@type\":\"SearchAction\",\"target\":{\"@type\":\"EntryPoint\",\"urlTemplate\":\"https:\/\/psol50.org.br\/?s={search_term_string}\"},\"query-input\":{\"@type\":\"PropertyValueSpecification\",\"valueRequired\":true,\"valueName\":\"search_term_string\"}}],\"inLanguage\":\"pt-BR\"},{\"@type\":\"Organization\",\"@id\":\"https:\/\/psol50.org.br\/#organization\",\"name\":\"PSOL 50\",\"alternateName\":\"PSOL 50\",\"url\":\"https:\/\/psol50.org.br\/\",\"logo\":{\"@type\":\"ImageObject\",\"inLanguage\":\"pt-BR\",\"@id\":\"https:\/\/psol50.org.br\/#\/schema\/logo\/image\/\",\"url\":\"https:\/\/psol50.org.br\/inc\/uploads\/2018\/07\/capa.png\",\"contentUrl\":\"https:\/\/psol50.org.br\/inc\/uploads\/2018\/07\/capa.png\",\"width\":1350,\"height\":900,\"caption\":\"PSOL 50\"},\"image\":{\"@id\":\"https:\/\/psol50.org.br\/#\/schema\/logo\/image\/\"},\"sameAs\":[\"https:\/\/www.facebook.com\/psol50\",\"https:\/\/x.com\/psol50\",\"https:\/\/www.instagram.com\/psol50\/\",\"https:\/\/www.youtube.com\/channel\/UC7SnJS5o1os7a6CaiNabzcg\"]},{\"@type\":\"Person\",\"@id\":\"https:\/\/psol50.org.br\/#\/schema\/person\/475dfa57d0b815993c714c2e96491fcd\",\"name\":\"Comunica\u00e7\u00e3o PSOL\",\"image\":{\"@type\":\"ImageObject\",\"inLanguage\":\"pt-BR\",\"@id\":\"https:\/\/psol50.org.br\/#\/schema\/person\/image\/\",\"url\":\"https:\/\/secure.gravatar.com\/avatar\/b34fc4f4e468a4e51785917065a3db57b841f5c95dba6ad8c73aaf8f66f8f9bf?s=96&d=mm&r=g\",\"contentUrl\":\"https:\/\/secure.gravatar.com\/avatar\/b34fc4f4e468a4e51785917065a3db57b841f5c95dba6ad8c73aaf8f66f8f9bf?s=96&d=mm&r=g\",\"caption\":\"Comunica\u00e7\u00e3o PSOL\"}}]}<\/script>\n<!-- \/ Yoast SEO plugin. -->","yoast_head_json":{"title":"Marcelo Freixo receber\u00e1 T\u00edtulo de Cidad\u00e3o Carioca dia 10 - PSOL 50","robots":{"index":"index","follow":"follow","max-snippet":"max-snippet:-1","max-image-preview":"max-image-preview:large","max-video-preview":"max-video-preview:-1"},"canonical":"https:\/\/psol50.org.br\/marcelo-freixo-recebera-titulo-de-cidadao-carioca-dia-10\/","og_locale":"pt_BR","og_type":"article","og_title":"Marcelo Freixo receber\u00e1 T\u00edtulo de Cidad\u00e3o Carioca dia 10 - PSOL 50","og_description":"O deputado estadual Marcelo Freixo (PSOL\/RJ) receber\u00e1 o T\u00edtulo de Cidad\u00e3o Honor\u00e1rio do Munic\u00edpio do Rio de Janeiro das m\u00e3os do vereador Paulo Pinheiro (PSOL\/RJ) na pr\u00f3xima segunda-feira (10\/10), \u00e0s 18h30, na C\u00e2mara Rio. Nosso mandato endossa a justa homenagem E recebe, de bra\u00e7os abertos, o novo companheiro de bancada, Paulo Pinheiro. \u2013 \u00c9 sempre [&hellip;]","og_url":"https:\/\/psol50.org.br\/marcelo-freixo-recebera-titulo-de-cidadao-carioca-dia-10\/","og_site_name":"PSOL 50","article_publisher":"https:\/\/www.facebook.com\/psol50","article_published_time":"2011-10-06T00:00:00+00:00","og_image":[{"url":"http:\/\/psol50.org.br\/files\/2011\/10\/convite_MarceloFreixo.jpg","type":"","width":"","height":""}],"author":"Comunica\u00e7\u00e3o PSOL","twitter_card":"summary_large_image","twitter_creator":"@psol50","twitter_site":"@psol50","twitter_misc":{"Escrito por":"Comunica\u00e7\u00e3o PSOL","Est. tempo de leitura":"1 minuto"},"schema":{"@context":"https:\/\/schema.org","@graph":[{"@type":"Article","@id":"https:\/\/psol50.org.br\/marcelo-freixo-recebera-titulo-de-cidadao-carioca-dia-10\/#article","isPartOf":{"@id":"https:\/\/psol50.org.br\/marcelo-freixo-recebera-titulo-de-cidadao-carioca-dia-10\/"},"author":{"name":"Comunica\u00e7\u00e3o PSOL","@id":"https:\/\/psol50.org.br\/#\/schema\/person\/475dfa57d0b815993c714c2e96491fcd"},"headline":"Marcelo Freixo receber\u00e1 T\u00edtulo de Cidad\u00e3o Carioca dia 10","datePublished":"2011-10-06T00:00:00+00:00","mainEntityOfPage":{"@id":"https:\/\/psol50.org.br\/marcelo-freixo-recebera-titulo-de-cidadao-carioca-dia-10\/"},"wordCount":252,"commentCount":0,"publisher":{"@id":"https:\/\/psol50.org.br\/#organization"},"image":{"@id":"https:\/\/psol50.org.br\/marcelo-freixo-recebera-titulo-de-cidadao-carioca-dia-10\/#primaryimage"},"thumbnailUrl":"http:\/\/psol50.org.br\/files\/2011\/10\/convite_MarceloFreixo.jpg","articleSection":["Arquivo"],"inLanguage":"pt-BR","potentialAction":[{"@type":"CommentAction","name":"Comment","target":["https:\/\/psol50.org.br\/marcelo-freixo-recebera-titulo-de-cidadao-carioca-dia-10\/#respond"]}]},{"@type":"WebPage","@id":"https:\/\/psol50.org.br\/marcelo-freixo-recebera-titulo-de-cidadao-carioca-dia-10\/","url":"https:\/\/psol50.org.br\/marcelo-freixo-recebera-titulo-de-cidadao-carioca-dia-10\/","name":"Marcelo Freixo receber\u00e1 T\u00edtulo de Cidad\u00e3o Carioca dia 10 - PSOL 50","isPartOf":{"@id":"https:\/\/psol50.org.br\/#website"},"primaryImageOfPage":{"@id":"https:\/\/psol50.org.br\/marcelo-freixo-recebera-titulo-de-cidadao-carioca-dia-10\/#primaryimage"},"image":{"@id":"https:\/\/psol50.org.br\/marcelo-freixo-recebera-titulo-de-cidadao-carioca-dia-10\/#primaryimage"},"thumbnailUrl":"http:\/\/psol50.org.br\/files\/2011\/10\/convite_MarceloFreixo.jpg","datePublished":"2011-10-06T00:00:00+00:00","breadcrumb":{"@id":"https:\/\/psol50.org.br\/marcelo-freixo-recebera-titulo-de-cidadao-carioca-dia-10\/#breadcrumb"},"inLanguage":"pt-BR","potentialAction":[{"@type":"ReadAction","target":["https:\/\/psol50.org.br\/marcelo-freixo-recebera-titulo-de-cidadao-carioca-dia-10\/"]}]},{"@type":"ImageObject","inLanguage":"pt-BR","@id":"https:\/\/psol50.org.br\/marcelo-freixo-recebera-titulo-de-cidadao-carioca-dia-10\/#primaryimage","url":"http:\/\/psol50.org.br\/files\/2011\/10\/convite_MarceloFreixo.jpg","contentUrl":"http:\/\/psol50.org.br\/files\/2011\/10\/convite_MarceloFreixo.jpg"},{"@type":"BreadcrumbList","@id":"https:\/\/psol50.org.br\/marcelo-freixo-recebera-titulo-de-cidadao-carioca-dia-10\/#breadcrumb","itemListElement":[{"@type":"ListItem","position":1,"name":"In\u00edcio","item":"https:\/\/psol50.org.br\/"},{"@type":"ListItem","position":2,"name":"Marcelo Freixo receber\u00e1 T\u00edtulo de Cidad\u00e3o Carioca dia 10"}]},{"@type":"WebSite","@id":"https:\/\/psol50.org.br\/#website","url":"https:\/\/psol50.org.br\/","name":"PSOL 50","description":"Site oficial do Partido Socialismo e Liberdade","publisher":{"@id":"https:\/\/psol50.org.br\/#organization"},"alternateName":"PSOL50","potentialAction":[{"@type":"SearchAction","target":{"@type":"EntryPoint","urlTemplate":"https:\/\/psol50.org.br\/?s={search_term_string}"},"query-input":{"@type":"PropertyValueSpecification","valueRequired":true,"valueName":"search_term_string"}}],"inLanguage":"pt-BR"},{"@type":"Organization","@id":"https:\/\/psol50.org.br\/#organization","name":"PSOL 50","alternateName":"PSOL 50","url":"https:\/\/psol50.org.br\/","logo":{"@type":"ImageObject","inLanguage":"pt-BR","@id":"https:\/\/psol50.org.br\/#\/schema\/logo\/image\/","url":"https:\/\/psol50.org.br\/inc\/uploads\/2018\/07\/capa.png","contentUrl":"https:\/\/psol50.org.br\/inc\/uploads\/2018\/07\/capa.png","width":1350,"height":900,"caption":"PSOL 50"},"image":{"@id":"https:\/\/psol50.org.br\/#\/schema\/logo\/image\/"},"sameAs":["https:\/\/www.facebook.com\/psol50","https:\/\/x.com\/psol50","https:\/\/www.instagram.com\/psol50\/","https:\/\/www.youtube.com\/channel\/UC7SnJS5o1os7a6CaiNabzcg"]},{"@type":"Person","@id":"https:\/\/psol50.org.br\/#\/schema\/person\/475dfa57d0b815993c714c2e96491fcd","name":"Comunica\u00e7\u00e3o PSOL","image":{"@type":"ImageObject","inLanguage":"pt-BR","@id":"https:\/\/psol50.org.br\/#\/schema\/person\/image\/","url":"https:\/\/secure.gravatar.com\/avatar\/b34fc4f4e468a4e51785917065a3db57b841f5c95dba6ad8c73aaf8f66f8f9bf?s=96&d=mm&r=g","contentUrl":"https:\/\/secure.gravatar.com\/avatar\/b34fc4f4e468a4e51785917065a3db57b841f5c95dba6ad8c73aaf8f66f8f9bf?s=96&d=mm&r=g","caption":"Comunica\u00e7\u00e3o PSOL"}}]}},"_links":{"self":[{"href":"https:\/\/psol50.org.br\/rest\/wp\/v2\/posts\/1642","targetHints":{"allow":["GET"]}}],"collection":[{"href":"https:\/\/psol50.org.br\/rest\/wp\/v2\/posts"}],"about":[{"href":"https:\/\/psol50.org.br\/rest\/wp\/v2\/types\/post"}],"author":[{"embeddable":true,"href":"https:\/\/psol50.org.br\/rest\/wp\/v2\/users\/2"}],"replies":[{"embeddable":true,"href":"https:\/\/psol50.org.br\/rest\/wp\/v2\/comments?post=1642"}],"version-history":[{"count":0,"href":"https:\/\/psol50.org.br\/rest\/wp\/v2\/posts\/1642\/revisions"}],"wp:attachment":[{"href":"https:\/\/psol50.org.br\/rest\/wp\/v2\/media?parent=1642"}],"wp:term":[{"taxonomy":"category","embeddable":true,"href":"https:\/\/psol50.org.br\/rest\/wp\/v2\/categories?post=1642"},{"taxonomy":"post_tag","embeddable":true,"href":"https:\/\/psol50.org.br\/rest\/wp\/v2\/tags?post=1642"}],"curies":[{"name":"wp","href":"https:\/\/api.w.org\/{rel}","templated":true}]}}