{"id":16423,"date":"2017-05-05T19:26:22","date_gmt":"2017-05-05T19:26:22","guid":{"rendered":"http:\/\/www.psol50.org.br\/?p=16423"},"modified":"2017-05-05T19:26:22","modified_gmt":"2017-05-05T19:26:22","slug":"capitao-do-exercito-infiltrado-em-ato-contra-temer-e-promovido-a-major","status":"publish","type":"post","link":"https:\/\/psol50.org.br\/capitao-do-exercito-infiltrado-em-ato-contra-temer-e-promovido-a-major\/","title":{"rendered":"Capit\u00e3o do Ex\u00e9rcito infiltrado em ato contra Temer \u00e9 promovido a major"},"content":{"rendered":"<p>O capit\u00e3o do Ex\u00e9rcito Willian Pinta Botelho,\u00a0<a href=\"http:\/\/www.psol50.org.br\/blog\/2016\/09\/13\/capitao-do-exercito-infiltrado-monitorava-movimentos-organizados-da-frente-povo-sem-medo\/\" target=\"_blank\" rel=\"noopener noreferrer\"><span style=\"color: #0000ff;\"><strong>infiltrado nas manifesta\u00e7\u00f5es de 2016 contra o golpe<\/strong><\/span><\/a>,\u00a0foi promovido a major em dezembro do ano passado. Apesar de sua promo\u00e7\u00e3o ter acontecido h\u00e1 cerca de cinco meses, ela somente\u00a0veio \u00e0 tona agora, em maio de 2017, a partir de\u00a0reportagem do\u00a0<strong><span style=\"color: #0000ff;\"><a style=\"color: #0000ff;\" href=\"http:\/\/brasil.elpais.com\/brasil\/2017\/05\/04\/politica\/1493917999_018544.html?id_externo_rsoc=TW_CC\" target=\"_blank\" rel=\"noopener noreferrer\">El Pa\u00eds Brasil<\/a><\/span>\u00a0<\/strong>&#8211; mesmo jornal que\u00a0revelou a infiltra\u00e7\u00e3o de Botelho no movimento, em parceria com a <a href=\"http:\/\/ponte.cartacapital.com.br\/\" target=\"_blank\" rel=\"noopener noreferrer\"><span style=\"color: #0000ff;\"><strong>Ponte Jornalismo<\/strong><\/span><\/a>.<\/p>\n<p>Sob o codinome \u201cBalta Nunes\u201d, o agente da For\u00e7a Nacional\u00a0<span style=\"color: #0000ff;\"><strong><span style=\"color: #0000ff;\"><a style=\"color: #0000ff;\" href=\"http:\/\/www.psol50.org.br\/blog\/2016\/09\/06\/o-caso-dos-21-estudantes-presos-em-sao-paulo-e-um-atentado-a-democracia\/\" target=\"_blank\" rel=\"noopener noreferrer\">levou \u00e0 pris\u00e3o cerca de 20 estudantes<\/a><\/span>\u00a0<\/strong><\/span>no dia 4 de setembro, em S\u00e3o Paulo, antes mesmo de a manifesta\u00e7\u00e3o come\u00e7ar. Al\u00e9m disso,\u00a0ele\u00a0participou de encontros e monitorou ostensivamente v\u00e1rios movimentos sociais, esteve em grupos de mensagens, cometeu falsidade ideol\u00f3gica e assediou\u00a0mulheres.<\/p>\n<p>O &#8220;motivo&#8221; de sua promo\u00e7\u00e3o foi &#8220;por merecimento&#8221;, como veio descrito no Di\u00e1rio Oficial. O documento foi publicado exatamente\u00a0um dia depois que o Minist\u00e9rio P\u00fablico de S\u00e3o Paulo ofereceu uma den\u00fancia contra o grupo de manifestantes presos por ele no dia 4, <strong><span style=\"color: #0000ff;\"><a style=\"color: #0000ff;\" href=\"http:\/\/brasil.elpais.com\/brasil\/2016\/12\/25\/politica\/1482668229_940671.html\" target=\"_blank\" rel=\"noopener noreferrer\">acusando-os de organiza\u00e7\u00e3o criminosa<\/a><\/span><\/strong>.<\/p>\n<p>Botelho ser promovido a major representa um afronte \u00e0 sociedade, uma vez que seu envolvimento com as mobiliza\u00e7\u00f5es n\u00e3o condiz com os ideais democr\u00e1ticos de liberdade de manifesta\u00e7\u00e3o, mais de 30 anos ap\u00f3s o fim da ditadura militar. O PSOL, que tamb\u00e9m denunciou o caso \u00e0 \u00e9poca, repudia a decis\u00e3o.<\/p>\n","protected":false},"excerpt":{"rendered":"<p>O capit\u00e3o do Ex\u00e9rcito Willian Pinta Botelho,\u00a0infiltrado nas manifesta\u00e7\u00f5es de 2016 contra o golpe,\u00a0foi promovido a major em dezembro do ano passado. Apesar de sua promo\u00e7\u00e3o ter acontecido h\u00e1 cerca de cinco meses, ela somente\u00a0veio \u00e0 tona agora, em maio de 2017, a partir de\u00a0reportagem do\u00a0El Pa\u00eds Brasil\u00a0&#8211; mesmo jornal que\u00a0revelou a infiltra\u00e7\u00e3o de Botelho [&hellip;]<\/p>\n","protected":false},"author":2,"featured_media":13871,"comment_status":"open","ping_status":"open","sticky":false,"template":"","format":"standard","meta":{"_acf_changed":false,"footnotes":""},"categories":[1882,1104,6],"tags":[3136,3137,766,2169,1499,151,3138,287,2020,3139],"class_list":{"0":"post-16423","1":"post","2":"type-post","3":"status-publish","4":"format-standard","5":"has-post-thumbnail","7":"category-brasil","8":"category-movimento","9":"category-noticias","10":"tag-balta-nunes","11":"tag-estudante","12":"tag-exercito","13":"tag-fora-temer","14":"tag-forcas-armadas","15":"tag-golpe","16":"tag-major","17":"tag-manifestacao","18":"tag-preso-politico","19":"tag-willian-pinta-botelho"},"acf":[],"yoast_head":"<!-- This site is optimized with the Yoast SEO plugin v26.5 - https:\/\/yoast.com\/wordpress\/plugins\/seo\/ -->\n<title>Capit\u00e3o do Ex\u00e9rcito infiltrado em ato contra Temer \u00e9 promovido a major - PSOL 50<\/title>\n<meta name=\"robots\" content=\"index, follow, max-snippet:-1, max-image-preview:large, max-video-preview:-1\" \/>\n<link rel=\"canonical\" href=\"https:\/\/psol50.org.br\/capitao-do-exercito-infiltrado-em-ato-contra-temer-e-promovido-a-major\/\" \/>\n<meta property=\"og:locale\" content=\"pt_BR\" \/>\n<meta property=\"og:type\" content=\"article\" \/>\n<meta property=\"og:title\" content=\"Capit\u00e3o do Ex\u00e9rcito infiltrado em ato contra Temer \u00e9 promovido a major - PSOL 50\" \/>\n<meta property=\"og:description\" content=\"O capit\u00e3o do Ex\u00e9rcito Willian Pinta Botelho,\u00a0infiltrado nas manifesta\u00e7\u00f5es de 2016 contra o golpe,\u00a0foi promovido a major em dezembro do ano passado. Apesar de sua promo\u00e7\u00e3o ter acontecido h\u00e1 cerca de cinco meses, ela somente\u00a0veio \u00e0 tona agora, em maio de 2017, a partir de\u00a0reportagem do\u00a0El Pa\u00eds Brasil\u00a0&#8211; mesmo jornal que\u00a0revelou a infiltra\u00e7\u00e3o de Botelho [&hellip;]\" \/>\n<meta property=\"og:url\" content=\"https:\/\/psol50.org.br\/capitao-do-exercito-infiltrado-em-ato-contra-temer-e-promovido-a-major\/\" \/>\n<meta property=\"og:site_name\" content=\"PSOL 50\" \/>\n<meta property=\"article:publisher\" content=\"https:\/\/www.facebook.com\/psol50\" \/>\n<meta property=\"article:published_time\" content=\"2017-05-05T19:26:22+00:00\" \/>\n<meta property=\"og:image\" content=\"https:\/\/psol50.org.br\/inc\/uploads\/2018\/07\/capa.png\" \/>\n\t<meta property=\"og:image:width\" content=\"1350\" \/>\n\t<meta property=\"og:image:height\" content=\"900\" \/>\n\t<meta property=\"og:image:type\" content=\"image\/png\" \/>\n<meta name=\"author\" content=\"Comunica\u00e7\u00e3o PSOL\" \/>\n<meta name=\"twitter:card\" content=\"summary_large_image\" \/>\n<meta name=\"twitter:creator\" content=\"@psol50\" \/>\n<meta name=\"twitter:site\" content=\"@psol50\" \/>\n<meta name=\"twitter:label1\" content=\"Escrito por\" \/>\n\t<meta name=\"twitter:data1\" content=\"Comunica\u00e7\u00e3o PSOL\" \/>\n\t<meta name=\"twitter:label2\" content=\"Est. tempo de leitura\" \/>\n\t<meta name=\"twitter:data2\" content=\"1 minuto\" \/>\n<script type=\"application\/ld+json\" class=\"yoast-schema-graph\">{\"@context\":\"https:\/\/schema.org\",\"@graph\":[{\"@type\":\"Article\",\"@id\":\"https:\/\/psol50.org.br\/capitao-do-exercito-infiltrado-em-ato-contra-temer-e-promovido-a-major\/#article\",\"isPartOf\":{\"@id\":\"https:\/\/psol50.org.br\/capitao-do-exercito-infiltrado-em-ato-contra-temer-e-promovido-a-major\/\"},\"author\":{\"name\":\"Comunica\u00e7\u00e3o PSOL\",\"@id\":\"https:\/\/psol50.org.br\/#\/schema\/person\/475dfa57d0b815993c714c2e96491fcd\"},\"headline\":\"Capit\u00e3o do Ex\u00e9rcito infiltrado em ato contra Temer \u00e9 promovido a major\",\"datePublished\":\"2017-05-05T19:26:22+00:00\",\"mainEntityOfPage\":{\"@id\":\"https:\/\/psol50.org.br\/capitao-do-exercito-infiltrado-em-ato-contra-temer-e-promovido-a-major\/\"},\"wordCount\":252,\"commentCount\":0,\"publisher\":{\"@id\":\"https:\/\/psol50.org.br\/#organization\"},\"image\":{\"@id\":\"https:\/\/psol50.org.br\/capitao-do-exercito-infiltrado-em-ato-contra-temer-e-promovido-a-major\/#primaryimage\"},\"thumbnailUrl\":\"\",\"keywords\":[\"Balta Nunes\",\"estudante\",\"Ex\u00e9rcito\",\"Fora Temer\",\"For\u00e7as Armadas\",\"golpe\",\"major\",\"manifesta\u00e7\u00e3o\",\"preso pol\u00edtico\",\"Willian Pinta Botelho\"],\"articleSection\":[\"Brasil\",\"Movimento\",\"Not\u00edcias\"],\"inLanguage\":\"pt-BR\",\"potentialAction\":[{\"@type\":\"CommentAction\",\"name\":\"Comment\",\"target\":[\"https:\/\/psol50.org.br\/capitao-do-exercito-infiltrado-em-ato-contra-temer-e-promovido-a-major\/#respond\"]}]},{\"@type\":\"WebPage\",\"@id\":\"https:\/\/psol50.org.br\/capitao-do-exercito-infiltrado-em-ato-contra-temer-e-promovido-a-major\/\",\"url\":\"https:\/\/psol50.org.br\/capitao-do-exercito-infiltrado-em-ato-contra-temer-e-promovido-a-major\/\",\"name\":\"Capit\u00e3o do Ex\u00e9rcito infiltrado em ato contra Temer \u00e9 promovido a major - PSOL 50\",\"isPartOf\":{\"@id\":\"https:\/\/psol50.org.br\/#website\"},\"primaryImageOfPage\":{\"@id\":\"https:\/\/psol50.org.br\/capitao-do-exercito-infiltrado-em-ato-contra-temer-e-promovido-a-major\/#primaryimage\"},\"image\":{\"@id\":\"https:\/\/psol50.org.br\/capitao-do-exercito-infiltrado-em-ato-contra-temer-e-promovido-a-major\/#primaryimage\"},\"thumbnailUrl\":\"\",\"datePublished\":\"2017-05-05T19:26:22+00:00\",\"breadcrumb\":{\"@id\":\"https:\/\/psol50.org.br\/capitao-do-exercito-infiltrado-em-ato-contra-temer-e-promovido-a-major\/#breadcrumb\"},\"inLanguage\":\"pt-BR\",\"potentialAction\":[{\"@type\":\"ReadAction\",\"target\":[\"https:\/\/psol50.org.br\/capitao-do-exercito-infiltrado-em-ato-contra-temer-e-promovido-a-major\/\"]}]},{\"@type\":\"ImageObject\",\"inLanguage\":\"pt-BR\",\"@id\":\"https:\/\/psol50.org.br\/capitao-do-exercito-infiltrado-em-ato-contra-temer-e-promovido-a-major\/#primaryimage\",\"url\":\"\",\"contentUrl\":\"\"},{\"@type\":\"BreadcrumbList\",\"@id\":\"https:\/\/psol50.org.br\/capitao-do-exercito-infiltrado-em-ato-contra-temer-e-promovido-a-major\/#breadcrumb\",\"itemListElement\":[{\"@type\":\"ListItem\",\"position\":1,\"name\":\"In\u00edcio\",\"item\":\"https:\/\/psol50.org.br\/\"},{\"@type\":\"ListItem\",\"position\":2,\"name\":\"Capit\u00e3o do Ex\u00e9rcito infiltrado em ato contra Temer \u00e9 promovido a major\"}]},{\"@type\":\"WebSite\",\"@id\":\"https:\/\/psol50.org.br\/#website\",\"url\":\"https:\/\/psol50.org.br\/\",\"name\":\"PSOL 50\",\"description\":\"Site oficial do Partido Socialismo e Liberdade\",\"publisher\":{\"@id\":\"https:\/\/psol50.org.br\/#organization\"},\"alternateName\":\"PSOL50\",\"potentialAction\":[{\"@type\":\"SearchAction\",\"target\":{\"@type\":\"EntryPoint\",\"urlTemplate\":\"https:\/\/psol50.org.br\/?s={search_term_string}\"},\"query-input\":{\"@type\":\"PropertyValueSpecification\",\"valueRequired\":true,\"valueName\":\"search_term_string\"}}],\"inLanguage\":\"pt-BR\"},{\"@type\":\"Organization\",\"@id\":\"https:\/\/psol50.org.br\/#organization\",\"name\":\"PSOL 50\",\"alternateName\":\"PSOL 50\",\"url\":\"https:\/\/psol50.org.br\/\",\"logo\":{\"@type\":\"ImageObject\",\"inLanguage\":\"pt-BR\",\"@id\":\"https:\/\/psol50.org.br\/#\/schema\/logo\/image\/\",\"url\":\"https:\/\/psol50.org.br\/inc\/uploads\/2018\/07\/capa.png\",\"contentUrl\":\"https:\/\/psol50.org.br\/inc\/uploads\/2018\/07\/capa.png\",\"width\":1350,\"height\":900,\"caption\":\"PSOL 50\"},\"image\":{\"@id\":\"https:\/\/psol50.org.br\/#\/schema\/logo\/image\/\"},\"sameAs\":[\"https:\/\/www.facebook.com\/psol50\",\"https:\/\/x.com\/psol50\",\"https:\/\/www.instagram.com\/psol50\/\",\"https:\/\/www.youtube.com\/channel\/UC7SnJS5o1os7a6CaiNabzcg\"]},{\"@type\":\"Person\",\"@id\":\"https:\/\/psol50.org.br\/#\/schema\/person\/475dfa57d0b815993c714c2e96491fcd\",\"name\":\"Comunica\u00e7\u00e3o PSOL\",\"image\":{\"@type\":\"ImageObject\",\"inLanguage\":\"pt-BR\",\"@id\":\"https:\/\/psol50.org.br\/#\/schema\/person\/image\/\",\"url\":\"https:\/\/secure.gravatar.com\/avatar\/b34fc4f4e468a4e51785917065a3db57b841f5c95dba6ad8c73aaf8f66f8f9bf?s=96&d=mm&r=g\",\"contentUrl\":\"https:\/\/secure.gravatar.com\/avatar\/b34fc4f4e468a4e51785917065a3db57b841f5c95dba6ad8c73aaf8f66f8f9bf?s=96&d=mm&r=g\",\"caption\":\"Comunica\u00e7\u00e3o PSOL\"}}]}<\/script>\n<!-- \/ Yoast SEO plugin. -->","yoast_head_json":{"title":"Capit\u00e3o do Ex\u00e9rcito infiltrado em ato contra Temer \u00e9 promovido a major - PSOL 50","robots":{"index":"index","follow":"follow","max-snippet":"max-snippet:-1","max-image-preview":"max-image-preview:large","max-video-preview":"max-video-preview:-1"},"canonical":"https:\/\/psol50.org.br\/capitao-do-exercito-infiltrado-em-ato-contra-temer-e-promovido-a-major\/","og_locale":"pt_BR","og_type":"article","og_title":"Capit\u00e3o do Ex\u00e9rcito infiltrado em ato contra Temer \u00e9 promovido a major - PSOL 50","og_description":"O capit\u00e3o do Ex\u00e9rcito Willian Pinta Botelho,\u00a0infiltrado nas manifesta\u00e7\u00f5es de 2016 contra o golpe,\u00a0foi promovido a major em dezembro do ano passado. Apesar de sua promo\u00e7\u00e3o ter acontecido h\u00e1 cerca de cinco meses, ela somente\u00a0veio \u00e0 tona agora, em maio de 2017, a partir de\u00a0reportagem do\u00a0El Pa\u00eds Brasil\u00a0&#8211; mesmo jornal que\u00a0revelou a infiltra\u00e7\u00e3o de Botelho [&hellip;]","og_url":"https:\/\/psol50.org.br\/capitao-do-exercito-infiltrado-em-ato-contra-temer-e-promovido-a-major\/","og_site_name":"PSOL 50","article_publisher":"https:\/\/www.facebook.com\/psol50","article_published_time":"2017-05-05T19:26:22+00:00","og_image":[{"width":1350,"height":900,"url":"https:\/\/psol50.org.br\/inc\/uploads\/2018\/07\/capa.png","type":"image\/png"}],"author":"Comunica\u00e7\u00e3o PSOL","twitter_card":"summary_large_image","twitter_creator":"@psol50","twitter_site":"@psol50","twitter_misc":{"Escrito por":"Comunica\u00e7\u00e3o PSOL","Est. tempo de leitura":"1 minuto"},"schema":{"@context":"https:\/\/schema.org","@graph":[{"@type":"Article","@id":"https:\/\/psol50.org.br\/capitao-do-exercito-infiltrado-em-ato-contra-temer-e-promovido-a-major\/#article","isPartOf":{"@id":"https:\/\/psol50.org.br\/capitao-do-exercito-infiltrado-em-ato-contra-temer-e-promovido-a-major\/"},"author":{"name":"Comunica\u00e7\u00e3o PSOL","@id":"https:\/\/psol50.org.br\/#\/schema\/person\/475dfa57d0b815993c714c2e96491fcd"},"headline":"Capit\u00e3o do Ex\u00e9rcito infiltrado em ato contra Temer \u00e9 promovido a major","datePublished":"2017-05-05T19:26:22+00:00","mainEntityOfPage":{"@id":"https:\/\/psol50.org.br\/capitao-do-exercito-infiltrado-em-ato-contra-temer-e-promovido-a-major\/"},"wordCount":252,"commentCount":0,"publisher":{"@id":"https:\/\/psol50.org.br\/#organization"},"image":{"@id":"https:\/\/psol50.org.br\/capitao-do-exercito-infiltrado-em-ato-contra-temer-e-promovido-a-major\/#primaryimage"},"thumbnailUrl":"","keywords":["Balta Nunes","estudante","Ex\u00e9rcito","Fora Temer","For\u00e7as Armadas","golpe","major","manifesta\u00e7\u00e3o","preso pol\u00edtico","Willian Pinta Botelho"],"articleSection":["Brasil","Movimento","Not\u00edcias"],"inLanguage":"pt-BR","potentialAction":[{"@type":"CommentAction","name":"Comment","target":["https:\/\/psol50.org.br\/capitao-do-exercito-infiltrado-em-ato-contra-temer-e-promovido-a-major\/#respond"]}]},{"@type":"WebPage","@id":"https:\/\/psol50.org.br\/capitao-do-exercito-infiltrado-em-ato-contra-temer-e-promovido-a-major\/","url":"https:\/\/psol50.org.br\/capitao-do-exercito-infiltrado-em-ato-contra-temer-e-promovido-a-major\/","name":"Capit\u00e3o do Ex\u00e9rcito infiltrado em ato contra Temer \u00e9 promovido a major - PSOL 50","isPartOf":{"@id":"https:\/\/psol50.org.br\/#website"},"primaryImageOfPage":{"@id":"https:\/\/psol50.org.br\/capitao-do-exercito-infiltrado-em-ato-contra-temer-e-promovido-a-major\/#primaryimage"},"image":{"@id":"https:\/\/psol50.org.br\/capitao-do-exercito-infiltrado-em-ato-contra-temer-e-promovido-a-major\/#primaryimage"},"thumbnailUrl":"","datePublished":"2017-05-05T19:26:22+00:00","breadcrumb":{"@id":"https:\/\/psol50.org.br\/capitao-do-exercito-infiltrado-em-ato-contra-temer-e-promovido-a-major\/#breadcrumb"},"inLanguage":"pt-BR","potentialAction":[{"@type":"ReadAction","target":["https:\/\/psol50.org.br\/capitao-do-exercito-infiltrado-em-ato-contra-temer-e-promovido-a-major\/"]}]},{"@type":"ImageObject","inLanguage":"pt-BR","@id":"https:\/\/psol50.org.br\/capitao-do-exercito-infiltrado-em-ato-contra-temer-e-promovido-a-major\/#primaryimage","url":"","contentUrl":""},{"@type":"BreadcrumbList","@id":"https:\/\/psol50.org.br\/capitao-do-exercito-infiltrado-em-ato-contra-temer-e-promovido-a-major\/#breadcrumb","itemListElement":[{"@type":"ListItem","position":1,"name":"In\u00edcio","item":"https:\/\/psol50.org.br\/"},{"@type":"ListItem","position":2,"name":"Capit\u00e3o do Ex\u00e9rcito infiltrado em ato contra Temer \u00e9 promovido a major"}]},{"@type":"WebSite","@id":"https:\/\/psol50.org.br\/#website","url":"https:\/\/psol50.org.br\/","name":"PSOL 50","description":"Site oficial do Partido Socialismo e Liberdade","publisher":{"@id":"https:\/\/psol50.org.br\/#organization"},"alternateName":"PSOL50","potentialAction":[{"@type":"SearchAction","target":{"@type":"EntryPoint","urlTemplate":"https:\/\/psol50.org.br\/?s={search_term_string}"},"query-input":{"@type":"PropertyValueSpecification","valueRequired":true,"valueName":"search_term_string"}}],"inLanguage":"pt-BR"},{"@type":"Organization","@id":"https:\/\/psol50.org.br\/#organization","name":"PSOL 50","alternateName":"PSOL 50","url":"https:\/\/psol50.org.br\/","logo":{"@type":"ImageObject","inLanguage":"pt-BR","@id":"https:\/\/psol50.org.br\/#\/schema\/logo\/image\/","url":"https:\/\/psol50.org.br\/inc\/uploads\/2018\/07\/capa.png","contentUrl":"https:\/\/psol50.org.br\/inc\/uploads\/2018\/07\/capa.png","width":1350,"height":900,"caption":"PSOL 50"},"image":{"@id":"https:\/\/psol50.org.br\/#\/schema\/logo\/image\/"},"sameAs":["https:\/\/www.facebook.com\/psol50","https:\/\/x.com\/psol50","https:\/\/www.instagram.com\/psol50\/","https:\/\/www.youtube.com\/channel\/UC7SnJS5o1os7a6CaiNabzcg"]},{"@type":"Person","@id":"https:\/\/psol50.org.br\/#\/schema\/person\/475dfa57d0b815993c714c2e96491fcd","name":"Comunica\u00e7\u00e3o PSOL","image":{"@type":"ImageObject","inLanguage":"pt-BR","@id":"https:\/\/psol50.org.br\/#\/schema\/person\/image\/","url":"https:\/\/secure.gravatar.com\/avatar\/b34fc4f4e468a4e51785917065a3db57b841f5c95dba6ad8c73aaf8f66f8f9bf?s=96&d=mm&r=g","contentUrl":"https:\/\/secure.gravatar.com\/avatar\/b34fc4f4e468a4e51785917065a3db57b841f5c95dba6ad8c73aaf8f66f8f9bf?s=96&d=mm&r=g","caption":"Comunica\u00e7\u00e3o PSOL"}}]}},"_links":{"self":[{"href":"https:\/\/psol50.org.br\/rest\/wp\/v2\/posts\/16423","targetHints":{"allow":["GET"]}}],"collection":[{"href":"https:\/\/psol50.org.br\/rest\/wp\/v2\/posts"}],"about":[{"href":"https:\/\/psol50.org.br\/rest\/wp\/v2\/types\/post"}],"author":[{"embeddable":true,"href":"https:\/\/psol50.org.br\/rest\/wp\/v2\/users\/2"}],"replies":[{"embeddable":true,"href":"https:\/\/psol50.org.br\/rest\/wp\/v2\/comments?post=16423"}],"version-history":[{"count":0,"href":"https:\/\/psol50.org.br\/rest\/wp\/v2\/posts\/16423\/revisions"}],"wp:featuredmedia":[{"embeddable":true,"href":"https:\/\/psol50.org.br\/rest\/"}],"wp:attachment":[{"href":"https:\/\/psol50.org.br\/rest\/wp\/v2\/media?parent=16423"}],"wp:term":[{"taxonomy":"category","embeddable":true,"href":"https:\/\/psol50.org.br\/rest\/wp\/v2\/categories?post=16423"},{"taxonomy":"post_tag","embeddable":true,"href":"https:\/\/psol50.org.br\/rest\/wp\/v2\/tags?post=16423"}],"curies":[{"name":"wp","href":"https:\/\/api.w.org\/{rel}","templated":true}]}}