{"id":1643,"date":"2011-10-07T00:00:00","date_gmt":"2011-10-07T00:00:00","guid":{"rendered":"http:\/\/psol50.org.br\/arquivo\/2011\/10\/07\/psol-lanca-pre-candidato-as-eleicoes-municipais-de-2012-em-feira-de-santana\/"},"modified":"2011-10-07T00:00:00","modified_gmt":"2011-10-07T00:00:00","slug":"psol-lanca-pre-candidato-as-eleicoes-municipais-de-2012-em-feira-de-santana","status":"publish","type":"post","link":"https:\/\/psol50.org.br\/psol-lanca-pre-candidato-as-eleicoes-municipais-de-2012-em-feira-de-santana\/","title":{"rendered":"PSOL lan\u00e7a pr\u00e9-candidato \u00e0s elei\u00e7\u00f5es municipais de 2012 em Feira de Santana"},"content":{"rendered":"<p style=\"text-align: justify\"><a href=\"http:\/\/psol50.org.br\/blog\/2011\/10\/07\/psol-lanca-pre-candidato-as-eleicoes-municipais-de-2012-em-feira-de-santana\/feira-de-santana\/\" rel=\"attachment wp-att-11349\"><img loading=\"lazy\" decoding=\"async\" class=\"alignright size-full wp-image-11349\" src=\"http:\/\/psol50.org.br\/files\/2011\/10\/Feira-de-Santana.jpg\" alt=\"\" width=\"350\" height=\"263\" \/><\/a>Diante de um cen\u00e1rio em que as for\u00e7as pol\u00edticas que disputam a administra\u00e7\u00e3o municipal n\u00e3o fazem quest\u00e3o de colocar em pauta os principais problemas que afligem a popula\u00e7\u00e3o feirense, subordinando sua conduta pol\u00edtica aos interesses dos grupos que exploram o crescimento da cidade e as feridas abertas por ele, o PSOL compreende que a necessidade de uma candidatura do campo da esquerda socialista \u00e9 imprescind\u00edvel.<\/p>\n<p>\u00c9 para propor uma alternativa a essa disputa fantasiosa entre grupos e personalidades que se diferenciam apenas no nome das legendas partid\u00e1rias, mas na pr\u00e1tica defendem um mesmo projeto de moderniza\u00e7\u00e3o desigual e conservadora e manuten\u00e7\u00e3o de privil\u00e9gios, que lutadores e lutadoras reunidos em plen\u00e1ria municipal do Partido Socialismo e Liberdade realizada no \u00faltimo dia 01 de outubro, decidiram apresentar a <strong>pr\u00e9-candidatura do professor e militante do MSTB &#8211; Movimento dos Sem Teto da Bahia, Jhonatas Monteiro \u00e0 prefeitura de Feira de Santana.<\/strong><\/p>\n<p>O PSOL entra na disputa eleitoral de 2012 para apresentar uma proposta que retoma a hist\u00f3ria das lutas do povo feirense, na resist\u00eancia protagonizada desde Lucas da Feira at\u00e9 as lutas por moradia, trabalho, e uma vida digna na F\u00eara de hoje, candidatura que vai de encontro aos senhores que ainda dominam a nossa cidade.<\/p>\n<p><strong>Jhonatas Lima Monteiro<\/strong>, professor e militante da rede estadual de ensino, \u00e9 feirense do bairro da Queimadinha, come\u00e7ou sua luta pol\u00edtica nos movimentos de base da Igreja, atuou no movimento estudantil universit\u00e1rio da UEFS, no Diret\u00f3rio Acad\u00eamico de Hist\u00f3ria e no Diret\u00f3rio Central de Estudantes, diretor da FEMEH, Federa\u00e7\u00e3o Nacional dos Estudantes de Hist\u00f3ria. Atualmente \u00e9 militante do Movimento dos Sem Teto da Bahia e vinculado as lutas populares em Feira de Santana.<\/p>\n<p>Feira de Santana, primavera de 2011<\/p>\n<p>Dire\u00e7\u00e3o Municipal do PSOL Feira de Santana \u2013 Bahia<br \/>\nBlog: http:\/\/pagina50.blogspot.com\/<br \/>\ne-mail: psol.fsa@gmail.com<br \/>\nTel: (75) 9191-6860<\/p>\n","protected":false},"excerpt":{"rendered":"<p>Diante de um cen\u00e1rio em que as for\u00e7as pol\u00edticas que disputam a administra\u00e7\u00e3o municipal n\u00e3o fazem quest\u00e3o de colocar em pauta os principais problemas que afligem a popula\u00e7\u00e3o feirense, subordinando sua conduta pol\u00edtica aos interesses dos grupos que exploram o crescimento da cidade e as feridas abertas por ele, o PSOL compreende que a necessidade [&hellip;]<\/p>\n","protected":false},"author":2,"featured_media":0,"comment_status":"open","ping_status":"open","sticky":false,"template":"","format":"standard","meta":{"_acf_changed":false,"footnotes":""},"categories":[4766],"tags":[],"class_list":{"0":"post-1643","1":"post","2":"type-post","3":"status-publish","4":"format-standard","6":"category-arquivo"},"acf":[],"yoast_head":"<!-- This site is optimized with the Yoast SEO plugin v26.5 - https:\/\/yoast.com\/wordpress\/plugins\/seo\/ -->\n<title>PSOL lan\u00e7a pr\u00e9-candidato \u00e0s elei\u00e7\u00f5es municipais de 2012 em Feira de Santana - PSOL 50<\/title>\n<meta name=\"robots\" content=\"index, follow, max-snippet:-1, max-image-preview:large, max-video-preview:-1\" \/>\n<link rel=\"canonical\" href=\"https:\/\/psol50.org.br\/psol-lanca-pre-candidato-as-eleicoes-municipais-de-2012-em-feira-de-santana\/\" \/>\n<meta property=\"og:locale\" content=\"pt_BR\" \/>\n<meta property=\"og:type\" content=\"article\" \/>\n<meta property=\"og:title\" content=\"PSOL lan\u00e7a pr\u00e9-candidato \u00e0s elei\u00e7\u00f5es municipais de 2012 em Feira de Santana - PSOL 50\" \/>\n<meta property=\"og:description\" content=\"Diante de um cen\u00e1rio em que as for\u00e7as pol\u00edticas que disputam a administra\u00e7\u00e3o municipal n\u00e3o fazem quest\u00e3o de colocar em pauta os principais problemas que afligem a popula\u00e7\u00e3o feirense, subordinando sua conduta pol\u00edtica aos interesses dos grupos que exploram o crescimento da cidade e as feridas abertas por ele, o PSOL compreende que a necessidade [&hellip;]\" \/>\n<meta property=\"og:url\" content=\"https:\/\/psol50.org.br\/psol-lanca-pre-candidato-as-eleicoes-municipais-de-2012-em-feira-de-santana\/\" \/>\n<meta property=\"og:site_name\" content=\"PSOL 50\" \/>\n<meta property=\"article:publisher\" content=\"https:\/\/www.facebook.com\/psol50\" \/>\n<meta property=\"article:published_time\" content=\"2011-10-07T00:00:00+00:00\" \/>\n<meta property=\"og:image\" content=\"http:\/\/psol50.org.br\/files\/2011\/10\/Feira-de-Santana.jpg\" \/>\n<meta name=\"author\" content=\"Comunica\u00e7\u00e3o PSOL\" \/>\n<meta name=\"twitter:card\" content=\"summary_large_image\" \/>\n<meta name=\"twitter:creator\" content=\"@psol50\" \/>\n<meta name=\"twitter:site\" content=\"@psol50\" \/>\n<meta name=\"twitter:label1\" content=\"Escrito por\" \/>\n\t<meta name=\"twitter:data1\" content=\"Comunica\u00e7\u00e3o PSOL\" \/>\n\t<meta name=\"twitter:label2\" content=\"Est. tempo de leitura\" \/>\n\t<meta name=\"twitter:data2\" content=\"2 minutos\" \/>\n<script type=\"application\/ld+json\" class=\"yoast-schema-graph\">{\"@context\":\"https:\/\/schema.org\",\"@graph\":[{\"@type\":\"Article\",\"@id\":\"https:\/\/psol50.org.br\/psol-lanca-pre-candidato-as-eleicoes-municipais-de-2012-em-feira-de-santana\/#article\",\"isPartOf\":{\"@id\":\"https:\/\/psol50.org.br\/psol-lanca-pre-candidato-as-eleicoes-municipais-de-2012-em-feira-de-santana\/\"},\"author\":{\"name\":\"Comunica\u00e7\u00e3o PSOL\",\"@id\":\"https:\/\/psol50.org.br\/#\/schema\/person\/475dfa57d0b815993c714c2e96491fcd\"},\"headline\":\"PSOL lan\u00e7a pr\u00e9-candidato \u00e0s elei\u00e7\u00f5es municipais de 2012 em Feira de Santana\",\"datePublished\":\"2011-10-07T00:00:00+00:00\",\"mainEntityOfPage\":{\"@id\":\"https:\/\/psol50.org.br\/psol-lanca-pre-candidato-as-eleicoes-municipais-de-2012-em-feira-de-santana\/\"},\"wordCount\":337,\"commentCount\":0,\"publisher\":{\"@id\":\"https:\/\/psol50.org.br\/#organization\"},\"image\":{\"@id\":\"https:\/\/psol50.org.br\/psol-lanca-pre-candidato-as-eleicoes-municipais-de-2012-em-feira-de-santana\/#primaryimage\"},\"thumbnailUrl\":\"http:\/\/psol50.org.br\/files\/2011\/10\/Feira-de-Santana.jpg\",\"articleSection\":[\"Arquivo\"],\"inLanguage\":\"pt-BR\",\"potentialAction\":[{\"@type\":\"CommentAction\",\"name\":\"Comment\",\"target\":[\"https:\/\/psol50.org.br\/psol-lanca-pre-candidato-as-eleicoes-municipais-de-2012-em-feira-de-santana\/#respond\"]}]},{\"@type\":\"WebPage\",\"@id\":\"https:\/\/psol50.org.br\/psol-lanca-pre-candidato-as-eleicoes-municipais-de-2012-em-feira-de-santana\/\",\"url\":\"https:\/\/psol50.org.br\/psol-lanca-pre-candidato-as-eleicoes-municipais-de-2012-em-feira-de-santana\/\",\"name\":\"PSOL lan\u00e7a pr\u00e9-candidato \u00e0s elei\u00e7\u00f5es municipais de 2012 em Feira de Santana - PSOL 50\",\"isPartOf\":{\"@id\":\"https:\/\/psol50.org.br\/#website\"},\"primaryImageOfPage\":{\"@id\":\"https:\/\/psol50.org.br\/psol-lanca-pre-candidato-as-eleicoes-municipais-de-2012-em-feira-de-santana\/#primaryimage\"},\"image\":{\"@id\":\"https:\/\/psol50.org.br\/psol-lanca-pre-candidato-as-eleicoes-municipais-de-2012-em-feira-de-santana\/#primaryimage\"},\"thumbnailUrl\":\"http:\/\/psol50.org.br\/files\/2011\/10\/Feira-de-Santana.jpg\",\"datePublished\":\"2011-10-07T00:00:00+00:00\",\"breadcrumb\":{\"@id\":\"https:\/\/psol50.org.br\/psol-lanca-pre-candidato-as-eleicoes-municipais-de-2012-em-feira-de-santana\/#breadcrumb\"},\"inLanguage\":\"pt-BR\",\"potentialAction\":[{\"@type\":\"ReadAction\",\"target\":[\"https:\/\/psol50.org.br\/psol-lanca-pre-candidato-as-eleicoes-municipais-de-2012-em-feira-de-santana\/\"]}]},{\"@type\":\"ImageObject\",\"inLanguage\":\"pt-BR\",\"@id\":\"https:\/\/psol50.org.br\/psol-lanca-pre-candidato-as-eleicoes-municipais-de-2012-em-feira-de-santana\/#primaryimage\",\"url\":\"http:\/\/psol50.org.br\/files\/2011\/10\/Feira-de-Santana.jpg\",\"contentUrl\":\"http:\/\/psol50.org.br\/files\/2011\/10\/Feira-de-Santana.jpg\"},{\"@type\":\"BreadcrumbList\",\"@id\":\"https:\/\/psol50.org.br\/psol-lanca-pre-candidato-as-eleicoes-municipais-de-2012-em-feira-de-santana\/#breadcrumb\",\"itemListElement\":[{\"@type\":\"ListItem\",\"position\":1,\"name\":\"In\u00edcio\",\"item\":\"https:\/\/psol50.org.br\/\"},{\"@type\":\"ListItem\",\"position\":2,\"name\":\"PSOL lan\u00e7a pr\u00e9-candidato \u00e0s elei\u00e7\u00f5es municipais de 2012 em Feira de Santana\"}]},{\"@type\":\"WebSite\",\"@id\":\"https:\/\/psol50.org.br\/#website\",\"url\":\"https:\/\/psol50.org.br\/\",\"name\":\"PSOL 50\",\"description\":\"Site oficial do Partido Socialismo e Liberdade\",\"publisher\":{\"@id\":\"https:\/\/psol50.org.br\/#organization\"},\"alternateName\":\"PSOL50\",\"potentialAction\":[{\"@type\":\"SearchAction\",\"target\":{\"@type\":\"EntryPoint\",\"urlTemplate\":\"https:\/\/psol50.org.br\/?s={search_term_string}\"},\"query-input\":{\"@type\":\"PropertyValueSpecification\",\"valueRequired\":true,\"valueName\":\"search_term_string\"}}],\"inLanguage\":\"pt-BR\"},{\"@type\":\"Organization\",\"@id\":\"https:\/\/psol50.org.br\/#organization\",\"name\":\"PSOL 50\",\"alternateName\":\"PSOL 50\",\"url\":\"https:\/\/psol50.org.br\/\",\"logo\":{\"@type\":\"ImageObject\",\"inLanguage\":\"pt-BR\",\"@id\":\"https:\/\/psol50.org.br\/#\/schema\/logo\/image\/\",\"url\":\"https:\/\/psol50.org.br\/inc\/uploads\/2018\/07\/capa.png\",\"contentUrl\":\"https:\/\/psol50.org.br\/inc\/uploads\/2018\/07\/capa.png\",\"width\":1350,\"height\":900,\"caption\":\"PSOL 50\"},\"image\":{\"@id\":\"https:\/\/psol50.org.br\/#\/schema\/logo\/image\/\"},\"sameAs\":[\"https:\/\/www.facebook.com\/psol50\",\"https:\/\/x.com\/psol50\",\"https:\/\/www.instagram.com\/psol50\/\",\"https:\/\/www.youtube.com\/channel\/UC7SnJS5o1os7a6CaiNabzcg\"]},{\"@type\":\"Person\",\"@id\":\"https:\/\/psol50.org.br\/#\/schema\/person\/475dfa57d0b815993c714c2e96491fcd\",\"name\":\"Comunica\u00e7\u00e3o PSOL\",\"image\":{\"@type\":\"ImageObject\",\"inLanguage\":\"pt-BR\",\"@id\":\"https:\/\/psol50.org.br\/#\/schema\/person\/image\/\",\"url\":\"https:\/\/secure.gravatar.com\/avatar\/b34fc4f4e468a4e51785917065a3db57b841f5c95dba6ad8c73aaf8f66f8f9bf?s=96&d=mm&r=g\",\"contentUrl\":\"https:\/\/secure.gravatar.com\/avatar\/b34fc4f4e468a4e51785917065a3db57b841f5c95dba6ad8c73aaf8f66f8f9bf?s=96&d=mm&r=g\",\"caption\":\"Comunica\u00e7\u00e3o PSOL\"}}]}<\/script>\n<!-- \/ Yoast SEO plugin. -->","yoast_head_json":{"title":"PSOL lan\u00e7a pr\u00e9-candidato \u00e0s elei\u00e7\u00f5es municipais de 2012 em Feira de Santana - PSOL 50","robots":{"index":"index","follow":"follow","max-snippet":"max-snippet:-1","max-image-preview":"max-image-preview:large","max-video-preview":"max-video-preview:-1"},"canonical":"https:\/\/psol50.org.br\/psol-lanca-pre-candidato-as-eleicoes-municipais-de-2012-em-feira-de-santana\/","og_locale":"pt_BR","og_type":"article","og_title":"PSOL lan\u00e7a pr\u00e9-candidato \u00e0s elei\u00e7\u00f5es municipais de 2012 em Feira de Santana - PSOL 50","og_description":"Diante de um cen\u00e1rio em que as for\u00e7as pol\u00edticas que disputam a administra\u00e7\u00e3o municipal n\u00e3o fazem quest\u00e3o de colocar em pauta os principais problemas que afligem a popula\u00e7\u00e3o feirense, subordinando sua conduta pol\u00edtica aos interesses dos grupos que exploram o crescimento da cidade e as feridas abertas por ele, o PSOL compreende que a necessidade [&hellip;]","og_url":"https:\/\/psol50.org.br\/psol-lanca-pre-candidato-as-eleicoes-municipais-de-2012-em-feira-de-santana\/","og_site_name":"PSOL 50","article_publisher":"https:\/\/www.facebook.com\/psol50","article_published_time":"2011-10-07T00:00:00+00:00","og_image":[{"url":"http:\/\/psol50.org.br\/files\/2011\/10\/Feira-de-Santana.jpg","type":"","width":"","height":""}],"author":"Comunica\u00e7\u00e3o PSOL","twitter_card":"summary_large_image","twitter_creator":"@psol50","twitter_site":"@psol50","twitter_misc":{"Escrito por":"Comunica\u00e7\u00e3o PSOL","Est. tempo de leitura":"2 minutos"},"schema":{"@context":"https:\/\/schema.org","@graph":[{"@type":"Article","@id":"https:\/\/psol50.org.br\/psol-lanca-pre-candidato-as-eleicoes-municipais-de-2012-em-feira-de-santana\/#article","isPartOf":{"@id":"https:\/\/psol50.org.br\/psol-lanca-pre-candidato-as-eleicoes-municipais-de-2012-em-feira-de-santana\/"},"author":{"name":"Comunica\u00e7\u00e3o PSOL","@id":"https:\/\/psol50.org.br\/#\/schema\/person\/475dfa57d0b815993c714c2e96491fcd"},"headline":"PSOL lan\u00e7a pr\u00e9-candidato \u00e0s elei\u00e7\u00f5es municipais de 2012 em Feira de Santana","datePublished":"2011-10-07T00:00:00+00:00","mainEntityOfPage":{"@id":"https:\/\/psol50.org.br\/psol-lanca-pre-candidato-as-eleicoes-municipais-de-2012-em-feira-de-santana\/"},"wordCount":337,"commentCount":0,"publisher":{"@id":"https:\/\/psol50.org.br\/#organization"},"image":{"@id":"https:\/\/psol50.org.br\/psol-lanca-pre-candidato-as-eleicoes-municipais-de-2012-em-feira-de-santana\/#primaryimage"},"thumbnailUrl":"http:\/\/psol50.org.br\/files\/2011\/10\/Feira-de-Santana.jpg","articleSection":["Arquivo"],"inLanguage":"pt-BR","potentialAction":[{"@type":"CommentAction","name":"Comment","target":["https:\/\/psol50.org.br\/psol-lanca-pre-candidato-as-eleicoes-municipais-de-2012-em-feira-de-santana\/#respond"]}]},{"@type":"WebPage","@id":"https:\/\/psol50.org.br\/psol-lanca-pre-candidato-as-eleicoes-municipais-de-2012-em-feira-de-santana\/","url":"https:\/\/psol50.org.br\/psol-lanca-pre-candidato-as-eleicoes-municipais-de-2012-em-feira-de-santana\/","name":"PSOL lan\u00e7a pr\u00e9-candidato \u00e0s elei\u00e7\u00f5es municipais de 2012 em Feira de Santana - PSOL 50","isPartOf":{"@id":"https:\/\/psol50.org.br\/#website"},"primaryImageOfPage":{"@id":"https:\/\/psol50.org.br\/psol-lanca-pre-candidato-as-eleicoes-municipais-de-2012-em-feira-de-santana\/#primaryimage"},"image":{"@id":"https:\/\/psol50.org.br\/psol-lanca-pre-candidato-as-eleicoes-municipais-de-2012-em-feira-de-santana\/#primaryimage"},"thumbnailUrl":"http:\/\/psol50.org.br\/files\/2011\/10\/Feira-de-Santana.jpg","datePublished":"2011-10-07T00:00:00+00:00","breadcrumb":{"@id":"https:\/\/psol50.org.br\/psol-lanca-pre-candidato-as-eleicoes-municipais-de-2012-em-feira-de-santana\/#breadcrumb"},"inLanguage":"pt-BR","potentialAction":[{"@type":"ReadAction","target":["https:\/\/psol50.org.br\/psol-lanca-pre-candidato-as-eleicoes-municipais-de-2012-em-feira-de-santana\/"]}]},{"@type":"ImageObject","inLanguage":"pt-BR","@id":"https:\/\/psol50.org.br\/psol-lanca-pre-candidato-as-eleicoes-municipais-de-2012-em-feira-de-santana\/#primaryimage","url":"http:\/\/psol50.org.br\/files\/2011\/10\/Feira-de-Santana.jpg","contentUrl":"http:\/\/psol50.org.br\/files\/2011\/10\/Feira-de-Santana.jpg"},{"@type":"BreadcrumbList","@id":"https:\/\/psol50.org.br\/psol-lanca-pre-candidato-as-eleicoes-municipais-de-2012-em-feira-de-santana\/#breadcrumb","itemListElement":[{"@type":"ListItem","position":1,"name":"In\u00edcio","item":"https:\/\/psol50.org.br\/"},{"@type":"ListItem","position":2,"name":"PSOL lan\u00e7a pr\u00e9-candidato \u00e0s elei\u00e7\u00f5es municipais de 2012 em Feira de Santana"}]},{"@type":"WebSite","@id":"https:\/\/psol50.org.br\/#website","url":"https:\/\/psol50.org.br\/","name":"PSOL 50","description":"Site oficial do Partido Socialismo e Liberdade","publisher":{"@id":"https:\/\/psol50.org.br\/#organization"},"alternateName":"PSOL50","potentialAction":[{"@type":"SearchAction","target":{"@type":"EntryPoint","urlTemplate":"https:\/\/psol50.org.br\/?s={search_term_string}"},"query-input":{"@type":"PropertyValueSpecification","valueRequired":true,"valueName":"search_term_string"}}],"inLanguage":"pt-BR"},{"@type":"Organization","@id":"https:\/\/psol50.org.br\/#organization","name":"PSOL 50","alternateName":"PSOL 50","url":"https:\/\/psol50.org.br\/","logo":{"@type":"ImageObject","inLanguage":"pt-BR","@id":"https:\/\/psol50.org.br\/#\/schema\/logo\/image\/","url":"https:\/\/psol50.org.br\/inc\/uploads\/2018\/07\/capa.png","contentUrl":"https:\/\/psol50.org.br\/inc\/uploads\/2018\/07\/capa.png","width":1350,"height":900,"caption":"PSOL 50"},"image":{"@id":"https:\/\/psol50.org.br\/#\/schema\/logo\/image\/"},"sameAs":["https:\/\/www.facebook.com\/psol50","https:\/\/x.com\/psol50","https:\/\/www.instagram.com\/psol50\/","https:\/\/www.youtube.com\/channel\/UC7SnJS5o1os7a6CaiNabzcg"]},{"@type":"Person","@id":"https:\/\/psol50.org.br\/#\/schema\/person\/475dfa57d0b815993c714c2e96491fcd","name":"Comunica\u00e7\u00e3o PSOL","image":{"@type":"ImageObject","inLanguage":"pt-BR","@id":"https:\/\/psol50.org.br\/#\/schema\/person\/image\/","url":"https:\/\/secure.gravatar.com\/avatar\/b34fc4f4e468a4e51785917065a3db57b841f5c95dba6ad8c73aaf8f66f8f9bf?s=96&d=mm&r=g","contentUrl":"https:\/\/secure.gravatar.com\/avatar\/b34fc4f4e468a4e51785917065a3db57b841f5c95dba6ad8c73aaf8f66f8f9bf?s=96&d=mm&r=g","caption":"Comunica\u00e7\u00e3o PSOL"}}]}},"_links":{"self":[{"href":"https:\/\/psol50.org.br\/rest\/wp\/v2\/posts\/1643","targetHints":{"allow":["GET"]}}],"collection":[{"href":"https:\/\/psol50.org.br\/rest\/wp\/v2\/posts"}],"about":[{"href":"https:\/\/psol50.org.br\/rest\/wp\/v2\/types\/post"}],"author":[{"embeddable":true,"href":"https:\/\/psol50.org.br\/rest\/wp\/v2\/users\/2"}],"replies":[{"embeddable":true,"href":"https:\/\/psol50.org.br\/rest\/wp\/v2\/comments?post=1643"}],"version-history":[{"count":0,"href":"https:\/\/psol50.org.br\/rest\/wp\/v2\/posts\/1643\/revisions"}],"wp:attachment":[{"href":"https:\/\/psol50.org.br\/rest\/wp\/v2\/media?parent=1643"}],"wp:term":[{"taxonomy":"category","embeddable":true,"href":"https:\/\/psol50.org.br\/rest\/wp\/v2\/categories?post=1643"},{"taxonomy":"post_tag","embeddable":true,"href":"https:\/\/psol50.org.br\/rest\/wp\/v2\/tags?post=1643"}],"curies":[{"name":"wp","href":"https:\/\/api.w.org\/{rel}","templated":true}]}}