{"id":1645,"date":"2011-10-07T00:00:00","date_gmt":"2011-10-07T00:00:00","guid":{"rendered":"http:\/\/psol50.org.br\/arquivo\/2011\/10\/07\/mpt-rs-recebe-vereadores-de-porto-alegre-para-tratar-situacao-dos-operarios-da-obra-da-oas\/"},"modified":"2011-10-07T00:00:00","modified_gmt":"2011-10-07T00:00:00","slug":"mpt-rs-recebe-vereadores-de-porto-alegre-para-tratar-situacao-dos-operarios-da-obra-da-oas","status":"publish","type":"post","link":"https:\/\/psol50.org.br\/mpt-rs-recebe-vereadores-de-porto-alegre-para-tratar-situacao-dos-operarios-da-obra-da-oas\/","title":{"rendered":"MPT-RS recebe vereadores de Porto Alegre para tratar situa\u00e7\u00e3o dos oper\u00e1rios da obra da OAS"},"content":{"rendered":"<p><a href=\"http:\/\/psol50.org.br\/blog\/2011\/10\/07\/mpt-rs-recebe-vereadores-de-porto-alegre-tratar-situacao-dos-operarios-da-obra-da-oas\/mpt_rs\/\" rel=\"attachment wp-att-11364\"><img loading=\"lazy\" decoding=\"async\" class=\"alignright size-medium wp-image-11364\" src=\"http:\/\/psol50.org.br\/files\/2011\/10\/MPT_RS-300x199.jpg\" alt=\"\" width=\"300\" height=\"199\" \/><\/a>O procurador-chefe do Minist\u00e9rio P\u00fablico do Trabalho no Rio Grande do Sul (MPT-RS), Ivan S\u00e9rgio Camargo dos Santos, recebeu nesta quarta-feira, 5, grupo de vereadores de Porto Alegre. Estiveram presentes os presidentes da Comiss\u00e3o de Urbaniza\u00e7\u00e3o, Transporte e Habita\u00e7\u00e3o (Cuthab), Pedro Ruas (PSOL), e de Defesa do Consumidor, Direitos Humanos e Seguran\u00e7a Urbana (Cedecondh), Maria Celeste (PT), al\u00e9m da vice-l\u00edder da bancada do PSOL, Fernanda Melchionna.<\/p>\n<p>Os vereadores formalizaram convite para que o Minist\u00e9rio P\u00fablico do Trabalho participe de reuni\u00e3o extraordin\u00e1ria das duas comiss\u00f5es, nesta quinta-feira, 6, \u00e0s 10h, na sala 301 da C\u00e2mara Municipal. Em pauta, a situa\u00e7\u00e3o dos oper\u00e1rios contratados pela empresa OAS-Empreendimentos, den\u00fancias sobre trabalho precarizado, acidentes ocorridos com oper\u00e1rios e a morte de um trabalhador no domingo passado, 2.<\/p>\n<p>Al\u00e9m do MPT, tamb\u00e9m est\u00e3o sendo convidados o Sindicato dos Trabalhadores nas Ind\u00fastrias da Constru\u00e7\u00e3o Civil de Porto Alegre (Sticc POA), a Superintend\u00eancia Regional do Trabalho e Emprego (SRTE), a empresa OAS-Empreendimentos, a Comiss\u00e3o de Direitos Humanos da Assembleia Legislativa do Estado e a Secretaria da Justi\u00e7a e dos Direitos Humanos do Estado, assim como lideran\u00e7as comunit\u00e1rias.<\/p>\n<p>A vereadora Maria Celeste relatou que, na ter\u00e7a-feira, 4, vereadores da Cedecondh n\u00e3o entraram no canteiro de obras da construtora OAS para conferir a situa\u00e7\u00e3o dos oper\u00e1rios que trabalham na Arena do Gr\u00eamio. Os vereadores decidiram n\u00e3o ingressar no local, depois que um chefe de equipe disse que somente eles poderiam passar pelo port\u00e3o que separa a \u00e1rea privada da via p\u00fablica. Ficariam de fora jornalistas de diversos ve\u00edculos da Capital, assessores legislativos e l\u00edderes comunit\u00e1rios do bairro Humait\u00e1.<\/p>\n","protected":false},"excerpt":{"rendered":"<p>O procurador-chefe do Minist\u00e9rio P\u00fablico do Trabalho no Rio Grande do Sul (MPT-RS), Ivan S\u00e9rgio Camargo dos Santos, recebeu nesta quarta-feira, 5, grupo de vereadores de Porto Alegre. Estiveram presentes os presidentes da Comiss\u00e3o de Urbaniza\u00e7\u00e3o, Transporte e Habita\u00e7\u00e3o (Cuthab), Pedro Ruas (PSOL), e de Defesa do Consumidor, Direitos Humanos e Seguran\u00e7a Urbana (Cedecondh), Maria [&hellip;]<\/p>\n","protected":false},"author":2,"featured_media":0,"comment_status":"open","ping_status":"open","sticky":false,"template":"","format":"standard","meta":{"_acf_changed":false,"footnotes":""},"categories":[4766],"tags":[],"class_list":{"0":"post-1645","1":"post","2":"type-post","3":"status-publish","4":"format-standard","6":"category-arquivo"},"acf":[],"yoast_head":"<!-- This site is optimized with the Yoast SEO plugin v26.5 - https:\/\/yoast.com\/wordpress\/plugins\/seo\/ -->\n<title>MPT-RS recebe vereadores de Porto Alegre para tratar situa\u00e7\u00e3o dos oper\u00e1rios da obra da OAS - PSOL 50<\/title>\n<meta name=\"robots\" content=\"index, follow, max-snippet:-1, max-image-preview:large, max-video-preview:-1\" \/>\n<link rel=\"canonical\" href=\"https:\/\/psol50.org.br\/mpt-rs-recebe-vereadores-de-porto-alegre-para-tratar-situacao-dos-operarios-da-obra-da-oas\/\" \/>\n<meta property=\"og:locale\" content=\"pt_BR\" \/>\n<meta property=\"og:type\" content=\"article\" \/>\n<meta property=\"og:title\" content=\"MPT-RS recebe vereadores de Porto Alegre para tratar situa\u00e7\u00e3o dos oper\u00e1rios da obra da OAS - PSOL 50\" \/>\n<meta property=\"og:description\" content=\"O procurador-chefe do Minist\u00e9rio P\u00fablico do Trabalho no Rio Grande do Sul (MPT-RS), Ivan S\u00e9rgio Camargo dos Santos, recebeu nesta quarta-feira, 5, grupo de vereadores de Porto Alegre. Estiveram presentes os presidentes da Comiss\u00e3o de Urbaniza\u00e7\u00e3o, Transporte e Habita\u00e7\u00e3o (Cuthab), Pedro Ruas (PSOL), e de Defesa do Consumidor, Direitos Humanos e Seguran\u00e7a Urbana (Cedecondh), Maria [&hellip;]\" \/>\n<meta property=\"og:url\" content=\"https:\/\/psol50.org.br\/mpt-rs-recebe-vereadores-de-porto-alegre-para-tratar-situacao-dos-operarios-da-obra-da-oas\/\" \/>\n<meta property=\"og:site_name\" content=\"PSOL 50\" \/>\n<meta property=\"article:publisher\" content=\"https:\/\/www.facebook.com\/psol50\" \/>\n<meta property=\"article:published_time\" content=\"2011-10-07T00:00:00+00:00\" \/>\n<meta property=\"og:image\" content=\"http:\/\/psol50.org.br\/files\/2011\/10\/MPT_RS-300x199.jpg\" \/>\n<meta name=\"author\" content=\"Comunica\u00e7\u00e3o PSOL\" \/>\n<meta name=\"twitter:card\" content=\"summary_large_image\" \/>\n<meta name=\"twitter:creator\" content=\"@psol50\" \/>\n<meta name=\"twitter:site\" content=\"@psol50\" \/>\n<meta name=\"twitter:label1\" content=\"Escrito por\" \/>\n\t<meta name=\"twitter:data1\" content=\"Comunica\u00e7\u00e3o PSOL\" \/>\n\t<meta name=\"twitter:label2\" content=\"Est. tempo de leitura\" \/>\n\t<meta name=\"twitter:data2\" content=\"1 minuto\" \/>\n<script type=\"application\/ld+json\" class=\"yoast-schema-graph\">{\"@context\":\"https:\/\/schema.org\",\"@graph\":[{\"@type\":\"Article\",\"@id\":\"https:\/\/psol50.org.br\/mpt-rs-recebe-vereadores-de-porto-alegre-para-tratar-situacao-dos-operarios-da-obra-da-oas\/#article\",\"isPartOf\":{\"@id\":\"https:\/\/psol50.org.br\/mpt-rs-recebe-vereadores-de-porto-alegre-para-tratar-situacao-dos-operarios-da-obra-da-oas\/\"},\"author\":{\"name\":\"Comunica\u00e7\u00e3o PSOL\",\"@id\":\"https:\/\/psol50.org.br\/#\/schema\/person\/475dfa57d0b815993c714c2e96491fcd\"},\"headline\":\"MPT-RS recebe vereadores de Porto Alegre para tratar situa\u00e7\u00e3o dos oper\u00e1rios da obra da OAS\",\"datePublished\":\"2011-10-07T00:00:00+00:00\",\"mainEntityOfPage\":{\"@id\":\"https:\/\/psol50.org.br\/mpt-rs-recebe-vereadores-de-porto-alegre-para-tratar-situacao-dos-operarios-da-obra-da-oas\/\"},\"wordCount\":311,\"commentCount\":0,\"publisher\":{\"@id\":\"https:\/\/psol50.org.br\/#organization\"},\"image\":{\"@id\":\"https:\/\/psol50.org.br\/mpt-rs-recebe-vereadores-de-porto-alegre-para-tratar-situacao-dos-operarios-da-obra-da-oas\/#primaryimage\"},\"thumbnailUrl\":\"http:\/\/psol50.org.br\/files\/2011\/10\/MPT_RS-300x199.jpg\",\"articleSection\":[\"Arquivo\"],\"inLanguage\":\"pt-BR\",\"potentialAction\":[{\"@type\":\"CommentAction\",\"name\":\"Comment\",\"target\":[\"https:\/\/psol50.org.br\/mpt-rs-recebe-vereadores-de-porto-alegre-para-tratar-situacao-dos-operarios-da-obra-da-oas\/#respond\"]}]},{\"@type\":\"WebPage\",\"@id\":\"https:\/\/psol50.org.br\/mpt-rs-recebe-vereadores-de-porto-alegre-para-tratar-situacao-dos-operarios-da-obra-da-oas\/\",\"url\":\"https:\/\/psol50.org.br\/mpt-rs-recebe-vereadores-de-porto-alegre-para-tratar-situacao-dos-operarios-da-obra-da-oas\/\",\"name\":\"MPT-RS recebe vereadores de Porto Alegre para tratar situa\u00e7\u00e3o dos oper\u00e1rios da obra da OAS - PSOL 50\",\"isPartOf\":{\"@id\":\"https:\/\/psol50.org.br\/#website\"},\"primaryImageOfPage\":{\"@id\":\"https:\/\/psol50.org.br\/mpt-rs-recebe-vereadores-de-porto-alegre-para-tratar-situacao-dos-operarios-da-obra-da-oas\/#primaryimage\"},\"image\":{\"@id\":\"https:\/\/psol50.org.br\/mpt-rs-recebe-vereadores-de-porto-alegre-para-tratar-situacao-dos-operarios-da-obra-da-oas\/#primaryimage\"},\"thumbnailUrl\":\"http:\/\/psol50.org.br\/files\/2011\/10\/MPT_RS-300x199.jpg\",\"datePublished\":\"2011-10-07T00:00:00+00:00\",\"breadcrumb\":{\"@id\":\"https:\/\/psol50.org.br\/mpt-rs-recebe-vereadores-de-porto-alegre-para-tratar-situacao-dos-operarios-da-obra-da-oas\/#breadcrumb\"},\"inLanguage\":\"pt-BR\",\"potentialAction\":[{\"@type\":\"ReadAction\",\"target\":[\"https:\/\/psol50.org.br\/mpt-rs-recebe-vereadores-de-porto-alegre-para-tratar-situacao-dos-operarios-da-obra-da-oas\/\"]}]},{\"@type\":\"ImageObject\",\"inLanguage\":\"pt-BR\",\"@id\":\"https:\/\/psol50.org.br\/mpt-rs-recebe-vereadores-de-porto-alegre-para-tratar-situacao-dos-operarios-da-obra-da-oas\/#primaryimage\",\"url\":\"http:\/\/psol50.org.br\/files\/2011\/10\/MPT_RS-300x199.jpg\",\"contentUrl\":\"http:\/\/psol50.org.br\/files\/2011\/10\/MPT_RS-300x199.jpg\"},{\"@type\":\"BreadcrumbList\",\"@id\":\"https:\/\/psol50.org.br\/mpt-rs-recebe-vereadores-de-porto-alegre-para-tratar-situacao-dos-operarios-da-obra-da-oas\/#breadcrumb\",\"itemListElement\":[{\"@type\":\"ListItem\",\"position\":1,\"name\":\"In\u00edcio\",\"item\":\"https:\/\/psol50.org.br\/\"},{\"@type\":\"ListItem\",\"position\":2,\"name\":\"MPT-RS recebe vereadores de Porto Alegre para tratar situa\u00e7\u00e3o dos oper\u00e1rios da obra da OAS\"}]},{\"@type\":\"WebSite\",\"@id\":\"https:\/\/psol50.org.br\/#website\",\"url\":\"https:\/\/psol50.org.br\/\",\"name\":\"PSOL 50\",\"description\":\"Site oficial do Partido Socialismo e Liberdade\",\"publisher\":{\"@id\":\"https:\/\/psol50.org.br\/#organization\"},\"alternateName\":\"PSOL50\",\"potentialAction\":[{\"@type\":\"SearchAction\",\"target\":{\"@type\":\"EntryPoint\",\"urlTemplate\":\"https:\/\/psol50.org.br\/?s={search_term_string}\"},\"query-input\":{\"@type\":\"PropertyValueSpecification\",\"valueRequired\":true,\"valueName\":\"search_term_string\"}}],\"inLanguage\":\"pt-BR\"},{\"@type\":\"Organization\",\"@id\":\"https:\/\/psol50.org.br\/#organization\",\"name\":\"PSOL 50\",\"alternateName\":\"PSOL 50\",\"url\":\"https:\/\/psol50.org.br\/\",\"logo\":{\"@type\":\"ImageObject\",\"inLanguage\":\"pt-BR\",\"@id\":\"https:\/\/psol50.org.br\/#\/schema\/logo\/image\/\",\"url\":\"https:\/\/psol50.org.br\/inc\/uploads\/2018\/07\/capa.png\",\"contentUrl\":\"https:\/\/psol50.org.br\/inc\/uploads\/2018\/07\/capa.png\",\"width\":1350,\"height\":900,\"caption\":\"PSOL 50\"},\"image\":{\"@id\":\"https:\/\/psol50.org.br\/#\/schema\/logo\/image\/\"},\"sameAs\":[\"https:\/\/www.facebook.com\/psol50\",\"https:\/\/x.com\/psol50\",\"https:\/\/www.instagram.com\/psol50\/\",\"https:\/\/www.youtube.com\/channel\/UC7SnJS5o1os7a6CaiNabzcg\"]},{\"@type\":\"Person\",\"@id\":\"https:\/\/psol50.org.br\/#\/schema\/person\/475dfa57d0b815993c714c2e96491fcd\",\"name\":\"Comunica\u00e7\u00e3o PSOL\",\"image\":{\"@type\":\"ImageObject\",\"inLanguage\":\"pt-BR\",\"@id\":\"https:\/\/psol50.org.br\/#\/schema\/person\/image\/\",\"url\":\"https:\/\/secure.gravatar.com\/avatar\/b34fc4f4e468a4e51785917065a3db57b841f5c95dba6ad8c73aaf8f66f8f9bf?s=96&d=mm&r=g\",\"contentUrl\":\"https:\/\/secure.gravatar.com\/avatar\/b34fc4f4e468a4e51785917065a3db57b841f5c95dba6ad8c73aaf8f66f8f9bf?s=96&d=mm&r=g\",\"caption\":\"Comunica\u00e7\u00e3o PSOL\"}}]}<\/script>\n<!-- \/ Yoast SEO plugin. -->","yoast_head_json":{"title":"MPT-RS recebe vereadores de Porto Alegre para tratar situa\u00e7\u00e3o dos oper\u00e1rios da obra da OAS - PSOL 50","robots":{"index":"index","follow":"follow","max-snippet":"max-snippet:-1","max-image-preview":"max-image-preview:large","max-video-preview":"max-video-preview:-1"},"canonical":"https:\/\/psol50.org.br\/mpt-rs-recebe-vereadores-de-porto-alegre-para-tratar-situacao-dos-operarios-da-obra-da-oas\/","og_locale":"pt_BR","og_type":"article","og_title":"MPT-RS recebe vereadores de Porto Alegre para tratar situa\u00e7\u00e3o dos oper\u00e1rios da obra da OAS - PSOL 50","og_description":"O procurador-chefe do Minist\u00e9rio P\u00fablico do Trabalho no Rio Grande do Sul (MPT-RS), Ivan S\u00e9rgio Camargo dos Santos, recebeu nesta quarta-feira, 5, grupo de vereadores de Porto Alegre. Estiveram presentes os presidentes da Comiss\u00e3o de Urbaniza\u00e7\u00e3o, Transporte e Habita\u00e7\u00e3o (Cuthab), Pedro Ruas (PSOL), e de Defesa do Consumidor, Direitos Humanos e Seguran\u00e7a Urbana (Cedecondh), Maria [&hellip;]","og_url":"https:\/\/psol50.org.br\/mpt-rs-recebe-vereadores-de-porto-alegre-para-tratar-situacao-dos-operarios-da-obra-da-oas\/","og_site_name":"PSOL 50","article_publisher":"https:\/\/www.facebook.com\/psol50","article_published_time":"2011-10-07T00:00:00+00:00","og_image":[{"url":"http:\/\/psol50.org.br\/files\/2011\/10\/MPT_RS-300x199.jpg","type":"","width":"","height":""}],"author":"Comunica\u00e7\u00e3o PSOL","twitter_card":"summary_large_image","twitter_creator":"@psol50","twitter_site":"@psol50","twitter_misc":{"Escrito por":"Comunica\u00e7\u00e3o PSOL","Est. tempo de leitura":"1 minuto"},"schema":{"@context":"https:\/\/schema.org","@graph":[{"@type":"Article","@id":"https:\/\/psol50.org.br\/mpt-rs-recebe-vereadores-de-porto-alegre-para-tratar-situacao-dos-operarios-da-obra-da-oas\/#article","isPartOf":{"@id":"https:\/\/psol50.org.br\/mpt-rs-recebe-vereadores-de-porto-alegre-para-tratar-situacao-dos-operarios-da-obra-da-oas\/"},"author":{"name":"Comunica\u00e7\u00e3o PSOL","@id":"https:\/\/psol50.org.br\/#\/schema\/person\/475dfa57d0b815993c714c2e96491fcd"},"headline":"MPT-RS recebe vereadores de Porto Alegre para tratar situa\u00e7\u00e3o dos oper\u00e1rios da obra da OAS","datePublished":"2011-10-07T00:00:00+00:00","mainEntityOfPage":{"@id":"https:\/\/psol50.org.br\/mpt-rs-recebe-vereadores-de-porto-alegre-para-tratar-situacao-dos-operarios-da-obra-da-oas\/"},"wordCount":311,"commentCount":0,"publisher":{"@id":"https:\/\/psol50.org.br\/#organization"},"image":{"@id":"https:\/\/psol50.org.br\/mpt-rs-recebe-vereadores-de-porto-alegre-para-tratar-situacao-dos-operarios-da-obra-da-oas\/#primaryimage"},"thumbnailUrl":"http:\/\/psol50.org.br\/files\/2011\/10\/MPT_RS-300x199.jpg","articleSection":["Arquivo"],"inLanguage":"pt-BR","potentialAction":[{"@type":"CommentAction","name":"Comment","target":["https:\/\/psol50.org.br\/mpt-rs-recebe-vereadores-de-porto-alegre-para-tratar-situacao-dos-operarios-da-obra-da-oas\/#respond"]}]},{"@type":"WebPage","@id":"https:\/\/psol50.org.br\/mpt-rs-recebe-vereadores-de-porto-alegre-para-tratar-situacao-dos-operarios-da-obra-da-oas\/","url":"https:\/\/psol50.org.br\/mpt-rs-recebe-vereadores-de-porto-alegre-para-tratar-situacao-dos-operarios-da-obra-da-oas\/","name":"MPT-RS recebe vereadores de Porto Alegre para tratar situa\u00e7\u00e3o dos oper\u00e1rios da obra da OAS - PSOL 50","isPartOf":{"@id":"https:\/\/psol50.org.br\/#website"},"primaryImageOfPage":{"@id":"https:\/\/psol50.org.br\/mpt-rs-recebe-vereadores-de-porto-alegre-para-tratar-situacao-dos-operarios-da-obra-da-oas\/#primaryimage"},"image":{"@id":"https:\/\/psol50.org.br\/mpt-rs-recebe-vereadores-de-porto-alegre-para-tratar-situacao-dos-operarios-da-obra-da-oas\/#primaryimage"},"thumbnailUrl":"http:\/\/psol50.org.br\/files\/2011\/10\/MPT_RS-300x199.jpg","datePublished":"2011-10-07T00:00:00+00:00","breadcrumb":{"@id":"https:\/\/psol50.org.br\/mpt-rs-recebe-vereadores-de-porto-alegre-para-tratar-situacao-dos-operarios-da-obra-da-oas\/#breadcrumb"},"inLanguage":"pt-BR","potentialAction":[{"@type":"ReadAction","target":["https:\/\/psol50.org.br\/mpt-rs-recebe-vereadores-de-porto-alegre-para-tratar-situacao-dos-operarios-da-obra-da-oas\/"]}]},{"@type":"ImageObject","inLanguage":"pt-BR","@id":"https:\/\/psol50.org.br\/mpt-rs-recebe-vereadores-de-porto-alegre-para-tratar-situacao-dos-operarios-da-obra-da-oas\/#primaryimage","url":"http:\/\/psol50.org.br\/files\/2011\/10\/MPT_RS-300x199.jpg","contentUrl":"http:\/\/psol50.org.br\/files\/2011\/10\/MPT_RS-300x199.jpg"},{"@type":"BreadcrumbList","@id":"https:\/\/psol50.org.br\/mpt-rs-recebe-vereadores-de-porto-alegre-para-tratar-situacao-dos-operarios-da-obra-da-oas\/#breadcrumb","itemListElement":[{"@type":"ListItem","position":1,"name":"In\u00edcio","item":"https:\/\/psol50.org.br\/"},{"@type":"ListItem","position":2,"name":"MPT-RS recebe vereadores de Porto Alegre para tratar situa\u00e7\u00e3o dos oper\u00e1rios da obra da OAS"}]},{"@type":"WebSite","@id":"https:\/\/psol50.org.br\/#website","url":"https:\/\/psol50.org.br\/","name":"PSOL 50","description":"Site oficial do Partido Socialismo e Liberdade","publisher":{"@id":"https:\/\/psol50.org.br\/#organization"},"alternateName":"PSOL50","potentialAction":[{"@type":"SearchAction","target":{"@type":"EntryPoint","urlTemplate":"https:\/\/psol50.org.br\/?s={search_term_string}"},"query-input":{"@type":"PropertyValueSpecification","valueRequired":true,"valueName":"search_term_string"}}],"inLanguage":"pt-BR"},{"@type":"Organization","@id":"https:\/\/psol50.org.br\/#organization","name":"PSOL 50","alternateName":"PSOL 50","url":"https:\/\/psol50.org.br\/","logo":{"@type":"ImageObject","inLanguage":"pt-BR","@id":"https:\/\/psol50.org.br\/#\/schema\/logo\/image\/","url":"https:\/\/psol50.org.br\/inc\/uploads\/2018\/07\/capa.png","contentUrl":"https:\/\/psol50.org.br\/inc\/uploads\/2018\/07\/capa.png","width":1350,"height":900,"caption":"PSOL 50"},"image":{"@id":"https:\/\/psol50.org.br\/#\/schema\/logo\/image\/"},"sameAs":["https:\/\/www.facebook.com\/psol50","https:\/\/x.com\/psol50","https:\/\/www.instagram.com\/psol50\/","https:\/\/www.youtube.com\/channel\/UC7SnJS5o1os7a6CaiNabzcg"]},{"@type":"Person","@id":"https:\/\/psol50.org.br\/#\/schema\/person\/475dfa57d0b815993c714c2e96491fcd","name":"Comunica\u00e7\u00e3o PSOL","image":{"@type":"ImageObject","inLanguage":"pt-BR","@id":"https:\/\/psol50.org.br\/#\/schema\/person\/image\/","url":"https:\/\/secure.gravatar.com\/avatar\/b34fc4f4e468a4e51785917065a3db57b841f5c95dba6ad8c73aaf8f66f8f9bf?s=96&d=mm&r=g","contentUrl":"https:\/\/secure.gravatar.com\/avatar\/b34fc4f4e468a4e51785917065a3db57b841f5c95dba6ad8c73aaf8f66f8f9bf?s=96&d=mm&r=g","caption":"Comunica\u00e7\u00e3o PSOL"}}]}},"_links":{"self":[{"href":"https:\/\/psol50.org.br\/rest\/wp\/v2\/posts\/1645","targetHints":{"allow":["GET"]}}],"collection":[{"href":"https:\/\/psol50.org.br\/rest\/wp\/v2\/posts"}],"about":[{"href":"https:\/\/psol50.org.br\/rest\/wp\/v2\/types\/post"}],"author":[{"embeddable":true,"href":"https:\/\/psol50.org.br\/rest\/wp\/v2\/users\/2"}],"replies":[{"embeddable":true,"href":"https:\/\/psol50.org.br\/rest\/wp\/v2\/comments?post=1645"}],"version-history":[{"count":0,"href":"https:\/\/psol50.org.br\/rest\/wp\/v2\/posts\/1645\/revisions"}],"wp:attachment":[{"href":"https:\/\/psol50.org.br\/rest\/wp\/v2\/media?parent=1645"}],"wp:term":[{"taxonomy":"category","embeddable":true,"href":"https:\/\/psol50.org.br\/rest\/wp\/v2\/categories?post=1645"},{"taxonomy":"post_tag","embeddable":true,"href":"https:\/\/psol50.org.br\/rest\/wp\/v2\/tags?post=1645"}],"curies":[{"name":"wp","href":"https:\/\/api.w.org\/{rel}","templated":true}]}}