{"id":16454,"date":"2017-05-09T12:31:16","date_gmt":"2017-05-09T12:31:16","guid":{"rendered":"http:\/\/www.psol50.org.br\/?p=16454"},"modified":"2017-05-09T12:31:16","modified_gmt":"2017-05-09T12:31:16","slug":"ivan-valente-previdencia-e-retirada-de-direitos","status":"publish","type":"post","link":"https:\/\/psol50.org.br\/ivan-valente-previdencia-e-retirada-de-direitos\/","title":{"rendered":"Ivan Valente | Previd\u00eancia e retirada de direitos"},"content":{"rendered":"<p>&nbsp;<\/p>\n<p><span style=\"font-size: 13px;\"><em>Artigo publicado originalmente no site do jornal <a href=\"http:\/\/www1.folha.uol.com.br\/opiniao\/2017\/05\/1882290-previdencia-e-retirada-de-direitos.shtml\" target=\"_blank\" rel=\"noopener noreferrer\">Folha de S. Paulo<\/a><\/em><\/span><\/p>\n<p>O governo ileg\u00edtimo e impopular de Michel Temer (PMDB) afirma que rem\u00e9dios amargos s\u00e3o necess\u00e1rios para estancar o deficit p\u00fablico. Pretende, assim, fazer com que o povo aceite reformas que liquidam direitos, como a previdenci\u00e1ria e trabalhista.<\/p>\n<p>\u00c9 com indigna\u00e7\u00e3o, por\u00e9m, que a esmagadora maioria da popula\u00e7\u00e3o rejeita tais mudan\u00e7as, como demonstraram a greve geral de 28 de abril e pesquisas divulgadas recentemente.<\/p>\n<p>O problema come\u00e7a pela falta de legitimidade do governo e do Congresso para exigir brutais sacrif\u00edcios da popula\u00e7\u00e3o. De um lado, um presidente delatado em tenebrosas transa\u00e7\u00f5es com a Odebrecht, com a participa\u00e7\u00e3o do inef\u00e1vel Eduardo Cunha. De outro, mais de cem congressistas delatados em casos de suspeita de corrup\u00e7\u00e3o, inclusive os presidentes da C\u00e2mara e do Senado.<\/p>\n<p>Como pode uma maioria circunstancial de parlamentares, em grande parte arrolada na Lava Jato, decidir a vida de todos os brasileiros?<\/p>\n<p>O terrorismo propagand\u00edstico a respeito de uma Previd\u00eancia apresentada como deficit\u00e1ria e falida n\u00e3o resiste a uma an\u00e1lise do conjunto das contas p\u00fablicas. O Or\u00e7amento da Seguridade Social inscrito na Constitui\u00e7\u00e3o, com as fontes de receitas delimitadas para a prote\u00e7\u00e3o social, \u00e9 superavit\u00e1rio. Mas disso n\u00e3o querem falar.<\/p>\n<p>Tratar o deficit nominal apenas pelas contas de entrada e sa\u00edda das contribui\u00e7\u00f5es num sistema geracional de reparti\u00e7\u00e3o n\u00e3o \u00e9 correto.<\/p>\n<p>N\u00e3o discutir a prote\u00e7\u00e3o social na amplitude da pol\u00edtica econ\u00f4mica e das receitas e despesas poss\u00edveis e prov\u00e1veis s\u00f3 interessa a quem quer privatizar a Previd\u00eancia. Temer acha normal gastar R$ 510 bilh\u00f5es com juros da d\u00edvida p\u00fablica s\u00f3 em 2016.<\/p>\n<p>Tamb\u00e9m acha natural n\u00e3o cobrar a d\u00edvida ativa de empresas como o Bradesco, que deve R$ 432 milh\u00f5es para a Previd\u00eancia. Sem falar do custo de isen\u00e7\u00f5es e desonera\u00e7\u00f5es fiscais, de R$ 380 bilh\u00f5es, dadas no governo Dilma Rousseff (PT), com voto contr\u00e1rio apenas do PSOL. Frente a n\u00fameros gigantescos, o alegado deficit da Previd\u00eancia com que o governo nos aterroriza, de R$150 bilh\u00f5es, \u00e9 um valor menor.<\/p>\n<p>Impor 25 anos de contribui\u00e7\u00e3o (40 anos para o benef\u00edcio integral) e 65 anos como idade m\u00ednima para aposentadoria \u00e9 desconhecer o Brasil real e profundo. \u00c9 tapar os olhos para os 50% de informalidade no trabalho, a sazonalidade, a rotatividade e o desemprego, que hoje atinge 14 milh\u00f5es de brasileiros.<\/p>\n<p>\u00c9 desconhecer as condi\u00e7\u00f5es prec\u00e1rias de trabalho no campo e nas periferias, que empregam crian\u00e7as e adolescentes. \u00c9 se omitir frente \u00e0 opress\u00e3o sobre as mulheres e suas duplas e triplas jornadas. A proposta atual impede que 53% das mulheres acessem a aposentadoria, mesmo se trabalharem at\u00e9 os 62 anos.<\/p>\n<p>Como se v\u00ea, a mudan\u00e7a atinge em cheio os mais pobres, aumenta a desigualdade social e dificulta o acesso de milh\u00f5es de trabalhadores aos benef\u00edcios previdenci\u00e1rios.<\/p>\n<p>Fazer a reforma da Previd\u00eancia diante de uma dr\u00e1stica recess\u00e3o causar\u00e1 enormes distor\u00e7\u00f5es no mercado de trabalho e evas\u00e3o de arrecada\u00e7\u00e3o, inviabilizando o aumento de produtividade e o crescimento econ\u00f4mico.<\/p>\n<p>A sociedade brasileira n\u00e3o tolerar\u00e1, por fim, que este governo, atrav\u00e9s de benesses, emendas, cargos e corrup\u00e7\u00e3o, compre votos no Congresso Nacional para viabilizar tamanha atrocidade contra os direitos dos trabalhadores.<\/p>\n<p>&nbsp;<\/p>\n","protected":false},"excerpt":{"rendered":"<p>&nbsp; Artigo publicado originalmente no site do jornal Folha de S. Paulo O governo ileg\u00edtimo e impopular de Michel Temer (PMDB) afirma que rem\u00e9dios amargos s\u00e3o necess\u00e1rios para estancar o deficit p\u00fablico. Pretende, assim, fazer com que o povo aceite reformas que liquidam direitos, como a previdenci\u00e1ria e trabalhista. \u00c9 com indigna\u00e7\u00e3o, por\u00e9m, que a [&hellip;]<\/p>\n","protected":false},"author":2,"featured_media":14811,"comment_status":"open","ping_status":"open","sticky":false,"template":"","format":"standard","meta":{"_acf_changed":false,"footnotes":""},"categories":[10,3,1882],"tags":[1735,406,3183,2237,552,976,1748,2152,22,39],"class_list":{"0":"post-16454","1":"post","2":"type-post","3":"status-publish","4":"format-standard","5":"has-post-thumbnail","7":"category-acao-parlamentares","8":"category-artigos-e-entrevistas","9":"category-brasil","10":"tag-aposentadoria","11":"tag-direitos","12":"tag-governo-dilma-rousseff","13":"tag-governo-ilegitimo","14":"tag-ivan-valente","15":"tag-lava-jato","16":"tag-michel-temer","17":"tag-pmdb","18":"tag-psol","19":"tag-reforma-da-previdencia"},"acf":[],"yoast_head":"<!-- This site is optimized with the Yoast SEO plugin v26.5 - https:\/\/yoast.com\/wordpress\/plugins\/seo\/ -->\n<title>Ivan Valente | Previd\u00eancia e retirada de direitos - PSOL 50<\/title>\n<meta name=\"robots\" content=\"index, follow, max-snippet:-1, max-image-preview:large, max-video-preview:-1\" \/>\n<link rel=\"canonical\" href=\"https:\/\/psol50.org.br\/ivan-valente-previdencia-e-retirada-de-direitos\/\" \/>\n<meta property=\"og:locale\" content=\"pt_BR\" \/>\n<meta property=\"og:type\" content=\"article\" \/>\n<meta property=\"og:title\" content=\"Ivan Valente | Previd\u00eancia e retirada de direitos - PSOL 50\" \/>\n<meta property=\"og:description\" content=\"&nbsp; Artigo publicado originalmente no site do jornal Folha de S. Paulo O governo ileg\u00edtimo e impopular de Michel Temer (PMDB) afirma que rem\u00e9dios amargos s\u00e3o necess\u00e1rios para estancar o deficit p\u00fablico. Pretende, assim, fazer com que o povo aceite reformas que liquidam direitos, como a previdenci\u00e1ria e trabalhista. \u00c9 com indigna\u00e7\u00e3o, por\u00e9m, que a [&hellip;]\" \/>\n<meta property=\"og:url\" content=\"https:\/\/psol50.org.br\/ivan-valente-previdencia-e-retirada-de-direitos\/\" \/>\n<meta property=\"og:site_name\" content=\"PSOL 50\" \/>\n<meta property=\"article:publisher\" content=\"https:\/\/www.facebook.com\/psol50\" \/>\n<meta property=\"article:published_time\" content=\"2017-05-09T12:31:16+00:00\" \/>\n<meta property=\"og:image\" content=\"https:\/\/psol50.org.br\/inc\/uploads\/2018\/07\/capa.png\" \/>\n\t<meta property=\"og:image:width\" content=\"1350\" \/>\n\t<meta property=\"og:image:height\" content=\"900\" \/>\n\t<meta property=\"og:image:type\" content=\"image\/png\" \/>\n<meta name=\"author\" content=\"Comunica\u00e7\u00e3o PSOL\" \/>\n<meta name=\"twitter:card\" content=\"summary_large_image\" \/>\n<meta name=\"twitter:creator\" content=\"@psol50\" \/>\n<meta name=\"twitter:site\" content=\"@psol50\" \/>\n<meta name=\"twitter:label1\" content=\"Escrito por\" \/>\n\t<meta name=\"twitter:data1\" content=\"Comunica\u00e7\u00e3o PSOL\" \/>\n\t<meta name=\"twitter:label2\" content=\"Est. tempo de leitura\" \/>\n\t<meta name=\"twitter:data2\" content=\"3 minutos\" \/>\n<script type=\"application\/ld+json\" class=\"yoast-schema-graph\">{\"@context\":\"https:\/\/schema.org\",\"@graph\":[{\"@type\":\"Article\",\"@id\":\"https:\/\/psol50.org.br\/ivan-valente-previdencia-e-retirada-de-direitos\/#article\",\"isPartOf\":{\"@id\":\"https:\/\/psol50.org.br\/ivan-valente-previdencia-e-retirada-de-direitos\/\"},\"author\":{\"name\":\"Comunica\u00e7\u00e3o PSOL\",\"@id\":\"https:\/\/psol50.org.br\/#\/schema\/person\/475dfa57d0b815993c714c2e96491fcd\"},\"headline\":\"Ivan Valente | Previd\u00eancia e retirada de direitos\",\"datePublished\":\"2017-05-09T12:31:16+00:00\",\"mainEntityOfPage\":{\"@id\":\"https:\/\/psol50.org.br\/ivan-valente-previdencia-e-retirada-de-direitos\/\"},\"wordCount\":585,\"commentCount\":0,\"publisher\":{\"@id\":\"https:\/\/psol50.org.br\/#organization\"},\"image\":{\"@id\":\"https:\/\/psol50.org.br\/ivan-valente-previdencia-e-retirada-de-direitos\/#primaryimage\"},\"thumbnailUrl\":\"\",\"keywords\":[\"aposentadoria\",\"direitos\",\"governo Dilma Rousseff\",\"governo ileg\u00edtimo\",\"Ivan Valente\",\"Lava Jato\",\"Michel Temer\",\"PMDB\",\"PSOL\",\"reforma da previd\u00eancia\"],\"articleSection\":[\"A\u00e7\u00e3o Parlamentar\",\"Artigos\",\"Brasil\"],\"inLanguage\":\"pt-BR\",\"potentialAction\":[{\"@type\":\"CommentAction\",\"name\":\"Comment\",\"target\":[\"https:\/\/psol50.org.br\/ivan-valente-previdencia-e-retirada-de-direitos\/#respond\"]}]},{\"@type\":\"WebPage\",\"@id\":\"https:\/\/psol50.org.br\/ivan-valente-previdencia-e-retirada-de-direitos\/\",\"url\":\"https:\/\/psol50.org.br\/ivan-valente-previdencia-e-retirada-de-direitos\/\",\"name\":\"Ivan Valente | Previd\u00eancia e retirada de direitos - PSOL 50\",\"isPartOf\":{\"@id\":\"https:\/\/psol50.org.br\/#website\"},\"primaryImageOfPage\":{\"@id\":\"https:\/\/psol50.org.br\/ivan-valente-previdencia-e-retirada-de-direitos\/#primaryimage\"},\"image\":{\"@id\":\"https:\/\/psol50.org.br\/ivan-valente-previdencia-e-retirada-de-direitos\/#primaryimage\"},\"thumbnailUrl\":\"\",\"datePublished\":\"2017-05-09T12:31:16+00:00\",\"breadcrumb\":{\"@id\":\"https:\/\/psol50.org.br\/ivan-valente-previdencia-e-retirada-de-direitos\/#breadcrumb\"},\"inLanguage\":\"pt-BR\",\"potentialAction\":[{\"@type\":\"ReadAction\",\"target\":[\"https:\/\/psol50.org.br\/ivan-valente-previdencia-e-retirada-de-direitos\/\"]}]},{\"@type\":\"ImageObject\",\"inLanguage\":\"pt-BR\",\"@id\":\"https:\/\/psol50.org.br\/ivan-valente-previdencia-e-retirada-de-direitos\/#primaryimage\",\"url\":\"\",\"contentUrl\":\"\"},{\"@type\":\"BreadcrumbList\",\"@id\":\"https:\/\/psol50.org.br\/ivan-valente-previdencia-e-retirada-de-direitos\/#breadcrumb\",\"itemListElement\":[{\"@type\":\"ListItem\",\"position\":1,\"name\":\"In\u00edcio\",\"item\":\"https:\/\/psol50.org.br\/\"},{\"@type\":\"ListItem\",\"position\":2,\"name\":\"Ivan Valente | Previd\u00eancia e retirada de direitos\"}]},{\"@type\":\"WebSite\",\"@id\":\"https:\/\/psol50.org.br\/#website\",\"url\":\"https:\/\/psol50.org.br\/\",\"name\":\"PSOL 50\",\"description\":\"Site oficial do Partido Socialismo e Liberdade\",\"publisher\":{\"@id\":\"https:\/\/psol50.org.br\/#organization\"},\"alternateName\":\"PSOL50\",\"potentialAction\":[{\"@type\":\"SearchAction\",\"target\":{\"@type\":\"EntryPoint\",\"urlTemplate\":\"https:\/\/psol50.org.br\/?s={search_term_string}\"},\"query-input\":{\"@type\":\"PropertyValueSpecification\",\"valueRequired\":true,\"valueName\":\"search_term_string\"}}],\"inLanguage\":\"pt-BR\"},{\"@type\":\"Organization\",\"@id\":\"https:\/\/psol50.org.br\/#organization\",\"name\":\"PSOL 50\",\"alternateName\":\"PSOL 50\",\"url\":\"https:\/\/psol50.org.br\/\",\"logo\":{\"@type\":\"ImageObject\",\"inLanguage\":\"pt-BR\",\"@id\":\"https:\/\/psol50.org.br\/#\/schema\/logo\/image\/\",\"url\":\"https:\/\/psol50.org.br\/inc\/uploads\/2018\/07\/capa.png\",\"contentUrl\":\"https:\/\/psol50.org.br\/inc\/uploads\/2018\/07\/capa.png\",\"width\":1350,\"height\":900,\"caption\":\"PSOL 50\"},\"image\":{\"@id\":\"https:\/\/psol50.org.br\/#\/schema\/logo\/image\/\"},\"sameAs\":[\"https:\/\/www.facebook.com\/psol50\",\"https:\/\/x.com\/psol50\",\"https:\/\/www.instagram.com\/psol50\/\",\"https:\/\/www.youtube.com\/channel\/UC7SnJS5o1os7a6CaiNabzcg\"]},{\"@type\":\"Person\",\"@id\":\"https:\/\/psol50.org.br\/#\/schema\/person\/475dfa57d0b815993c714c2e96491fcd\",\"name\":\"Comunica\u00e7\u00e3o PSOL\",\"image\":{\"@type\":\"ImageObject\",\"inLanguage\":\"pt-BR\",\"@id\":\"https:\/\/psol50.org.br\/#\/schema\/person\/image\/\",\"url\":\"https:\/\/secure.gravatar.com\/avatar\/b34fc4f4e468a4e51785917065a3db57b841f5c95dba6ad8c73aaf8f66f8f9bf?s=96&d=mm&r=g\",\"contentUrl\":\"https:\/\/secure.gravatar.com\/avatar\/b34fc4f4e468a4e51785917065a3db57b841f5c95dba6ad8c73aaf8f66f8f9bf?s=96&d=mm&r=g\",\"caption\":\"Comunica\u00e7\u00e3o PSOL\"}}]}<\/script>\n<!-- \/ Yoast SEO plugin. -->","yoast_head_json":{"title":"Ivan Valente | Previd\u00eancia e retirada de direitos - PSOL 50","robots":{"index":"index","follow":"follow","max-snippet":"max-snippet:-1","max-image-preview":"max-image-preview:large","max-video-preview":"max-video-preview:-1"},"canonical":"https:\/\/psol50.org.br\/ivan-valente-previdencia-e-retirada-de-direitos\/","og_locale":"pt_BR","og_type":"article","og_title":"Ivan Valente | Previd\u00eancia e retirada de direitos - PSOL 50","og_description":"&nbsp; Artigo publicado originalmente no site do jornal Folha de S. Paulo O governo ileg\u00edtimo e impopular de Michel Temer (PMDB) afirma que rem\u00e9dios amargos s\u00e3o necess\u00e1rios para estancar o deficit p\u00fablico. Pretende, assim, fazer com que o povo aceite reformas que liquidam direitos, como a previdenci\u00e1ria e trabalhista. \u00c9 com indigna\u00e7\u00e3o, por\u00e9m, que a [&hellip;]","og_url":"https:\/\/psol50.org.br\/ivan-valente-previdencia-e-retirada-de-direitos\/","og_site_name":"PSOL 50","article_publisher":"https:\/\/www.facebook.com\/psol50","article_published_time":"2017-05-09T12:31:16+00:00","og_image":[{"width":1350,"height":900,"url":"https:\/\/psol50.org.br\/inc\/uploads\/2018\/07\/capa.png","type":"image\/png"}],"author":"Comunica\u00e7\u00e3o PSOL","twitter_card":"summary_large_image","twitter_creator":"@psol50","twitter_site":"@psol50","twitter_misc":{"Escrito por":"Comunica\u00e7\u00e3o PSOL","Est. tempo de leitura":"3 minutos"},"schema":{"@context":"https:\/\/schema.org","@graph":[{"@type":"Article","@id":"https:\/\/psol50.org.br\/ivan-valente-previdencia-e-retirada-de-direitos\/#article","isPartOf":{"@id":"https:\/\/psol50.org.br\/ivan-valente-previdencia-e-retirada-de-direitos\/"},"author":{"name":"Comunica\u00e7\u00e3o PSOL","@id":"https:\/\/psol50.org.br\/#\/schema\/person\/475dfa57d0b815993c714c2e96491fcd"},"headline":"Ivan Valente | Previd\u00eancia e retirada de direitos","datePublished":"2017-05-09T12:31:16+00:00","mainEntityOfPage":{"@id":"https:\/\/psol50.org.br\/ivan-valente-previdencia-e-retirada-de-direitos\/"},"wordCount":585,"commentCount":0,"publisher":{"@id":"https:\/\/psol50.org.br\/#organization"},"image":{"@id":"https:\/\/psol50.org.br\/ivan-valente-previdencia-e-retirada-de-direitos\/#primaryimage"},"thumbnailUrl":"","keywords":["aposentadoria","direitos","governo Dilma Rousseff","governo ileg\u00edtimo","Ivan Valente","Lava Jato","Michel Temer","PMDB","PSOL","reforma da previd\u00eancia"],"articleSection":["A\u00e7\u00e3o Parlamentar","Artigos","Brasil"],"inLanguage":"pt-BR","potentialAction":[{"@type":"CommentAction","name":"Comment","target":["https:\/\/psol50.org.br\/ivan-valente-previdencia-e-retirada-de-direitos\/#respond"]}]},{"@type":"WebPage","@id":"https:\/\/psol50.org.br\/ivan-valente-previdencia-e-retirada-de-direitos\/","url":"https:\/\/psol50.org.br\/ivan-valente-previdencia-e-retirada-de-direitos\/","name":"Ivan Valente | Previd\u00eancia e retirada de direitos - PSOL 50","isPartOf":{"@id":"https:\/\/psol50.org.br\/#website"},"primaryImageOfPage":{"@id":"https:\/\/psol50.org.br\/ivan-valente-previdencia-e-retirada-de-direitos\/#primaryimage"},"image":{"@id":"https:\/\/psol50.org.br\/ivan-valente-previdencia-e-retirada-de-direitos\/#primaryimage"},"thumbnailUrl":"","datePublished":"2017-05-09T12:31:16+00:00","breadcrumb":{"@id":"https:\/\/psol50.org.br\/ivan-valente-previdencia-e-retirada-de-direitos\/#breadcrumb"},"inLanguage":"pt-BR","potentialAction":[{"@type":"ReadAction","target":["https:\/\/psol50.org.br\/ivan-valente-previdencia-e-retirada-de-direitos\/"]}]},{"@type":"ImageObject","inLanguage":"pt-BR","@id":"https:\/\/psol50.org.br\/ivan-valente-previdencia-e-retirada-de-direitos\/#primaryimage","url":"","contentUrl":""},{"@type":"BreadcrumbList","@id":"https:\/\/psol50.org.br\/ivan-valente-previdencia-e-retirada-de-direitos\/#breadcrumb","itemListElement":[{"@type":"ListItem","position":1,"name":"In\u00edcio","item":"https:\/\/psol50.org.br\/"},{"@type":"ListItem","position":2,"name":"Ivan Valente | Previd\u00eancia e retirada de direitos"}]},{"@type":"WebSite","@id":"https:\/\/psol50.org.br\/#website","url":"https:\/\/psol50.org.br\/","name":"PSOL 50","description":"Site oficial do Partido Socialismo e Liberdade","publisher":{"@id":"https:\/\/psol50.org.br\/#organization"},"alternateName":"PSOL50","potentialAction":[{"@type":"SearchAction","target":{"@type":"EntryPoint","urlTemplate":"https:\/\/psol50.org.br\/?s={search_term_string}"},"query-input":{"@type":"PropertyValueSpecification","valueRequired":true,"valueName":"search_term_string"}}],"inLanguage":"pt-BR"},{"@type":"Organization","@id":"https:\/\/psol50.org.br\/#organization","name":"PSOL 50","alternateName":"PSOL 50","url":"https:\/\/psol50.org.br\/","logo":{"@type":"ImageObject","inLanguage":"pt-BR","@id":"https:\/\/psol50.org.br\/#\/schema\/logo\/image\/","url":"https:\/\/psol50.org.br\/inc\/uploads\/2018\/07\/capa.png","contentUrl":"https:\/\/psol50.org.br\/inc\/uploads\/2018\/07\/capa.png","width":1350,"height":900,"caption":"PSOL 50"},"image":{"@id":"https:\/\/psol50.org.br\/#\/schema\/logo\/image\/"},"sameAs":["https:\/\/www.facebook.com\/psol50","https:\/\/x.com\/psol50","https:\/\/www.instagram.com\/psol50\/","https:\/\/www.youtube.com\/channel\/UC7SnJS5o1os7a6CaiNabzcg"]},{"@type":"Person","@id":"https:\/\/psol50.org.br\/#\/schema\/person\/475dfa57d0b815993c714c2e96491fcd","name":"Comunica\u00e7\u00e3o PSOL","image":{"@type":"ImageObject","inLanguage":"pt-BR","@id":"https:\/\/psol50.org.br\/#\/schema\/person\/image\/","url":"https:\/\/secure.gravatar.com\/avatar\/b34fc4f4e468a4e51785917065a3db57b841f5c95dba6ad8c73aaf8f66f8f9bf?s=96&d=mm&r=g","contentUrl":"https:\/\/secure.gravatar.com\/avatar\/b34fc4f4e468a4e51785917065a3db57b841f5c95dba6ad8c73aaf8f66f8f9bf?s=96&d=mm&r=g","caption":"Comunica\u00e7\u00e3o PSOL"}}]}},"_links":{"self":[{"href":"https:\/\/psol50.org.br\/rest\/wp\/v2\/posts\/16454","targetHints":{"allow":["GET"]}}],"collection":[{"href":"https:\/\/psol50.org.br\/rest\/wp\/v2\/posts"}],"about":[{"href":"https:\/\/psol50.org.br\/rest\/wp\/v2\/types\/post"}],"author":[{"embeddable":true,"href":"https:\/\/psol50.org.br\/rest\/wp\/v2\/users\/2"}],"replies":[{"embeddable":true,"href":"https:\/\/psol50.org.br\/rest\/wp\/v2\/comments?post=16454"}],"version-history":[{"count":0,"href":"https:\/\/psol50.org.br\/rest\/wp\/v2\/posts\/16454\/revisions"}],"wp:featuredmedia":[{"embeddable":true,"href":"https:\/\/psol50.org.br\/rest\/"}],"wp:attachment":[{"href":"https:\/\/psol50.org.br\/rest\/wp\/v2\/media?parent=16454"}],"wp:term":[{"taxonomy":"category","embeddable":true,"href":"https:\/\/psol50.org.br\/rest\/wp\/v2\/categories?post=16454"},{"taxonomy":"post_tag","embeddable":true,"href":"https:\/\/psol50.org.br\/rest\/wp\/v2\/tags?post=16454"}],"curies":[{"name":"wp","href":"https:\/\/api.w.org\/{rel}","templated":true}]}}