{"id":16461,"date":"2017-05-09T14:01:19","date_gmt":"2017-05-09T14:01:19","guid":{"rendered":"http:\/\/www.psol50.org.br\/?p=16461"},"modified":"2017-05-09T14:01:19","modified_gmt":"2017-05-09T14:01:19","slug":"contra-as-reformas-centrais-sindicais-convocam-ocupa-brasilia-para-24-de-maio","status":"publish","type":"post","link":"https:\/\/psol50.org.br\/contra-as-reformas-centrais-sindicais-convocam-ocupa-brasilia-para-24-de-maio\/","title":{"rendered":"Contra as reformas, centrais sindicais convocam Ocupa Bras\u00edlia para 24 de maio"},"content":{"rendered":"<p>A grande manifesta\u00e7\u00e3o em Bras\u00edlia para tentar barrar a aprova\u00e7\u00e3o das reformas da Previd\u00eancia e trabalhista pelo Congresso Nacional j\u00e1 tem data marcada. Em reuni\u00e3o nesta segunda-feira (08\/05), as centrais sindicais decidiram convocar uma marcha nacional em Bras\u00edlia para o dia 24 de maio. E para esta grande mobiliza\u00e7\u00e3o, que faz parte do Ocupa Bras\u00edlia (22 a 26\/05), chamam todas as organiza\u00e7\u00f5es de trabalhadores, estudantes e movimentos sociais para se somarem na constru\u00e7\u00e3o. O objetivo \u00e9 encher as ruas do centro da capital federal para dizer que a popula\u00e7\u00e3o n\u00e3o aceita as amea\u00e7as impostas pelo governo de Michel Temer.<\/p>\n<p>O novo calend\u00e1rio de luta j\u00e1 havia sido aprovado pelas centrais, entre as quais a Intersindical-Central da Classe Trabalhadora, a CSP Conlutas e a CUT, ap\u00f3s uma ampla avalia\u00e7\u00e3o sobre a greve geral do dia 28 de abril, que parou o pa\u00eds. Na avalia\u00e7\u00e3o das centrais, os trabalhadores demonstraram sua disposi\u00e7\u00e3o em combater o desmonte da Previd\u00eancia Social, dos direitos trabalhistas e das organiza\u00e7\u00f5es sindicais.<\/p>\n<p>\u201cA forte paralisa\u00e7\u00e3o teve ades\u00e3o nas f\u00e1bricas, escolas, \u00f3rg\u00e3os p\u00fablicos, bancos, transportes urbanos, portos e outros setores da economia e teve o apoio de entidades da sociedade civil como a CNBB, a OAB, o Minist\u00e9rio P\u00fablico do Trabalho, associa\u00e7\u00f5es de magistrados e advogados trabalhistas, al\u00e9m do enorme apoio e simpatia da popula\u00e7\u00e3o, desde as grandes capitais at\u00e9 pequenas cidades do interior\u201d, ressalta texto de avalia\u00e7\u00e3o divulgado pelas centrais no dia 4 de maio.<\/p>\n<p>Al\u00e9m do Ocupa Bras\u00edlia de 22 a 26 de maio, com a grande marcha no dia 24, o calend\u00e1rio de lutas marcado pelas centrais sindicais tamb\u00e9m inclui a agenda de 8 a 12\/05, com comitiva permanente de dirigentes sindicais no Congresso Nacional e tamb\u00e9m atividades em suas bases eleitorais para pressionar deputados e senadores a votar contra a retirada de direitos. Nesta semana, tamb\u00e9m dever\u00e3o ser realizadas atividades nas bases sindicais e nas ruas para aprofundar o debate com os trabalhadores e a popula\u00e7\u00e3o, sobre os efeitos negativos das reformas.<\/p>\n<p><strong>PSOL convoca milit\u00e2ncia<br \/>\n<\/strong>Em reuni\u00e3o no \u00faltimo final de semana (6 e 7\/05), o Diret\u00f3rio Nacional do PSOL aprovou <a href=\"http:\/\/www.psol50.org.br\/blog\/2017\/05\/08\/construir-o-ocupa-brasilia-para-derrotar-as-reformas-de-temer\/\" target=\"_blank\" rel=\"noopener noreferrer\"><strong><span style=\"color: #0000ff;\">resolu\u00e7\u00e3o convocando a milit\u00e2ncia para participar do novo calend\u00e1rio de lutas<\/span><\/strong><\/a>, marcado pelas centrais sindicais. <a href=\"http:\/\/www.psol50.org.br\/blog\/2017\/05\/08\/diretorio-nacional-convoca-militancia-para-intensificar-a-luta-contra-o-golpe-e-construir-o-ocupa-brasilia\/\" target=\"_blank\" rel=\"noopener noreferrer\"><strong><span style=\"color: #0000ff;\">Na avalia\u00e7\u00e3o dos dirigentes nacionais do PSOL<\/span><\/strong><\/a>, a greve geral do dia 28 de abril foi vitoriosa e mostrou a capacidade de organiza\u00e7\u00f5es dos diversos movimentos sociais e sindicais.<\/p>\n<p>O partido chama\u00a0a sua milit\u00e2ncia para construir o Ocupa Bras\u00edlia, garantindo uma importante participa\u00e7\u00e3o do partido na marcha nacional deliberada unitariamente pelas centrais sindicais. Al\u00e9m disso, tamb\u00e9m se compromete a fortalecer a constru\u00e7\u00e3o unificada de uma nova greve geral no Brasil.<\/p>\n","protected":false},"excerpt":{"rendered":"<p>A grande manifesta\u00e7\u00e3o em Bras\u00edlia para tentar barrar a aprova\u00e7\u00e3o das reformas da Previd\u00eancia e trabalhista pelo Congresso Nacional j\u00e1 tem data marcada. Em reuni\u00e3o nesta segunda-feira (08\/05), as centrais sindicais decidiram convocar uma marcha nacional em Bras\u00edlia para o dia 24 de maio. E para esta grande mobiliza\u00e7\u00e3o, que faz parte do Ocupa Bras\u00edlia [&hellip;]<\/p>\n","protected":false},"author":2,"featured_media":16462,"comment_status":"open","ping_status":"open","sticky":false,"template":"","format":"standard","meta":{"_acf_changed":false,"footnotes":""},"categories":[1882,1104,6],"tags":[1792,406,3140,287,3187,1748,3141,22,39,1669],"class_list":{"0":"post-16461","1":"post","2":"type-post","3":"status-publish","4":"format-standard","5":"has-post-thumbnail","7":"category-brasil","8":"category-movimento","9":"category-noticias","10":"tag-centrais-sindicais","11":"tag-direitos","12":"tag-jornada-de-lutas","13":"tag-manifestacao","14":"tag-marcha","15":"tag-michel-temer","16":"tag-ocupa-brasilia","17":"tag-psol","18":"tag-reforma-da-previdencia","19":"tag-reforma-trabalhista"},"acf":[],"yoast_head":"<!-- This site is optimized with the Yoast SEO plugin v26.5 - https:\/\/yoast.com\/wordpress\/plugins\/seo\/ -->\n<title>Contra as reformas, centrais sindicais convocam Ocupa Bras\u00edlia para 24 de maio - PSOL 50<\/title>\n<meta name=\"robots\" content=\"index, follow, max-snippet:-1, max-image-preview:large, max-video-preview:-1\" \/>\n<link rel=\"canonical\" href=\"https:\/\/psol50.org.br\/contra-as-reformas-centrais-sindicais-convocam-ocupa-brasilia-para-24-de-maio\/\" \/>\n<meta property=\"og:locale\" content=\"pt_BR\" \/>\n<meta property=\"og:type\" content=\"article\" \/>\n<meta property=\"og:title\" content=\"Contra as reformas, centrais sindicais convocam Ocupa Bras\u00edlia para 24 de maio - PSOL 50\" \/>\n<meta property=\"og:description\" content=\"A grande manifesta\u00e7\u00e3o em Bras\u00edlia para tentar barrar a aprova\u00e7\u00e3o das reformas da Previd\u00eancia e trabalhista pelo Congresso Nacional j\u00e1 tem data marcada. Em reuni\u00e3o nesta segunda-feira (08\/05), as centrais sindicais decidiram convocar uma marcha nacional em Bras\u00edlia para o dia 24 de maio. E para esta grande mobiliza\u00e7\u00e3o, que faz parte do Ocupa Bras\u00edlia [&hellip;]\" \/>\n<meta property=\"og:url\" content=\"https:\/\/psol50.org.br\/contra-as-reformas-centrais-sindicais-convocam-ocupa-brasilia-para-24-de-maio\/\" \/>\n<meta property=\"og:site_name\" content=\"PSOL 50\" \/>\n<meta property=\"article:publisher\" content=\"https:\/\/www.facebook.com\/psol50\" \/>\n<meta property=\"article:published_time\" content=\"2017-05-09T14:01:19+00:00\" \/>\n<meta property=\"og:image\" content=\"https:\/\/psol50.org.br\/inc\/uploads\/2017\/05\/OcupaBrasilia_Ninja.jpg\" \/>\n\t<meta property=\"og:image:width\" content=\"1350\" \/>\n\t<meta property=\"og:image:height\" content=\"900\" \/>\n\t<meta property=\"og:image:type\" content=\"image\/jpeg\" \/>\n<meta name=\"author\" content=\"Comunica\u00e7\u00e3o PSOL\" \/>\n<meta name=\"twitter:card\" content=\"summary_large_image\" \/>\n<meta name=\"twitter:creator\" content=\"@psol50\" \/>\n<meta name=\"twitter:site\" content=\"@psol50\" \/>\n<meta name=\"twitter:label1\" content=\"Escrito por\" \/>\n\t<meta name=\"twitter:data1\" content=\"Comunica\u00e7\u00e3o PSOL\" \/>\n\t<meta name=\"twitter:label2\" content=\"Est. tempo de leitura\" \/>\n\t<meta name=\"twitter:data2\" content=\"2 minutos\" \/>\n<script type=\"application\/ld+json\" class=\"yoast-schema-graph\">{\"@context\":\"https:\/\/schema.org\",\"@graph\":[{\"@type\":\"Article\",\"@id\":\"https:\/\/psol50.org.br\/contra-as-reformas-centrais-sindicais-convocam-ocupa-brasilia-para-24-de-maio\/#article\",\"isPartOf\":{\"@id\":\"https:\/\/psol50.org.br\/contra-as-reformas-centrais-sindicais-convocam-ocupa-brasilia-para-24-de-maio\/\"},\"author\":{\"name\":\"Comunica\u00e7\u00e3o PSOL\",\"@id\":\"https:\/\/psol50.org.br\/#\/schema\/person\/475dfa57d0b815993c714c2e96491fcd\"},\"headline\":\"Contra as reformas, centrais sindicais convocam Ocupa Bras\u00edlia para 24 de maio\",\"datePublished\":\"2017-05-09T14:01:19+00:00\",\"mainEntityOfPage\":{\"@id\":\"https:\/\/psol50.org.br\/contra-as-reformas-centrais-sindicais-convocam-ocupa-brasilia-para-24-de-maio\/\"},\"wordCount\":483,\"commentCount\":0,\"publisher\":{\"@id\":\"https:\/\/psol50.org.br\/#organization\"},\"image\":{\"@id\":\"https:\/\/psol50.org.br\/contra-as-reformas-centrais-sindicais-convocam-ocupa-brasilia-para-24-de-maio\/#primaryimage\"},\"thumbnailUrl\":\"https:\/\/psol50.org.br\/inc\/uploads\/2017\/05\/OcupaBrasilia_Ninja.jpg\",\"keywords\":[\"centrais sindicais\",\"direitos\",\"jornada de lutas\",\"manifesta\u00e7\u00e3o\",\"marcha\",\"Michel Temer\",\"Ocupa Bras\u00edlia\",\"PSOL\",\"reforma da previd\u00eancia\",\"reforma trabalhista\"],\"articleSection\":[\"Brasil\",\"Movimento\",\"Not\u00edcias\"],\"inLanguage\":\"pt-BR\",\"potentialAction\":[{\"@type\":\"CommentAction\",\"name\":\"Comment\",\"target\":[\"https:\/\/psol50.org.br\/contra-as-reformas-centrais-sindicais-convocam-ocupa-brasilia-para-24-de-maio\/#respond\"]}]},{\"@type\":\"WebPage\",\"@id\":\"https:\/\/psol50.org.br\/contra-as-reformas-centrais-sindicais-convocam-ocupa-brasilia-para-24-de-maio\/\",\"url\":\"https:\/\/psol50.org.br\/contra-as-reformas-centrais-sindicais-convocam-ocupa-brasilia-para-24-de-maio\/\",\"name\":\"Contra as reformas, centrais sindicais convocam Ocupa Bras\u00edlia para 24 de maio - PSOL 50\",\"isPartOf\":{\"@id\":\"https:\/\/psol50.org.br\/#website\"},\"primaryImageOfPage\":{\"@id\":\"https:\/\/psol50.org.br\/contra-as-reformas-centrais-sindicais-convocam-ocupa-brasilia-para-24-de-maio\/#primaryimage\"},\"image\":{\"@id\":\"https:\/\/psol50.org.br\/contra-as-reformas-centrais-sindicais-convocam-ocupa-brasilia-para-24-de-maio\/#primaryimage\"},\"thumbnailUrl\":\"https:\/\/psol50.org.br\/inc\/uploads\/2017\/05\/OcupaBrasilia_Ninja.jpg\",\"datePublished\":\"2017-05-09T14:01:19+00:00\",\"breadcrumb\":{\"@id\":\"https:\/\/psol50.org.br\/contra-as-reformas-centrais-sindicais-convocam-ocupa-brasilia-para-24-de-maio\/#breadcrumb\"},\"inLanguage\":\"pt-BR\",\"potentialAction\":[{\"@type\":\"ReadAction\",\"target\":[\"https:\/\/psol50.org.br\/contra-as-reformas-centrais-sindicais-convocam-ocupa-brasilia-para-24-de-maio\/\"]}]},{\"@type\":\"ImageObject\",\"inLanguage\":\"pt-BR\",\"@id\":\"https:\/\/psol50.org.br\/contra-as-reformas-centrais-sindicais-convocam-ocupa-brasilia-para-24-de-maio\/#primaryimage\",\"url\":\"https:\/\/psol50.org.br\/inc\/uploads\/2017\/05\/OcupaBrasilia_Ninja.jpg\",\"contentUrl\":\"https:\/\/psol50.org.br\/inc\/uploads\/2017\/05\/OcupaBrasilia_Ninja.jpg\",\"width\":1350,\"height\":900},{\"@type\":\"BreadcrumbList\",\"@id\":\"https:\/\/psol50.org.br\/contra-as-reformas-centrais-sindicais-convocam-ocupa-brasilia-para-24-de-maio\/#breadcrumb\",\"itemListElement\":[{\"@type\":\"ListItem\",\"position\":1,\"name\":\"In\u00edcio\",\"item\":\"https:\/\/psol50.org.br\/\"},{\"@type\":\"ListItem\",\"position\":2,\"name\":\"Contra as reformas, centrais sindicais convocam Ocupa Bras\u00edlia para 24 de maio\"}]},{\"@type\":\"WebSite\",\"@id\":\"https:\/\/psol50.org.br\/#website\",\"url\":\"https:\/\/psol50.org.br\/\",\"name\":\"PSOL 50\",\"description\":\"Site oficial do Partido Socialismo e Liberdade\",\"publisher\":{\"@id\":\"https:\/\/psol50.org.br\/#organization\"},\"alternateName\":\"PSOL50\",\"potentialAction\":[{\"@type\":\"SearchAction\",\"target\":{\"@type\":\"EntryPoint\",\"urlTemplate\":\"https:\/\/psol50.org.br\/?s={search_term_string}\"},\"query-input\":{\"@type\":\"PropertyValueSpecification\",\"valueRequired\":true,\"valueName\":\"search_term_string\"}}],\"inLanguage\":\"pt-BR\"},{\"@type\":\"Organization\",\"@id\":\"https:\/\/psol50.org.br\/#organization\",\"name\":\"PSOL 50\",\"alternateName\":\"PSOL 50\",\"url\":\"https:\/\/psol50.org.br\/\",\"logo\":{\"@type\":\"ImageObject\",\"inLanguage\":\"pt-BR\",\"@id\":\"https:\/\/psol50.org.br\/#\/schema\/logo\/image\/\",\"url\":\"https:\/\/psol50.org.br\/inc\/uploads\/2018\/07\/capa.png\",\"contentUrl\":\"https:\/\/psol50.org.br\/inc\/uploads\/2018\/07\/capa.png\",\"width\":1350,\"height\":900,\"caption\":\"PSOL 50\"},\"image\":{\"@id\":\"https:\/\/psol50.org.br\/#\/schema\/logo\/image\/\"},\"sameAs\":[\"https:\/\/www.facebook.com\/psol50\",\"https:\/\/x.com\/psol50\",\"https:\/\/www.instagram.com\/psol50\/\",\"https:\/\/www.youtube.com\/channel\/UC7SnJS5o1os7a6CaiNabzcg\"]},{\"@type\":\"Person\",\"@id\":\"https:\/\/psol50.org.br\/#\/schema\/person\/475dfa57d0b815993c714c2e96491fcd\",\"name\":\"Comunica\u00e7\u00e3o PSOL\",\"image\":{\"@type\":\"ImageObject\",\"inLanguage\":\"pt-BR\",\"@id\":\"https:\/\/psol50.org.br\/#\/schema\/person\/image\/\",\"url\":\"https:\/\/secure.gravatar.com\/avatar\/b34fc4f4e468a4e51785917065a3db57b841f5c95dba6ad8c73aaf8f66f8f9bf?s=96&d=mm&r=g\",\"contentUrl\":\"https:\/\/secure.gravatar.com\/avatar\/b34fc4f4e468a4e51785917065a3db57b841f5c95dba6ad8c73aaf8f66f8f9bf?s=96&d=mm&r=g\",\"caption\":\"Comunica\u00e7\u00e3o PSOL\"}}]}<\/script>\n<!-- \/ Yoast SEO plugin. -->","yoast_head_json":{"title":"Contra as reformas, centrais sindicais convocam Ocupa Bras\u00edlia para 24 de maio - PSOL 50","robots":{"index":"index","follow":"follow","max-snippet":"max-snippet:-1","max-image-preview":"max-image-preview:large","max-video-preview":"max-video-preview:-1"},"canonical":"https:\/\/psol50.org.br\/contra-as-reformas-centrais-sindicais-convocam-ocupa-brasilia-para-24-de-maio\/","og_locale":"pt_BR","og_type":"article","og_title":"Contra as reformas, centrais sindicais convocam Ocupa Bras\u00edlia para 24 de maio - PSOL 50","og_description":"A grande manifesta\u00e7\u00e3o em Bras\u00edlia para tentar barrar a aprova\u00e7\u00e3o das reformas da Previd\u00eancia e trabalhista pelo Congresso Nacional j\u00e1 tem data marcada. Em reuni\u00e3o nesta segunda-feira (08\/05), as centrais sindicais decidiram convocar uma marcha nacional em Bras\u00edlia para o dia 24 de maio. E para esta grande mobiliza\u00e7\u00e3o, que faz parte do Ocupa Bras\u00edlia [&hellip;]","og_url":"https:\/\/psol50.org.br\/contra-as-reformas-centrais-sindicais-convocam-ocupa-brasilia-para-24-de-maio\/","og_site_name":"PSOL 50","article_publisher":"https:\/\/www.facebook.com\/psol50","article_published_time":"2017-05-09T14:01:19+00:00","og_image":[{"width":1350,"height":900,"url":"https:\/\/psol50.org.br\/inc\/uploads\/2017\/05\/OcupaBrasilia_Ninja.jpg","type":"image\/jpeg"}],"author":"Comunica\u00e7\u00e3o PSOL","twitter_card":"summary_large_image","twitter_creator":"@psol50","twitter_site":"@psol50","twitter_misc":{"Escrito por":"Comunica\u00e7\u00e3o PSOL","Est. tempo de leitura":"2 minutos"},"schema":{"@context":"https:\/\/schema.org","@graph":[{"@type":"Article","@id":"https:\/\/psol50.org.br\/contra-as-reformas-centrais-sindicais-convocam-ocupa-brasilia-para-24-de-maio\/#article","isPartOf":{"@id":"https:\/\/psol50.org.br\/contra-as-reformas-centrais-sindicais-convocam-ocupa-brasilia-para-24-de-maio\/"},"author":{"name":"Comunica\u00e7\u00e3o PSOL","@id":"https:\/\/psol50.org.br\/#\/schema\/person\/475dfa57d0b815993c714c2e96491fcd"},"headline":"Contra as reformas, centrais sindicais convocam Ocupa Bras\u00edlia para 24 de maio","datePublished":"2017-05-09T14:01:19+00:00","mainEntityOfPage":{"@id":"https:\/\/psol50.org.br\/contra-as-reformas-centrais-sindicais-convocam-ocupa-brasilia-para-24-de-maio\/"},"wordCount":483,"commentCount":0,"publisher":{"@id":"https:\/\/psol50.org.br\/#organization"},"image":{"@id":"https:\/\/psol50.org.br\/contra-as-reformas-centrais-sindicais-convocam-ocupa-brasilia-para-24-de-maio\/#primaryimage"},"thumbnailUrl":"https:\/\/psol50.org.br\/inc\/uploads\/2017\/05\/OcupaBrasilia_Ninja.jpg","keywords":["centrais sindicais","direitos","jornada de lutas","manifesta\u00e7\u00e3o","marcha","Michel Temer","Ocupa Bras\u00edlia","PSOL","reforma da previd\u00eancia","reforma trabalhista"],"articleSection":["Brasil","Movimento","Not\u00edcias"],"inLanguage":"pt-BR","potentialAction":[{"@type":"CommentAction","name":"Comment","target":["https:\/\/psol50.org.br\/contra-as-reformas-centrais-sindicais-convocam-ocupa-brasilia-para-24-de-maio\/#respond"]}]},{"@type":"WebPage","@id":"https:\/\/psol50.org.br\/contra-as-reformas-centrais-sindicais-convocam-ocupa-brasilia-para-24-de-maio\/","url":"https:\/\/psol50.org.br\/contra-as-reformas-centrais-sindicais-convocam-ocupa-brasilia-para-24-de-maio\/","name":"Contra as reformas, centrais sindicais convocam Ocupa Bras\u00edlia para 24 de maio - PSOL 50","isPartOf":{"@id":"https:\/\/psol50.org.br\/#website"},"primaryImageOfPage":{"@id":"https:\/\/psol50.org.br\/contra-as-reformas-centrais-sindicais-convocam-ocupa-brasilia-para-24-de-maio\/#primaryimage"},"image":{"@id":"https:\/\/psol50.org.br\/contra-as-reformas-centrais-sindicais-convocam-ocupa-brasilia-para-24-de-maio\/#primaryimage"},"thumbnailUrl":"https:\/\/psol50.org.br\/inc\/uploads\/2017\/05\/OcupaBrasilia_Ninja.jpg","datePublished":"2017-05-09T14:01:19+00:00","breadcrumb":{"@id":"https:\/\/psol50.org.br\/contra-as-reformas-centrais-sindicais-convocam-ocupa-brasilia-para-24-de-maio\/#breadcrumb"},"inLanguage":"pt-BR","potentialAction":[{"@type":"ReadAction","target":["https:\/\/psol50.org.br\/contra-as-reformas-centrais-sindicais-convocam-ocupa-brasilia-para-24-de-maio\/"]}]},{"@type":"ImageObject","inLanguage":"pt-BR","@id":"https:\/\/psol50.org.br\/contra-as-reformas-centrais-sindicais-convocam-ocupa-brasilia-para-24-de-maio\/#primaryimage","url":"https:\/\/psol50.org.br\/inc\/uploads\/2017\/05\/OcupaBrasilia_Ninja.jpg","contentUrl":"https:\/\/psol50.org.br\/inc\/uploads\/2017\/05\/OcupaBrasilia_Ninja.jpg","width":1350,"height":900},{"@type":"BreadcrumbList","@id":"https:\/\/psol50.org.br\/contra-as-reformas-centrais-sindicais-convocam-ocupa-brasilia-para-24-de-maio\/#breadcrumb","itemListElement":[{"@type":"ListItem","position":1,"name":"In\u00edcio","item":"https:\/\/psol50.org.br\/"},{"@type":"ListItem","position":2,"name":"Contra as reformas, centrais sindicais convocam Ocupa Bras\u00edlia para 24 de maio"}]},{"@type":"WebSite","@id":"https:\/\/psol50.org.br\/#website","url":"https:\/\/psol50.org.br\/","name":"PSOL 50","description":"Site oficial do Partido Socialismo e Liberdade","publisher":{"@id":"https:\/\/psol50.org.br\/#organization"},"alternateName":"PSOL50","potentialAction":[{"@type":"SearchAction","target":{"@type":"EntryPoint","urlTemplate":"https:\/\/psol50.org.br\/?s={search_term_string}"},"query-input":{"@type":"PropertyValueSpecification","valueRequired":true,"valueName":"search_term_string"}}],"inLanguage":"pt-BR"},{"@type":"Organization","@id":"https:\/\/psol50.org.br\/#organization","name":"PSOL 50","alternateName":"PSOL 50","url":"https:\/\/psol50.org.br\/","logo":{"@type":"ImageObject","inLanguage":"pt-BR","@id":"https:\/\/psol50.org.br\/#\/schema\/logo\/image\/","url":"https:\/\/psol50.org.br\/inc\/uploads\/2018\/07\/capa.png","contentUrl":"https:\/\/psol50.org.br\/inc\/uploads\/2018\/07\/capa.png","width":1350,"height":900,"caption":"PSOL 50"},"image":{"@id":"https:\/\/psol50.org.br\/#\/schema\/logo\/image\/"},"sameAs":["https:\/\/www.facebook.com\/psol50","https:\/\/x.com\/psol50","https:\/\/www.instagram.com\/psol50\/","https:\/\/www.youtube.com\/channel\/UC7SnJS5o1os7a6CaiNabzcg"]},{"@type":"Person","@id":"https:\/\/psol50.org.br\/#\/schema\/person\/475dfa57d0b815993c714c2e96491fcd","name":"Comunica\u00e7\u00e3o PSOL","image":{"@type":"ImageObject","inLanguage":"pt-BR","@id":"https:\/\/psol50.org.br\/#\/schema\/person\/image\/","url":"https:\/\/secure.gravatar.com\/avatar\/b34fc4f4e468a4e51785917065a3db57b841f5c95dba6ad8c73aaf8f66f8f9bf?s=96&d=mm&r=g","contentUrl":"https:\/\/secure.gravatar.com\/avatar\/b34fc4f4e468a4e51785917065a3db57b841f5c95dba6ad8c73aaf8f66f8f9bf?s=96&d=mm&r=g","caption":"Comunica\u00e7\u00e3o PSOL"}}]}},"_links":{"self":[{"href":"https:\/\/psol50.org.br\/rest\/wp\/v2\/posts\/16461","targetHints":{"allow":["GET"]}}],"collection":[{"href":"https:\/\/psol50.org.br\/rest\/wp\/v2\/posts"}],"about":[{"href":"https:\/\/psol50.org.br\/rest\/wp\/v2\/types\/post"}],"author":[{"embeddable":true,"href":"https:\/\/psol50.org.br\/rest\/wp\/v2\/users\/2"}],"replies":[{"embeddable":true,"href":"https:\/\/psol50.org.br\/rest\/wp\/v2\/comments?post=16461"}],"version-history":[{"count":0,"href":"https:\/\/psol50.org.br\/rest\/wp\/v2\/posts\/16461\/revisions"}],"wp:featuredmedia":[{"embeddable":true,"href":"https:\/\/psol50.org.br\/rest\/wp\/v2\/media\/16462"}],"wp:attachment":[{"href":"https:\/\/psol50.org.br\/rest\/wp\/v2\/media?parent=16461"}],"wp:term":[{"taxonomy":"category","embeddable":true,"href":"https:\/\/psol50.org.br\/rest\/wp\/v2\/categories?post=16461"},{"taxonomy":"post_tag","embeddable":true,"href":"https:\/\/psol50.org.br\/rest\/wp\/v2\/tags?post=16461"}],"curies":[{"name":"wp","href":"https:\/\/api.w.org\/{rel}","templated":true}]}}