{"id":16468,"date":"2017-05-09T15:58:16","date_gmt":"2017-05-09T15:58:16","guid":{"rendered":"http:\/\/www.psol50.org.br\/?p=16468"},"modified":"2017-05-09T15:58:16","modified_gmt":"2017-05-09T15:58:16","slug":"governo-nomeia-general-do-exercito-para-presidir-a-funai","status":"publish","type":"post","link":"https:\/\/psol50.org.br\/governo-nomeia-general-do-exercito-para-presidir-a-funai\/","title":{"rendered":"Governo nomeia general do Ex\u00e9rcito para presidir a Funai"},"content":{"rendered":"<p>O governo de Michel Temer ter\u00e1 \u00e0 frente da Funda\u00e7\u00e3o Nacional do \u00cdndio (Funai) um general do Ex\u00e9rcito indicado pelo PSC, mesmo partido de Pastor Everaldo, Marco Feliciano e Jair Bolsonaro. Franklimberg Ribeiro Freitas teve a sua nomea\u00e7\u00e3o publicada nesta ter\u00e7a-feira (09\/05) no Di\u00e1rio Oficial da Uni\u00e3o, quatro dias ap\u00f3s o Pal\u00e1cio do Planalto exonerar Ant\u00f4nio Fernandes Toninho Costa do cargo de presidente do \u00f3rg\u00e3o respons\u00e1vel por encaminhar pautas de interesses dos povos ind\u00edgenas.<\/p>\n<p>Franklimberg ocupava desde janeiro a Diretoria de Promo\u00e7\u00e3o ao Desenvolvimento Sustent\u00e1vel da Funai e j\u00e1 vinha sendo indicado, desde o ano passado, ao cargo m\u00e1ximo do \u00f3rg\u00e3o.<\/p>\n<p>Desde o in\u00edcio do governo ileg\u00edtimo que a Funai tem sido alvo de interesses entre Temer e o PSC. Assim o novo presidente, embora seja descendente da etnia Mur\u00e1, assume o \u00f3rg\u00e3o com o prop\u00f3sito de manter os interesses do governo, aliado das bancadas ruralista e evang\u00e9lica no Congresso Nacional, que tentam aprovar, todos os dias, pautas que amea\u00e7am os direitos dos povos ind\u00edgenas.<\/p>\n<p>O ex-presidente, Ant\u00f4nio Fernandes Costa, era pastor evang\u00e9lico e tamb\u00e9m foi indicado pelo PSC. Mas foi protagonista de uma recente crise na Funai. Ap\u00f3s ser exonerado, Costa disse que n\u00e3o aceitava imposi\u00e7\u00f5es pol\u00edticas de pessoas que \u201cnunca viram \u00edndios na vida\u201d.<\/p>\n<p><a href=\"http:\/\/www.psol50.org.br\/?s=Funai\" target=\"_blank\" rel=\"noopener noreferrer\"><span style=\"color: #0000ff;\"><strong>O PSOL tem denunciado constantemente<\/strong><\/span><\/a>, desde o in\u00edcio da gest\u00e3o de Temer, a tentativa do governo em colocar \u00e0 frente da Funai personalidades sem qualquer compromisso com as pautas de direitos humanos e tamb\u00e9m com as causas das comunidades tradicionais, quilombolas e ind\u00edgenas. E continuar\u00e1 denunciando esses e outros ataques.<\/p>\n","protected":false},"excerpt":{"rendered":"<p>O governo de Michel Temer ter\u00e1 \u00e0 frente da Funda\u00e7\u00e3o Nacional do \u00cdndio (Funai) um general do Ex\u00e9rcito indicado pelo PSC, mesmo partido de Pastor Everaldo, Marco Feliciano e Jair Bolsonaro. Franklimberg Ribeiro Freitas teve a sua nomea\u00e7\u00e3o publicada nesta ter\u00e7a-feira (09\/05) no Di\u00e1rio Oficial da Uni\u00e3o, quatro dias ap\u00f3s o Pal\u00e1cio do Planalto exonerar [&hellip;]<\/p>\n","protected":false},"author":2,"featured_media":16469,"comment_status":"open","ping_status":"open","sticky":false,"template":"","format":"standard","meta":{"_acf_changed":false,"footnotes":""},"categories":[1882,6],"tags":[534,766,3188,533,446,1748,439,2789],"class_list":{"0":"post-16468","1":"post","2":"type-post","3":"status-publish","4":"format-standard","5":"has-post-thumbnail","7":"category-brasil","8":"category-noticias","9":"tag-direitos-humanos","10":"tag-exercito","11":"tag-franklimberg-ribeiro-freitas","12":"tag-funai","13":"tag-general","14":"tag-michel-temer","15":"tag-povos-indigenas","16":"tag-psc"},"acf":[],"yoast_head":"<!-- This site is optimized with the Yoast SEO plugin v26.5 - https:\/\/yoast.com\/wordpress\/plugins\/seo\/ -->\n<title>Governo nomeia general do Ex\u00e9rcito para presidir a Funai - PSOL 50<\/title>\n<meta name=\"robots\" content=\"index, follow, max-snippet:-1, max-image-preview:large, max-video-preview:-1\" \/>\n<link rel=\"canonical\" href=\"https:\/\/psol50.org.br\/governo-nomeia-general-do-exercito-para-presidir-a-funai\/\" \/>\n<meta property=\"og:locale\" content=\"pt_BR\" \/>\n<meta property=\"og:type\" content=\"article\" \/>\n<meta property=\"og:title\" content=\"Governo nomeia general do Ex\u00e9rcito para presidir a Funai - PSOL 50\" \/>\n<meta property=\"og:description\" content=\"O governo de Michel Temer ter\u00e1 \u00e0 frente da Funda\u00e7\u00e3o Nacional do \u00cdndio (Funai) um general do Ex\u00e9rcito indicado pelo PSC, mesmo partido de Pastor Everaldo, Marco Feliciano e Jair Bolsonaro. Franklimberg Ribeiro Freitas teve a sua nomea\u00e7\u00e3o publicada nesta ter\u00e7a-feira (09\/05) no Di\u00e1rio Oficial da Uni\u00e3o, quatro dias ap\u00f3s o Pal\u00e1cio do Planalto exonerar [&hellip;]\" \/>\n<meta property=\"og:url\" content=\"https:\/\/psol50.org.br\/governo-nomeia-general-do-exercito-para-presidir-a-funai\/\" \/>\n<meta property=\"og:site_name\" content=\"PSOL 50\" \/>\n<meta property=\"article:publisher\" content=\"https:\/\/www.facebook.com\/psol50\" \/>\n<meta property=\"article:published_time\" content=\"2017-05-09T15:58:16+00:00\" \/>\n<meta property=\"og:image\" content=\"https:\/\/psol50.org.br\/inc\/uploads\/2017\/05\/GeneralFranklimberg_AlbertoCesarAraujo_Aleam.jpg\" \/>\n\t<meta property=\"og:image:width\" content=\"1024\" \/>\n\t<meta property=\"og:image:height\" content=\"680\" \/>\n\t<meta property=\"og:image:type\" content=\"image\/jpeg\" \/>\n<meta name=\"author\" content=\"Comunica\u00e7\u00e3o PSOL\" \/>\n<meta name=\"twitter:card\" content=\"summary_large_image\" \/>\n<meta name=\"twitter:creator\" content=\"@psol50\" \/>\n<meta name=\"twitter:site\" content=\"@psol50\" \/>\n<meta name=\"twitter:label1\" content=\"Escrito por\" \/>\n\t<meta name=\"twitter:data1\" content=\"Comunica\u00e7\u00e3o PSOL\" \/>\n\t<meta name=\"twitter:label2\" content=\"Est. tempo de leitura\" \/>\n\t<meta name=\"twitter:data2\" content=\"1 minuto\" \/>\n<script type=\"application\/ld+json\" class=\"yoast-schema-graph\">{\"@context\":\"https:\/\/schema.org\",\"@graph\":[{\"@type\":\"Article\",\"@id\":\"https:\/\/psol50.org.br\/governo-nomeia-general-do-exercito-para-presidir-a-funai\/#article\",\"isPartOf\":{\"@id\":\"https:\/\/psol50.org.br\/governo-nomeia-general-do-exercito-para-presidir-a-funai\/\"},\"author\":{\"name\":\"Comunica\u00e7\u00e3o PSOL\",\"@id\":\"https:\/\/psol50.org.br\/#\/schema\/person\/475dfa57d0b815993c714c2e96491fcd\"},\"headline\":\"Governo nomeia general do Ex\u00e9rcito para presidir a Funai\",\"datePublished\":\"2017-05-09T15:58:16+00:00\",\"mainEntityOfPage\":{\"@id\":\"https:\/\/psol50.org.br\/governo-nomeia-general-do-exercito-para-presidir-a-funai\/\"},\"wordCount\":297,\"commentCount\":0,\"publisher\":{\"@id\":\"https:\/\/psol50.org.br\/#organization\"},\"image\":{\"@id\":\"https:\/\/psol50.org.br\/governo-nomeia-general-do-exercito-para-presidir-a-funai\/#primaryimage\"},\"thumbnailUrl\":\"https:\/\/psol50.org.br\/inc\/uploads\/2017\/05\/GeneralFranklimberg_AlbertoCesarAraujo_Aleam.jpg\",\"keywords\":[\"direitos humanos\",\"Ex\u00e9rcito\",\"Franklimberg Ribeiro Freitas\",\"Funai\",\"general\",\"Michel Temer\",\"povos ind\u00edgenas\",\"PSC\"],\"articleSection\":[\"Brasil\",\"Not\u00edcias\"],\"inLanguage\":\"pt-BR\",\"potentialAction\":[{\"@type\":\"CommentAction\",\"name\":\"Comment\",\"target\":[\"https:\/\/psol50.org.br\/governo-nomeia-general-do-exercito-para-presidir-a-funai\/#respond\"]}]},{\"@type\":\"WebPage\",\"@id\":\"https:\/\/psol50.org.br\/governo-nomeia-general-do-exercito-para-presidir-a-funai\/\",\"url\":\"https:\/\/psol50.org.br\/governo-nomeia-general-do-exercito-para-presidir-a-funai\/\",\"name\":\"Governo nomeia general do Ex\u00e9rcito para presidir a Funai - PSOL 50\",\"isPartOf\":{\"@id\":\"https:\/\/psol50.org.br\/#website\"},\"primaryImageOfPage\":{\"@id\":\"https:\/\/psol50.org.br\/governo-nomeia-general-do-exercito-para-presidir-a-funai\/#primaryimage\"},\"image\":{\"@id\":\"https:\/\/psol50.org.br\/governo-nomeia-general-do-exercito-para-presidir-a-funai\/#primaryimage\"},\"thumbnailUrl\":\"https:\/\/psol50.org.br\/inc\/uploads\/2017\/05\/GeneralFranklimberg_AlbertoCesarAraujo_Aleam.jpg\",\"datePublished\":\"2017-05-09T15:58:16+00:00\",\"breadcrumb\":{\"@id\":\"https:\/\/psol50.org.br\/governo-nomeia-general-do-exercito-para-presidir-a-funai\/#breadcrumb\"},\"inLanguage\":\"pt-BR\",\"potentialAction\":[{\"@type\":\"ReadAction\",\"target\":[\"https:\/\/psol50.org.br\/governo-nomeia-general-do-exercito-para-presidir-a-funai\/\"]}]},{\"@type\":\"ImageObject\",\"inLanguage\":\"pt-BR\",\"@id\":\"https:\/\/psol50.org.br\/governo-nomeia-general-do-exercito-para-presidir-a-funai\/#primaryimage\",\"url\":\"https:\/\/psol50.org.br\/inc\/uploads\/2017\/05\/GeneralFranklimberg_AlbertoCesarAraujo_Aleam.jpg\",\"contentUrl\":\"https:\/\/psol50.org.br\/inc\/uploads\/2017\/05\/GeneralFranklimberg_AlbertoCesarAraujo_Aleam.jpg\",\"width\":1024,\"height\":680},{\"@type\":\"BreadcrumbList\",\"@id\":\"https:\/\/psol50.org.br\/governo-nomeia-general-do-exercito-para-presidir-a-funai\/#breadcrumb\",\"itemListElement\":[{\"@type\":\"ListItem\",\"position\":1,\"name\":\"In\u00edcio\",\"item\":\"https:\/\/psol50.org.br\/\"},{\"@type\":\"ListItem\",\"position\":2,\"name\":\"Governo nomeia general do Ex\u00e9rcito para presidir a Funai\"}]},{\"@type\":\"WebSite\",\"@id\":\"https:\/\/psol50.org.br\/#website\",\"url\":\"https:\/\/psol50.org.br\/\",\"name\":\"PSOL 50\",\"description\":\"Site oficial do Partido Socialismo e Liberdade\",\"publisher\":{\"@id\":\"https:\/\/psol50.org.br\/#organization\"},\"alternateName\":\"PSOL50\",\"potentialAction\":[{\"@type\":\"SearchAction\",\"target\":{\"@type\":\"EntryPoint\",\"urlTemplate\":\"https:\/\/psol50.org.br\/?s={search_term_string}\"},\"query-input\":{\"@type\":\"PropertyValueSpecification\",\"valueRequired\":true,\"valueName\":\"search_term_string\"}}],\"inLanguage\":\"pt-BR\"},{\"@type\":\"Organization\",\"@id\":\"https:\/\/psol50.org.br\/#organization\",\"name\":\"PSOL 50\",\"alternateName\":\"PSOL 50\",\"url\":\"https:\/\/psol50.org.br\/\",\"logo\":{\"@type\":\"ImageObject\",\"inLanguage\":\"pt-BR\",\"@id\":\"https:\/\/psol50.org.br\/#\/schema\/logo\/image\/\",\"url\":\"https:\/\/psol50.org.br\/inc\/uploads\/2018\/07\/capa.png\",\"contentUrl\":\"https:\/\/psol50.org.br\/inc\/uploads\/2018\/07\/capa.png\",\"width\":1350,\"height\":900,\"caption\":\"PSOL 50\"},\"image\":{\"@id\":\"https:\/\/psol50.org.br\/#\/schema\/logo\/image\/\"},\"sameAs\":[\"https:\/\/www.facebook.com\/psol50\",\"https:\/\/x.com\/psol50\",\"https:\/\/www.instagram.com\/psol50\/\",\"https:\/\/www.youtube.com\/channel\/UC7SnJS5o1os7a6CaiNabzcg\"]},{\"@type\":\"Person\",\"@id\":\"https:\/\/psol50.org.br\/#\/schema\/person\/475dfa57d0b815993c714c2e96491fcd\",\"name\":\"Comunica\u00e7\u00e3o PSOL\",\"image\":{\"@type\":\"ImageObject\",\"inLanguage\":\"pt-BR\",\"@id\":\"https:\/\/psol50.org.br\/#\/schema\/person\/image\/\",\"url\":\"https:\/\/secure.gravatar.com\/avatar\/b34fc4f4e468a4e51785917065a3db57b841f5c95dba6ad8c73aaf8f66f8f9bf?s=96&d=mm&r=g\",\"contentUrl\":\"https:\/\/secure.gravatar.com\/avatar\/b34fc4f4e468a4e51785917065a3db57b841f5c95dba6ad8c73aaf8f66f8f9bf?s=96&d=mm&r=g\",\"caption\":\"Comunica\u00e7\u00e3o PSOL\"}}]}<\/script>\n<!-- \/ Yoast SEO plugin. -->","yoast_head_json":{"title":"Governo nomeia general do Ex\u00e9rcito para presidir a Funai - PSOL 50","robots":{"index":"index","follow":"follow","max-snippet":"max-snippet:-1","max-image-preview":"max-image-preview:large","max-video-preview":"max-video-preview:-1"},"canonical":"https:\/\/psol50.org.br\/governo-nomeia-general-do-exercito-para-presidir-a-funai\/","og_locale":"pt_BR","og_type":"article","og_title":"Governo nomeia general do Ex\u00e9rcito para presidir a Funai - PSOL 50","og_description":"O governo de Michel Temer ter\u00e1 \u00e0 frente da Funda\u00e7\u00e3o Nacional do \u00cdndio (Funai) um general do Ex\u00e9rcito indicado pelo PSC, mesmo partido de Pastor Everaldo, Marco Feliciano e Jair Bolsonaro. Franklimberg Ribeiro Freitas teve a sua nomea\u00e7\u00e3o publicada nesta ter\u00e7a-feira (09\/05) no Di\u00e1rio Oficial da Uni\u00e3o, quatro dias ap\u00f3s o Pal\u00e1cio do Planalto exonerar [&hellip;]","og_url":"https:\/\/psol50.org.br\/governo-nomeia-general-do-exercito-para-presidir-a-funai\/","og_site_name":"PSOL 50","article_publisher":"https:\/\/www.facebook.com\/psol50","article_published_time":"2017-05-09T15:58:16+00:00","og_image":[{"width":1024,"height":680,"url":"https:\/\/psol50.org.br\/inc\/uploads\/2017\/05\/GeneralFranklimberg_AlbertoCesarAraujo_Aleam.jpg","type":"image\/jpeg"}],"author":"Comunica\u00e7\u00e3o PSOL","twitter_card":"summary_large_image","twitter_creator":"@psol50","twitter_site":"@psol50","twitter_misc":{"Escrito por":"Comunica\u00e7\u00e3o PSOL","Est. tempo de leitura":"1 minuto"},"schema":{"@context":"https:\/\/schema.org","@graph":[{"@type":"Article","@id":"https:\/\/psol50.org.br\/governo-nomeia-general-do-exercito-para-presidir-a-funai\/#article","isPartOf":{"@id":"https:\/\/psol50.org.br\/governo-nomeia-general-do-exercito-para-presidir-a-funai\/"},"author":{"name":"Comunica\u00e7\u00e3o PSOL","@id":"https:\/\/psol50.org.br\/#\/schema\/person\/475dfa57d0b815993c714c2e96491fcd"},"headline":"Governo nomeia general do Ex\u00e9rcito para presidir a Funai","datePublished":"2017-05-09T15:58:16+00:00","mainEntityOfPage":{"@id":"https:\/\/psol50.org.br\/governo-nomeia-general-do-exercito-para-presidir-a-funai\/"},"wordCount":297,"commentCount":0,"publisher":{"@id":"https:\/\/psol50.org.br\/#organization"},"image":{"@id":"https:\/\/psol50.org.br\/governo-nomeia-general-do-exercito-para-presidir-a-funai\/#primaryimage"},"thumbnailUrl":"https:\/\/psol50.org.br\/inc\/uploads\/2017\/05\/GeneralFranklimberg_AlbertoCesarAraujo_Aleam.jpg","keywords":["direitos humanos","Ex\u00e9rcito","Franklimberg Ribeiro Freitas","Funai","general","Michel Temer","povos ind\u00edgenas","PSC"],"articleSection":["Brasil","Not\u00edcias"],"inLanguage":"pt-BR","potentialAction":[{"@type":"CommentAction","name":"Comment","target":["https:\/\/psol50.org.br\/governo-nomeia-general-do-exercito-para-presidir-a-funai\/#respond"]}]},{"@type":"WebPage","@id":"https:\/\/psol50.org.br\/governo-nomeia-general-do-exercito-para-presidir-a-funai\/","url":"https:\/\/psol50.org.br\/governo-nomeia-general-do-exercito-para-presidir-a-funai\/","name":"Governo nomeia general do Ex\u00e9rcito para presidir a Funai - PSOL 50","isPartOf":{"@id":"https:\/\/psol50.org.br\/#website"},"primaryImageOfPage":{"@id":"https:\/\/psol50.org.br\/governo-nomeia-general-do-exercito-para-presidir-a-funai\/#primaryimage"},"image":{"@id":"https:\/\/psol50.org.br\/governo-nomeia-general-do-exercito-para-presidir-a-funai\/#primaryimage"},"thumbnailUrl":"https:\/\/psol50.org.br\/inc\/uploads\/2017\/05\/GeneralFranklimberg_AlbertoCesarAraujo_Aleam.jpg","datePublished":"2017-05-09T15:58:16+00:00","breadcrumb":{"@id":"https:\/\/psol50.org.br\/governo-nomeia-general-do-exercito-para-presidir-a-funai\/#breadcrumb"},"inLanguage":"pt-BR","potentialAction":[{"@type":"ReadAction","target":["https:\/\/psol50.org.br\/governo-nomeia-general-do-exercito-para-presidir-a-funai\/"]}]},{"@type":"ImageObject","inLanguage":"pt-BR","@id":"https:\/\/psol50.org.br\/governo-nomeia-general-do-exercito-para-presidir-a-funai\/#primaryimage","url":"https:\/\/psol50.org.br\/inc\/uploads\/2017\/05\/GeneralFranklimberg_AlbertoCesarAraujo_Aleam.jpg","contentUrl":"https:\/\/psol50.org.br\/inc\/uploads\/2017\/05\/GeneralFranklimberg_AlbertoCesarAraujo_Aleam.jpg","width":1024,"height":680},{"@type":"BreadcrumbList","@id":"https:\/\/psol50.org.br\/governo-nomeia-general-do-exercito-para-presidir-a-funai\/#breadcrumb","itemListElement":[{"@type":"ListItem","position":1,"name":"In\u00edcio","item":"https:\/\/psol50.org.br\/"},{"@type":"ListItem","position":2,"name":"Governo nomeia general do Ex\u00e9rcito para presidir a Funai"}]},{"@type":"WebSite","@id":"https:\/\/psol50.org.br\/#website","url":"https:\/\/psol50.org.br\/","name":"PSOL 50","description":"Site oficial do Partido Socialismo e Liberdade","publisher":{"@id":"https:\/\/psol50.org.br\/#organization"},"alternateName":"PSOL50","potentialAction":[{"@type":"SearchAction","target":{"@type":"EntryPoint","urlTemplate":"https:\/\/psol50.org.br\/?s={search_term_string}"},"query-input":{"@type":"PropertyValueSpecification","valueRequired":true,"valueName":"search_term_string"}}],"inLanguage":"pt-BR"},{"@type":"Organization","@id":"https:\/\/psol50.org.br\/#organization","name":"PSOL 50","alternateName":"PSOL 50","url":"https:\/\/psol50.org.br\/","logo":{"@type":"ImageObject","inLanguage":"pt-BR","@id":"https:\/\/psol50.org.br\/#\/schema\/logo\/image\/","url":"https:\/\/psol50.org.br\/inc\/uploads\/2018\/07\/capa.png","contentUrl":"https:\/\/psol50.org.br\/inc\/uploads\/2018\/07\/capa.png","width":1350,"height":900,"caption":"PSOL 50"},"image":{"@id":"https:\/\/psol50.org.br\/#\/schema\/logo\/image\/"},"sameAs":["https:\/\/www.facebook.com\/psol50","https:\/\/x.com\/psol50","https:\/\/www.instagram.com\/psol50\/","https:\/\/www.youtube.com\/channel\/UC7SnJS5o1os7a6CaiNabzcg"]},{"@type":"Person","@id":"https:\/\/psol50.org.br\/#\/schema\/person\/475dfa57d0b815993c714c2e96491fcd","name":"Comunica\u00e7\u00e3o PSOL","image":{"@type":"ImageObject","inLanguage":"pt-BR","@id":"https:\/\/psol50.org.br\/#\/schema\/person\/image\/","url":"https:\/\/secure.gravatar.com\/avatar\/b34fc4f4e468a4e51785917065a3db57b841f5c95dba6ad8c73aaf8f66f8f9bf?s=96&d=mm&r=g","contentUrl":"https:\/\/secure.gravatar.com\/avatar\/b34fc4f4e468a4e51785917065a3db57b841f5c95dba6ad8c73aaf8f66f8f9bf?s=96&d=mm&r=g","caption":"Comunica\u00e7\u00e3o PSOL"}}]}},"_links":{"self":[{"href":"https:\/\/psol50.org.br\/rest\/wp\/v2\/posts\/16468","targetHints":{"allow":["GET"]}}],"collection":[{"href":"https:\/\/psol50.org.br\/rest\/wp\/v2\/posts"}],"about":[{"href":"https:\/\/psol50.org.br\/rest\/wp\/v2\/types\/post"}],"author":[{"embeddable":true,"href":"https:\/\/psol50.org.br\/rest\/wp\/v2\/users\/2"}],"replies":[{"embeddable":true,"href":"https:\/\/psol50.org.br\/rest\/wp\/v2\/comments?post=16468"}],"version-history":[{"count":0,"href":"https:\/\/psol50.org.br\/rest\/wp\/v2\/posts\/16468\/revisions"}],"wp:featuredmedia":[{"embeddable":true,"href":"https:\/\/psol50.org.br\/rest\/wp\/v2\/media\/16469"}],"wp:attachment":[{"href":"https:\/\/psol50.org.br\/rest\/wp\/v2\/media?parent=16468"}],"wp:term":[{"taxonomy":"category","embeddable":true,"href":"https:\/\/psol50.org.br\/rest\/wp\/v2\/categories?post=16468"},{"taxonomy":"post_tag","embeddable":true,"href":"https:\/\/psol50.org.br\/rest\/wp\/v2\/tags?post=16468"}],"curies":[{"name":"wp","href":"https:\/\/api.w.org\/{rel}","templated":true}]}}