{"id":16508,"date":"2017-04-27T01:30:31","date_gmt":"2017-04-27T01:30:31","guid":{"rendered":"http:\/\/www.psol50.org.br\/?p=16299"},"modified":"2017-04-27T01:30:31","modified_gmt":"2017-04-27T01:30:31","slug":"com-voto-contrario-do-psol-governo-aprova-reforma-que-acaba-com-direitos-trabalhistas","status":"publish","type":"post","link":"https:\/\/psol50.org.br\/com-voto-contrario-do-psol-governo-aprova-reforma-que-acaba-com-direitos-trabalhistas\/","title":{"rendered":"Com voto contr\u00e1rio do PSOL, governo aprova reforma que acaba com direitos trabalhistas"},"content":{"rendered":"<p>Na noite desta quarta-feira (26\/04), o governo deu um grande passo em sua investida contra os direitos da classe trabalhadora. Foi aprovado no plen\u00e1rio da C\u00e2mara o texto principal\u00a0da proposta de reforma trabalhista (PL 6787\/2016), uma das prioridades do ajuste fiscal que vem sendo aprofundado pelo governo de\u00a0Michel Temer.<\/p>\n<p>Numa longa e disputada sess\u00e3o, que durou mais de dez horas, sob protestos da oposi\u00e7\u00e3o e comandada pelo fiel defensor dos ataques do Pal\u00e1cio do Planalto, Rodrigo Maia (DEM-RJ), 296 deputados votaram a favor da Reforma Trabalhista e 177\u00a0votaram contra.<\/p>\n<figure id=\"attachment_16305\" aria-describedby=\"caption-attachment-16305\" style=\"width: 960px\" class=\"wp-caption alignnone\"><img loading=\"lazy\" decoding=\"async\" class=\"wp-image-16305 size-full\" src=\"http:\/\/www.psol50.org.br\/inc\/uploads\/2017\/04\/protesto.jpg\" alt=\"\" width=\"960\" height=\"640\" \/><figcaption id=\"caption-attachment-16305\" class=\"wp-caption-text\">Foto: Bruna Menezes\/Lideran\u00e7a PSOL<\/figcaption><\/figure>\n<p>A vota\u00e7\u00e3o esta semana no plen\u00e1rio s\u00f3 foi poss\u00edvel devido a uma <a href=\"http:\/\/www.psol50.org.br\/blog\/2017\/04\/19\/escola-cunha-maia-coloca-de-novo-em-votacao-e-camara-aprova-urgencia-para-desmonte-trabalhista\/\" target=\"_blank\" rel=\"noopener noreferrer\"><span style=\"color: #0000ff;\"><strong>manobra feita na \u00faltima quarta-feira (19\/04), por Rodrigo Maia, que colocou a urg\u00eancia para a reforma trabalhista em vota\u00e7\u00e3o<\/strong><\/span><\/a>\u00a0um dia depois do requerimento ser rejeitado pelos deputados. Na sess\u00e3o de hoje, ap\u00f3s a rejei\u00e7\u00e3o do pedido de retirada do projeto de pauta, a bancada do PSOL entrou em obstru\u00e7\u00e3o e denunciou o que est\u00e1 por tr\u00e1s dessa reforma.<\/p>\n<p>O parecer do relator, deputado Rog\u00e9rio Marinho (PSDB-RN), <a href=\"http:\/\/www.psol50.org.br\/blog\/2017\/04\/26\/durante-votacao-na-comissao-especial-27-deputados-foram-contra-os-direitos-dos-trabalhadores\/\" target=\"_blank\" rel=\"noopener noreferrer\"><span style=\"color: #0000ff;\"><strong>foi aprovado na reuni\u00e3o de ontem da comiss\u00e3o especial<\/strong><\/span><\/a>, por 27 votos a 10.\u00a0O texto\u00a0aprovado mant\u00e9m as principais medidas do substitutivo apresentado duas semanas atr\u00e1s, como a regulamenta\u00e7\u00e3o do chamado trabalho intermitente, modalidade que permite que os trabalhadores sejam pagos por per\u00edodo trabalhado.<\/p>\n<p>O projeto tamb\u00e9m permite um dos piores retrocessos na legisla\u00e7\u00e3o: que a negocia\u00e7\u00e3o entre empresas e trabalhadores prevale\u00e7a sobre a lei em pontos como parcelamento das f\u00e9rias em at\u00e9 tr\u00eas vezes, jornada de trabalho de at\u00e9 12 horas di\u00e1rias, plano de cargos e sal\u00e1rios, banco de horas e trabalho em casa. Al\u00e9m disso, retira a exig\u00eancia de os sindicatos homologarem a rescis\u00e3o contratual no caso de demiss\u00e3o e torna a contribui\u00e7\u00e3o sindical optativa.<\/p>\n<p><strong>Leia mais:\u00a0<a href=\"http:\/\/www2.camara.leg.br\/camaranoticias\/noticias\/TRABALHO-E-PREVIDENCIA\/530500-CONFIRA-OS-PRINCIPAIS-PONTOS-DA-PROPOSTA-DE-REFORMA-TRABALHISTA.html\" target=\"_blank\" rel=\"noopener noreferrer\"><span style=\"color: #0000ff;\"><em>Confira os principais pontos da proposta de reforma trabalhista<\/em><\/span><\/a><\/strong><\/p>\n<p>Durante a vota\u00e7\u00e3o, o l\u00edder do PSOL na C\u00e2mara, deputado Glauber Braga (RJ), criticou duramente a proposta (v\u00eddeo abaixo). &#8220;Modernizar \u00e9 garantir o direito dos trabalhadores, n\u00e3o jogar a CLT na lata do lixo. O que se faz aqui \u00e9 uma covardia com os brasileiros e brasileiras que trabalham dia e noite para garantir o seu sustento&#8221;, afirmou.<\/p>\n<div class=\"youtube-embed\" data-video_id=\"_CiTQDoXvDo\"><iframe loading=\"lazy\" title=\"&quot;N\u00f3s somos contra que a CLT seja jogada no lixo&quot;\" width=\"696\" height=\"392\" src=\"https:\/\/www.youtube.com\/embed\/_CiTQDoXvDo?feature=oembed&#038;enablejsapi=1\" frameborder=\"0\" allow=\"accelerometer; autoplay; clipboard-write; encrypted-media; gyroscope; picture-in-picture\" allowfullscreen><\/iframe><\/div>\n<p>Ainda durante a discuss\u00e3o, o vice-l\u00edder do PSOL, Chico Alencar\u00a0(RJ), e o deputado Ivan Valente\u00a0(SP) denunciaram a tentativa da base do governo de votar o PL 6787\/2016 em vota\u00e7\u00e3o simb\u00f3lica apenas pela orienta\u00e7\u00e3o das bancadas. O <a class=\"profileLink\" href=\"https:\/\/www.facebook.com\/psolnacamara\/\" data-hovercard=\"\/ajax\/hovercard\/page.php?id=197749170329322\" data-hovercard-prefer-more-content-show=\"1\" data-hovercard-obj-id=\"197749170329322\">PSOL na C\u00e2mara<\/a> defendeu que cada parlamentar deixasse clara sua posi\u00e7\u00e3o com o voto aberto.<\/p>\n<p>https:\/\/www.facebook.com\/psol50oficial\/videos\/1086662801437950\/<\/p>\n<p>Com a aprova\u00e7\u00e3o das mudan\u00e7as na legisla\u00e7\u00e3o trabalhista, o governo Temer pavimenta o caminho para votar a reforma da Previd\u00eancia (PEC 287\/2016). No momento, n\u00e3o h\u00e1 votos suficientes para aprovar a mat\u00e9ria, considerando que h\u00e1 diverg\u00eancias inclusive na pr\u00f3pria base de apoio do Pal\u00e1cio do Planalto. A pressa de Temer e Maia em aprovar a reforma trabalhista era para mostrar ao mercado que tem for\u00e7a suficiente tamb\u00e9m para aprovar as mudan\u00e7as na aposentadoria dos trabalhadores do setor privado e dos servidores p\u00fablicos.<\/p>\n<p>A <a href=\"http:\/\/www.psol50.org.br\/blog\/2017\/04\/05\/psol-participa-ativamente-da-construcao-da-greve-geral\/\" target=\"_blank\" rel=\"noopener noreferrer\"><span style=\"color: #0000ff;\"><strong>greve geral<\/strong><\/span><\/a>, marcada para esta sexta-feira (28), mais do que nunca se faz necess\u00e1ria. Derrotar os ataques do governo Temer \u00e9 o grande desafio posto para as\u00a0entidades sindicais e movimentos sociais de todo o pa\u00eds. O PSOL, por meio de sua milit\u00e2ncia, estar\u00e1 na greve geral e nas mobiliza\u00e7\u00f5es que ser\u00e3o realizadas em todo o pa\u00eds para marcar esse dia de luta unificada.<\/p>\n","protected":false},"excerpt":{"rendered":"<p>Na noite desta quarta-feira (26\/04), o governo deu um grande passo em sua investida contra os direitos da classe trabalhadora. Foi aprovado no plen\u00e1rio da C\u00e2mara o texto principal\u00a0da proposta de reforma trabalhista (PL 6787\/2016), uma das prioridades do ajuste fiscal que vem sendo aprofundado pelo governo de\u00a0Michel Temer. Numa longa e disputada sess\u00e3o, que [&hellip;]<\/p>\n","protected":false},"author":2,"featured_media":16477,"comment_status":"open","ping_status":"open","sticky":false,"template":"","format":"standard","meta":{"_acf_changed":false,"footnotes":""},"categories":[10,1882,6],"tags":[1432,406,1793,2959,1748,22,39,1669,222],"class_list":{"0":"post-16508","1":"post","2":"type-post","3":"status-publish","4":"format-standard","5":"has-post-thumbnail","7":"category-acao-parlamentares","8":"category-brasil","9":"category-noticias","10":"tag-ajuste-fiscal","11":"tag-direitos","12":"tag-greve-geral","13":"tag-manobra","14":"tag-michel-temer","15":"tag-psol","16":"tag-reforma-da-previdencia","17":"tag-reforma-trabalhista","18":"tag-trabalhadores"},"acf":[],"yoast_head":"<!-- This site is optimized with the Yoast SEO plugin v26.5 - https:\/\/yoast.com\/wordpress\/plugins\/seo\/ -->\n<title>Com voto contr\u00e1rio do PSOL, governo aprova reforma que acaba com direitos trabalhistas - PSOL 50<\/title>\n<meta name=\"robots\" content=\"index, follow, max-snippet:-1, max-image-preview:large, max-video-preview:-1\" \/>\n<link rel=\"canonical\" href=\"https:\/\/psol50.org.br\/com-voto-contrario-do-psol-governo-aprova-reforma-que-acaba-com-direitos-trabalhistas\/\" \/>\n<meta property=\"og:locale\" content=\"pt_BR\" \/>\n<meta property=\"og:type\" content=\"article\" \/>\n<meta property=\"og:title\" content=\"Com voto contr\u00e1rio do PSOL, governo aprova reforma que acaba com direitos trabalhistas - PSOL 50\" \/>\n<meta property=\"og:description\" content=\"Na noite desta quarta-feira (26\/04), o governo deu um grande passo em sua investida contra os direitos da classe trabalhadora. Foi aprovado no plen\u00e1rio da C\u00e2mara o texto principal\u00a0da proposta de reforma trabalhista (PL 6787\/2016), uma das prioridades do ajuste fiscal que vem sendo aprofundado pelo governo de\u00a0Michel Temer. Numa longa e disputada sess\u00e3o, que [&hellip;]\" \/>\n<meta property=\"og:url\" content=\"https:\/\/psol50.org.br\/com-voto-contrario-do-psol-governo-aprova-reforma-que-acaba-com-direitos-trabalhistas\/\" \/>\n<meta property=\"og:site_name\" content=\"PSOL 50\" \/>\n<meta property=\"article:publisher\" content=\"https:\/\/www.facebook.com\/psol50\" \/>\n<meta property=\"article:published_time\" content=\"2017-04-27T01:30:31+00:00\" \/>\n<meta property=\"og:image\" content=\"https:\/\/psol50.org.br\/inc\/uploads\/2018\/07\/capa.png\" \/>\n\t<meta property=\"og:image:width\" content=\"1350\" \/>\n\t<meta property=\"og:image:height\" content=\"900\" \/>\n\t<meta property=\"og:image:type\" content=\"image\/png\" \/>\n<meta name=\"author\" content=\"Comunica\u00e7\u00e3o PSOL\" \/>\n<meta name=\"twitter:card\" content=\"summary_large_image\" \/>\n<meta name=\"twitter:creator\" content=\"@psol50\" \/>\n<meta name=\"twitter:site\" content=\"@psol50\" \/>\n<meta name=\"twitter:label1\" content=\"Escrito por\" \/>\n\t<meta name=\"twitter:data1\" content=\"Comunica\u00e7\u00e3o PSOL\" \/>\n\t<meta name=\"twitter:label2\" content=\"Est. tempo de leitura\" \/>\n\t<meta name=\"twitter:data2\" content=\"3 minutos\" \/>\n<script type=\"application\/ld+json\" class=\"yoast-schema-graph\">{\"@context\":\"https:\/\/schema.org\",\"@graph\":[{\"@type\":\"Article\",\"@id\":\"https:\/\/psol50.org.br\/com-voto-contrario-do-psol-governo-aprova-reforma-que-acaba-com-direitos-trabalhistas\/#article\",\"isPartOf\":{\"@id\":\"https:\/\/psol50.org.br\/com-voto-contrario-do-psol-governo-aprova-reforma-que-acaba-com-direitos-trabalhistas\/\"},\"author\":{\"name\":\"Comunica\u00e7\u00e3o PSOL\",\"@id\":\"https:\/\/psol50.org.br\/#\/schema\/person\/475dfa57d0b815993c714c2e96491fcd\"},\"headline\":\"Com voto contr\u00e1rio do PSOL, governo aprova reforma que acaba com direitos trabalhistas\",\"datePublished\":\"2017-04-27T01:30:31+00:00\",\"mainEntityOfPage\":{\"@id\":\"https:\/\/psol50.org.br\/com-voto-contrario-do-psol-governo-aprova-reforma-que-acaba-com-direitos-trabalhistas\/\"},\"wordCount\":653,\"commentCount\":0,\"publisher\":{\"@id\":\"https:\/\/psol50.org.br\/#organization\"},\"image\":{\"@id\":\"https:\/\/psol50.org.br\/com-voto-contrario-do-psol-governo-aprova-reforma-que-acaba-com-direitos-trabalhistas\/#primaryimage\"},\"thumbnailUrl\":\"\",\"keywords\":[\"Ajuste Fiscal\",\"direitos\",\"greve geral\",\"manobra\",\"Michel Temer\",\"PSOL\",\"reforma da previd\u00eancia\",\"reforma trabalhista\",\"trabalhadores\"],\"articleSection\":[\"A\u00e7\u00e3o Parlamentar\",\"Brasil\",\"Not\u00edcias\"],\"inLanguage\":\"pt-BR\",\"potentialAction\":[{\"@type\":\"CommentAction\",\"name\":\"Comment\",\"target\":[\"https:\/\/psol50.org.br\/com-voto-contrario-do-psol-governo-aprova-reforma-que-acaba-com-direitos-trabalhistas\/#respond\"]}]},{\"@type\":\"WebPage\",\"@id\":\"https:\/\/psol50.org.br\/com-voto-contrario-do-psol-governo-aprova-reforma-que-acaba-com-direitos-trabalhistas\/\",\"url\":\"https:\/\/psol50.org.br\/com-voto-contrario-do-psol-governo-aprova-reforma-que-acaba-com-direitos-trabalhistas\/\",\"name\":\"Com voto contr\u00e1rio do PSOL, governo aprova reforma que acaba com direitos trabalhistas - PSOL 50\",\"isPartOf\":{\"@id\":\"https:\/\/psol50.org.br\/#website\"},\"primaryImageOfPage\":{\"@id\":\"https:\/\/psol50.org.br\/com-voto-contrario-do-psol-governo-aprova-reforma-que-acaba-com-direitos-trabalhistas\/#primaryimage\"},\"image\":{\"@id\":\"https:\/\/psol50.org.br\/com-voto-contrario-do-psol-governo-aprova-reforma-que-acaba-com-direitos-trabalhistas\/#primaryimage\"},\"thumbnailUrl\":\"\",\"datePublished\":\"2017-04-27T01:30:31+00:00\",\"breadcrumb\":{\"@id\":\"https:\/\/psol50.org.br\/com-voto-contrario-do-psol-governo-aprova-reforma-que-acaba-com-direitos-trabalhistas\/#breadcrumb\"},\"inLanguage\":\"pt-BR\",\"potentialAction\":[{\"@type\":\"ReadAction\",\"target\":[\"https:\/\/psol50.org.br\/com-voto-contrario-do-psol-governo-aprova-reforma-que-acaba-com-direitos-trabalhistas\/\"]}]},{\"@type\":\"ImageObject\",\"inLanguage\":\"pt-BR\",\"@id\":\"https:\/\/psol50.org.br\/com-voto-contrario-do-psol-governo-aprova-reforma-que-acaba-com-direitos-trabalhistas\/#primaryimage\",\"url\":\"\",\"contentUrl\":\"\"},{\"@type\":\"BreadcrumbList\",\"@id\":\"https:\/\/psol50.org.br\/com-voto-contrario-do-psol-governo-aprova-reforma-que-acaba-com-direitos-trabalhistas\/#breadcrumb\",\"itemListElement\":[{\"@type\":\"ListItem\",\"position\":1,\"name\":\"In\u00edcio\",\"item\":\"https:\/\/psol50.org.br\/\"},{\"@type\":\"ListItem\",\"position\":2,\"name\":\"Com voto contr\u00e1rio do PSOL, governo aprova reforma que acaba com direitos trabalhistas\"}]},{\"@type\":\"WebSite\",\"@id\":\"https:\/\/psol50.org.br\/#website\",\"url\":\"https:\/\/psol50.org.br\/\",\"name\":\"PSOL 50\",\"description\":\"Site oficial do Partido Socialismo e Liberdade\",\"publisher\":{\"@id\":\"https:\/\/psol50.org.br\/#organization\"},\"alternateName\":\"PSOL50\",\"potentialAction\":[{\"@type\":\"SearchAction\",\"target\":{\"@type\":\"EntryPoint\",\"urlTemplate\":\"https:\/\/psol50.org.br\/?s={search_term_string}\"},\"query-input\":{\"@type\":\"PropertyValueSpecification\",\"valueRequired\":true,\"valueName\":\"search_term_string\"}}],\"inLanguage\":\"pt-BR\"},{\"@type\":\"Organization\",\"@id\":\"https:\/\/psol50.org.br\/#organization\",\"name\":\"PSOL 50\",\"alternateName\":\"PSOL 50\",\"url\":\"https:\/\/psol50.org.br\/\",\"logo\":{\"@type\":\"ImageObject\",\"inLanguage\":\"pt-BR\",\"@id\":\"https:\/\/psol50.org.br\/#\/schema\/logo\/image\/\",\"url\":\"https:\/\/psol50.org.br\/inc\/uploads\/2018\/07\/capa.png\",\"contentUrl\":\"https:\/\/psol50.org.br\/inc\/uploads\/2018\/07\/capa.png\",\"width\":1350,\"height\":900,\"caption\":\"PSOL 50\"},\"image\":{\"@id\":\"https:\/\/psol50.org.br\/#\/schema\/logo\/image\/\"},\"sameAs\":[\"https:\/\/www.facebook.com\/psol50\",\"https:\/\/x.com\/psol50\",\"https:\/\/www.instagram.com\/psol50\/\",\"https:\/\/www.youtube.com\/channel\/UC7SnJS5o1os7a6CaiNabzcg\"]},{\"@type\":\"Person\",\"@id\":\"https:\/\/psol50.org.br\/#\/schema\/person\/475dfa57d0b815993c714c2e96491fcd\",\"name\":\"Comunica\u00e7\u00e3o PSOL\",\"image\":{\"@type\":\"ImageObject\",\"inLanguage\":\"pt-BR\",\"@id\":\"https:\/\/psol50.org.br\/#\/schema\/person\/image\/\",\"url\":\"https:\/\/secure.gravatar.com\/avatar\/b34fc4f4e468a4e51785917065a3db57b841f5c95dba6ad8c73aaf8f66f8f9bf?s=96&d=mm&r=g\",\"contentUrl\":\"https:\/\/secure.gravatar.com\/avatar\/b34fc4f4e468a4e51785917065a3db57b841f5c95dba6ad8c73aaf8f66f8f9bf?s=96&d=mm&r=g\",\"caption\":\"Comunica\u00e7\u00e3o PSOL\"}}]}<\/script>\n<!-- \/ Yoast SEO plugin. -->","yoast_head_json":{"title":"Com voto contr\u00e1rio do PSOL, governo aprova reforma que acaba com direitos trabalhistas - PSOL 50","robots":{"index":"index","follow":"follow","max-snippet":"max-snippet:-1","max-image-preview":"max-image-preview:large","max-video-preview":"max-video-preview:-1"},"canonical":"https:\/\/psol50.org.br\/com-voto-contrario-do-psol-governo-aprova-reforma-que-acaba-com-direitos-trabalhistas\/","og_locale":"pt_BR","og_type":"article","og_title":"Com voto contr\u00e1rio do PSOL, governo aprova reforma que acaba com direitos trabalhistas - PSOL 50","og_description":"Na noite desta quarta-feira (26\/04), o governo deu um grande passo em sua investida contra os direitos da classe trabalhadora. Foi aprovado no plen\u00e1rio da C\u00e2mara o texto principal\u00a0da proposta de reforma trabalhista (PL 6787\/2016), uma das prioridades do ajuste fiscal que vem sendo aprofundado pelo governo de\u00a0Michel Temer. Numa longa e disputada sess\u00e3o, que [&hellip;]","og_url":"https:\/\/psol50.org.br\/com-voto-contrario-do-psol-governo-aprova-reforma-que-acaba-com-direitos-trabalhistas\/","og_site_name":"PSOL 50","article_publisher":"https:\/\/www.facebook.com\/psol50","article_published_time":"2017-04-27T01:30:31+00:00","og_image":[{"width":1350,"height":900,"url":"https:\/\/psol50.org.br\/inc\/uploads\/2018\/07\/capa.png","type":"image\/png"}],"author":"Comunica\u00e7\u00e3o PSOL","twitter_card":"summary_large_image","twitter_creator":"@psol50","twitter_site":"@psol50","twitter_misc":{"Escrito por":"Comunica\u00e7\u00e3o PSOL","Est. tempo de leitura":"3 minutos"},"schema":{"@context":"https:\/\/schema.org","@graph":[{"@type":"Article","@id":"https:\/\/psol50.org.br\/com-voto-contrario-do-psol-governo-aprova-reforma-que-acaba-com-direitos-trabalhistas\/#article","isPartOf":{"@id":"https:\/\/psol50.org.br\/com-voto-contrario-do-psol-governo-aprova-reforma-que-acaba-com-direitos-trabalhistas\/"},"author":{"name":"Comunica\u00e7\u00e3o PSOL","@id":"https:\/\/psol50.org.br\/#\/schema\/person\/475dfa57d0b815993c714c2e96491fcd"},"headline":"Com voto contr\u00e1rio do PSOL, governo aprova reforma que acaba com direitos trabalhistas","datePublished":"2017-04-27T01:30:31+00:00","mainEntityOfPage":{"@id":"https:\/\/psol50.org.br\/com-voto-contrario-do-psol-governo-aprova-reforma-que-acaba-com-direitos-trabalhistas\/"},"wordCount":653,"commentCount":0,"publisher":{"@id":"https:\/\/psol50.org.br\/#organization"},"image":{"@id":"https:\/\/psol50.org.br\/com-voto-contrario-do-psol-governo-aprova-reforma-que-acaba-com-direitos-trabalhistas\/#primaryimage"},"thumbnailUrl":"","keywords":["Ajuste Fiscal","direitos","greve geral","manobra","Michel Temer","PSOL","reforma da previd\u00eancia","reforma trabalhista","trabalhadores"],"articleSection":["A\u00e7\u00e3o Parlamentar","Brasil","Not\u00edcias"],"inLanguage":"pt-BR","potentialAction":[{"@type":"CommentAction","name":"Comment","target":["https:\/\/psol50.org.br\/com-voto-contrario-do-psol-governo-aprova-reforma-que-acaba-com-direitos-trabalhistas\/#respond"]}]},{"@type":"WebPage","@id":"https:\/\/psol50.org.br\/com-voto-contrario-do-psol-governo-aprova-reforma-que-acaba-com-direitos-trabalhistas\/","url":"https:\/\/psol50.org.br\/com-voto-contrario-do-psol-governo-aprova-reforma-que-acaba-com-direitos-trabalhistas\/","name":"Com voto contr\u00e1rio do PSOL, governo aprova reforma que acaba com direitos trabalhistas - PSOL 50","isPartOf":{"@id":"https:\/\/psol50.org.br\/#website"},"primaryImageOfPage":{"@id":"https:\/\/psol50.org.br\/com-voto-contrario-do-psol-governo-aprova-reforma-que-acaba-com-direitos-trabalhistas\/#primaryimage"},"image":{"@id":"https:\/\/psol50.org.br\/com-voto-contrario-do-psol-governo-aprova-reforma-que-acaba-com-direitos-trabalhistas\/#primaryimage"},"thumbnailUrl":"","datePublished":"2017-04-27T01:30:31+00:00","breadcrumb":{"@id":"https:\/\/psol50.org.br\/com-voto-contrario-do-psol-governo-aprova-reforma-que-acaba-com-direitos-trabalhistas\/#breadcrumb"},"inLanguage":"pt-BR","potentialAction":[{"@type":"ReadAction","target":["https:\/\/psol50.org.br\/com-voto-contrario-do-psol-governo-aprova-reforma-que-acaba-com-direitos-trabalhistas\/"]}]},{"@type":"ImageObject","inLanguage":"pt-BR","@id":"https:\/\/psol50.org.br\/com-voto-contrario-do-psol-governo-aprova-reforma-que-acaba-com-direitos-trabalhistas\/#primaryimage","url":"","contentUrl":""},{"@type":"BreadcrumbList","@id":"https:\/\/psol50.org.br\/com-voto-contrario-do-psol-governo-aprova-reforma-que-acaba-com-direitos-trabalhistas\/#breadcrumb","itemListElement":[{"@type":"ListItem","position":1,"name":"In\u00edcio","item":"https:\/\/psol50.org.br\/"},{"@type":"ListItem","position":2,"name":"Com voto contr\u00e1rio do PSOL, governo aprova reforma que acaba com direitos trabalhistas"}]},{"@type":"WebSite","@id":"https:\/\/psol50.org.br\/#website","url":"https:\/\/psol50.org.br\/","name":"PSOL 50","description":"Site oficial do Partido Socialismo e Liberdade","publisher":{"@id":"https:\/\/psol50.org.br\/#organization"},"alternateName":"PSOL50","potentialAction":[{"@type":"SearchAction","target":{"@type":"EntryPoint","urlTemplate":"https:\/\/psol50.org.br\/?s={search_term_string}"},"query-input":{"@type":"PropertyValueSpecification","valueRequired":true,"valueName":"search_term_string"}}],"inLanguage":"pt-BR"},{"@type":"Organization","@id":"https:\/\/psol50.org.br\/#organization","name":"PSOL 50","alternateName":"PSOL 50","url":"https:\/\/psol50.org.br\/","logo":{"@type":"ImageObject","inLanguage":"pt-BR","@id":"https:\/\/psol50.org.br\/#\/schema\/logo\/image\/","url":"https:\/\/psol50.org.br\/inc\/uploads\/2018\/07\/capa.png","contentUrl":"https:\/\/psol50.org.br\/inc\/uploads\/2018\/07\/capa.png","width":1350,"height":900,"caption":"PSOL 50"},"image":{"@id":"https:\/\/psol50.org.br\/#\/schema\/logo\/image\/"},"sameAs":["https:\/\/www.facebook.com\/psol50","https:\/\/x.com\/psol50","https:\/\/www.instagram.com\/psol50\/","https:\/\/www.youtube.com\/channel\/UC7SnJS5o1os7a6CaiNabzcg"]},{"@type":"Person","@id":"https:\/\/psol50.org.br\/#\/schema\/person\/475dfa57d0b815993c714c2e96491fcd","name":"Comunica\u00e7\u00e3o PSOL","image":{"@type":"ImageObject","inLanguage":"pt-BR","@id":"https:\/\/psol50.org.br\/#\/schema\/person\/image\/","url":"https:\/\/secure.gravatar.com\/avatar\/b34fc4f4e468a4e51785917065a3db57b841f5c95dba6ad8c73aaf8f66f8f9bf?s=96&d=mm&r=g","contentUrl":"https:\/\/secure.gravatar.com\/avatar\/b34fc4f4e468a4e51785917065a3db57b841f5c95dba6ad8c73aaf8f66f8f9bf?s=96&d=mm&r=g","caption":"Comunica\u00e7\u00e3o PSOL"}}]}},"_links":{"self":[{"href":"https:\/\/psol50.org.br\/rest\/wp\/v2\/posts\/16508","targetHints":{"allow":["GET"]}}],"collection":[{"href":"https:\/\/psol50.org.br\/rest\/wp\/v2\/posts"}],"about":[{"href":"https:\/\/psol50.org.br\/rest\/wp\/v2\/types\/post"}],"author":[{"embeddable":true,"href":"https:\/\/psol50.org.br\/rest\/wp\/v2\/users\/2"}],"replies":[{"embeddable":true,"href":"https:\/\/psol50.org.br\/rest\/wp\/v2\/comments?post=16508"}],"version-history":[{"count":0,"href":"https:\/\/psol50.org.br\/rest\/wp\/v2\/posts\/16508\/revisions"}],"wp:featuredmedia":[{"embeddable":true,"href":"https:\/\/psol50.org.br\/rest\/"}],"wp:attachment":[{"href":"https:\/\/psol50.org.br\/rest\/wp\/v2\/media?parent=16508"}],"wp:term":[{"taxonomy":"category","embeddable":true,"href":"https:\/\/psol50.org.br\/rest\/wp\/v2\/categories?post=16508"},{"taxonomy":"post_tag","embeddable":true,"href":"https:\/\/psol50.org.br\/rest\/wp\/v2\/tags?post=16508"}],"curies":[{"name":"wp","href":"https:\/\/api.w.org\/{rel}","templated":true}]}}