{"id":16509,"date":"2017-04-27T13:19:08","date_gmt":"2017-04-27T13:19:08","guid":{"rendered":"http:\/\/www.psol50.org.br\/?p=16302"},"modified":"2017-04-27T13:19:08","modified_gmt":"2017-04-27T13:19:08","slug":"sexta-feira-o-brasil-vai-parar-na-greve-geral","status":"publish","type":"post","link":"https:\/\/psol50.org.br\/sexta-feira-o-brasil-vai-parar-na-greve-geral\/","title":{"rendered":"Sexta-feira o Brasil vai parar na greve geral!"},"content":{"rendered":"<p>Centrais sindicais, as frentes Povo Sem Medo e Brasil Popular e movimentos dos mais diversos setores da sociedade est\u00e3o com\u00a0presen\u00e7a\u00a0confirmada na greve geral de sexta-feira (28\/04), \u00e0s v\u00e9speras do Dia Internacional dos Trabalhadores, celebrado em 1\u00ba de maio. A\u00a0reforma da Previd\u00eancia, a reforma trabalhista e a terceiriza\u00e7\u00e3o s\u00e3o as principais pautas repudiadas pelos grevistas.<\/p>\n<p>Esses\u00a0ataques v\u00eam de um\u00a0governo ileg\u00edtimo\u00a0e a servi\u00e7o do empresariado e receber\u00e3o uma resposta unificada da sociedade, em um dia de mobiliza\u00e7\u00e3o nacional\u00a0que pretende parar a produ\u00e7\u00e3o e os setores de servi\u00e7os, com\u00e9rcio e funcionalismo p\u00fablico. Al\u00e9m disso, h\u00e1 atos marcados nas grandes cidades brasileiras, como <span style=\"color: #0000ff;\"><strong><a style=\"color: #0000ff;\" href=\"https:\/\/www.facebook.com\/events\/441798346163394\/\" target=\"_blank\" rel=\"noopener noreferrer\">S\u00e3o Paulo<\/a><\/strong><\/span>, <span style=\"color: #0000ff;\"><strong><a style=\"color: #0000ff;\" href=\"https:\/\/www.facebook.com\/events\/1846349465615060\/\" target=\"_blank\" rel=\"noopener noreferrer\">Rio de Janeiro<\/a><\/strong><\/span>, <a href=\"https:\/\/www.facebook.com\/events\/1856770941262435\/\" target=\"_blank\" rel=\"noopener noreferrer\"><strong><span style=\"color: #0000ff;\">Salvador<\/span><\/strong><\/a>, <a href=\"https:\/\/www.facebook.com\/events\/1867309226851648\/\" target=\"_blank\" rel=\"noopener noreferrer\"><strong><span style=\"color: #0000ff;\">Fortaleza<\/span> <\/strong><\/a>e <a href=\"https:\/\/www.facebook.com\/events\/423080404739044\/\" target=\"_blank\" rel=\"noopener noreferrer\"><span style=\"color: #0000ff;\"><strong>Bras\u00edlia<\/strong><\/span><\/a>.<\/p>\n<p>Dentre as mais de 30 categorias confirmadas\u00a0na paralisa\u00e7\u00e3o, est\u00e3o professores, m\u00e9dicos, rodovi\u00e1rios, metrovi\u00e1rios, vigilantes, jornalistas, servidores do Judici\u00e1rio Federal, aeronautas e banc\u00e1rios de todo o pa\u00eds. Trata-se de uma indigna\u00e7\u00e3o coletiva e um rep\u00fadio \u00e0s medidas que amea\u00e7am os direitos trabalhistas e as condi\u00e7\u00f5es de trabalho de profissionais de todos os setores.<\/p>\n<p>O PSOL faz parte dessa mobiliza\u00e7\u00e3o. A Executiva Nacional do partido reafirmou a pol\u00edtica de ampla convoca\u00e7\u00e3o dos militantes partid\u00e1rios para participarem, em todas as cidades, das atividades da greve, bem como das manifesta\u00e7\u00f5es que est\u00e3o sendo pensadas para o 1\u00ba de maio.<\/p>\n<p>A resolu\u00e7\u00e3o pol\u00edtica aprovada pela executiva do partido afirma que \u201cn\u00e3o resta d\u00favida de que a hora \u00e9 de fortalecer a frente \u00fanica contra o governo e destrui\u00e7\u00e3o dos direitos previdenci\u00e1rios e trabalhistas, bem como pela imediata revoga\u00e7\u00e3o do PL que regulamenta a terceiriza\u00e7\u00e3o. Uma data \u00e9 central: a convoca\u00e7\u00e3o da greve geral para o dia 28 de abril\u201d.<\/p>\n<p>E continua: \u201c\u00c9 hora de tomar a ofensiva em defesa dos direitos e da democracia, contra a corrup\u00e7\u00e3o e as contrarreformas do governo Temer, que justificam o apoio pol\u00edtico e material das elites para o golpe de um ano atr\u00e1s&#8221;.<\/p>\n<p>Ap\u00f3s a <a href=\"http:\/\/www.psol50.org.br\/blog\/2017\/04\/27\/com-voto-contrario-do-psol-governo-aprova-reforma-que-acaba-com-direitos-trabalhistas\/\" target=\"_blank\" rel=\"noopener noreferrer\"><strong><span style=\"color: #0000ff;\">aprova\u00e7\u00e3o da reforma trabalhista na C\u00e2mara dos Deputados<\/span><\/strong><\/a>, em sess\u00e3o desta quarta-feira (26), e da promessa do governo em <a href=\"http:\/\/www.psol50.org.br\/blog\/2017\/04\/19\/pressao-garante-recuo-na-reforma-da-previdencia-e-adia-votacao-para-depois-da-greve-geral\/\" target=\"_blank\" rel=\"noopener noreferrer\"><strong><span style=\"color: #0000ff;\">votar a reforma da Previd\u00eancia a partir do dia 2 de maio<\/span><\/strong><\/a>, o partido entende que mais do que nunca \u00e9 preciso parar o pa\u00eds neste dia 28 e mostrar para Temer e seus aliados que a classe trabalhadora n\u00e3o aceitar\u00e1 pagar a conta de uma crise que n\u00e3o \u00e9 dela.\u00a0No momento, n\u00e3o h\u00e1 votos suficientes para aprovar a PEC 287\/2016, considerando que h\u00e1 diverg\u00eancias inclusive na pr\u00f3pria base de apoio do Pal\u00e1cio do Planalto.<\/p>\n<p>A pressa de Temer e Rodrigo Maia em aprovar a reforma trabalhista era para mostrar ao mercado que tem for\u00e7a suficiente tamb\u00e9m para aprovar as mudan\u00e7as na aposentadoria dos trabalhadores do setor privado e dos servidores p\u00fablicos. Mas com muita press\u00e3o \u00e9 poss\u00edvel reverter esse quadro.\u00a0Por isso, a milit\u00e2ncia e os funcion\u00e1rios do\u00a0PSOL (incluindo a equipe de Comunica\u00e7\u00e3o) estar\u00e3o na greve geral e nas mobiliza\u00e7\u00f5es que ser\u00e3o realizadas em todo o pa\u00eds para marcar esse dia de luta unificada.<\/p>\n<p><span style=\"color: #0000ff;\"><strong><a style=\"color: #0000ff;\" href=\"http:\/\/www.psol50.org.br\/blog\/2017\/04\/05\/psol-participa-ativamente-da-construcao-da-greve-geral\/\" target=\"_blank\" rel=\"noopener noreferrer\">Leia a \u00edntegra da resolu\u00e7\u00e3o clicando aqui<\/a>.<\/strong><\/span><\/p>\n","protected":false},"excerpt":{"rendered":"<p>Centrais sindicais, as frentes Povo Sem Medo e Brasil Popular e movimentos dos mais diversos setores da sociedade est\u00e3o com\u00a0presen\u00e7a\u00a0confirmada na greve geral de sexta-feira (28\/04), \u00e0s v\u00e9speras do Dia Internacional dos Trabalhadores, celebrado em 1\u00ba de maio. A\u00a0reforma da Previd\u00eancia, a reforma trabalhista e a terceiriza\u00e7\u00e3o s\u00e3o as principais pautas repudiadas pelos grevistas. Esses\u00a0ataques [&hellip;]<\/p>\n","protected":false},"author":2,"featured_media":16478,"comment_status":"open","ping_status":"open","sticky":false,"template":"","format":"standard","meta":{"_acf_changed":false,"footnotes":""},"categories":[1882,1104,14],"tags":[1792,2772,3127,1793,1748,1835,1945,39,1669],"class_list":{"0":"post-16509","1":"post","2":"type-post","3":"status-publish","4":"format-standard","5":"has-post-thumbnail","7":"category-brasil","8":"category-movimento","9":"category-partido","10":"tag-centrais-sindicais","11":"tag-classe-trabalhadora","12":"tag-frentes","13":"tag-greve-geral","14":"tag-michel-temer","15":"tag-mobilizacao","16":"tag-povo-sem-medo","17":"tag-reforma-da-previdencia","18":"tag-reforma-trabalhista"},"acf":[],"yoast_head":"<!-- This site is optimized with the Yoast SEO plugin v26.5 - https:\/\/yoast.com\/wordpress\/plugins\/seo\/ -->\n<title>Sexta-feira o Brasil vai parar na greve geral! - PSOL 50<\/title>\n<meta name=\"robots\" content=\"index, follow, max-snippet:-1, max-image-preview:large, max-video-preview:-1\" \/>\n<link rel=\"canonical\" href=\"https:\/\/psol50.org.br\/sexta-feira-o-brasil-vai-parar-na-greve-geral\/\" \/>\n<meta property=\"og:locale\" content=\"pt_BR\" \/>\n<meta property=\"og:type\" content=\"article\" \/>\n<meta property=\"og:title\" content=\"Sexta-feira o Brasil vai parar na greve geral! - PSOL 50\" \/>\n<meta property=\"og:description\" content=\"Centrais sindicais, as frentes Povo Sem Medo e Brasil Popular e movimentos dos mais diversos setores da sociedade est\u00e3o com\u00a0presen\u00e7a\u00a0confirmada na greve geral de sexta-feira (28\/04), \u00e0s v\u00e9speras do Dia Internacional dos Trabalhadores, celebrado em 1\u00ba de maio. A\u00a0reforma da Previd\u00eancia, a reforma trabalhista e a terceiriza\u00e7\u00e3o s\u00e3o as principais pautas repudiadas pelos grevistas. Esses\u00a0ataques [&hellip;]\" \/>\n<meta property=\"og:url\" content=\"https:\/\/psol50.org.br\/sexta-feira-o-brasil-vai-parar-na-greve-geral\/\" \/>\n<meta property=\"og:site_name\" content=\"PSOL 50\" \/>\n<meta property=\"article:publisher\" content=\"https:\/\/www.facebook.com\/psol50\" \/>\n<meta property=\"article:published_time\" content=\"2017-04-27T13:19:08+00:00\" \/>\n<meta property=\"og:image\" content=\"https:\/\/psol50.org.br\/inc\/uploads\/2018\/07\/capa.png\" \/>\n\t<meta property=\"og:image:width\" content=\"1350\" \/>\n\t<meta property=\"og:image:height\" content=\"900\" \/>\n\t<meta property=\"og:image:type\" content=\"image\/png\" \/>\n<meta name=\"author\" content=\"Comunica\u00e7\u00e3o PSOL\" \/>\n<meta name=\"twitter:card\" content=\"summary_large_image\" \/>\n<meta name=\"twitter:creator\" content=\"@psol50\" \/>\n<meta name=\"twitter:site\" content=\"@psol50\" \/>\n<meta name=\"twitter:label1\" content=\"Escrito por\" \/>\n\t<meta name=\"twitter:data1\" content=\"Comunica\u00e7\u00e3o PSOL\" \/>\n\t<meta name=\"twitter:label2\" content=\"Est. tempo de leitura\" \/>\n\t<meta name=\"twitter:data2\" content=\"3 minutos\" \/>\n<script type=\"application\/ld+json\" class=\"yoast-schema-graph\">{\"@context\":\"https:\/\/schema.org\",\"@graph\":[{\"@type\":\"Article\",\"@id\":\"https:\/\/psol50.org.br\/sexta-feira-o-brasil-vai-parar-na-greve-geral\/#article\",\"isPartOf\":{\"@id\":\"https:\/\/psol50.org.br\/sexta-feira-o-brasil-vai-parar-na-greve-geral\/\"},\"author\":{\"name\":\"Comunica\u00e7\u00e3o PSOL\",\"@id\":\"https:\/\/psol50.org.br\/#\/schema\/person\/475dfa57d0b815993c714c2e96491fcd\"},\"headline\":\"Sexta-feira o Brasil vai parar na greve geral!\",\"datePublished\":\"2017-04-27T13:19:08+00:00\",\"mainEntityOfPage\":{\"@id\":\"https:\/\/psol50.org.br\/sexta-feira-o-brasil-vai-parar-na-greve-geral\/\"},\"wordCount\":562,\"commentCount\":0,\"publisher\":{\"@id\":\"https:\/\/psol50.org.br\/#organization\"},\"image\":{\"@id\":\"https:\/\/psol50.org.br\/sexta-feira-o-brasil-vai-parar-na-greve-geral\/#primaryimage\"},\"thumbnailUrl\":\"\",\"keywords\":[\"centrais sindicais\",\"classe trabalhadora\",\"frentes\",\"greve geral\",\"Michel Temer\",\"mobiliza\u00e7\u00e3o\",\"Povo Sem medo\",\"reforma da previd\u00eancia\",\"reforma trabalhista\"],\"articleSection\":[\"Brasil\",\"Movimento\",\"Partido\"],\"inLanguage\":\"pt-BR\",\"potentialAction\":[{\"@type\":\"CommentAction\",\"name\":\"Comment\",\"target\":[\"https:\/\/psol50.org.br\/sexta-feira-o-brasil-vai-parar-na-greve-geral\/#respond\"]}]},{\"@type\":\"WebPage\",\"@id\":\"https:\/\/psol50.org.br\/sexta-feira-o-brasil-vai-parar-na-greve-geral\/\",\"url\":\"https:\/\/psol50.org.br\/sexta-feira-o-brasil-vai-parar-na-greve-geral\/\",\"name\":\"Sexta-feira o Brasil vai parar na greve geral! - PSOL 50\",\"isPartOf\":{\"@id\":\"https:\/\/psol50.org.br\/#website\"},\"primaryImageOfPage\":{\"@id\":\"https:\/\/psol50.org.br\/sexta-feira-o-brasil-vai-parar-na-greve-geral\/#primaryimage\"},\"image\":{\"@id\":\"https:\/\/psol50.org.br\/sexta-feira-o-brasil-vai-parar-na-greve-geral\/#primaryimage\"},\"thumbnailUrl\":\"\",\"datePublished\":\"2017-04-27T13:19:08+00:00\",\"breadcrumb\":{\"@id\":\"https:\/\/psol50.org.br\/sexta-feira-o-brasil-vai-parar-na-greve-geral\/#breadcrumb\"},\"inLanguage\":\"pt-BR\",\"potentialAction\":[{\"@type\":\"ReadAction\",\"target\":[\"https:\/\/psol50.org.br\/sexta-feira-o-brasil-vai-parar-na-greve-geral\/\"]}]},{\"@type\":\"ImageObject\",\"inLanguage\":\"pt-BR\",\"@id\":\"https:\/\/psol50.org.br\/sexta-feira-o-brasil-vai-parar-na-greve-geral\/#primaryimage\",\"url\":\"\",\"contentUrl\":\"\"},{\"@type\":\"BreadcrumbList\",\"@id\":\"https:\/\/psol50.org.br\/sexta-feira-o-brasil-vai-parar-na-greve-geral\/#breadcrumb\",\"itemListElement\":[{\"@type\":\"ListItem\",\"position\":1,\"name\":\"In\u00edcio\",\"item\":\"https:\/\/psol50.org.br\/\"},{\"@type\":\"ListItem\",\"position\":2,\"name\":\"Sexta-feira o Brasil vai parar na greve geral!\"}]},{\"@type\":\"WebSite\",\"@id\":\"https:\/\/psol50.org.br\/#website\",\"url\":\"https:\/\/psol50.org.br\/\",\"name\":\"PSOL 50\",\"description\":\"Site oficial do Partido Socialismo e Liberdade\",\"publisher\":{\"@id\":\"https:\/\/psol50.org.br\/#organization\"},\"alternateName\":\"PSOL50\",\"potentialAction\":[{\"@type\":\"SearchAction\",\"target\":{\"@type\":\"EntryPoint\",\"urlTemplate\":\"https:\/\/psol50.org.br\/?s={search_term_string}\"},\"query-input\":{\"@type\":\"PropertyValueSpecification\",\"valueRequired\":true,\"valueName\":\"search_term_string\"}}],\"inLanguage\":\"pt-BR\"},{\"@type\":\"Organization\",\"@id\":\"https:\/\/psol50.org.br\/#organization\",\"name\":\"PSOL 50\",\"alternateName\":\"PSOL 50\",\"url\":\"https:\/\/psol50.org.br\/\",\"logo\":{\"@type\":\"ImageObject\",\"inLanguage\":\"pt-BR\",\"@id\":\"https:\/\/psol50.org.br\/#\/schema\/logo\/image\/\",\"url\":\"https:\/\/psol50.org.br\/inc\/uploads\/2018\/07\/capa.png\",\"contentUrl\":\"https:\/\/psol50.org.br\/inc\/uploads\/2018\/07\/capa.png\",\"width\":1350,\"height\":900,\"caption\":\"PSOL 50\"},\"image\":{\"@id\":\"https:\/\/psol50.org.br\/#\/schema\/logo\/image\/\"},\"sameAs\":[\"https:\/\/www.facebook.com\/psol50\",\"https:\/\/x.com\/psol50\",\"https:\/\/www.instagram.com\/psol50\/\",\"https:\/\/www.youtube.com\/channel\/UC7SnJS5o1os7a6CaiNabzcg\"]},{\"@type\":\"Person\",\"@id\":\"https:\/\/psol50.org.br\/#\/schema\/person\/475dfa57d0b815993c714c2e96491fcd\",\"name\":\"Comunica\u00e7\u00e3o PSOL\",\"image\":{\"@type\":\"ImageObject\",\"inLanguage\":\"pt-BR\",\"@id\":\"https:\/\/psol50.org.br\/#\/schema\/person\/image\/\",\"url\":\"https:\/\/secure.gravatar.com\/avatar\/b34fc4f4e468a4e51785917065a3db57b841f5c95dba6ad8c73aaf8f66f8f9bf?s=96&d=mm&r=g\",\"contentUrl\":\"https:\/\/secure.gravatar.com\/avatar\/b34fc4f4e468a4e51785917065a3db57b841f5c95dba6ad8c73aaf8f66f8f9bf?s=96&d=mm&r=g\",\"caption\":\"Comunica\u00e7\u00e3o PSOL\"}}]}<\/script>\n<!-- \/ Yoast SEO plugin. -->","yoast_head_json":{"title":"Sexta-feira o Brasil vai parar na greve geral! - PSOL 50","robots":{"index":"index","follow":"follow","max-snippet":"max-snippet:-1","max-image-preview":"max-image-preview:large","max-video-preview":"max-video-preview:-1"},"canonical":"https:\/\/psol50.org.br\/sexta-feira-o-brasil-vai-parar-na-greve-geral\/","og_locale":"pt_BR","og_type":"article","og_title":"Sexta-feira o Brasil vai parar na greve geral! - PSOL 50","og_description":"Centrais sindicais, as frentes Povo Sem Medo e Brasil Popular e movimentos dos mais diversos setores da sociedade est\u00e3o com\u00a0presen\u00e7a\u00a0confirmada na greve geral de sexta-feira (28\/04), \u00e0s v\u00e9speras do Dia Internacional dos Trabalhadores, celebrado em 1\u00ba de maio. A\u00a0reforma da Previd\u00eancia, a reforma trabalhista e a terceiriza\u00e7\u00e3o s\u00e3o as principais pautas repudiadas pelos grevistas. Esses\u00a0ataques [&hellip;]","og_url":"https:\/\/psol50.org.br\/sexta-feira-o-brasil-vai-parar-na-greve-geral\/","og_site_name":"PSOL 50","article_publisher":"https:\/\/www.facebook.com\/psol50","article_published_time":"2017-04-27T13:19:08+00:00","og_image":[{"width":1350,"height":900,"url":"https:\/\/psol50.org.br\/inc\/uploads\/2018\/07\/capa.png","type":"image\/png"}],"author":"Comunica\u00e7\u00e3o PSOL","twitter_card":"summary_large_image","twitter_creator":"@psol50","twitter_site":"@psol50","twitter_misc":{"Escrito por":"Comunica\u00e7\u00e3o PSOL","Est. tempo de leitura":"3 minutos"},"schema":{"@context":"https:\/\/schema.org","@graph":[{"@type":"Article","@id":"https:\/\/psol50.org.br\/sexta-feira-o-brasil-vai-parar-na-greve-geral\/#article","isPartOf":{"@id":"https:\/\/psol50.org.br\/sexta-feira-o-brasil-vai-parar-na-greve-geral\/"},"author":{"name":"Comunica\u00e7\u00e3o PSOL","@id":"https:\/\/psol50.org.br\/#\/schema\/person\/475dfa57d0b815993c714c2e96491fcd"},"headline":"Sexta-feira o Brasil vai parar na greve geral!","datePublished":"2017-04-27T13:19:08+00:00","mainEntityOfPage":{"@id":"https:\/\/psol50.org.br\/sexta-feira-o-brasil-vai-parar-na-greve-geral\/"},"wordCount":562,"commentCount":0,"publisher":{"@id":"https:\/\/psol50.org.br\/#organization"},"image":{"@id":"https:\/\/psol50.org.br\/sexta-feira-o-brasil-vai-parar-na-greve-geral\/#primaryimage"},"thumbnailUrl":"","keywords":["centrais sindicais","classe trabalhadora","frentes","greve geral","Michel Temer","mobiliza\u00e7\u00e3o","Povo Sem medo","reforma da previd\u00eancia","reforma trabalhista"],"articleSection":["Brasil","Movimento","Partido"],"inLanguage":"pt-BR","potentialAction":[{"@type":"CommentAction","name":"Comment","target":["https:\/\/psol50.org.br\/sexta-feira-o-brasil-vai-parar-na-greve-geral\/#respond"]}]},{"@type":"WebPage","@id":"https:\/\/psol50.org.br\/sexta-feira-o-brasil-vai-parar-na-greve-geral\/","url":"https:\/\/psol50.org.br\/sexta-feira-o-brasil-vai-parar-na-greve-geral\/","name":"Sexta-feira o Brasil vai parar na greve geral! - PSOL 50","isPartOf":{"@id":"https:\/\/psol50.org.br\/#website"},"primaryImageOfPage":{"@id":"https:\/\/psol50.org.br\/sexta-feira-o-brasil-vai-parar-na-greve-geral\/#primaryimage"},"image":{"@id":"https:\/\/psol50.org.br\/sexta-feira-o-brasil-vai-parar-na-greve-geral\/#primaryimage"},"thumbnailUrl":"","datePublished":"2017-04-27T13:19:08+00:00","breadcrumb":{"@id":"https:\/\/psol50.org.br\/sexta-feira-o-brasil-vai-parar-na-greve-geral\/#breadcrumb"},"inLanguage":"pt-BR","potentialAction":[{"@type":"ReadAction","target":["https:\/\/psol50.org.br\/sexta-feira-o-brasil-vai-parar-na-greve-geral\/"]}]},{"@type":"ImageObject","inLanguage":"pt-BR","@id":"https:\/\/psol50.org.br\/sexta-feira-o-brasil-vai-parar-na-greve-geral\/#primaryimage","url":"","contentUrl":""},{"@type":"BreadcrumbList","@id":"https:\/\/psol50.org.br\/sexta-feira-o-brasil-vai-parar-na-greve-geral\/#breadcrumb","itemListElement":[{"@type":"ListItem","position":1,"name":"In\u00edcio","item":"https:\/\/psol50.org.br\/"},{"@type":"ListItem","position":2,"name":"Sexta-feira o Brasil vai parar na greve geral!"}]},{"@type":"WebSite","@id":"https:\/\/psol50.org.br\/#website","url":"https:\/\/psol50.org.br\/","name":"PSOL 50","description":"Site oficial do Partido Socialismo e Liberdade","publisher":{"@id":"https:\/\/psol50.org.br\/#organization"},"alternateName":"PSOL50","potentialAction":[{"@type":"SearchAction","target":{"@type":"EntryPoint","urlTemplate":"https:\/\/psol50.org.br\/?s={search_term_string}"},"query-input":{"@type":"PropertyValueSpecification","valueRequired":true,"valueName":"search_term_string"}}],"inLanguage":"pt-BR"},{"@type":"Organization","@id":"https:\/\/psol50.org.br\/#organization","name":"PSOL 50","alternateName":"PSOL 50","url":"https:\/\/psol50.org.br\/","logo":{"@type":"ImageObject","inLanguage":"pt-BR","@id":"https:\/\/psol50.org.br\/#\/schema\/logo\/image\/","url":"https:\/\/psol50.org.br\/inc\/uploads\/2018\/07\/capa.png","contentUrl":"https:\/\/psol50.org.br\/inc\/uploads\/2018\/07\/capa.png","width":1350,"height":900,"caption":"PSOL 50"},"image":{"@id":"https:\/\/psol50.org.br\/#\/schema\/logo\/image\/"},"sameAs":["https:\/\/www.facebook.com\/psol50","https:\/\/x.com\/psol50","https:\/\/www.instagram.com\/psol50\/","https:\/\/www.youtube.com\/channel\/UC7SnJS5o1os7a6CaiNabzcg"]},{"@type":"Person","@id":"https:\/\/psol50.org.br\/#\/schema\/person\/475dfa57d0b815993c714c2e96491fcd","name":"Comunica\u00e7\u00e3o PSOL","image":{"@type":"ImageObject","inLanguage":"pt-BR","@id":"https:\/\/psol50.org.br\/#\/schema\/person\/image\/","url":"https:\/\/secure.gravatar.com\/avatar\/b34fc4f4e468a4e51785917065a3db57b841f5c95dba6ad8c73aaf8f66f8f9bf?s=96&d=mm&r=g","contentUrl":"https:\/\/secure.gravatar.com\/avatar\/b34fc4f4e468a4e51785917065a3db57b841f5c95dba6ad8c73aaf8f66f8f9bf?s=96&d=mm&r=g","caption":"Comunica\u00e7\u00e3o PSOL"}}]}},"_links":{"self":[{"href":"https:\/\/psol50.org.br\/rest\/wp\/v2\/posts\/16509","targetHints":{"allow":["GET"]}}],"collection":[{"href":"https:\/\/psol50.org.br\/rest\/wp\/v2\/posts"}],"about":[{"href":"https:\/\/psol50.org.br\/rest\/wp\/v2\/types\/post"}],"author":[{"embeddable":true,"href":"https:\/\/psol50.org.br\/rest\/wp\/v2\/users\/2"}],"replies":[{"embeddable":true,"href":"https:\/\/psol50.org.br\/rest\/wp\/v2\/comments?post=16509"}],"version-history":[{"count":0,"href":"https:\/\/psol50.org.br\/rest\/wp\/v2\/posts\/16509\/revisions"}],"wp:featuredmedia":[{"embeddable":true,"href":"https:\/\/psol50.org.br\/rest\/"}],"wp:attachment":[{"href":"https:\/\/psol50.org.br\/rest\/wp\/v2\/media?parent=16509"}],"wp:term":[{"taxonomy":"category","embeddable":true,"href":"https:\/\/psol50.org.br\/rest\/wp\/v2\/categories?post=16509"},{"taxonomy":"post_tag","embeddable":true,"href":"https:\/\/psol50.org.br\/rest\/wp\/v2\/tags?post=16509"}],"curies":[{"name":"wp","href":"https:\/\/api.w.org\/{rel}","templated":true}]}}