{"id":16515,"date":"2017-05-02T13:25:24","date_gmt":"2017-05-02T13:25:24","guid":{"rendered":"http:\/\/www.psol50.org.br\/?p=16332"},"modified":"2017-05-02T13:25:24","modified_gmt":"2017-05-02T13:25:24","slug":"datafolha-71-dos-brasileiros-desaprovam-reforma-da-previdencia-e-85-querem-eleicoes-diretas","status":"publish","type":"post","link":"https:\/\/psol50.org.br\/datafolha-71-dos-brasileiros-desaprovam-reforma-da-previdencia-e-85-querem-eleicoes-diretas\/","title":{"rendered":"Datafolha: 71% dos brasileiros desaprovam reforma da Previd\u00eancia e 85% querem elei\u00e7\u00f5es diretas"},"content":{"rendered":"<p>Ap\u00f3s pesquisa divulgada pela consultoria Ipsos,\u00a0a qual mostra que <span style=\"color: #0000ff;\"><strong><a style=\"color: #0000ff;\" href=\"http:\/\/www.psol50.org.br\/blog\/2017\/04\/26\/pesquisa-mostra-que-aprovacao-de-temer-cai-para-4-92-veem-pais-no-rumo-errado\/\" target=\"_blank\" rel=\"noopener noreferrer\">o \u00edndice de aprova\u00e7\u00e3o do governo \u00e9 de m\u00edseros 4%<\/a><\/strong><\/span>, novas porcentagens mostram\u00a0que Michel Temer n\u00e3o tem mais\u00a0condi\u00e7\u00f5es de continuar \u00e0 frente do mais alto cargo do Executivo.<\/p>\n<p>Segundo dados do Datafolha,\u00a0publicados no <a href=\"http:\/\/www1.folha.uol.com.br\/poder\/2017\/04\/1879861-com-rejeicao-a-temer-de-61-85-defendem-eleicao-direta-diz-datafolha.shtml\"><strong><span style=\"color: #0000ff;\">domingo (30\/04)<\/span><\/strong><\/a> e na <strong><span style=\"color: #0000ff;\"><a style=\"color: #0000ff;\" href=\"http:\/\/www1.folha.uol.com.br\/mercado\/2017\/05\/1880026-71-dos-brasileiros-sao-contra-reforma-da-previdencia-mostra-datafolha.shtml\" target=\"_blank\" rel=\"noopener noreferrer\">segunda-feira (1\/05)<\/a><\/span><\/strong>, respectivamente, 85% dos brasileiros acreditam que o Congresso deveria aprovar uma mudan\u00e7a constitucional para permitir elei\u00e7\u00f5es diretas j\u00e1 e 71% se declararam contr\u00e1rios \u00e0 reforma da Previd\u00eancia (PEC 287\/2016).<\/p>\n<p>A pesquisa ouviu 2.781 pessoas em 172 munic\u00edpios e possui margem de erro de dois pontos. No caso da primeira, foi levada em considera\u00e7\u00e3o a hip\u00f3tese de Temer ter seu mandato cassado pelo Tribunal Superior Eleitoral (TSE) por abuso de poder econ\u00f4mico. Nesse caso, apenas 10% confiariam em elei\u00e7\u00f5es indiretas, a serem realizadas pelo Congresso, contra 85% que querem ir \u00e0s urnas escolher seu representante.<\/p>\n<p><img loading=\"lazy\" decoding=\"async\" class=\"wp-image-16337 size-full aligncenter\" src=\"http:\/\/www.psol50.org.br\/inc\/uploads\/2017\/05\/pesquisa-e1493730282756.png\" alt=\"\" width=\"662\" height=\"440\" \/><\/p>\n<p>\u00c9 poss\u00edvel perceber, ainda, uma maior desaprova\u00e7\u00e3o do governo entre mulheres (cerca de 10% a mais que os homens), nordestinos (aproximadamente 20% a mais que no Sul e Sudeste) e pessoas com\u00a0escolaridade de n\u00edvel superior (10% a mais dos que possuem que n\u00edvel fundamental).<\/p>\n<p>Quanto \u00e0 reforma da Previd\u00eancia, em tramita\u00e7\u00e3o no Congresso Nacional, a pesquisa mostra que sete em cada dez brasileiros n\u00e3o aprovam a medida. Essa taxa \u00e9 ainda maior entre mulheres (73%), brasileiros que ganham entre 2 e 5 sal\u00e1rios m\u00ednimos (74%), jovens entre 25 a 34 anos (76%) e com ensino superior (76%).<\/p>\n<p><img loading=\"lazy\" decoding=\"async\" class=\"size-full wp-image-16338 aligncenter\" src=\"http:\/\/www.psol50.org.br\/inc\/uploads\/2017\/05\/pesquisa-1.png\" alt=\"\" width=\"645\" height=\"445\" \/><\/p>\n<p>Apesar das estat\u00edsticas e dos movimentos sociais, que envolveram pelo menos <strong><a href=\"https:\/\/www.brasildefato.com.br\/2017\/04\/29\/40-milhoes-param-no-pais-ato-em-sp-reune-70-mil-e-termina-com-repressao-da-pm\/\" target=\"_blank\" rel=\"noopener noreferrer\">40 milh\u00f5es de cidad\u00e3os<\/a><\/strong>\u00a0s\u00f3 na greve geral da \u00faltima sexta-feira (28), o presidente ileg\u00edtimo\u00a0desconsidera a falta de popularidade para aprovar, a todo custo, suas reformas.<\/p>\n<p>Na \u00faltima quarta-feira (26), a <a href=\"http:\/\/www.psol50.org.br\/blog\/2017\/04\/27\/com-voto-contrario-do-psol-governo-aprova-reforma-que-acaba-com-direitos-trabalhistas\/\" target=\"_blank\" rel=\"noopener noreferrer\"><strong><span style=\"color: #0000ff;\">C\u00e2mara aprovou, sob protestos, a reforma trabalhista<\/span><\/strong><\/a>, que retira mais de 100 direitos previstos\u00a0na CLT. Al\u00e9m disso, <a href=\"http:\/\/www.psol50.org.br\/blog\/2017\/05\/02\/governo-quer-votar-reforma-da-previdencia-esta-semana-na-comissao-especial-e-hora-de-aumentar-a-pressao\/\" target=\"_blank\" rel=\"noopener noreferrer\"><strong><span style=\"color: #0000ff;\">os deputados pretendem votar ainda nesta semana a reforma da Previd\u00eancia<\/span><\/strong><\/a>, em comiss\u00e3o especial.<\/p>\n<p>As pesquisas comprovam que, com os \u00edndices de aprova\u00e7\u00e3o baixos, o governo n\u00e3o tem legitimidade de representa\u00e7\u00e3o para aprovar essas medidas, comprometendo mais ainda o\u00a0funcionamento da democracia.<\/p>\n","protected":false},"excerpt":{"rendered":"<p>Ap\u00f3s pesquisa divulgada pela consultoria Ipsos,\u00a0a qual mostra que o \u00edndice de aprova\u00e7\u00e3o do governo \u00e9 de m\u00edseros 4%, novas porcentagens mostram\u00a0que Michel Temer n\u00e3o tem mais\u00a0condi\u00e7\u00f5es de continuar \u00e0 frente do mais alto cargo do Executivo. Segundo dados do Datafolha,\u00a0publicados no domingo (30\/04) e na segunda-feira (1\/05), respectivamente, 85% dos brasileiros acreditam que o [&hellip;]<\/p>\n","protected":false},"author":2,"featured_media":15360,"comment_status":"open","ping_status":"open","sticky":false,"template":"","format":"standard","meta":{"_acf_changed":false,"footnotes":""},"categories":[1882,6],"tags":[1612,3142,3143,2169,387,1793,1748,403,2910,39],"class_list":{"0":"post-16515","1":"post","2":"type-post","3":"status-publish","4":"format-standard","5":"has-post-thumbnail","7":"category-brasil","8":"category-noticias","9":"tag-datafolha","10":"tag-desaprovacao","11":"tag-eleicoes-diretas","12":"tag-fora-temer","13":"tag-governo","14":"tag-greve-geral","15":"tag-michel-temer","16":"tag-pesquisa","17":"tag-popularidade","18":"tag-reforma-da-previdencia"},"acf":[],"yoast_head":"<!-- This site is optimized with the Yoast SEO plugin v26.5 - https:\/\/yoast.com\/wordpress\/plugins\/seo\/ -->\n<title>Datafolha: 71% dos brasileiros desaprovam reforma da Previd\u00eancia e 85% querem elei\u00e7\u00f5es diretas - PSOL 50<\/title>\n<meta name=\"robots\" content=\"index, follow, max-snippet:-1, max-image-preview:large, max-video-preview:-1\" \/>\n<link rel=\"canonical\" href=\"https:\/\/psol50.org.br\/datafolha-71-dos-brasileiros-desaprovam-reforma-da-previdencia-e-85-querem-eleicoes-diretas\/\" \/>\n<meta property=\"og:locale\" content=\"pt_BR\" \/>\n<meta property=\"og:type\" content=\"article\" \/>\n<meta property=\"og:title\" content=\"Datafolha: 71% dos brasileiros desaprovam reforma da Previd\u00eancia e 85% querem elei\u00e7\u00f5es diretas - PSOL 50\" \/>\n<meta property=\"og:description\" content=\"Ap\u00f3s pesquisa divulgada pela consultoria Ipsos,\u00a0a qual mostra que o \u00edndice de aprova\u00e7\u00e3o do governo \u00e9 de m\u00edseros 4%, novas porcentagens mostram\u00a0que Michel Temer n\u00e3o tem mais\u00a0condi\u00e7\u00f5es de continuar \u00e0 frente do mais alto cargo do Executivo. Segundo dados do Datafolha,\u00a0publicados no domingo (30\/04) e na segunda-feira (1\/05), respectivamente, 85% dos brasileiros acreditam que o [&hellip;]\" \/>\n<meta property=\"og:url\" content=\"https:\/\/psol50.org.br\/datafolha-71-dos-brasileiros-desaprovam-reforma-da-previdencia-e-85-querem-eleicoes-diretas\/\" \/>\n<meta property=\"og:site_name\" content=\"PSOL 50\" \/>\n<meta property=\"article:publisher\" content=\"https:\/\/www.facebook.com\/psol50\" \/>\n<meta property=\"article:published_time\" content=\"2017-05-02T13:25:24+00:00\" \/>\n<meta property=\"og:image\" content=\"https:\/\/psol50.org.br\/inc\/uploads\/2018\/07\/capa.png\" \/>\n\t<meta property=\"og:image:width\" content=\"1350\" \/>\n\t<meta property=\"og:image:height\" content=\"900\" \/>\n\t<meta property=\"og:image:type\" content=\"image\/png\" \/>\n<meta name=\"author\" content=\"Comunica\u00e7\u00e3o PSOL\" \/>\n<meta name=\"twitter:card\" content=\"summary_large_image\" \/>\n<meta name=\"twitter:creator\" content=\"@psol50\" \/>\n<meta name=\"twitter:site\" content=\"@psol50\" \/>\n<meta name=\"twitter:label1\" content=\"Escrito por\" \/>\n\t<meta name=\"twitter:data1\" content=\"Comunica\u00e7\u00e3o PSOL\" \/>\n\t<meta name=\"twitter:label2\" content=\"Est. tempo de leitura\" \/>\n\t<meta name=\"twitter:data2\" content=\"2 minutos\" \/>\n<script type=\"application\/ld+json\" class=\"yoast-schema-graph\">{\"@context\":\"https:\/\/schema.org\",\"@graph\":[{\"@type\":\"Article\",\"@id\":\"https:\/\/psol50.org.br\/datafolha-71-dos-brasileiros-desaprovam-reforma-da-previdencia-e-85-querem-eleicoes-diretas\/#article\",\"isPartOf\":{\"@id\":\"https:\/\/psol50.org.br\/datafolha-71-dos-brasileiros-desaprovam-reforma-da-previdencia-e-85-querem-eleicoes-diretas\/\"},\"author\":{\"name\":\"Comunica\u00e7\u00e3o PSOL\",\"@id\":\"https:\/\/psol50.org.br\/#\/schema\/person\/475dfa57d0b815993c714c2e96491fcd\"},\"headline\":\"Datafolha: 71% dos brasileiros desaprovam reforma da Previd\u00eancia e 85% querem elei\u00e7\u00f5es diretas\",\"datePublished\":\"2017-05-02T13:25:24+00:00\",\"mainEntityOfPage\":{\"@id\":\"https:\/\/psol50.org.br\/datafolha-71-dos-brasileiros-desaprovam-reforma-da-previdencia-e-85-querem-eleicoes-diretas\/\"},\"wordCount\":363,\"commentCount\":0,\"publisher\":{\"@id\":\"https:\/\/psol50.org.br\/#organization\"},\"image\":{\"@id\":\"https:\/\/psol50.org.br\/datafolha-71-dos-brasileiros-desaprovam-reforma-da-previdencia-e-85-querem-eleicoes-diretas\/#primaryimage\"},\"thumbnailUrl\":\"\",\"keywords\":[\"Datafolha\",\"desaprova\u00e7\u00e3o\",\"elei\u00e7\u00f5es diretas\",\"Fora Temer\",\"governo\",\"greve geral\",\"Michel Temer\",\"pesquisa\",\"popularidade\",\"reforma da previd\u00eancia\"],\"articleSection\":[\"Brasil\",\"Not\u00edcias\"],\"inLanguage\":\"pt-BR\",\"potentialAction\":[{\"@type\":\"CommentAction\",\"name\":\"Comment\",\"target\":[\"https:\/\/psol50.org.br\/datafolha-71-dos-brasileiros-desaprovam-reforma-da-previdencia-e-85-querem-eleicoes-diretas\/#respond\"]}]},{\"@type\":\"WebPage\",\"@id\":\"https:\/\/psol50.org.br\/datafolha-71-dos-brasileiros-desaprovam-reforma-da-previdencia-e-85-querem-eleicoes-diretas\/\",\"url\":\"https:\/\/psol50.org.br\/datafolha-71-dos-brasileiros-desaprovam-reforma-da-previdencia-e-85-querem-eleicoes-diretas\/\",\"name\":\"Datafolha: 71% dos brasileiros desaprovam reforma da Previd\u00eancia e 85% querem elei\u00e7\u00f5es diretas - PSOL 50\",\"isPartOf\":{\"@id\":\"https:\/\/psol50.org.br\/#website\"},\"primaryImageOfPage\":{\"@id\":\"https:\/\/psol50.org.br\/datafolha-71-dos-brasileiros-desaprovam-reforma-da-previdencia-e-85-querem-eleicoes-diretas\/#primaryimage\"},\"image\":{\"@id\":\"https:\/\/psol50.org.br\/datafolha-71-dos-brasileiros-desaprovam-reforma-da-previdencia-e-85-querem-eleicoes-diretas\/#primaryimage\"},\"thumbnailUrl\":\"\",\"datePublished\":\"2017-05-02T13:25:24+00:00\",\"breadcrumb\":{\"@id\":\"https:\/\/psol50.org.br\/datafolha-71-dos-brasileiros-desaprovam-reforma-da-previdencia-e-85-querem-eleicoes-diretas\/#breadcrumb\"},\"inLanguage\":\"pt-BR\",\"potentialAction\":[{\"@type\":\"ReadAction\",\"target\":[\"https:\/\/psol50.org.br\/datafolha-71-dos-brasileiros-desaprovam-reforma-da-previdencia-e-85-querem-eleicoes-diretas\/\"]}]},{\"@type\":\"ImageObject\",\"inLanguage\":\"pt-BR\",\"@id\":\"https:\/\/psol50.org.br\/datafolha-71-dos-brasileiros-desaprovam-reforma-da-previdencia-e-85-querem-eleicoes-diretas\/#primaryimage\",\"url\":\"\",\"contentUrl\":\"\"},{\"@type\":\"BreadcrumbList\",\"@id\":\"https:\/\/psol50.org.br\/datafolha-71-dos-brasileiros-desaprovam-reforma-da-previdencia-e-85-querem-eleicoes-diretas\/#breadcrumb\",\"itemListElement\":[{\"@type\":\"ListItem\",\"position\":1,\"name\":\"In\u00edcio\",\"item\":\"https:\/\/psol50.org.br\/\"},{\"@type\":\"ListItem\",\"position\":2,\"name\":\"Datafolha: 71% dos brasileiros desaprovam reforma da Previd\u00eancia e 85% querem elei\u00e7\u00f5es diretas\"}]},{\"@type\":\"WebSite\",\"@id\":\"https:\/\/psol50.org.br\/#website\",\"url\":\"https:\/\/psol50.org.br\/\",\"name\":\"PSOL 50\",\"description\":\"Site oficial do Partido Socialismo e Liberdade\",\"publisher\":{\"@id\":\"https:\/\/psol50.org.br\/#organization\"},\"alternateName\":\"PSOL50\",\"potentialAction\":[{\"@type\":\"SearchAction\",\"target\":{\"@type\":\"EntryPoint\",\"urlTemplate\":\"https:\/\/psol50.org.br\/?s={search_term_string}\"},\"query-input\":{\"@type\":\"PropertyValueSpecification\",\"valueRequired\":true,\"valueName\":\"search_term_string\"}}],\"inLanguage\":\"pt-BR\"},{\"@type\":\"Organization\",\"@id\":\"https:\/\/psol50.org.br\/#organization\",\"name\":\"PSOL 50\",\"alternateName\":\"PSOL 50\",\"url\":\"https:\/\/psol50.org.br\/\",\"logo\":{\"@type\":\"ImageObject\",\"inLanguage\":\"pt-BR\",\"@id\":\"https:\/\/psol50.org.br\/#\/schema\/logo\/image\/\",\"url\":\"https:\/\/psol50.org.br\/inc\/uploads\/2018\/07\/capa.png\",\"contentUrl\":\"https:\/\/psol50.org.br\/inc\/uploads\/2018\/07\/capa.png\",\"width\":1350,\"height\":900,\"caption\":\"PSOL 50\"},\"image\":{\"@id\":\"https:\/\/psol50.org.br\/#\/schema\/logo\/image\/\"},\"sameAs\":[\"https:\/\/www.facebook.com\/psol50\",\"https:\/\/x.com\/psol50\",\"https:\/\/www.instagram.com\/psol50\/\",\"https:\/\/www.youtube.com\/channel\/UC7SnJS5o1os7a6CaiNabzcg\"]},{\"@type\":\"Person\",\"@id\":\"https:\/\/psol50.org.br\/#\/schema\/person\/475dfa57d0b815993c714c2e96491fcd\",\"name\":\"Comunica\u00e7\u00e3o PSOL\",\"image\":{\"@type\":\"ImageObject\",\"inLanguage\":\"pt-BR\",\"@id\":\"https:\/\/psol50.org.br\/#\/schema\/person\/image\/\",\"url\":\"https:\/\/secure.gravatar.com\/avatar\/b34fc4f4e468a4e51785917065a3db57b841f5c95dba6ad8c73aaf8f66f8f9bf?s=96&d=mm&r=g\",\"contentUrl\":\"https:\/\/secure.gravatar.com\/avatar\/b34fc4f4e468a4e51785917065a3db57b841f5c95dba6ad8c73aaf8f66f8f9bf?s=96&d=mm&r=g\",\"caption\":\"Comunica\u00e7\u00e3o PSOL\"}}]}<\/script>\n<!-- \/ Yoast SEO plugin. -->","yoast_head_json":{"title":"Datafolha: 71% dos brasileiros desaprovam reforma da Previd\u00eancia e 85% querem elei\u00e7\u00f5es diretas - PSOL 50","robots":{"index":"index","follow":"follow","max-snippet":"max-snippet:-1","max-image-preview":"max-image-preview:large","max-video-preview":"max-video-preview:-1"},"canonical":"https:\/\/psol50.org.br\/datafolha-71-dos-brasileiros-desaprovam-reforma-da-previdencia-e-85-querem-eleicoes-diretas\/","og_locale":"pt_BR","og_type":"article","og_title":"Datafolha: 71% dos brasileiros desaprovam reforma da Previd\u00eancia e 85% querem elei\u00e7\u00f5es diretas - PSOL 50","og_description":"Ap\u00f3s pesquisa divulgada pela consultoria Ipsos,\u00a0a qual mostra que o \u00edndice de aprova\u00e7\u00e3o do governo \u00e9 de m\u00edseros 4%, novas porcentagens mostram\u00a0que Michel Temer n\u00e3o tem mais\u00a0condi\u00e7\u00f5es de continuar \u00e0 frente do mais alto cargo do Executivo. Segundo dados do Datafolha,\u00a0publicados no domingo (30\/04) e na segunda-feira (1\/05), respectivamente, 85% dos brasileiros acreditam que o [&hellip;]","og_url":"https:\/\/psol50.org.br\/datafolha-71-dos-brasileiros-desaprovam-reforma-da-previdencia-e-85-querem-eleicoes-diretas\/","og_site_name":"PSOL 50","article_publisher":"https:\/\/www.facebook.com\/psol50","article_published_time":"2017-05-02T13:25:24+00:00","og_image":[{"width":1350,"height":900,"url":"https:\/\/psol50.org.br\/inc\/uploads\/2018\/07\/capa.png","type":"image\/png"}],"author":"Comunica\u00e7\u00e3o PSOL","twitter_card":"summary_large_image","twitter_creator":"@psol50","twitter_site":"@psol50","twitter_misc":{"Escrito por":"Comunica\u00e7\u00e3o PSOL","Est. tempo de leitura":"2 minutos"},"schema":{"@context":"https:\/\/schema.org","@graph":[{"@type":"Article","@id":"https:\/\/psol50.org.br\/datafolha-71-dos-brasileiros-desaprovam-reforma-da-previdencia-e-85-querem-eleicoes-diretas\/#article","isPartOf":{"@id":"https:\/\/psol50.org.br\/datafolha-71-dos-brasileiros-desaprovam-reforma-da-previdencia-e-85-querem-eleicoes-diretas\/"},"author":{"name":"Comunica\u00e7\u00e3o PSOL","@id":"https:\/\/psol50.org.br\/#\/schema\/person\/475dfa57d0b815993c714c2e96491fcd"},"headline":"Datafolha: 71% dos brasileiros desaprovam reforma da Previd\u00eancia e 85% querem elei\u00e7\u00f5es diretas","datePublished":"2017-05-02T13:25:24+00:00","mainEntityOfPage":{"@id":"https:\/\/psol50.org.br\/datafolha-71-dos-brasileiros-desaprovam-reforma-da-previdencia-e-85-querem-eleicoes-diretas\/"},"wordCount":363,"commentCount":0,"publisher":{"@id":"https:\/\/psol50.org.br\/#organization"},"image":{"@id":"https:\/\/psol50.org.br\/datafolha-71-dos-brasileiros-desaprovam-reforma-da-previdencia-e-85-querem-eleicoes-diretas\/#primaryimage"},"thumbnailUrl":"","keywords":["Datafolha","desaprova\u00e7\u00e3o","elei\u00e7\u00f5es diretas","Fora Temer","governo","greve geral","Michel Temer","pesquisa","popularidade","reforma da previd\u00eancia"],"articleSection":["Brasil","Not\u00edcias"],"inLanguage":"pt-BR","potentialAction":[{"@type":"CommentAction","name":"Comment","target":["https:\/\/psol50.org.br\/datafolha-71-dos-brasileiros-desaprovam-reforma-da-previdencia-e-85-querem-eleicoes-diretas\/#respond"]}]},{"@type":"WebPage","@id":"https:\/\/psol50.org.br\/datafolha-71-dos-brasileiros-desaprovam-reforma-da-previdencia-e-85-querem-eleicoes-diretas\/","url":"https:\/\/psol50.org.br\/datafolha-71-dos-brasileiros-desaprovam-reforma-da-previdencia-e-85-querem-eleicoes-diretas\/","name":"Datafolha: 71% dos brasileiros desaprovam reforma da Previd\u00eancia e 85% querem elei\u00e7\u00f5es diretas - PSOL 50","isPartOf":{"@id":"https:\/\/psol50.org.br\/#website"},"primaryImageOfPage":{"@id":"https:\/\/psol50.org.br\/datafolha-71-dos-brasileiros-desaprovam-reforma-da-previdencia-e-85-querem-eleicoes-diretas\/#primaryimage"},"image":{"@id":"https:\/\/psol50.org.br\/datafolha-71-dos-brasileiros-desaprovam-reforma-da-previdencia-e-85-querem-eleicoes-diretas\/#primaryimage"},"thumbnailUrl":"","datePublished":"2017-05-02T13:25:24+00:00","breadcrumb":{"@id":"https:\/\/psol50.org.br\/datafolha-71-dos-brasileiros-desaprovam-reforma-da-previdencia-e-85-querem-eleicoes-diretas\/#breadcrumb"},"inLanguage":"pt-BR","potentialAction":[{"@type":"ReadAction","target":["https:\/\/psol50.org.br\/datafolha-71-dos-brasileiros-desaprovam-reforma-da-previdencia-e-85-querem-eleicoes-diretas\/"]}]},{"@type":"ImageObject","inLanguage":"pt-BR","@id":"https:\/\/psol50.org.br\/datafolha-71-dos-brasileiros-desaprovam-reforma-da-previdencia-e-85-querem-eleicoes-diretas\/#primaryimage","url":"","contentUrl":""},{"@type":"BreadcrumbList","@id":"https:\/\/psol50.org.br\/datafolha-71-dos-brasileiros-desaprovam-reforma-da-previdencia-e-85-querem-eleicoes-diretas\/#breadcrumb","itemListElement":[{"@type":"ListItem","position":1,"name":"In\u00edcio","item":"https:\/\/psol50.org.br\/"},{"@type":"ListItem","position":2,"name":"Datafolha: 71% dos brasileiros desaprovam reforma da Previd\u00eancia e 85% querem elei\u00e7\u00f5es diretas"}]},{"@type":"WebSite","@id":"https:\/\/psol50.org.br\/#website","url":"https:\/\/psol50.org.br\/","name":"PSOL 50","description":"Site oficial do Partido Socialismo e Liberdade","publisher":{"@id":"https:\/\/psol50.org.br\/#organization"},"alternateName":"PSOL50","potentialAction":[{"@type":"SearchAction","target":{"@type":"EntryPoint","urlTemplate":"https:\/\/psol50.org.br\/?s={search_term_string}"},"query-input":{"@type":"PropertyValueSpecification","valueRequired":true,"valueName":"search_term_string"}}],"inLanguage":"pt-BR"},{"@type":"Organization","@id":"https:\/\/psol50.org.br\/#organization","name":"PSOL 50","alternateName":"PSOL 50","url":"https:\/\/psol50.org.br\/","logo":{"@type":"ImageObject","inLanguage":"pt-BR","@id":"https:\/\/psol50.org.br\/#\/schema\/logo\/image\/","url":"https:\/\/psol50.org.br\/inc\/uploads\/2018\/07\/capa.png","contentUrl":"https:\/\/psol50.org.br\/inc\/uploads\/2018\/07\/capa.png","width":1350,"height":900,"caption":"PSOL 50"},"image":{"@id":"https:\/\/psol50.org.br\/#\/schema\/logo\/image\/"},"sameAs":["https:\/\/www.facebook.com\/psol50","https:\/\/x.com\/psol50","https:\/\/www.instagram.com\/psol50\/","https:\/\/www.youtube.com\/channel\/UC7SnJS5o1os7a6CaiNabzcg"]},{"@type":"Person","@id":"https:\/\/psol50.org.br\/#\/schema\/person\/475dfa57d0b815993c714c2e96491fcd","name":"Comunica\u00e7\u00e3o PSOL","image":{"@type":"ImageObject","inLanguage":"pt-BR","@id":"https:\/\/psol50.org.br\/#\/schema\/person\/image\/","url":"https:\/\/secure.gravatar.com\/avatar\/b34fc4f4e468a4e51785917065a3db57b841f5c95dba6ad8c73aaf8f66f8f9bf?s=96&d=mm&r=g","contentUrl":"https:\/\/secure.gravatar.com\/avatar\/b34fc4f4e468a4e51785917065a3db57b841f5c95dba6ad8c73aaf8f66f8f9bf?s=96&d=mm&r=g","caption":"Comunica\u00e7\u00e3o PSOL"}}]}},"_links":{"self":[{"href":"https:\/\/psol50.org.br\/rest\/wp\/v2\/posts\/16515","targetHints":{"allow":["GET"]}}],"collection":[{"href":"https:\/\/psol50.org.br\/rest\/wp\/v2\/posts"}],"about":[{"href":"https:\/\/psol50.org.br\/rest\/wp\/v2\/types\/post"}],"author":[{"embeddable":true,"href":"https:\/\/psol50.org.br\/rest\/wp\/v2\/users\/2"}],"replies":[{"embeddable":true,"href":"https:\/\/psol50.org.br\/rest\/wp\/v2\/comments?post=16515"}],"version-history":[{"count":0,"href":"https:\/\/psol50.org.br\/rest\/wp\/v2\/posts\/16515\/revisions"}],"wp:featuredmedia":[{"embeddable":true,"href":"https:\/\/psol50.org.br\/rest\/"}],"wp:attachment":[{"href":"https:\/\/psol50.org.br\/rest\/wp\/v2\/media?parent=16515"}],"wp:term":[{"taxonomy":"category","embeddable":true,"href":"https:\/\/psol50.org.br\/rest\/wp\/v2\/categories?post=16515"},{"taxonomy":"post_tag","embeddable":true,"href":"https:\/\/psol50.org.br\/rest\/wp\/v2\/tags?post=16515"}],"curies":[{"name":"wp","href":"https:\/\/api.w.org\/{rel}","templated":true}]}}