{"id":16516,"date":"2017-05-02T12:51:51","date_gmt":"2017-05-02T12:51:51","guid":{"rendered":"http:\/\/www.psol50.org.br\/?p=16334"},"modified":"2017-05-02T12:51:51","modified_gmt":"2017-05-02T12:51:51","slug":"governo-quer-votar-reforma-da-previdencia-esta-semana-na-comissao-especial-e-hora-de-aumentar-a-pressao","status":"publish","type":"post","link":"https:\/\/psol50.org.br\/governo-quer-votar-reforma-da-previdencia-esta-semana-na-comissao-especial-e-hora-de-aumentar-a-pressao\/","title":{"rendered":"Governo quer votar reforma da Previd\u00eancia esta semana na comiss\u00e3o especial. \u00c9 hora de aumentar a press\u00e3o!"},"content":{"rendered":"<p><a href=\"http:\/\/www.psol50.org.br\/blog\/2017\/04\/27\/com-voto-contrario-do-psol-governo-aprova-reforma-que-acaba-com-direitos-trabalhistas\/\" target=\"_blank\" rel=\"noopener noreferrer\"><strong><span style=\"color: #0000ff;\">Ap\u00f3s conseguir aprovar, no plen\u00e1rio da C\u00e2mara, a reforma trabalhista<\/span><\/strong><\/a> (PL 6787\/2016), o governo de Michel Temer pretende acelerar esta semana a tramita\u00e7\u00e3o da reforma da Previd\u00eancia (PEC 287\/2016), votando a mat\u00e9ria na comiss\u00e3o especial que debate o tema. A expectativa do Pal\u00e1cio do Planalto, que na C\u00e2mara tem como principal aliado o presidente Rodrigo Maia (DEM-RJ), \u00e9 encerrar nesta ter\u00e7a-feira (02\/05) o debate do parecer do relator, deputado Arthur Maia (PPS-BA), e votar o texto at\u00e9 a quinta-feira (04).<\/p>\n<p>A previs\u00e3o do governo, no entanto, era terminar as discuss\u00f5es em cima do relat\u00f3rio ainda na quinta-feira passada (27), o que acabou n\u00e3o ocorrendo. Segundo o\u00a0presidente da comiss\u00e3o, deputado Carlos Marun (PMDB-MS), o adiamento se deu em fun\u00e7\u00e3o da falta\u00a0de qu\u00f3rum para os debates, pela vota\u00e7\u00e3o da reforma trabalhista no plen\u00e1rio, que e estendeu at\u00e9 a madrugada. Entretanto, sabe-se que ainda h\u00e1 diverg\u00eancias entre a pr\u00f3pria base aliada do governo quanto ao conte\u00fado da mat\u00e9ria.<\/p>\n<p>O <a href=\"http:\/\/www.psol50.org.br\/blog\/2017\/04\/19\/pressao-garante-recuo-na-reforma-da-previdencia-e-adia-votacao-para-depois-da-greve-geral\/\" target=\"_blank\" rel=\"noopener noreferrer\"><strong><span style=\"color: #0000ff;\">relator da PEC entregou seu parecer, no dia 19\u00a0de abril<\/span><\/strong><\/a>, com altera\u00e7\u00f5es em v\u00e1rios pontos do texto. O n\u00edtido recuo do governo \u00e9 em fun\u00e7\u00e3o das mobiliza\u00e7\u00f5es que pipocam pa\u00eds a fora, incluindo a greve geral \u00a0realizada em 28 de abril e o 1\u00ba de Maio, celebrado nesta segunda-feira, mas tamb\u00e9m do receio em sofrer uma derrota na vota\u00e7\u00e3o da mat\u00e9ria mais importante de seu ajuste fiscal, uma vez que a maioria dos deputados t\u00eam se posicionado contr\u00e1rios \u00e0 reforma. Incluindo, a\u00ed, integrantes da pr\u00f3pria base de apoio do Pal\u00e1cio do Planalto.\u00a0Para garantir os votos necess\u00e1rios no plen\u00e1rio, Temer\u00a0j\u00e1 anunciou que vai exonerar deputados dos cargos do primeiro escal\u00e3o para comparecer \u00e0 vota\u00e7\u00e3o. O governo negocia uma s\u00e9rie de vantagens para conseguir aliados.<\/p>\n<p><strong>Aumentar as press\u00f5es<\/strong><br \/>\nO PSOL votar\u00e1 contra a reforma da Previd\u00eancia, tanto na comiss\u00e3o especial, quanto no plen\u00e1rio da C\u00e2mara. O partido entende que o governo segue com dificuldade de garantir os votos necess\u00e1rios \u00e0 mat\u00e9ria, que, se aprovada, acaba com o direito dos trabalhadores \u00e0 aposentadoria. As\u00a0mobiliza\u00e7\u00f5es, em especial a greve geral realizada na \u00faltima sexta-feira (28), est\u00e3o surtindo efeito e aumentar a press\u00e3o, nas ruas e no parlamento, poder\u00e1 garantir a vit\u00f3ria final que \u00e9 a derrota definitiva dessa proposta.<\/p>\n<p>No dia 28, a milit\u00e2ncia do partido esteve\u00a0nas manifesta\u00e7\u00f5es que ocorreram em todo o pa\u00eds para marcar a greve geral. Agora, \u00e9 continuar nas ruas, pressionando deputados e senadores para, com muita luta, mostrar ao governo leg\u00edtimo que a popula\u00e7\u00e3o n\u00e3o aceitar\u00e1 as suas reformas como parte de seu ajuste fiscal.<\/p>\n<p>&nbsp;<\/p>\n","protected":false},"excerpt":{"rendered":"<p>Ap\u00f3s conseguir aprovar, no plen\u00e1rio da C\u00e2mara, a reforma trabalhista (PL 6787\/2016), o governo de Michel Temer pretende acelerar esta semana a tramita\u00e7\u00e3o da reforma da Previd\u00eancia (PEC 287\/2016), votando a mat\u00e9ria na comiss\u00e3o especial que debate o tema. A expectativa do Pal\u00e1cio do Planalto, que na C\u00e2mara tem como principal aliado o presidente Rodrigo [&hellip;]<\/p>\n","protected":false},"author":2,"featured_media":14970,"comment_status":"open","ping_status":"open","sticky":false,"template":"","format":"standard","meta":{"_acf_changed":false,"footnotes":""},"categories":[10,1882,6],"tags":[3102,2348,1793,1748,2836,22,39,64],"class_list":{"0":"post-16516","1":"post","2":"type-post","3":"status-publish","4":"format-standard","5":"has-post-thumbnail","7":"category-acao-parlamentares","8":"category-brasil","9":"category-noticias","10":"tag-arthur-maia","11":"tag-comissao-especial","12":"tag-greve-geral","13":"tag-michel-temer","14":"tag-parecer","15":"tag-psol","16":"tag-reforma-da-previdencia","17":"tag-rodrigo-maia"},"acf":[],"yoast_head":"<!-- This site is optimized with the Yoast SEO plugin v26.5 - https:\/\/yoast.com\/wordpress\/plugins\/seo\/ -->\n<title>Governo quer votar reforma da Previd\u00eancia esta semana na comiss\u00e3o especial. \u00c9 hora de aumentar a press\u00e3o! - PSOL 50<\/title>\n<meta name=\"robots\" content=\"index, follow, max-snippet:-1, max-image-preview:large, max-video-preview:-1\" \/>\n<link rel=\"canonical\" href=\"https:\/\/psol50.org.br\/governo-quer-votar-reforma-da-previdencia-esta-semana-na-comissao-especial-e-hora-de-aumentar-a-pressao\/\" \/>\n<meta property=\"og:locale\" content=\"pt_BR\" \/>\n<meta property=\"og:type\" content=\"article\" \/>\n<meta property=\"og:title\" content=\"Governo quer votar reforma da Previd\u00eancia esta semana na comiss\u00e3o especial. \u00c9 hora de aumentar a press\u00e3o! - PSOL 50\" \/>\n<meta property=\"og:description\" content=\"Ap\u00f3s conseguir aprovar, no plen\u00e1rio da C\u00e2mara, a reforma trabalhista (PL 6787\/2016), o governo de Michel Temer pretende acelerar esta semana a tramita\u00e7\u00e3o da reforma da Previd\u00eancia (PEC 287\/2016), votando a mat\u00e9ria na comiss\u00e3o especial que debate o tema. A expectativa do Pal\u00e1cio do Planalto, que na C\u00e2mara tem como principal aliado o presidente Rodrigo [&hellip;]\" \/>\n<meta property=\"og:url\" content=\"https:\/\/psol50.org.br\/governo-quer-votar-reforma-da-previdencia-esta-semana-na-comissao-especial-e-hora-de-aumentar-a-pressao\/\" \/>\n<meta property=\"og:site_name\" content=\"PSOL 50\" \/>\n<meta property=\"article:publisher\" content=\"https:\/\/www.facebook.com\/psol50\" \/>\n<meta property=\"article:published_time\" content=\"2017-05-02T12:51:51+00:00\" \/>\n<meta property=\"og:image\" content=\"https:\/\/psol50.org.br\/inc\/uploads\/2018\/07\/capa.png\" \/>\n\t<meta property=\"og:image:width\" content=\"1350\" \/>\n\t<meta property=\"og:image:height\" content=\"900\" \/>\n\t<meta property=\"og:image:type\" content=\"image\/png\" \/>\n<meta name=\"author\" content=\"Comunica\u00e7\u00e3o PSOL\" \/>\n<meta name=\"twitter:card\" content=\"summary_large_image\" \/>\n<meta name=\"twitter:creator\" content=\"@psol50\" \/>\n<meta name=\"twitter:site\" content=\"@psol50\" \/>\n<meta name=\"twitter:label1\" content=\"Escrito por\" \/>\n\t<meta name=\"twitter:data1\" content=\"Comunica\u00e7\u00e3o PSOL\" \/>\n\t<meta name=\"twitter:label2\" content=\"Est. tempo de leitura\" \/>\n\t<meta name=\"twitter:data2\" content=\"2 minutos\" \/>\n<script type=\"application\/ld+json\" class=\"yoast-schema-graph\">{\"@context\":\"https:\/\/schema.org\",\"@graph\":[{\"@type\":\"Article\",\"@id\":\"https:\/\/psol50.org.br\/governo-quer-votar-reforma-da-previdencia-esta-semana-na-comissao-especial-e-hora-de-aumentar-a-pressao\/#article\",\"isPartOf\":{\"@id\":\"https:\/\/psol50.org.br\/governo-quer-votar-reforma-da-previdencia-esta-semana-na-comissao-especial-e-hora-de-aumentar-a-pressao\/\"},\"author\":{\"name\":\"Comunica\u00e7\u00e3o PSOL\",\"@id\":\"https:\/\/psol50.org.br\/#\/schema\/person\/475dfa57d0b815993c714c2e96491fcd\"},\"headline\":\"Governo quer votar reforma da Previd\u00eancia esta semana na comiss\u00e3o especial. \u00c9 hora de aumentar a press\u00e3o!\",\"datePublished\":\"2017-05-02T12:51:51+00:00\",\"mainEntityOfPage\":{\"@id\":\"https:\/\/psol50.org.br\/governo-quer-votar-reforma-da-previdencia-esta-semana-na-comissao-especial-e-hora-de-aumentar-a-pressao\/\"},\"wordCount\":479,\"commentCount\":0,\"publisher\":{\"@id\":\"https:\/\/psol50.org.br\/#organization\"},\"image\":{\"@id\":\"https:\/\/psol50.org.br\/governo-quer-votar-reforma-da-previdencia-esta-semana-na-comissao-especial-e-hora-de-aumentar-a-pressao\/#primaryimage\"},\"thumbnailUrl\":\"\",\"keywords\":[\"Arthur Maia\",\"Comiss\u00e3o Especial\",\"greve geral\",\"Michel Temer\",\"parecer\",\"PSOL\",\"reforma da previd\u00eancia\",\"Rodrigo Maia\"],\"articleSection\":[\"A\u00e7\u00e3o Parlamentar\",\"Brasil\",\"Not\u00edcias\"],\"inLanguage\":\"pt-BR\",\"potentialAction\":[{\"@type\":\"CommentAction\",\"name\":\"Comment\",\"target\":[\"https:\/\/psol50.org.br\/governo-quer-votar-reforma-da-previdencia-esta-semana-na-comissao-especial-e-hora-de-aumentar-a-pressao\/#respond\"]}]},{\"@type\":\"WebPage\",\"@id\":\"https:\/\/psol50.org.br\/governo-quer-votar-reforma-da-previdencia-esta-semana-na-comissao-especial-e-hora-de-aumentar-a-pressao\/\",\"url\":\"https:\/\/psol50.org.br\/governo-quer-votar-reforma-da-previdencia-esta-semana-na-comissao-especial-e-hora-de-aumentar-a-pressao\/\",\"name\":\"Governo quer votar reforma da Previd\u00eancia esta semana na comiss\u00e3o especial. \u00c9 hora de aumentar a press\u00e3o! - PSOL 50\",\"isPartOf\":{\"@id\":\"https:\/\/psol50.org.br\/#website\"},\"primaryImageOfPage\":{\"@id\":\"https:\/\/psol50.org.br\/governo-quer-votar-reforma-da-previdencia-esta-semana-na-comissao-especial-e-hora-de-aumentar-a-pressao\/#primaryimage\"},\"image\":{\"@id\":\"https:\/\/psol50.org.br\/governo-quer-votar-reforma-da-previdencia-esta-semana-na-comissao-especial-e-hora-de-aumentar-a-pressao\/#primaryimage\"},\"thumbnailUrl\":\"\",\"datePublished\":\"2017-05-02T12:51:51+00:00\",\"breadcrumb\":{\"@id\":\"https:\/\/psol50.org.br\/governo-quer-votar-reforma-da-previdencia-esta-semana-na-comissao-especial-e-hora-de-aumentar-a-pressao\/#breadcrumb\"},\"inLanguage\":\"pt-BR\",\"potentialAction\":[{\"@type\":\"ReadAction\",\"target\":[\"https:\/\/psol50.org.br\/governo-quer-votar-reforma-da-previdencia-esta-semana-na-comissao-especial-e-hora-de-aumentar-a-pressao\/\"]}]},{\"@type\":\"ImageObject\",\"inLanguage\":\"pt-BR\",\"@id\":\"https:\/\/psol50.org.br\/governo-quer-votar-reforma-da-previdencia-esta-semana-na-comissao-especial-e-hora-de-aumentar-a-pressao\/#primaryimage\",\"url\":\"\",\"contentUrl\":\"\"},{\"@type\":\"BreadcrumbList\",\"@id\":\"https:\/\/psol50.org.br\/governo-quer-votar-reforma-da-previdencia-esta-semana-na-comissao-especial-e-hora-de-aumentar-a-pressao\/#breadcrumb\",\"itemListElement\":[{\"@type\":\"ListItem\",\"position\":1,\"name\":\"In\u00edcio\",\"item\":\"https:\/\/psol50.org.br\/\"},{\"@type\":\"ListItem\",\"position\":2,\"name\":\"Governo quer votar reforma da Previd\u00eancia esta semana na comiss\u00e3o especial. \u00c9 hora de aumentar a press\u00e3o!\"}]},{\"@type\":\"WebSite\",\"@id\":\"https:\/\/psol50.org.br\/#website\",\"url\":\"https:\/\/psol50.org.br\/\",\"name\":\"PSOL 50\",\"description\":\"Site oficial do Partido Socialismo e Liberdade\",\"publisher\":{\"@id\":\"https:\/\/psol50.org.br\/#organization\"},\"alternateName\":\"PSOL50\",\"potentialAction\":[{\"@type\":\"SearchAction\",\"target\":{\"@type\":\"EntryPoint\",\"urlTemplate\":\"https:\/\/psol50.org.br\/?s={search_term_string}\"},\"query-input\":{\"@type\":\"PropertyValueSpecification\",\"valueRequired\":true,\"valueName\":\"search_term_string\"}}],\"inLanguage\":\"pt-BR\"},{\"@type\":\"Organization\",\"@id\":\"https:\/\/psol50.org.br\/#organization\",\"name\":\"PSOL 50\",\"alternateName\":\"PSOL 50\",\"url\":\"https:\/\/psol50.org.br\/\",\"logo\":{\"@type\":\"ImageObject\",\"inLanguage\":\"pt-BR\",\"@id\":\"https:\/\/psol50.org.br\/#\/schema\/logo\/image\/\",\"url\":\"https:\/\/psol50.org.br\/inc\/uploads\/2018\/07\/capa.png\",\"contentUrl\":\"https:\/\/psol50.org.br\/inc\/uploads\/2018\/07\/capa.png\",\"width\":1350,\"height\":900,\"caption\":\"PSOL 50\"},\"image\":{\"@id\":\"https:\/\/psol50.org.br\/#\/schema\/logo\/image\/\"},\"sameAs\":[\"https:\/\/www.facebook.com\/psol50\",\"https:\/\/x.com\/psol50\",\"https:\/\/www.instagram.com\/psol50\/\",\"https:\/\/www.youtube.com\/channel\/UC7SnJS5o1os7a6CaiNabzcg\"]},{\"@type\":\"Person\",\"@id\":\"https:\/\/psol50.org.br\/#\/schema\/person\/475dfa57d0b815993c714c2e96491fcd\",\"name\":\"Comunica\u00e7\u00e3o PSOL\",\"image\":{\"@type\":\"ImageObject\",\"inLanguage\":\"pt-BR\",\"@id\":\"https:\/\/psol50.org.br\/#\/schema\/person\/image\/\",\"url\":\"https:\/\/secure.gravatar.com\/avatar\/b34fc4f4e468a4e51785917065a3db57b841f5c95dba6ad8c73aaf8f66f8f9bf?s=96&d=mm&r=g\",\"contentUrl\":\"https:\/\/secure.gravatar.com\/avatar\/b34fc4f4e468a4e51785917065a3db57b841f5c95dba6ad8c73aaf8f66f8f9bf?s=96&d=mm&r=g\",\"caption\":\"Comunica\u00e7\u00e3o PSOL\"}}]}<\/script>\n<!-- \/ Yoast SEO plugin. -->","yoast_head_json":{"title":"Governo quer votar reforma da Previd\u00eancia esta semana na comiss\u00e3o especial. \u00c9 hora de aumentar a press\u00e3o! - PSOL 50","robots":{"index":"index","follow":"follow","max-snippet":"max-snippet:-1","max-image-preview":"max-image-preview:large","max-video-preview":"max-video-preview:-1"},"canonical":"https:\/\/psol50.org.br\/governo-quer-votar-reforma-da-previdencia-esta-semana-na-comissao-especial-e-hora-de-aumentar-a-pressao\/","og_locale":"pt_BR","og_type":"article","og_title":"Governo quer votar reforma da Previd\u00eancia esta semana na comiss\u00e3o especial. \u00c9 hora de aumentar a press\u00e3o! - PSOL 50","og_description":"Ap\u00f3s conseguir aprovar, no plen\u00e1rio da C\u00e2mara, a reforma trabalhista (PL 6787\/2016), o governo de Michel Temer pretende acelerar esta semana a tramita\u00e7\u00e3o da reforma da Previd\u00eancia (PEC 287\/2016), votando a mat\u00e9ria na comiss\u00e3o especial que debate o tema. A expectativa do Pal\u00e1cio do Planalto, que na C\u00e2mara tem como principal aliado o presidente Rodrigo [&hellip;]","og_url":"https:\/\/psol50.org.br\/governo-quer-votar-reforma-da-previdencia-esta-semana-na-comissao-especial-e-hora-de-aumentar-a-pressao\/","og_site_name":"PSOL 50","article_publisher":"https:\/\/www.facebook.com\/psol50","article_published_time":"2017-05-02T12:51:51+00:00","og_image":[{"width":1350,"height":900,"url":"https:\/\/psol50.org.br\/inc\/uploads\/2018\/07\/capa.png","type":"image\/png"}],"author":"Comunica\u00e7\u00e3o PSOL","twitter_card":"summary_large_image","twitter_creator":"@psol50","twitter_site":"@psol50","twitter_misc":{"Escrito por":"Comunica\u00e7\u00e3o PSOL","Est. tempo de leitura":"2 minutos"},"schema":{"@context":"https:\/\/schema.org","@graph":[{"@type":"Article","@id":"https:\/\/psol50.org.br\/governo-quer-votar-reforma-da-previdencia-esta-semana-na-comissao-especial-e-hora-de-aumentar-a-pressao\/#article","isPartOf":{"@id":"https:\/\/psol50.org.br\/governo-quer-votar-reforma-da-previdencia-esta-semana-na-comissao-especial-e-hora-de-aumentar-a-pressao\/"},"author":{"name":"Comunica\u00e7\u00e3o PSOL","@id":"https:\/\/psol50.org.br\/#\/schema\/person\/475dfa57d0b815993c714c2e96491fcd"},"headline":"Governo quer votar reforma da Previd\u00eancia esta semana na comiss\u00e3o especial. \u00c9 hora de aumentar a press\u00e3o!","datePublished":"2017-05-02T12:51:51+00:00","mainEntityOfPage":{"@id":"https:\/\/psol50.org.br\/governo-quer-votar-reforma-da-previdencia-esta-semana-na-comissao-especial-e-hora-de-aumentar-a-pressao\/"},"wordCount":479,"commentCount":0,"publisher":{"@id":"https:\/\/psol50.org.br\/#organization"},"image":{"@id":"https:\/\/psol50.org.br\/governo-quer-votar-reforma-da-previdencia-esta-semana-na-comissao-especial-e-hora-de-aumentar-a-pressao\/#primaryimage"},"thumbnailUrl":"","keywords":["Arthur Maia","Comiss\u00e3o Especial","greve geral","Michel Temer","parecer","PSOL","reforma da previd\u00eancia","Rodrigo Maia"],"articleSection":["A\u00e7\u00e3o Parlamentar","Brasil","Not\u00edcias"],"inLanguage":"pt-BR","potentialAction":[{"@type":"CommentAction","name":"Comment","target":["https:\/\/psol50.org.br\/governo-quer-votar-reforma-da-previdencia-esta-semana-na-comissao-especial-e-hora-de-aumentar-a-pressao\/#respond"]}]},{"@type":"WebPage","@id":"https:\/\/psol50.org.br\/governo-quer-votar-reforma-da-previdencia-esta-semana-na-comissao-especial-e-hora-de-aumentar-a-pressao\/","url":"https:\/\/psol50.org.br\/governo-quer-votar-reforma-da-previdencia-esta-semana-na-comissao-especial-e-hora-de-aumentar-a-pressao\/","name":"Governo quer votar reforma da Previd\u00eancia esta semana na comiss\u00e3o especial. \u00c9 hora de aumentar a press\u00e3o! - PSOL 50","isPartOf":{"@id":"https:\/\/psol50.org.br\/#website"},"primaryImageOfPage":{"@id":"https:\/\/psol50.org.br\/governo-quer-votar-reforma-da-previdencia-esta-semana-na-comissao-especial-e-hora-de-aumentar-a-pressao\/#primaryimage"},"image":{"@id":"https:\/\/psol50.org.br\/governo-quer-votar-reforma-da-previdencia-esta-semana-na-comissao-especial-e-hora-de-aumentar-a-pressao\/#primaryimage"},"thumbnailUrl":"","datePublished":"2017-05-02T12:51:51+00:00","breadcrumb":{"@id":"https:\/\/psol50.org.br\/governo-quer-votar-reforma-da-previdencia-esta-semana-na-comissao-especial-e-hora-de-aumentar-a-pressao\/#breadcrumb"},"inLanguage":"pt-BR","potentialAction":[{"@type":"ReadAction","target":["https:\/\/psol50.org.br\/governo-quer-votar-reforma-da-previdencia-esta-semana-na-comissao-especial-e-hora-de-aumentar-a-pressao\/"]}]},{"@type":"ImageObject","inLanguage":"pt-BR","@id":"https:\/\/psol50.org.br\/governo-quer-votar-reforma-da-previdencia-esta-semana-na-comissao-especial-e-hora-de-aumentar-a-pressao\/#primaryimage","url":"","contentUrl":""},{"@type":"BreadcrumbList","@id":"https:\/\/psol50.org.br\/governo-quer-votar-reforma-da-previdencia-esta-semana-na-comissao-especial-e-hora-de-aumentar-a-pressao\/#breadcrumb","itemListElement":[{"@type":"ListItem","position":1,"name":"In\u00edcio","item":"https:\/\/psol50.org.br\/"},{"@type":"ListItem","position":2,"name":"Governo quer votar reforma da Previd\u00eancia esta semana na comiss\u00e3o especial. \u00c9 hora de aumentar a press\u00e3o!"}]},{"@type":"WebSite","@id":"https:\/\/psol50.org.br\/#website","url":"https:\/\/psol50.org.br\/","name":"PSOL 50","description":"Site oficial do Partido Socialismo e Liberdade","publisher":{"@id":"https:\/\/psol50.org.br\/#organization"},"alternateName":"PSOL50","potentialAction":[{"@type":"SearchAction","target":{"@type":"EntryPoint","urlTemplate":"https:\/\/psol50.org.br\/?s={search_term_string}"},"query-input":{"@type":"PropertyValueSpecification","valueRequired":true,"valueName":"search_term_string"}}],"inLanguage":"pt-BR"},{"@type":"Organization","@id":"https:\/\/psol50.org.br\/#organization","name":"PSOL 50","alternateName":"PSOL 50","url":"https:\/\/psol50.org.br\/","logo":{"@type":"ImageObject","inLanguage":"pt-BR","@id":"https:\/\/psol50.org.br\/#\/schema\/logo\/image\/","url":"https:\/\/psol50.org.br\/inc\/uploads\/2018\/07\/capa.png","contentUrl":"https:\/\/psol50.org.br\/inc\/uploads\/2018\/07\/capa.png","width":1350,"height":900,"caption":"PSOL 50"},"image":{"@id":"https:\/\/psol50.org.br\/#\/schema\/logo\/image\/"},"sameAs":["https:\/\/www.facebook.com\/psol50","https:\/\/x.com\/psol50","https:\/\/www.instagram.com\/psol50\/","https:\/\/www.youtube.com\/channel\/UC7SnJS5o1os7a6CaiNabzcg"]},{"@type":"Person","@id":"https:\/\/psol50.org.br\/#\/schema\/person\/475dfa57d0b815993c714c2e96491fcd","name":"Comunica\u00e7\u00e3o PSOL","image":{"@type":"ImageObject","inLanguage":"pt-BR","@id":"https:\/\/psol50.org.br\/#\/schema\/person\/image\/","url":"https:\/\/secure.gravatar.com\/avatar\/b34fc4f4e468a4e51785917065a3db57b841f5c95dba6ad8c73aaf8f66f8f9bf?s=96&d=mm&r=g","contentUrl":"https:\/\/secure.gravatar.com\/avatar\/b34fc4f4e468a4e51785917065a3db57b841f5c95dba6ad8c73aaf8f66f8f9bf?s=96&d=mm&r=g","caption":"Comunica\u00e7\u00e3o PSOL"}}]}},"_links":{"self":[{"href":"https:\/\/psol50.org.br\/rest\/wp\/v2\/posts\/16516","targetHints":{"allow":["GET"]}}],"collection":[{"href":"https:\/\/psol50.org.br\/rest\/wp\/v2\/posts"}],"about":[{"href":"https:\/\/psol50.org.br\/rest\/wp\/v2\/types\/post"}],"author":[{"embeddable":true,"href":"https:\/\/psol50.org.br\/rest\/wp\/v2\/users\/2"}],"replies":[{"embeddable":true,"href":"https:\/\/psol50.org.br\/rest\/wp\/v2\/comments?post=16516"}],"version-history":[{"count":0,"href":"https:\/\/psol50.org.br\/rest\/wp\/v2\/posts\/16516\/revisions"}],"wp:featuredmedia":[{"embeddable":true,"href":"https:\/\/psol50.org.br\/rest\/"}],"wp:attachment":[{"href":"https:\/\/psol50.org.br\/rest\/wp\/v2\/media?parent=16516"}],"wp:term":[{"taxonomy":"category","embeddable":true,"href":"https:\/\/psol50.org.br\/rest\/wp\/v2\/categories?post=16516"},{"taxonomy":"post_tag","embeddable":true,"href":"https:\/\/psol50.org.br\/rest\/wp\/v2\/tags?post=16516"}],"curies":[{"name":"wp","href":"https:\/\/api.w.org\/{rel}","templated":true}]}}