{"id":16517,"date":"2017-05-02T13:54:13","date_gmt":"2017-05-02T13:54:13","guid":{"rendered":"http:\/\/www.psol50.org.br\/?p=16342"},"modified":"2017-05-02T13:54:13","modified_gmt":"2017-05-02T13:54:13","slug":"ataque-a-tiros-e-facadas-fere-indigenas-gamela-no-maranhao","status":"publish","type":"post","link":"https:\/\/psol50.org.br\/ataque-a-tiros-e-facadas-fere-indigenas-gamela-no-maranhao\/","title":{"rendered":"Ataque a tiros e facadas fere ind\u00edgenas Gamela, no Maranh\u00e3o"},"content":{"rendered":"<p>Fonte: <em>Cimi<\/em><\/p>\n<p>Um grupo Gamela acabou brutalmente atacado na tarde de domingo (30\/04), no Povoado de Bahias, munic\u00edpio de Viana (MA). Os ind\u00edgenas decidiram se retirar de uma \u00e1rea tradicional retomada, antevendo a viol\u00eancia iminente, e enquanto sa\u00edam sofreram uma investida de dezenas de homens armados de fac\u00f5es, paus e armas de fogo. Pouco puderam fazer em defesa pr\u00f3pria a n\u00e3o ser correr para a mata. Na foto abaixo, estrada que leva \u00e0 retomada atacada. Ao fundo, um carro de pol\u00edcia junto ao grupo de fazendeiros e capangas antes da a\u00e7\u00e3o violenta.<\/p>\n<p><img loading=\"lazy\" decoding=\"async\" class=\" wp-image-16343 aligncenter\" src=\"http:\/\/www.psol50.org.br\/inc\/uploads\/2017\/05\/Ataques_\u00edndios_Gamela_MA_Cimi.jpeg\" alt=\"\" width=\"599\" height=\"337\" \/><\/p>\n<p>Depois da madrugada de tens\u00e3o pelo receio de novos atos de viol\u00eancia, al\u00e9m da ang\u00fastia sobre o estado de sa\u00fade dos feridos, informa\u00e7\u00f5es consolidadas d\u00e3o conta do massacre envolvendo a amputa\u00e7\u00e3o de membros do corpo de dois ind\u00edgenas: cinco baleados, sendo que dois tiveram tamb\u00e9m as m\u00e3os decepadas, e chega a 13 o n\u00famero de feridos a golpes de fac\u00e3o e pauladas. N\u00e3o h\u00e1, at\u00e9 o momento, a confirma\u00e7\u00e3o de mortes. Hospitais de Viana, Matinha, Olinda Nova do Maranh\u00e3o e Penalva as v\u00edtimas.<\/p>\n<p>&#8220;Estavam b\u00eabados. J\u00e1 t\u00ednhamos nos retirado da casa, est\u00e1vamos tomando o caminho de volta. Chegaram atirando e dando com pau e fac\u00e3o. Foi muito r\u00e1pido, muito r\u00e1pido&#8221;, diz um ind\u00edgena ouvido pela equipe de comunica\u00e7\u00e3o do Cimi &#8211; os nomes ser\u00e3o omitidos porque se tratam de testemunhas oculares da agress\u00e3o. Com dedos fraturados e a cabe\u00e7a atingida possivelmente por um fac\u00e3o, o Gamela estava ao lado de um outro ind\u00edgena tamb\u00e9m com ferimentos de arma de fogo no rosto e no bra\u00e7o.<\/p>\n<p>Ambos ainda n\u00e3o tinham conseguido chegar ao hospital porque a estrada estava tomada de pistoleiros. &#8220;Tentaram tocaiar quem da gente tentou passar&#8221;, afirma o ind\u00edgena. Dispersos pelas matas da regi\u00e3o da contenda, os Gamela est\u00e3o tendo dificuldades de acessar os hospitais e sob risco de novos ataques tamb\u00e9m nas aldeias que est\u00e3o nas proximidades.<\/p>\n<p>No momento do ataque, de acordo com os Gamela, a Pol\u00edcia Militar j\u00e1 estava no local e n\u00e3o interveio. Por volta das 20h30, o delegado de plant\u00e3o da Delegacia Regional da Pol\u00edcia Civil de Viana, M\u00e1rio, que atendeu a ocorr\u00eancia, afirmou por telefone \u00e0 equipe do Cimi n\u00e3o saber ao certo o n\u00famero de feridos Gamela por entender que na regi\u00e3o eles n\u00e3o s\u00e3o vistos como ind\u00edgenas.<\/p>\n<p>&#8220;Tem uma quest\u00e3o aqui, que eles (Gamela) n\u00e3o s\u00e3o aceitos pela popula\u00e7\u00e3o local como sendo ind\u00edgenas. Tem uma grande quest\u00e3o aqui sobre isso, eu mesmo n\u00e3o sei se eles s\u00e3o ind\u00edgenas ou n\u00e3o s\u00e3o, at\u00e9 agora a gente n\u00e3o sabe, entendeu?&#8221;, disse o delegado M\u00e1rio. O Governo do Estado foi informado do ataque contra Gamela por interm\u00e9dio da Secretaria Estadual de Direitos Humanos.<\/p>\n<p>N\u00e3o \u00e9 o primeiro ataque sofrido pelo povo. Em 2015,<strong><span style=\"color: #0000ff;\"><a style=\"color: #0000ff;\" href=\"http:\/\/www.cimi.org.br\/site\/pt-br\/?system=news&amp;action=read&amp;id=8510\"> um ataque a tiros foi realizado contra uma \u00e1rea retomada<\/a><\/span><\/strong>. Em 26 de agosto de 2016,<strong><span style=\"color: #0000ff;\"><a style=\"color: #0000ff;\" href=\"http:\/\/www.cimi.org.br\/site\/pt-br\/?system=news&amp;action=read&amp;id=8893\"> tr\u00eas homens armados e trajando coletes \u00e0 prova de bala invadiram outra \u00e1rea<\/a><\/span><\/strong> e foram expulsos pelos Gamela que mesmo sob a mira de armas de fogo os afastaram da comunidade.<\/p>\n<p>De acordo com farto material p\u00fablico divulgado em redes sociais e m\u00eddia, apoiadores do povo Gamela e as lideran\u00e7as ind\u00edgenas afirmam que o ataque foi premeditado. &#8220;Fazendeiros e gente at\u00e9 de fora aqui da regi\u00e3o passaram o dia reunidos, fazendo churrasco e bebendo. O encontro foi convocado dias antes, logo ap\u00f3s a nossa \u00faltima retomada&#8221;, diz uma lideran\u00e7a Gamela.<\/p>\n<p><span style=\"color: #0000ff;\"><a style=\"color: #0000ff;\" href=\"http:\/\/www.cimi.org.br\/site\/pt-br\/?system=news&amp;conteudo_id=9250&amp;action=read\" target=\"_blank\" rel=\"noopener noreferrer\"><em><strong>Leia mais sobre o caso<\/strong><\/em><\/a><\/span>.<\/p>\n<p>&nbsp;<\/p>\n","protected":false},"excerpt":{"rendered":"<p>Fonte: Cimi Um grupo Gamela acabou brutalmente atacado na tarde de domingo (30\/04), no Povoado de Bahias, munic\u00edpio de Viana (MA). Os ind\u00edgenas decidiram se retirar de uma \u00e1rea tradicional retomada, antevendo a viol\u00eancia iminente, e enquanto sa\u00edam sofreram uma investida de dezenas de homens armados de fac\u00f5es, paus e armas de fogo. Pouco puderam [&hellip;]<\/p>\n","protected":false},"author":2,"featured_media":16487,"comment_status":"open","ping_status":"open","sticky":false,"template":"","format":"standard","meta":{"_acf_changed":false,"footnotes":""},"categories":[654,1104,6],"tags":[3144,3145,3146,3147,456,3148,3149,233],"class_list":{"0":"post-16517","1":"post","2":"type-post","3":"status-publish","4":"format-standard","5":"has-post-thumbnail","7":"category-estados","8":"category-movimento","9":"category-noticias","10":"tag-atraques","11":"tag-cimi","12":"tag-indingenas","13":"tag-indios-gamela","14":"tag-maranhao","15":"tag-povoado-de-bahias","16":"tag-viana","17":"tag-violencia"},"acf":[],"yoast_head":"<!-- This site is optimized with the Yoast SEO plugin v26.5 - https:\/\/yoast.com\/wordpress\/plugins\/seo\/ -->\n<title>Ataque a tiros e facadas fere ind\u00edgenas Gamela, no Maranh\u00e3o - PSOL 50<\/title>\n<meta name=\"robots\" content=\"index, follow, max-snippet:-1, max-image-preview:large, max-video-preview:-1\" \/>\n<link rel=\"canonical\" href=\"https:\/\/psol50.org.br\/ataque-a-tiros-e-facadas-fere-indigenas-gamela-no-maranhao\/\" \/>\n<meta property=\"og:locale\" content=\"pt_BR\" \/>\n<meta property=\"og:type\" content=\"article\" \/>\n<meta property=\"og:title\" content=\"Ataque a tiros e facadas fere ind\u00edgenas Gamela, no Maranh\u00e3o - PSOL 50\" \/>\n<meta property=\"og:description\" content=\"Fonte: Cimi Um grupo Gamela acabou brutalmente atacado na tarde de domingo (30\/04), no Povoado de Bahias, munic\u00edpio de Viana (MA). Os ind\u00edgenas decidiram se retirar de uma \u00e1rea tradicional retomada, antevendo a viol\u00eancia iminente, e enquanto sa\u00edam sofreram uma investida de dezenas de homens armados de fac\u00f5es, paus e armas de fogo. Pouco puderam [&hellip;]\" \/>\n<meta property=\"og:url\" content=\"https:\/\/psol50.org.br\/ataque-a-tiros-e-facadas-fere-indigenas-gamela-no-maranhao\/\" \/>\n<meta property=\"og:site_name\" content=\"PSOL 50\" \/>\n<meta property=\"article:publisher\" content=\"https:\/\/www.facebook.com\/psol50\" \/>\n<meta property=\"article:published_time\" content=\"2017-05-02T13:54:13+00:00\" \/>\n<meta property=\"og:image\" content=\"https:\/\/psol50.org.br\/inc\/uploads\/2018\/07\/capa.png\" \/>\n\t<meta property=\"og:image:width\" content=\"1350\" \/>\n\t<meta property=\"og:image:height\" content=\"900\" \/>\n\t<meta property=\"og:image:type\" content=\"image\/png\" \/>\n<meta name=\"author\" content=\"Comunica\u00e7\u00e3o PSOL\" \/>\n<meta name=\"twitter:card\" content=\"summary_large_image\" \/>\n<meta name=\"twitter:creator\" content=\"@psol50\" \/>\n<meta name=\"twitter:site\" content=\"@psol50\" \/>\n<meta name=\"twitter:label1\" content=\"Escrito por\" \/>\n\t<meta name=\"twitter:data1\" content=\"Comunica\u00e7\u00e3o PSOL\" \/>\n\t<meta name=\"twitter:label2\" content=\"Est. tempo de leitura\" \/>\n\t<meta name=\"twitter:data2\" content=\"3 minutos\" \/>\n<script type=\"application\/ld+json\" class=\"yoast-schema-graph\">{\"@context\":\"https:\/\/schema.org\",\"@graph\":[{\"@type\":\"Article\",\"@id\":\"https:\/\/psol50.org.br\/ataque-a-tiros-e-facadas-fere-indigenas-gamela-no-maranhao\/#article\",\"isPartOf\":{\"@id\":\"https:\/\/psol50.org.br\/ataque-a-tiros-e-facadas-fere-indigenas-gamela-no-maranhao\/\"},\"author\":{\"name\":\"Comunica\u00e7\u00e3o PSOL\",\"@id\":\"https:\/\/psol50.org.br\/#\/schema\/person\/475dfa57d0b815993c714c2e96491fcd\"},\"headline\":\"Ataque a tiros e facadas fere ind\u00edgenas Gamela, no Maranh\u00e3o\",\"datePublished\":\"2017-05-02T13:54:13+00:00\",\"mainEntityOfPage\":{\"@id\":\"https:\/\/psol50.org.br\/ataque-a-tiros-e-facadas-fere-indigenas-gamela-no-maranhao\/\"},\"wordCount\":648,\"commentCount\":0,\"publisher\":{\"@id\":\"https:\/\/psol50.org.br\/#organization\"},\"image\":{\"@id\":\"https:\/\/psol50.org.br\/ataque-a-tiros-e-facadas-fere-indigenas-gamela-no-maranhao\/#primaryimage\"},\"thumbnailUrl\":\"\",\"keywords\":[\"atraques\",\"Cimi\",\"ind\u00edngenas\",\"\u00edndios Gamela\",\"Maranh\u00e3o\",\"Povoado de Bahias\",\"Viana\",\"viol\u00eancia\"],\"articleSection\":[\"Estados\",\"Movimento\",\"Not\u00edcias\"],\"inLanguage\":\"pt-BR\",\"potentialAction\":[{\"@type\":\"CommentAction\",\"name\":\"Comment\",\"target\":[\"https:\/\/psol50.org.br\/ataque-a-tiros-e-facadas-fere-indigenas-gamela-no-maranhao\/#respond\"]}]},{\"@type\":\"WebPage\",\"@id\":\"https:\/\/psol50.org.br\/ataque-a-tiros-e-facadas-fere-indigenas-gamela-no-maranhao\/\",\"url\":\"https:\/\/psol50.org.br\/ataque-a-tiros-e-facadas-fere-indigenas-gamela-no-maranhao\/\",\"name\":\"Ataque a tiros e facadas fere ind\u00edgenas Gamela, no Maranh\u00e3o - PSOL 50\",\"isPartOf\":{\"@id\":\"https:\/\/psol50.org.br\/#website\"},\"primaryImageOfPage\":{\"@id\":\"https:\/\/psol50.org.br\/ataque-a-tiros-e-facadas-fere-indigenas-gamela-no-maranhao\/#primaryimage\"},\"image\":{\"@id\":\"https:\/\/psol50.org.br\/ataque-a-tiros-e-facadas-fere-indigenas-gamela-no-maranhao\/#primaryimage\"},\"thumbnailUrl\":\"\",\"datePublished\":\"2017-05-02T13:54:13+00:00\",\"breadcrumb\":{\"@id\":\"https:\/\/psol50.org.br\/ataque-a-tiros-e-facadas-fere-indigenas-gamela-no-maranhao\/#breadcrumb\"},\"inLanguage\":\"pt-BR\",\"potentialAction\":[{\"@type\":\"ReadAction\",\"target\":[\"https:\/\/psol50.org.br\/ataque-a-tiros-e-facadas-fere-indigenas-gamela-no-maranhao\/\"]}]},{\"@type\":\"ImageObject\",\"inLanguage\":\"pt-BR\",\"@id\":\"https:\/\/psol50.org.br\/ataque-a-tiros-e-facadas-fere-indigenas-gamela-no-maranhao\/#primaryimage\",\"url\":\"\",\"contentUrl\":\"\"},{\"@type\":\"BreadcrumbList\",\"@id\":\"https:\/\/psol50.org.br\/ataque-a-tiros-e-facadas-fere-indigenas-gamela-no-maranhao\/#breadcrumb\",\"itemListElement\":[{\"@type\":\"ListItem\",\"position\":1,\"name\":\"In\u00edcio\",\"item\":\"https:\/\/psol50.org.br\/\"},{\"@type\":\"ListItem\",\"position\":2,\"name\":\"Ataque a tiros e facadas fere ind\u00edgenas Gamela, no Maranh\u00e3o\"}]},{\"@type\":\"WebSite\",\"@id\":\"https:\/\/psol50.org.br\/#website\",\"url\":\"https:\/\/psol50.org.br\/\",\"name\":\"PSOL 50\",\"description\":\"Site oficial do Partido Socialismo e Liberdade\",\"publisher\":{\"@id\":\"https:\/\/psol50.org.br\/#organization\"},\"alternateName\":\"PSOL50\",\"potentialAction\":[{\"@type\":\"SearchAction\",\"target\":{\"@type\":\"EntryPoint\",\"urlTemplate\":\"https:\/\/psol50.org.br\/?s={search_term_string}\"},\"query-input\":{\"@type\":\"PropertyValueSpecification\",\"valueRequired\":true,\"valueName\":\"search_term_string\"}}],\"inLanguage\":\"pt-BR\"},{\"@type\":\"Organization\",\"@id\":\"https:\/\/psol50.org.br\/#organization\",\"name\":\"PSOL 50\",\"alternateName\":\"PSOL 50\",\"url\":\"https:\/\/psol50.org.br\/\",\"logo\":{\"@type\":\"ImageObject\",\"inLanguage\":\"pt-BR\",\"@id\":\"https:\/\/psol50.org.br\/#\/schema\/logo\/image\/\",\"url\":\"https:\/\/psol50.org.br\/inc\/uploads\/2018\/07\/capa.png\",\"contentUrl\":\"https:\/\/psol50.org.br\/inc\/uploads\/2018\/07\/capa.png\",\"width\":1350,\"height\":900,\"caption\":\"PSOL 50\"},\"image\":{\"@id\":\"https:\/\/psol50.org.br\/#\/schema\/logo\/image\/\"},\"sameAs\":[\"https:\/\/www.facebook.com\/psol50\",\"https:\/\/x.com\/psol50\",\"https:\/\/www.instagram.com\/psol50\/\",\"https:\/\/www.youtube.com\/channel\/UC7SnJS5o1os7a6CaiNabzcg\"]},{\"@type\":\"Person\",\"@id\":\"https:\/\/psol50.org.br\/#\/schema\/person\/475dfa57d0b815993c714c2e96491fcd\",\"name\":\"Comunica\u00e7\u00e3o PSOL\",\"image\":{\"@type\":\"ImageObject\",\"inLanguage\":\"pt-BR\",\"@id\":\"https:\/\/psol50.org.br\/#\/schema\/person\/image\/\",\"url\":\"https:\/\/secure.gravatar.com\/avatar\/b34fc4f4e468a4e51785917065a3db57b841f5c95dba6ad8c73aaf8f66f8f9bf?s=96&d=mm&r=g\",\"contentUrl\":\"https:\/\/secure.gravatar.com\/avatar\/b34fc4f4e468a4e51785917065a3db57b841f5c95dba6ad8c73aaf8f66f8f9bf?s=96&d=mm&r=g\",\"caption\":\"Comunica\u00e7\u00e3o PSOL\"}}]}<\/script>\n<!-- \/ Yoast SEO plugin. -->","yoast_head_json":{"title":"Ataque a tiros e facadas fere ind\u00edgenas Gamela, no Maranh\u00e3o - PSOL 50","robots":{"index":"index","follow":"follow","max-snippet":"max-snippet:-1","max-image-preview":"max-image-preview:large","max-video-preview":"max-video-preview:-1"},"canonical":"https:\/\/psol50.org.br\/ataque-a-tiros-e-facadas-fere-indigenas-gamela-no-maranhao\/","og_locale":"pt_BR","og_type":"article","og_title":"Ataque a tiros e facadas fere ind\u00edgenas Gamela, no Maranh\u00e3o - PSOL 50","og_description":"Fonte: Cimi Um grupo Gamela acabou brutalmente atacado na tarde de domingo (30\/04), no Povoado de Bahias, munic\u00edpio de Viana (MA). Os ind\u00edgenas decidiram se retirar de uma \u00e1rea tradicional retomada, antevendo a viol\u00eancia iminente, e enquanto sa\u00edam sofreram uma investida de dezenas de homens armados de fac\u00f5es, paus e armas de fogo. Pouco puderam [&hellip;]","og_url":"https:\/\/psol50.org.br\/ataque-a-tiros-e-facadas-fere-indigenas-gamela-no-maranhao\/","og_site_name":"PSOL 50","article_publisher":"https:\/\/www.facebook.com\/psol50","article_published_time":"2017-05-02T13:54:13+00:00","og_image":[{"width":1350,"height":900,"url":"https:\/\/psol50.org.br\/inc\/uploads\/2018\/07\/capa.png","type":"image\/png"}],"author":"Comunica\u00e7\u00e3o PSOL","twitter_card":"summary_large_image","twitter_creator":"@psol50","twitter_site":"@psol50","twitter_misc":{"Escrito por":"Comunica\u00e7\u00e3o PSOL","Est. tempo de leitura":"3 minutos"},"schema":{"@context":"https:\/\/schema.org","@graph":[{"@type":"Article","@id":"https:\/\/psol50.org.br\/ataque-a-tiros-e-facadas-fere-indigenas-gamela-no-maranhao\/#article","isPartOf":{"@id":"https:\/\/psol50.org.br\/ataque-a-tiros-e-facadas-fere-indigenas-gamela-no-maranhao\/"},"author":{"name":"Comunica\u00e7\u00e3o PSOL","@id":"https:\/\/psol50.org.br\/#\/schema\/person\/475dfa57d0b815993c714c2e96491fcd"},"headline":"Ataque a tiros e facadas fere ind\u00edgenas Gamela, no Maranh\u00e3o","datePublished":"2017-05-02T13:54:13+00:00","mainEntityOfPage":{"@id":"https:\/\/psol50.org.br\/ataque-a-tiros-e-facadas-fere-indigenas-gamela-no-maranhao\/"},"wordCount":648,"commentCount":0,"publisher":{"@id":"https:\/\/psol50.org.br\/#organization"},"image":{"@id":"https:\/\/psol50.org.br\/ataque-a-tiros-e-facadas-fere-indigenas-gamela-no-maranhao\/#primaryimage"},"thumbnailUrl":"","keywords":["atraques","Cimi","ind\u00edngenas","\u00edndios Gamela","Maranh\u00e3o","Povoado de Bahias","Viana","viol\u00eancia"],"articleSection":["Estados","Movimento","Not\u00edcias"],"inLanguage":"pt-BR","potentialAction":[{"@type":"CommentAction","name":"Comment","target":["https:\/\/psol50.org.br\/ataque-a-tiros-e-facadas-fere-indigenas-gamela-no-maranhao\/#respond"]}]},{"@type":"WebPage","@id":"https:\/\/psol50.org.br\/ataque-a-tiros-e-facadas-fere-indigenas-gamela-no-maranhao\/","url":"https:\/\/psol50.org.br\/ataque-a-tiros-e-facadas-fere-indigenas-gamela-no-maranhao\/","name":"Ataque a tiros e facadas fere ind\u00edgenas Gamela, no Maranh\u00e3o - PSOL 50","isPartOf":{"@id":"https:\/\/psol50.org.br\/#website"},"primaryImageOfPage":{"@id":"https:\/\/psol50.org.br\/ataque-a-tiros-e-facadas-fere-indigenas-gamela-no-maranhao\/#primaryimage"},"image":{"@id":"https:\/\/psol50.org.br\/ataque-a-tiros-e-facadas-fere-indigenas-gamela-no-maranhao\/#primaryimage"},"thumbnailUrl":"","datePublished":"2017-05-02T13:54:13+00:00","breadcrumb":{"@id":"https:\/\/psol50.org.br\/ataque-a-tiros-e-facadas-fere-indigenas-gamela-no-maranhao\/#breadcrumb"},"inLanguage":"pt-BR","potentialAction":[{"@type":"ReadAction","target":["https:\/\/psol50.org.br\/ataque-a-tiros-e-facadas-fere-indigenas-gamela-no-maranhao\/"]}]},{"@type":"ImageObject","inLanguage":"pt-BR","@id":"https:\/\/psol50.org.br\/ataque-a-tiros-e-facadas-fere-indigenas-gamela-no-maranhao\/#primaryimage","url":"","contentUrl":""},{"@type":"BreadcrumbList","@id":"https:\/\/psol50.org.br\/ataque-a-tiros-e-facadas-fere-indigenas-gamela-no-maranhao\/#breadcrumb","itemListElement":[{"@type":"ListItem","position":1,"name":"In\u00edcio","item":"https:\/\/psol50.org.br\/"},{"@type":"ListItem","position":2,"name":"Ataque a tiros e facadas fere ind\u00edgenas Gamela, no Maranh\u00e3o"}]},{"@type":"WebSite","@id":"https:\/\/psol50.org.br\/#website","url":"https:\/\/psol50.org.br\/","name":"PSOL 50","description":"Site oficial do Partido Socialismo e Liberdade","publisher":{"@id":"https:\/\/psol50.org.br\/#organization"},"alternateName":"PSOL50","potentialAction":[{"@type":"SearchAction","target":{"@type":"EntryPoint","urlTemplate":"https:\/\/psol50.org.br\/?s={search_term_string}"},"query-input":{"@type":"PropertyValueSpecification","valueRequired":true,"valueName":"search_term_string"}}],"inLanguage":"pt-BR"},{"@type":"Organization","@id":"https:\/\/psol50.org.br\/#organization","name":"PSOL 50","alternateName":"PSOL 50","url":"https:\/\/psol50.org.br\/","logo":{"@type":"ImageObject","inLanguage":"pt-BR","@id":"https:\/\/psol50.org.br\/#\/schema\/logo\/image\/","url":"https:\/\/psol50.org.br\/inc\/uploads\/2018\/07\/capa.png","contentUrl":"https:\/\/psol50.org.br\/inc\/uploads\/2018\/07\/capa.png","width":1350,"height":900,"caption":"PSOL 50"},"image":{"@id":"https:\/\/psol50.org.br\/#\/schema\/logo\/image\/"},"sameAs":["https:\/\/www.facebook.com\/psol50","https:\/\/x.com\/psol50","https:\/\/www.instagram.com\/psol50\/","https:\/\/www.youtube.com\/channel\/UC7SnJS5o1os7a6CaiNabzcg"]},{"@type":"Person","@id":"https:\/\/psol50.org.br\/#\/schema\/person\/475dfa57d0b815993c714c2e96491fcd","name":"Comunica\u00e7\u00e3o PSOL","image":{"@type":"ImageObject","inLanguage":"pt-BR","@id":"https:\/\/psol50.org.br\/#\/schema\/person\/image\/","url":"https:\/\/secure.gravatar.com\/avatar\/b34fc4f4e468a4e51785917065a3db57b841f5c95dba6ad8c73aaf8f66f8f9bf?s=96&d=mm&r=g","contentUrl":"https:\/\/secure.gravatar.com\/avatar\/b34fc4f4e468a4e51785917065a3db57b841f5c95dba6ad8c73aaf8f66f8f9bf?s=96&d=mm&r=g","caption":"Comunica\u00e7\u00e3o PSOL"}}]}},"_links":{"self":[{"href":"https:\/\/psol50.org.br\/rest\/wp\/v2\/posts\/16517","targetHints":{"allow":["GET"]}}],"collection":[{"href":"https:\/\/psol50.org.br\/rest\/wp\/v2\/posts"}],"about":[{"href":"https:\/\/psol50.org.br\/rest\/wp\/v2\/types\/post"}],"author":[{"embeddable":true,"href":"https:\/\/psol50.org.br\/rest\/wp\/v2\/users\/2"}],"replies":[{"embeddable":true,"href":"https:\/\/psol50.org.br\/rest\/wp\/v2\/comments?post=16517"}],"version-history":[{"count":0,"href":"https:\/\/psol50.org.br\/rest\/wp\/v2\/posts\/16517\/revisions"}],"wp:featuredmedia":[{"embeddable":true,"href":"https:\/\/psol50.org.br\/rest\/"}],"wp:attachment":[{"href":"https:\/\/psol50.org.br\/rest\/wp\/v2\/media?parent=16517"}],"wp:term":[{"taxonomy":"category","embeddable":true,"href":"https:\/\/psol50.org.br\/rest\/wp\/v2\/categories?post=16517"},{"taxonomy":"post_tag","embeddable":true,"href":"https:\/\/psol50.org.br\/rest\/wp\/v2\/tags?post=16517"}],"curies":[{"name":"wp","href":"https:\/\/api.w.org\/{rel}","templated":true}]}}