{"id":16522,"date":"2017-05-03T20:56:02","date_gmt":"2017-05-03T20:56:02","guid":{"rendered":"http:\/\/www.psol50.org.br\/?p=16363"},"modified":"2017-05-03T20:56:02","modified_gmt":"2017-05-03T20:56:02","slug":"pec-da-clausula-de-barreira-proposta-por-aecio-neves-e-aprovada-na-ccj-da-camara","status":"publish","type":"post","link":"https:\/\/psol50.org.br\/pec-da-clausula-de-barreira-proposta-por-aecio-neves-e-aprovada-na-ccj-da-camara\/","title":{"rendered":"PEC da cl\u00e1usula de barreira, proposta por A\u00e9cio Neves, \u00e9 aprovada na CCJ da C\u00e2mara"},"content":{"rendered":"<p>A Comiss\u00e3o de Constitui\u00e7\u00e3o e Justi\u00e7a (CCJ) da C\u00e2mara dos Deputados aprovou, no in\u00edcio da tarde desta quarta-feira (03\/05), por 37 votos a 14, a Proposta de Emenda \u00e0 Constitui\u00e7\u00e3o que institui a cl\u00e1usula de barreira (PEC 282\/16). O PSOL, representado pelo deputado Chico Alencar (RJ), votou contra o parecer do relator, deputado Betinho Gomes (PSDB\/PE). O\u00a0partido entrou em obstru\u00e7\u00e3o, em conjunto com outros partidos de oposi\u00e7\u00e3o.<\/p>\n<p>A mat\u00e9ria \u00e9 origin\u00e1ria do Senado, onde foi aprovada no ano passado. Os autores s\u00e3o os tamb\u00e9m tucanos A\u00e9cio Neves (MG) e Ricardo Ferra\u00e7o (ES). O pr\u00f3ximo passo da tramita\u00e7\u00e3o da mat\u00e9ria \u00e9 a cria\u00e7\u00e3o de uma comiss\u00e3o especial espec\u00edfica para o projeto.<\/p>\n<p>O projeto pretende vedar as coliga\u00e7\u00f5es entre partidos nas elei\u00e7\u00f5es para deputado e vereador a partir de 2020 e estabelecer cl\u00e1usula de desempenho para o funcionamento parlamentar das legendas.<\/p>\n<p>Assim, a cl\u00e1usula de barreira exigiria que os partidos tivessem um m\u00ednimo de 3% dos votos para deputado federal em todo o pa\u00eds e ao menos 2% dos votos para deputado federal em 14 das 27 unidades da federa\u00e7\u00e3o (os 26 estados e o Distrito Federal). A regra valeria a partir de 2022.<\/p>\n<figure id=\"attachment_16366\" aria-describedby=\"caption-attachment-16366\" style=\"width: 548px\" class=\"wp-caption aligncenter\"><img loading=\"lazy\" decoding=\"async\" class=\"wp-image-16366\" src=\"http:\/\/www.psol50.org.br\/inc\/uploads\/2017\/05\/Chico_CCJ_ReformaPol\u00edtica_AntonioAugusto_CD.jpg\" alt=\"\" width=\"548\" height=\"359\" \/><figcaption id=\"caption-attachment-16366\" class=\"wp-caption-text\"><em>Ant\u00f4nio Augusto\/C\u00e2mara dos Deputados<\/em><\/figcaption><\/figure>\n<p>Para o PSOL, a proposta \u00e9 um s\u00e9rio ataque \u00e0 democracia e uma tentativa de legendas como o PSDB e outras aliadas ao governo de Michel Temer em acabar com partidos ideol\u00f3gicos, como o PSOL. Em todas as reuni\u00f5es que debateram a PEC de A\u00e9cio Neves, deputado Chico Alencar questionou a constitucionalidade e o m\u00e9rito do texto, argumentando que o projeto\u00a0fere o direito da livre organiza\u00e7\u00e3o pol\u00edtica sem resolver o problema real da prolifera\u00e7\u00e3o de partidos de aluguel.<\/p>\n<p>Com a aprova\u00e7\u00e3o da mat\u00e9ria na CCJ, agora ser\u00e1 criada uma comiss\u00e3o especial destinada a debater o m\u00e9rito da PEC. Ap\u00f3s essa fase, o texto \u00e9 analisado em dois turnos no plen\u00e1rio da C\u00e2mara. O PSOL seguir\u00e1 denunciando mais essa tentativa de partidos da ordem, a maioria citados nas dela\u00e7\u00f5es da opera\u00e7\u00e3o Lava-Jato, cercear a sua atua\u00e7\u00e3o combativa no parlamento.<\/p>\n<p><span style=\"color: #0000ff;\"><strong><span style=\"color: #000000;\">Leia mais:<\/span> <a style=\"color: #0000ff;\" href=\"http:\/\/www.psol50.org.br\/blog\/2017\/04\/10\/camara-quer-aprovar-reforma-politica-que-estabelece-clausula-de-barreira-e-ameaca-democracia\/\" target=\"_blank\" rel=\"noopener noreferrer\"><em>C\u00e2mara quer aprovar reforma pol\u00edtica que estabelece cl\u00e1usula de barreira e amea\u00e7a democracia<\/em><\/a><\/strong><\/span><\/p>\n<p>Confira a fala do deputado Chico Alencar, durante o debate na reuni\u00e3o desta quarta na CCJ.<\/p>\n<p>https:\/\/www.facebook.com\/chicoalencar\/videos\/1104230276345889\/<\/p>\n","protected":false},"excerpt":{"rendered":"<p>A Comiss\u00e3o de Constitui\u00e7\u00e3o e Justi\u00e7a (CCJ) da C\u00e2mara dos Deputados aprovou, no in\u00edcio da tarde desta quarta-feira (03\/05), por 37 votos a 14, a Proposta de Emenda \u00e0 Constitui\u00e7\u00e3o que institui a cl\u00e1usula de barreira (PEC 282\/16). O PSOL, representado pelo deputado Chico Alencar (RJ), votou contra o parecer do relator, deputado Betinho Gomes [&hellip;]<\/p>\n","protected":false},"author":2,"featured_media":16492,"comment_status":"open","ping_status":"open","sticky":false,"template":"","format":"standard","meta":{"_acf_changed":false,"footnotes":""},"categories":[10,1882,6],"tags":[3063,1375,1680,3064,87,3163,3164,3165,22,3046,3166],"class_list":{"0":"post-16522","1":"post","2":"type-post","3":"status-publish","4":"format-standard","5":"has-post-thumbnail","7":"category-acao-parlamentares","8":"category-brasil","9":"category-noticias","10":"tag-aecio-neves","11":"tag-ccj","12":"tag-chico-alencar","13":"tag-clausula-de-barreira","14":"tag-democracia","15":"tag-partidos-de-aluguel","16":"tag-partidos-ideologicos","17":"tag-pec-2822016","18":"tag-psol","19":"tag-reforma-politica","20":"tag-ricardo-ferraco"},"acf":[],"yoast_head":"<!-- This site is optimized with the Yoast SEO plugin v26.5 - https:\/\/yoast.com\/wordpress\/plugins\/seo\/ -->\n<title>PEC da cl\u00e1usula de barreira, proposta por A\u00e9cio Neves, \u00e9 aprovada na CCJ da C\u00e2mara - PSOL 50<\/title>\n<meta name=\"robots\" content=\"index, follow, max-snippet:-1, max-image-preview:large, max-video-preview:-1\" \/>\n<link rel=\"canonical\" href=\"https:\/\/psol50.org.br\/pec-da-clausula-de-barreira-proposta-por-aecio-neves-e-aprovada-na-ccj-da-camara\/\" \/>\n<meta property=\"og:locale\" content=\"pt_BR\" \/>\n<meta property=\"og:type\" content=\"article\" \/>\n<meta property=\"og:title\" content=\"PEC da cl\u00e1usula de barreira, proposta por A\u00e9cio Neves, \u00e9 aprovada na CCJ da C\u00e2mara - PSOL 50\" \/>\n<meta property=\"og:description\" content=\"A Comiss\u00e3o de Constitui\u00e7\u00e3o e Justi\u00e7a (CCJ) da C\u00e2mara dos Deputados aprovou, no in\u00edcio da tarde desta quarta-feira (03\/05), por 37 votos a 14, a Proposta de Emenda \u00e0 Constitui\u00e7\u00e3o que institui a cl\u00e1usula de barreira (PEC 282\/16). O PSOL, representado pelo deputado Chico Alencar (RJ), votou contra o parecer do relator, deputado Betinho Gomes [&hellip;]\" \/>\n<meta property=\"og:url\" content=\"https:\/\/psol50.org.br\/pec-da-clausula-de-barreira-proposta-por-aecio-neves-e-aprovada-na-ccj-da-camara\/\" \/>\n<meta property=\"og:site_name\" content=\"PSOL 50\" \/>\n<meta property=\"article:publisher\" content=\"https:\/\/www.facebook.com\/psol50\" \/>\n<meta property=\"article:published_time\" content=\"2017-05-03T20:56:02+00:00\" \/>\n<meta property=\"og:image\" content=\"https:\/\/psol50.org.br\/inc\/uploads\/2018\/07\/capa.png\" \/>\n\t<meta property=\"og:image:width\" content=\"1350\" \/>\n\t<meta property=\"og:image:height\" content=\"900\" \/>\n\t<meta property=\"og:image:type\" content=\"image\/png\" \/>\n<meta name=\"author\" content=\"Comunica\u00e7\u00e3o PSOL\" \/>\n<meta name=\"twitter:card\" content=\"summary_large_image\" \/>\n<meta name=\"twitter:creator\" content=\"@psol50\" \/>\n<meta name=\"twitter:site\" content=\"@psol50\" \/>\n<meta name=\"twitter:label1\" content=\"Escrito por\" \/>\n\t<meta name=\"twitter:data1\" content=\"Comunica\u00e7\u00e3o PSOL\" \/>\n\t<meta name=\"twitter:label2\" content=\"Est. tempo de leitura\" \/>\n\t<meta name=\"twitter:data2\" content=\"2 minutos\" \/>\n<script type=\"application\/ld+json\" class=\"yoast-schema-graph\">{\"@context\":\"https:\/\/schema.org\",\"@graph\":[{\"@type\":\"Article\",\"@id\":\"https:\/\/psol50.org.br\/pec-da-clausula-de-barreira-proposta-por-aecio-neves-e-aprovada-na-ccj-da-camara\/#article\",\"isPartOf\":{\"@id\":\"https:\/\/psol50.org.br\/pec-da-clausula-de-barreira-proposta-por-aecio-neves-e-aprovada-na-ccj-da-camara\/\"},\"author\":{\"name\":\"Comunica\u00e7\u00e3o PSOL\",\"@id\":\"https:\/\/psol50.org.br\/#\/schema\/person\/475dfa57d0b815993c714c2e96491fcd\"},\"headline\":\"PEC da cl\u00e1usula de barreira, proposta por A\u00e9cio Neves, \u00e9 aprovada na CCJ da C\u00e2mara\",\"datePublished\":\"2017-05-03T20:56:02+00:00\",\"mainEntityOfPage\":{\"@id\":\"https:\/\/psol50.org.br\/pec-da-clausula-de-barreira-proposta-por-aecio-neves-e-aprovada-na-ccj-da-camara\/\"},\"wordCount\":435,\"commentCount\":0,\"publisher\":{\"@id\":\"https:\/\/psol50.org.br\/#organization\"},\"image\":{\"@id\":\"https:\/\/psol50.org.br\/pec-da-clausula-de-barreira-proposta-por-aecio-neves-e-aprovada-na-ccj-da-camara\/#primaryimage\"},\"thumbnailUrl\":\"\",\"keywords\":[\"A\u00e9cio Neves\",\"CCJ\",\"Chico Alencar\",\"cl\u00e1usula de barreira\",\"democracia\",\"partidos de aluguel\",\"partidos ideol\u00f3gicos\",\"PEC 282\/2016\",\"PSOL\",\"Reforma Pol\u00edtica\",\"Ricardo Ferra\u00e7o\"],\"articleSection\":[\"A\u00e7\u00e3o Parlamentar\",\"Brasil\",\"Not\u00edcias\"],\"inLanguage\":\"pt-BR\",\"potentialAction\":[{\"@type\":\"CommentAction\",\"name\":\"Comment\",\"target\":[\"https:\/\/psol50.org.br\/pec-da-clausula-de-barreira-proposta-por-aecio-neves-e-aprovada-na-ccj-da-camara\/#respond\"]}]},{\"@type\":\"WebPage\",\"@id\":\"https:\/\/psol50.org.br\/pec-da-clausula-de-barreira-proposta-por-aecio-neves-e-aprovada-na-ccj-da-camara\/\",\"url\":\"https:\/\/psol50.org.br\/pec-da-clausula-de-barreira-proposta-por-aecio-neves-e-aprovada-na-ccj-da-camara\/\",\"name\":\"PEC da cl\u00e1usula de barreira, proposta por A\u00e9cio Neves, \u00e9 aprovada na CCJ da C\u00e2mara - PSOL 50\",\"isPartOf\":{\"@id\":\"https:\/\/psol50.org.br\/#website\"},\"primaryImageOfPage\":{\"@id\":\"https:\/\/psol50.org.br\/pec-da-clausula-de-barreira-proposta-por-aecio-neves-e-aprovada-na-ccj-da-camara\/#primaryimage\"},\"image\":{\"@id\":\"https:\/\/psol50.org.br\/pec-da-clausula-de-barreira-proposta-por-aecio-neves-e-aprovada-na-ccj-da-camara\/#primaryimage\"},\"thumbnailUrl\":\"\",\"datePublished\":\"2017-05-03T20:56:02+00:00\",\"breadcrumb\":{\"@id\":\"https:\/\/psol50.org.br\/pec-da-clausula-de-barreira-proposta-por-aecio-neves-e-aprovada-na-ccj-da-camara\/#breadcrumb\"},\"inLanguage\":\"pt-BR\",\"potentialAction\":[{\"@type\":\"ReadAction\",\"target\":[\"https:\/\/psol50.org.br\/pec-da-clausula-de-barreira-proposta-por-aecio-neves-e-aprovada-na-ccj-da-camara\/\"]}]},{\"@type\":\"ImageObject\",\"inLanguage\":\"pt-BR\",\"@id\":\"https:\/\/psol50.org.br\/pec-da-clausula-de-barreira-proposta-por-aecio-neves-e-aprovada-na-ccj-da-camara\/#primaryimage\",\"url\":\"\",\"contentUrl\":\"\"},{\"@type\":\"BreadcrumbList\",\"@id\":\"https:\/\/psol50.org.br\/pec-da-clausula-de-barreira-proposta-por-aecio-neves-e-aprovada-na-ccj-da-camara\/#breadcrumb\",\"itemListElement\":[{\"@type\":\"ListItem\",\"position\":1,\"name\":\"In\u00edcio\",\"item\":\"https:\/\/psol50.org.br\/\"},{\"@type\":\"ListItem\",\"position\":2,\"name\":\"PEC da cl\u00e1usula de barreira, proposta por A\u00e9cio Neves, \u00e9 aprovada na CCJ da C\u00e2mara\"}]},{\"@type\":\"WebSite\",\"@id\":\"https:\/\/psol50.org.br\/#website\",\"url\":\"https:\/\/psol50.org.br\/\",\"name\":\"PSOL 50\",\"description\":\"Site oficial do Partido Socialismo e Liberdade\",\"publisher\":{\"@id\":\"https:\/\/psol50.org.br\/#organization\"},\"alternateName\":\"PSOL50\",\"potentialAction\":[{\"@type\":\"SearchAction\",\"target\":{\"@type\":\"EntryPoint\",\"urlTemplate\":\"https:\/\/psol50.org.br\/?s={search_term_string}\"},\"query-input\":{\"@type\":\"PropertyValueSpecification\",\"valueRequired\":true,\"valueName\":\"search_term_string\"}}],\"inLanguage\":\"pt-BR\"},{\"@type\":\"Organization\",\"@id\":\"https:\/\/psol50.org.br\/#organization\",\"name\":\"PSOL 50\",\"alternateName\":\"PSOL 50\",\"url\":\"https:\/\/psol50.org.br\/\",\"logo\":{\"@type\":\"ImageObject\",\"inLanguage\":\"pt-BR\",\"@id\":\"https:\/\/psol50.org.br\/#\/schema\/logo\/image\/\",\"url\":\"https:\/\/psol50.org.br\/inc\/uploads\/2018\/07\/capa.png\",\"contentUrl\":\"https:\/\/psol50.org.br\/inc\/uploads\/2018\/07\/capa.png\",\"width\":1350,\"height\":900,\"caption\":\"PSOL 50\"},\"image\":{\"@id\":\"https:\/\/psol50.org.br\/#\/schema\/logo\/image\/\"},\"sameAs\":[\"https:\/\/www.facebook.com\/psol50\",\"https:\/\/x.com\/psol50\",\"https:\/\/www.instagram.com\/psol50\/\",\"https:\/\/www.youtube.com\/channel\/UC7SnJS5o1os7a6CaiNabzcg\"]},{\"@type\":\"Person\",\"@id\":\"https:\/\/psol50.org.br\/#\/schema\/person\/475dfa57d0b815993c714c2e96491fcd\",\"name\":\"Comunica\u00e7\u00e3o PSOL\",\"image\":{\"@type\":\"ImageObject\",\"inLanguage\":\"pt-BR\",\"@id\":\"https:\/\/psol50.org.br\/#\/schema\/person\/image\/\",\"url\":\"https:\/\/secure.gravatar.com\/avatar\/b34fc4f4e468a4e51785917065a3db57b841f5c95dba6ad8c73aaf8f66f8f9bf?s=96&d=mm&r=g\",\"contentUrl\":\"https:\/\/secure.gravatar.com\/avatar\/b34fc4f4e468a4e51785917065a3db57b841f5c95dba6ad8c73aaf8f66f8f9bf?s=96&d=mm&r=g\",\"caption\":\"Comunica\u00e7\u00e3o PSOL\"}}]}<\/script>\n<!-- \/ Yoast SEO plugin. -->","yoast_head_json":{"title":"PEC da cl\u00e1usula de barreira, proposta por A\u00e9cio Neves, \u00e9 aprovada na CCJ da C\u00e2mara - PSOL 50","robots":{"index":"index","follow":"follow","max-snippet":"max-snippet:-1","max-image-preview":"max-image-preview:large","max-video-preview":"max-video-preview:-1"},"canonical":"https:\/\/psol50.org.br\/pec-da-clausula-de-barreira-proposta-por-aecio-neves-e-aprovada-na-ccj-da-camara\/","og_locale":"pt_BR","og_type":"article","og_title":"PEC da cl\u00e1usula de barreira, proposta por A\u00e9cio Neves, \u00e9 aprovada na CCJ da C\u00e2mara - PSOL 50","og_description":"A Comiss\u00e3o de Constitui\u00e7\u00e3o e Justi\u00e7a (CCJ) da C\u00e2mara dos Deputados aprovou, no in\u00edcio da tarde desta quarta-feira (03\/05), por 37 votos a 14, a Proposta de Emenda \u00e0 Constitui\u00e7\u00e3o que institui a cl\u00e1usula de barreira (PEC 282\/16). O PSOL, representado pelo deputado Chico Alencar (RJ), votou contra o parecer do relator, deputado Betinho Gomes [&hellip;]","og_url":"https:\/\/psol50.org.br\/pec-da-clausula-de-barreira-proposta-por-aecio-neves-e-aprovada-na-ccj-da-camara\/","og_site_name":"PSOL 50","article_publisher":"https:\/\/www.facebook.com\/psol50","article_published_time":"2017-05-03T20:56:02+00:00","og_image":[{"width":1350,"height":900,"url":"https:\/\/psol50.org.br\/inc\/uploads\/2018\/07\/capa.png","type":"image\/png"}],"author":"Comunica\u00e7\u00e3o PSOL","twitter_card":"summary_large_image","twitter_creator":"@psol50","twitter_site":"@psol50","twitter_misc":{"Escrito por":"Comunica\u00e7\u00e3o PSOL","Est. tempo de leitura":"2 minutos"},"schema":{"@context":"https:\/\/schema.org","@graph":[{"@type":"Article","@id":"https:\/\/psol50.org.br\/pec-da-clausula-de-barreira-proposta-por-aecio-neves-e-aprovada-na-ccj-da-camara\/#article","isPartOf":{"@id":"https:\/\/psol50.org.br\/pec-da-clausula-de-barreira-proposta-por-aecio-neves-e-aprovada-na-ccj-da-camara\/"},"author":{"name":"Comunica\u00e7\u00e3o PSOL","@id":"https:\/\/psol50.org.br\/#\/schema\/person\/475dfa57d0b815993c714c2e96491fcd"},"headline":"PEC da cl\u00e1usula de barreira, proposta por A\u00e9cio Neves, \u00e9 aprovada na CCJ da C\u00e2mara","datePublished":"2017-05-03T20:56:02+00:00","mainEntityOfPage":{"@id":"https:\/\/psol50.org.br\/pec-da-clausula-de-barreira-proposta-por-aecio-neves-e-aprovada-na-ccj-da-camara\/"},"wordCount":435,"commentCount":0,"publisher":{"@id":"https:\/\/psol50.org.br\/#organization"},"image":{"@id":"https:\/\/psol50.org.br\/pec-da-clausula-de-barreira-proposta-por-aecio-neves-e-aprovada-na-ccj-da-camara\/#primaryimage"},"thumbnailUrl":"","keywords":["A\u00e9cio Neves","CCJ","Chico Alencar","cl\u00e1usula de barreira","democracia","partidos de aluguel","partidos ideol\u00f3gicos","PEC 282\/2016","PSOL","Reforma Pol\u00edtica","Ricardo Ferra\u00e7o"],"articleSection":["A\u00e7\u00e3o Parlamentar","Brasil","Not\u00edcias"],"inLanguage":"pt-BR","potentialAction":[{"@type":"CommentAction","name":"Comment","target":["https:\/\/psol50.org.br\/pec-da-clausula-de-barreira-proposta-por-aecio-neves-e-aprovada-na-ccj-da-camara\/#respond"]}]},{"@type":"WebPage","@id":"https:\/\/psol50.org.br\/pec-da-clausula-de-barreira-proposta-por-aecio-neves-e-aprovada-na-ccj-da-camara\/","url":"https:\/\/psol50.org.br\/pec-da-clausula-de-barreira-proposta-por-aecio-neves-e-aprovada-na-ccj-da-camara\/","name":"PEC da cl\u00e1usula de barreira, proposta por A\u00e9cio Neves, \u00e9 aprovada na CCJ da C\u00e2mara - PSOL 50","isPartOf":{"@id":"https:\/\/psol50.org.br\/#website"},"primaryImageOfPage":{"@id":"https:\/\/psol50.org.br\/pec-da-clausula-de-barreira-proposta-por-aecio-neves-e-aprovada-na-ccj-da-camara\/#primaryimage"},"image":{"@id":"https:\/\/psol50.org.br\/pec-da-clausula-de-barreira-proposta-por-aecio-neves-e-aprovada-na-ccj-da-camara\/#primaryimage"},"thumbnailUrl":"","datePublished":"2017-05-03T20:56:02+00:00","breadcrumb":{"@id":"https:\/\/psol50.org.br\/pec-da-clausula-de-barreira-proposta-por-aecio-neves-e-aprovada-na-ccj-da-camara\/#breadcrumb"},"inLanguage":"pt-BR","potentialAction":[{"@type":"ReadAction","target":["https:\/\/psol50.org.br\/pec-da-clausula-de-barreira-proposta-por-aecio-neves-e-aprovada-na-ccj-da-camara\/"]}]},{"@type":"ImageObject","inLanguage":"pt-BR","@id":"https:\/\/psol50.org.br\/pec-da-clausula-de-barreira-proposta-por-aecio-neves-e-aprovada-na-ccj-da-camara\/#primaryimage","url":"","contentUrl":""},{"@type":"BreadcrumbList","@id":"https:\/\/psol50.org.br\/pec-da-clausula-de-barreira-proposta-por-aecio-neves-e-aprovada-na-ccj-da-camara\/#breadcrumb","itemListElement":[{"@type":"ListItem","position":1,"name":"In\u00edcio","item":"https:\/\/psol50.org.br\/"},{"@type":"ListItem","position":2,"name":"PEC da cl\u00e1usula de barreira, proposta por A\u00e9cio Neves, \u00e9 aprovada na CCJ da C\u00e2mara"}]},{"@type":"WebSite","@id":"https:\/\/psol50.org.br\/#website","url":"https:\/\/psol50.org.br\/","name":"PSOL 50","description":"Site oficial do Partido Socialismo e Liberdade","publisher":{"@id":"https:\/\/psol50.org.br\/#organization"},"alternateName":"PSOL50","potentialAction":[{"@type":"SearchAction","target":{"@type":"EntryPoint","urlTemplate":"https:\/\/psol50.org.br\/?s={search_term_string}"},"query-input":{"@type":"PropertyValueSpecification","valueRequired":true,"valueName":"search_term_string"}}],"inLanguage":"pt-BR"},{"@type":"Organization","@id":"https:\/\/psol50.org.br\/#organization","name":"PSOL 50","alternateName":"PSOL 50","url":"https:\/\/psol50.org.br\/","logo":{"@type":"ImageObject","inLanguage":"pt-BR","@id":"https:\/\/psol50.org.br\/#\/schema\/logo\/image\/","url":"https:\/\/psol50.org.br\/inc\/uploads\/2018\/07\/capa.png","contentUrl":"https:\/\/psol50.org.br\/inc\/uploads\/2018\/07\/capa.png","width":1350,"height":900,"caption":"PSOL 50"},"image":{"@id":"https:\/\/psol50.org.br\/#\/schema\/logo\/image\/"},"sameAs":["https:\/\/www.facebook.com\/psol50","https:\/\/x.com\/psol50","https:\/\/www.instagram.com\/psol50\/","https:\/\/www.youtube.com\/channel\/UC7SnJS5o1os7a6CaiNabzcg"]},{"@type":"Person","@id":"https:\/\/psol50.org.br\/#\/schema\/person\/475dfa57d0b815993c714c2e96491fcd","name":"Comunica\u00e7\u00e3o PSOL","image":{"@type":"ImageObject","inLanguage":"pt-BR","@id":"https:\/\/psol50.org.br\/#\/schema\/person\/image\/","url":"https:\/\/secure.gravatar.com\/avatar\/b34fc4f4e468a4e51785917065a3db57b841f5c95dba6ad8c73aaf8f66f8f9bf?s=96&d=mm&r=g","contentUrl":"https:\/\/secure.gravatar.com\/avatar\/b34fc4f4e468a4e51785917065a3db57b841f5c95dba6ad8c73aaf8f66f8f9bf?s=96&d=mm&r=g","caption":"Comunica\u00e7\u00e3o PSOL"}}]}},"_links":{"self":[{"href":"https:\/\/psol50.org.br\/rest\/wp\/v2\/posts\/16522","targetHints":{"allow":["GET"]}}],"collection":[{"href":"https:\/\/psol50.org.br\/rest\/wp\/v2\/posts"}],"about":[{"href":"https:\/\/psol50.org.br\/rest\/wp\/v2\/types\/post"}],"author":[{"embeddable":true,"href":"https:\/\/psol50.org.br\/rest\/wp\/v2\/users\/2"}],"replies":[{"embeddable":true,"href":"https:\/\/psol50.org.br\/rest\/wp\/v2\/comments?post=16522"}],"version-history":[{"count":0,"href":"https:\/\/psol50.org.br\/rest\/wp\/v2\/posts\/16522\/revisions"}],"wp:featuredmedia":[{"embeddable":true,"href":"https:\/\/psol50.org.br\/rest\/"}],"wp:attachment":[{"href":"https:\/\/psol50.org.br\/rest\/wp\/v2\/media?parent=16522"}],"wp:term":[{"taxonomy":"category","embeddable":true,"href":"https:\/\/psol50.org.br\/rest\/wp\/v2\/categories?post=16522"},{"taxonomy":"post_tag","embeddable":true,"href":"https:\/\/psol50.org.br\/rest\/wp\/v2\/tags?post=16522"}],"curies":[{"name":"wp","href":"https:\/\/api.w.org\/{rel}","templated":true}]}}