{"id":16523,"date":"2017-05-03T23:25:08","date_gmt":"2017-05-03T23:25:08","guid":{"rendered":"http:\/\/www.psol50.org.br\/?p=16368"},"modified":"2017-05-03T23:25:08","modified_gmt":"2017-05-03T23:25:08","slug":"reforma-da-previdencia-e-aprovada-na-comissao-especial-da-camara","status":"publish","type":"post","link":"https:\/\/psol50.org.br\/reforma-da-previdencia-e-aprovada-na-comissao-especial-da-camara\/","title":{"rendered":"Reforma da Previd\u00eancia \u00e9 aprovada na comiss\u00e3o especial da C\u00e2mara"},"content":{"rendered":"<p>A base\u00a0de Michel Temer conseguiu aprovar, nesta quarta-feira (03\/05), na comiss\u00e3o especial, a proposta de reforma da Previd\u00eancia (PEC 287\/2016), que ataca frontalmente o direito \u00e0 aposentadoria de trabalhadores do setor privado e de servidores p\u00fablico.<\/p>\n<p>Com 23 votos a favor e 14 contr\u00e1rios, foi aprovado o parecer do deputado Arthur Maia (PPS-BA) e o Pal\u00e1cio do Planalto deu um passo importante em sua pol\u00edtica de ajuste fiscal, que tem a reforma da Previd\u00eancia como o principal eixo. O PSOL, representado pelos deputados Ivan Valente (titular) e Edmilson Rodrigues (suplente), votou contra e denunciou, com veem\u00eancia, o que est\u00e1 por tr\u00e1s da proposta de Temer.<\/p>\n<p>A aprova\u00e7\u00e3o do texto na comiss\u00e3o especial aconteceu exatamente uma semana depois de Temer conseguir aprovar a reforma trabalhista no plen\u00e1rio da casa. O relator da PEC entregou seu parecer, no dia 19 de abril, com altera\u00e7\u00f5es em v\u00e1rios pontos do texto. O recuo do governo foi devido \u00e0s mobiliza\u00e7\u00f5es que pipocam pa\u00eds a fora, incluindo a greve geral realizada em 28 de abril e o 1\u00ba de Maio, celebrado na segunda-feira.<\/p>\n<p>O governo tamb\u00e9m tinha o receio em sofrer uma derrota na vota\u00e7\u00e3o da mat\u00e9ria mais importante de seu ajuste fiscal, uma vez que a maioria dos deputados t\u00eam se posicionado contr\u00e1rios \u00e0 reforma. Incluindo, a\u00ed, integrantes da pr\u00f3pria base de apoio do Pal\u00e1cio do Planalto.<\/p>\n<p>Veja como votou cada deputado:<\/p>\n<blockquote class=\"twitter-tweet\" data-width=\"550\" data-dnt=\"true\">\n<p lang=\"pt\" dir=\"ltr\">Aten\u00e7\u00e3o: comiss\u00e3o especial aprova relat\u00f3rio da Reforma da Previd\u00eancia por 23 a 14. Veja como votou cada parlamentar: <a href=\"https:\/\/t.co\/ONXEvXjvUH\">pic.twitter.com\/ONXEvXjvUH<\/a><\/p>\n<p>&mdash; George Marques \ud83c\udde7\ud83c\uddf7 (@GeorgMarques) <a href=\"https:\/\/twitter.com\/GeorgMarques\/status\/859911386389938176?ref_src=twsrc%5Etfw\">May 3, 2017<\/a><\/p><\/blockquote>\n<p><script async src=\"https:\/\/platform.twitter.com\/widgets.js\" charset=\"utf-8\"><\/script><\/p>\n<p>.<\/p>\n<p>Para garantir os votos necess\u00e1rios no plen\u00e1rio, nas vota\u00e7\u00f5es em dois turnos e com qu\u00f3rum qualificado, Temer vai exonerar deputados dos cargos do primeiro escal\u00e3o para comparecer \u00e0 vota\u00e7\u00e3o. O governo negocia uma s\u00e9rie de vantagens para conseguir aliados.<\/p>\n<p>Com a vota\u00e7\u00e3o agora na comiss\u00e3o especial, o PSOL reafirma sua posi\u00e7\u00e3o e toda a sua bancada votar\u00e1 contra no plen\u00e1rio da C\u00e2mara. O partido entende que o governo segue com dificuldade de garantir os votos necess\u00e1rios \u00e0 mat\u00e9ria, que, se aprovada, acaba com o direito dos trabalhadores \u00e0 aposentadoria. Aumentar a press\u00e3o, nas ruas e no parlamento, poder\u00e1 garantir a vit\u00f3ria final que \u00e9 a derrota definitiva dessa proposta.<\/p>\n<p>Assista \u00e0 declara\u00e7\u00e3o de voto de Ivan Valente na comiss\u00e3o:<\/p>\n<p><a href=\"https:\/\/www.facebook.com\/IvanValentePSOL\/videos\/1558495057528704\/\">https:\/\/www.facebook.com\/IvanValentePSOL\/videos\/1558495057528704\/<\/a><\/p>\n","protected":false},"excerpt":{"rendered":"<p>A base\u00a0de Michel Temer conseguiu aprovar, nesta quarta-feira (03\/05), na comiss\u00e3o especial, a proposta de reforma da Previd\u00eancia (PEC 287\/2016), que ataca frontalmente o direito \u00e0 aposentadoria de trabalhadores do setor privado e de servidores p\u00fablico. Com 23 votos a favor e 14 contr\u00e1rios, foi aprovado o parecer do deputado Arthur Maia (PPS-BA) e o [&hellip;]<\/p>\n","protected":false},"author":2,"featured_media":16494,"comment_status":"open","ping_status":"open","sticky":false,"template":"","format":"standard","meta":{"_acf_changed":false,"footnotes":""},"categories":[10,1882,6],"tags":[1735,2348,3012,973,552,1748,2831,22,39],"class_list":{"0":"post-16523","1":"post","2":"type-post","3":"status-publish","4":"format-standard","5":"has-post-thumbnail","7":"category-acao-parlamentares","8":"category-brasil","9":"category-noticias","10":"tag-aposentadoria","11":"tag-comissao-especial","12":"tag-direito","13":"tag-edmilson-rodrigues","14":"tag-ivan-valente","15":"tag-michel-temer","16":"tag-pec-2872016","17":"tag-psol","18":"tag-reforma-da-previdencia"},"acf":[],"yoast_head":"<!-- This site is optimized with the Yoast SEO plugin v26.5 - https:\/\/yoast.com\/wordpress\/plugins\/seo\/ -->\n<title>Reforma da Previd\u00eancia \u00e9 aprovada na comiss\u00e3o especial da C\u00e2mara - PSOL 50<\/title>\n<meta name=\"robots\" content=\"index, follow, max-snippet:-1, max-image-preview:large, max-video-preview:-1\" \/>\n<link rel=\"canonical\" href=\"https:\/\/psol50.org.br\/reforma-da-previdencia-e-aprovada-na-comissao-especial-da-camara\/\" \/>\n<meta property=\"og:locale\" content=\"pt_BR\" \/>\n<meta property=\"og:type\" content=\"article\" \/>\n<meta property=\"og:title\" content=\"Reforma da Previd\u00eancia \u00e9 aprovada na comiss\u00e3o especial da C\u00e2mara - PSOL 50\" \/>\n<meta property=\"og:description\" content=\"A base\u00a0de Michel Temer conseguiu aprovar, nesta quarta-feira (03\/05), na comiss\u00e3o especial, a proposta de reforma da Previd\u00eancia (PEC 287\/2016), que ataca frontalmente o direito \u00e0 aposentadoria de trabalhadores do setor privado e de servidores p\u00fablico. Com 23 votos a favor e 14 contr\u00e1rios, foi aprovado o parecer do deputado Arthur Maia (PPS-BA) e o [&hellip;]\" \/>\n<meta property=\"og:url\" content=\"https:\/\/psol50.org.br\/reforma-da-previdencia-e-aprovada-na-comissao-especial-da-camara\/\" \/>\n<meta property=\"og:site_name\" content=\"PSOL 50\" \/>\n<meta property=\"article:publisher\" content=\"https:\/\/www.facebook.com\/psol50\" \/>\n<meta property=\"article:published_time\" content=\"2017-05-03T23:25:08+00:00\" \/>\n<meta property=\"og:image\" content=\"https:\/\/psol50.org.br\/inc\/uploads\/2018\/07\/capa.png\" \/>\n\t<meta property=\"og:image:width\" content=\"1350\" \/>\n\t<meta property=\"og:image:height\" content=\"900\" \/>\n\t<meta property=\"og:image:type\" content=\"image\/png\" \/>\n<meta name=\"author\" content=\"Comunica\u00e7\u00e3o PSOL\" \/>\n<meta name=\"twitter:card\" content=\"summary_large_image\" \/>\n<meta name=\"twitter:creator\" content=\"@psol50\" \/>\n<meta name=\"twitter:site\" content=\"@psol50\" \/>\n<meta name=\"twitter:label1\" content=\"Escrito por\" \/>\n\t<meta name=\"twitter:data1\" content=\"Comunica\u00e7\u00e3o PSOL\" \/>\n\t<meta name=\"twitter:label2\" content=\"Est. tempo de leitura\" \/>\n\t<meta name=\"twitter:data2\" content=\"2 minutos\" \/>\n<script type=\"application\/ld+json\" class=\"yoast-schema-graph\">{\"@context\":\"https:\/\/schema.org\",\"@graph\":[{\"@type\":\"Article\",\"@id\":\"https:\/\/psol50.org.br\/reforma-da-previdencia-e-aprovada-na-comissao-especial-da-camara\/#article\",\"isPartOf\":{\"@id\":\"https:\/\/psol50.org.br\/reforma-da-previdencia-e-aprovada-na-comissao-especial-da-camara\/\"},\"author\":{\"name\":\"Comunica\u00e7\u00e3o PSOL\",\"@id\":\"https:\/\/psol50.org.br\/#\/schema\/person\/475dfa57d0b815993c714c2e96491fcd\"},\"headline\":\"Reforma da Previd\u00eancia \u00e9 aprovada na comiss\u00e3o especial da C\u00e2mara\",\"datePublished\":\"2017-05-03T23:25:08+00:00\",\"mainEntityOfPage\":{\"@id\":\"https:\/\/psol50.org.br\/reforma-da-previdencia-e-aprovada-na-comissao-especial-da-camara\/\"},\"wordCount\":401,\"commentCount\":0,\"publisher\":{\"@id\":\"https:\/\/psol50.org.br\/#organization\"},\"image\":{\"@id\":\"https:\/\/psol50.org.br\/reforma-da-previdencia-e-aprovada-na-comissao-especial-da-camara\/#primaryimage\"},\"thumbnailUrl\":\"\",\"keywords\":[\"aposentadoria\",\"Comiss\u00e3o Especial\",\"direito\",\"Edmilson Rodrigues\",\"Ivan Valente\",\"Michel Temer\",\"PEC 287\/2016\",\"PSOL\",\"reforma da previd\u00eancia\"],\"articleSection\":[\"A\u00e7\u00e3o Parlamentar\",\"Brasil\",\"Not\u00edcias\"],\"inLanguage\":\"pt-BR\",\"potentialAction\":[{\"@type\":\"CommentAction\",\"name\":\"Comment\",\"target\":[\"https:\/\/psol50.org.br\/reforma-da-previdencia-e-aprovada-na-comissao-especial-da-camara\/#respond\"]}]},{\"@type\":\"WebPage\",\"@id\":\"https:\/\/psol50.org.br\/reforma-da-previdencia-e-aprovada-na-comissao-especial-da-camara\/\",\"url\":\"https:\/\/psol50.org.br\/reforma-da-previdencia-e-aprovada-na-comissao-especial-da-camara\/\",\"name\":\"Reforma da Previd\u00eancia \u00e9 aprovada na comiss\u00e3o especial da C\u00e2mara - PSOL 50\",\"isPartOf\":{\"@id\":\"https:\/\/psol50.org.br\/#website\"},\"primaryImageOfPage\":{\"@id\":\"https:\/\/psol50.org.br\/reforma-da-previdencia-e-aprovada-na-comissao-especial-da-camara\/#primaryimage\"},\"image\":{\"@id\":\"https:\/\/psol50.org.br\/reforma-da-previdencia-e-aprovada-na-comissao-especial-da-camara\/#primaryimage\"},\"thumbnailUrl\":\"\",\"datePublished\":\"2017-05-03T23:25:08+00:00\",\"breadcrumb\":{\"@id\":\"https:\/\/psol50.org.br\/reforma-da-previdencia-e-aprovada-na-comissao-especial-da-camara\/#breadcrumb\"},\"inLanguage\":\"pt-BR\",\"potentialAction\":[{\"@type\":\"ReadAction\",\"target\":[\"https:\/\/psol50.org.br\/reforma-da-previdencia-e-aprovada-na-comissao-especial-da-camara\/\"]}]},{\"@type\":\"ImageObject\",\"inLanguage\":\"pt-BR\",\"@id\":\"https:\/\/psol50.org.br\/reforma-da-previdencia-e-aprovada-na-comissao-especial-da-camara\/#primaryimage\",\"url\":\"\",\"contentUrl\":\"\"},{\"@type\":\"BreadcrumbList\",\"@id\":\"https:\/\/psol50.org.br\/reforma-da-previdencia-e-aprovada-na-comissao-especial-da-camara\/#breadcrumb\",\"itemListElement\":[{\"@type\":\"ListItem\",\"position\":1,\"name\":\"In\u00edcio\",\"item\":\"https:\/\/psol50.org.br\/\"},{\"@type\":\"ListItem\",\"position\":2,\"name\":\"Reforma da Previd\u00eancia \u00e9 aprovada na comiss\u00e3o especial da C\u00e2mara\"}]},{\"@type\":\"WebSite\",\"@id\":\"https:\/\/psol50.org.br\/#website\",\"url\":\"https:\/\/psol50.org.br\/\",\"name\":\"PSOL 50\",\"description\":\"Site oficial do Partido Socialismo e Liberdade\",\"publisher\":{\"@id\":\"https:\/\/psol50.org.br\/#organization\"},\"alternateName\":\"PSOL50\",\"potentialAction\":[{\"@type\":\"SearchAction\",\"target\":{\"@type\":\"EntryPoint\",\"urlTemplate\":\"https:\/\/psol50.org.br\/?s={search_term_string}\"},\"query-input\":{\"@type\":\"PropertyValueSpecification\",\"valueRequired\":true,\"valueName\":\"search_term_string\"}}],\"inLanguage\":\"pt-BR\"},{\"@type\":\"Organization\",\"@id\":\"https:\/\/psol50.org.br\/#organization\",\"name\":\"PSOL 50\",\"alternateName\":\"PSOL 50\",\"url\":\"https:\/\/psol50.org.br\/\",\"logo\":{\"@type\":\"ImageObject\",\"inLanguage\":\"pt-BR\",\"@id\":\"https:\/\/psol50.org.br\/#\/schema\/logo\/image\/\",\"url\":\"https:\/\/psol50.org.br\/inc\/uploads\/2018\/07\/capa.png\",\"contentUrl\":\"https:\/\/psol50.org.br\/inc\/uploads\/2018\/07\/capa.png\",\"width\":1350,\"height\":900,\"caption\":\"PSOL 50\"},\"image\":{\"@id\":\"https:\/\/psol50.org.br\/#\/schema\/logo\/image\/\"},\"sameAs\":[\"https:\/\/www.facebook.com\/psol50\",\"https:\/\/x.com\/psol50\",\"https:\/\/www.instagram.com\/psol50\/\",\"https:\/\/www.youtube.com\/channel\/UC7SnJS5o1os7a6CaiNabzcg\"]},{\"@type\":\"Person\",\"@id\":\"https:\/\/psol50.org.br\/#\/schema\/person\/475dfa57d0b815993c714c2e96491fcd\",\"name\":\"Comunica\u00e7\u00e3o PSOL\",\"image\":{\"@type\":\"ImageObject\",\"inLanguage\":\"pt-BR\",\"@id\":\"https:\/\/psol50.org.br\/#\/schema\/person\/image\/\",\"url\":\"https:\/\/secure.gravatar.com\/avatar\/b34fc4f4e468a4e51785917065a3db57b841f5c95dba6ad8c73aaf8f66f8f9bf?s=96&d=mm&r=g\",\"contentUrl\":\"https:\/\/secure.gravatar.com\/avatar\/b34fc4f4e468a4e51785917065a3db57b841f5c95dba6ad8c73aaf8f66f8f9bf?s=96&d=mm&r=g\",\"caption\":\"Comunica\u00e7\u00e3o PSOL\"}}]}<\/script>\n<!-- \/ Yoast SEO plugin. -->","yoast_head_json":{"title":"Reforma da Previd\u00eancia \u00e9 aprovada na comiss\u00e3o especial da C\u00e2mara - PSOL 50","robots":{"index":"index","follow":"follow","max-snippet":"max-snippet:-1","max-image-preview":"max-image-preview:large","max-video-preview":"max-video-preview:-1"},"canonical":"https:\/\/psol50.org.br\/reforma-da-previdencia-e-aprovada-na-comissao-especial-da-camara\/","og_locale":"pt_BR","og_type":"article","og_title":"Reforma da Previd\u00eancia \u00e9 aprovada na comiss\u00e3o especial da C\u00e2mara - PSOL 50","og_description":"A base\u00a0de Michel Temer conseguiu aprovar, nesta quarta-feira (03\/05), na comiss\u00e3o especial, a proposta de reforma da Previd\u00eancia (PEC 287\/2016), que ataca frontalmente o direito \u00e0 aposentadoria de trabalhadores do setor privado e de servidores p\u00fablico. Com 23 votos a favor e 14 contr\u00e1rios, foi aprovado o parecer do deputado Arthur Maia (PPS-BA) e o [&hellip;]","og_url":"https:\/\/psol50.org.br\/reforma-da-previdencia-e-aprovada-na-comissao-especial-da-camara\/","og_site_name":"PSOL 50","article_publisher":"https:\/\/www.facebook.com\/psol50","article_published_time":"2017-05-03T23:25:08+00:00","og_image":[{"width":1350,"height":900,"url":"https:\/\/psol50.org.br\/inc\/uploads\/2018\/07\/capa.png","type":"image\/png"}],"author":"Comunica\u00e7\u00e3o PSOL","twitter_card":"summary_large_image","twitter_creator":"@psol50","twitter_site":"@psol50","twitter_misc":{"Escrito por":"Comunica\u00e7\u00e3o PSOL","Est. tempo de leitura":"2 minutos"},"schema":{"@context":"https:\/\/schema.org","@graph":[{"@type":"Article","@id":"https:\/\/psol50.org.br\/reforma-da-previdencia-e-aprovada-na-comissao-especial-da-camara\/#article","isPartOf":{"@id":"https:\/\/psol50.org.br\/reforma-da-previdencia-e-aprovada-na-comissao-especial-da-camara\/"},"author":{"name":"Comunica\u00e7\u00e3o PSOL","@id":"https:\/\/psol50.org.br\/#\/schema\/person\/475dfa57d0b815993c714c2e96491fcd"},"headline":"Reforma da Previd\u00eancia \u00e9 aprovada na comiss\u00e3o especial da C\u00e2mara","datePublished":"2017-05-03T23:25:08+00:00","mainEntityOfPage":{"@id":"https:\/\/psol50.org.br\/reforma-da-previdencia-e-aprovada-na-comissao-especial-da-camara\/"},"wordCount":401,"commentCount":0,"publisher":{"@id":"https:\/\/psol50.org.br\/#organization"},"image":{"@id":"https:\/\/psol50.org.br\/reforma-da-previdencia-e-aprovada-na-comissao-especial-da-camara\/#primaryimage"},"thumbnailUrl":"","keywords":["aposentadoria","Comiss\u00e3o Especial","direito","Edmilson Rodrigues","Ivan Valente","Michel Temer","PEC 287\/2016","PSOL","reforma da previd\u00eancia"],"articleSection":["A\u00e7\u00e3o Parlamentar","Brasil","Not\u00edcias"],"inLanguage":"pt-BR","potentialAction":[{"@type":"CommentAction","name":"Comment","target":["https:\/\/psol50.org.br\/reforma-da-previdencia-e-aprovada-na-comissao-especial-da-camara\/#respond"]}]},{"@type":"WebPage","@id":"https:\/\/psol50.org.br\/reforma-da-previdencia-e-aprovada-na-comissao-especial-da-camara\/","url":"https:\/\/psol50.org.br\/reforma-da-previdencia-e-aprovada-na-comissao-especial-da-camara\/","name":"Reforma da Previd\u00eancia \u00e9 aprovada na comiss\u00e3o especial da C\u00e2mara - PSOL 50","isPartOf":{"@id":"https:\/\/psol50.org.br\/#website"},"primaryImageOfPage":{"@id":"https:\/\/psol50.org.br\/reforma-da-previdencia-e-aprovada-na-comissao-especial-da-camara\/#primaryimage"},"image":{"@id":"https:\/\/psol50.org.br\/reforma-da-previdencia-e-aprovada-na-comissao-especial-da-camara\/#primaryimage"},"thumbnailUrl":"","datePublished":"2017-05-03T23:25:08+00:00","breadcrumb":{"@id":"https:\/\/psol50.org.br\/reforma-da-previdencia-e-aprovada-na-comissao-especial-da-camara\/#breadcrumb"},"inLanguage":"pt-BR","potentialAction":[{"@type":"ReadAction","target":["https:\/\/psol50.org.br\/reforma-da-previdencia-e-aprovada-na-comissao-especial-da-camara\/"]}]},{"@type":"ImageObject","inLanguage":"pt-BR","@id":"https:\/\/psol50.org.br\/reforma-da-previdencia-e-aprovada-na-comissao-especial-da-camara\/#primaryimage","url":"","contentUrl":""},{"@type":"BreadcrumbList","@id":"https:\/\/psol50.org.br\/reforma-da-previdencia-e-aprovada-na-comissao-especial-da-camara\/#breadcrumb","itemListElement":[{"@type":"ListItem","position":1,"name":"In\u00edcio","item":"https:\/\/psol50.org.br\/"},{"@type":"ListItem","position":2,"name":"Reforma da Previd\u00eancia \u00e9 aprovada na comiss\u00e3o especial da C\u00e2mara"}]},{"@type":"WebSite","@id":"https:\/\/psol50.org.br\/#website","url":"https:\/\/psol50.org.br\/","name":"PSOL 50","description":"Site oficial do Partido Socialismo e Liberdade","publisher":{"@id":"https:\/\/psol50.org.br\/#organization"},"alternateName":"PSOL50","potentialAction":[{"@type":"SearchAction","target":{"@type":"EntryPoint","urlTemplate":"https:\/\/psol50.org.br\/?s={search_term_string}"},"query-input":{"@type":"PropertyValueSpecification","valueRequired":true,"valueName":"search_term_string"}}],"inLanguage":"pt-BR"},{"@type":"Organization","@id":"https:\/\/psol50.org.br\/#organization","name":"PSOL 50","alternateName":"PSOL 50","url":"https:\/\/psol50.org.br\/","logo":{"@type":"ImageObject","inLanguage":"pt-BR","@id":"https:\/\/psol50.org.br\/#\/schema\/logo\/image\/","url":"https:\/\/psol50.org.br\/inc\/uploads\/2018\/07\/capa.png","contentUrl":"https:\/\/psol50.org.br\/inc\/uploads\/2018\/07\/capa.png","width":1350,"height":900,"caption":"PSOL 50"},"image":{"@id":"https:\/\/psol50.org.br\/#\/schema\/logo\/image\/"},"sameAs":["https:\/\/www.facebook.com\/psol50","https:\/\/x.com\/psol50","https:\/\/www.instagram.com\/psol50\/","https:\/\/www.youtube.com\/channel\/UC7SnJS5o1os7a6CaiNabzcg"]},{"@type":"Person","@id":"https:\/\/psol50.org.br\/#\/schema\/person\/475dfa57d0b815993c714c2e96491fcd","name":"Comunica\u00e7\u00e3o PSOL","image":{"@type":"ImageObject","inLanguage":"pt-BR","@id":"https:\/\/psol50.org.br\/#\/schema\/person\/image\/","url":"https:\/\/secure.gravatar.com\/avatar\/b34fc4f4e468a4e51785917065a3db57b841f5c95dba6ad8c73aaf8f66f8f9bf?s=96&d=mm&r=g","contentUrl":"https:\/\/secure.gravatar.com\/avatar\/b34fc4f4e468a4e51785917065a3db57b841f5c95dba6ad8c73aaf8f66f8f9bf?s=96&d=mm&r=g","caption":"Comunica\u00e7\u00e3o PSOL"}}]}},"_links":{"self":[{"href":"https:\/\/psol50.org.br\/rest\/wp\/v2\/posts\/16523","targetHints":{"allow":["GET"]}}],"collection":[{"href":"https:\/\/psol50.org.br\/rest\/wp\/v2\/posts"}],"about":[{"href":"https:\/\/psol50.org.br\/rest\/wp\/v2\/types\/post"}],"author":[{"embeddable":true,"href":"https:\/\/psol50.org.br\/rest\/wp\/v2\/users\/2"}],"replies":[{"embeddable":true,"href":"https:\/\/psol50.org.br\/rest\/wp\/v2\/comments?post=16523"}],"version-history":[{"count":0,"href":"https:\/\/psol50.org.br\/rest\/wp\/v2\/posts\/16523\/revisions"}],"wp:featuredmedia":[{"embeddable":true,"href":"https:\/\/psol50.org.br\/rest\/"}],"wp:attachment":[{"href":"https:\/\/psol50.org.br\/rest\/wp\/v2\/media?parent=16523"}],"wp:term":[{"taxonomy":"category","embeddable":true,"href":"https:\/\/psol50.org.br\/rest\/wp\/v2\/categories?post=16523"},{"taxonomy":"post_tag","embeddable":true,"href":"https:\/\/psol50.org.br\/rest\/wp\/v2\/tags?post=16523"}],"curies":[{"name":"wp","href":"https:\/\/api.w.org\/{rel}","templated":true}]}}