{"id":16526,"date":"2017-05-03T20:51:14","date_gmt":"2017-05-03T20:51:14","guid":{"rendered":"http:\/\/www.psol50.org.br\/?p=16384"},"modified":"2017-05-03T20:51:14","modified_gmt":"2017-05-03T20:51:14","slug":"lutar-nao-e-crime-libertem-os-presos-politicos-da-greve-geral","status":"publish","type":"post","link":"https:\/\/psol50.org.br\/lutar-nao-e-crime-libertem-os-presos-politicos-da-greve-geral\/","title":{"rendered":"Lutar n\u00e3o \u00e9 crime: Libertem os presos pol\u00edticos da Greve Geral!"},"content":{"rendered":"<p>Tr\u00eas militantes do Movimento dos Trabalhadores Sem-Teto (MTST) de S\u00e3o Paulo est\u00e3o presos arbitrariamente desde a \u00faltima sexta-feira (28\/04), quando aconteceu a grande Greve Geral contra a reforma da Previd\u00eancia e o governo Temer.<\/p>\n<p>S\u00e3o verdadeiros presos pol\u00edticos. A alega\u00e7\u00e3o pela pris\u00e3o de Juraci, Luciano e Ricardo \u00e9 coisa da Ditadura Militar: garantia da &#8220;ordem p\u00fablica&#8221;. Os tr\u00eas &#8211; todos negros &#8211; foram transferidos na ter\u00e7a-feira (2) para o Centro de Deten\u00e7\u00e3o Provis\u00f3ria\u00a0em S\u00e3o Paulo. O recurso dos advogados do MTST pela soltura dos manifestantes foi negado, mesmo que n\u00e3o haja nenhuma prova contra eles a n\u00e3o ser depoimentos de policiais.<\/p>\n<p>A ju\u00edza Marcela Filus Coelho, que determinou a pris\u00e3o dos manifestantes, n\u00e3o tem nada de &#8220;isenta&#8221;: ela j\u00e1 censurou reportagem do portal UOL e era presen\u00e7a carimbada nos atos pr\u00f3-impeachment convocados pelos movimentos VemPraRua e MBL.<\/p>\n<p><a href=\"https:\/\/www.facebook.com\/povosemmedonacional\/photos\/a.1661869510750735.1073741828.1661846900752996\/1928291507441866\/?type=3&#038;theater\">https:\/\/www.facebook.com\/povosemmedonacional\/photos\/a.1661869510750735.1073741828.1661846900752996\/1928291507441866\/?type=3&amp;theater<\/a><\/p>\n<p>Nesta quarta-feira (3), o deputado Ivan Valente se manifestou no plen\u00e1rio da C\u00e2mara pela imediata soltura dos tr\u00eas manifestantes &#8211; claramente presos por lutarem por seus direitos. Assista \u00e0 fala:<\/p>\n<p><a href=\"https:\/\/www.facebook.com\/IvanValentePSOL\/videos\/1558292637548946\/\">https:\/\/www.facebook.com\/IvanValentePSOL\/videos\/1558292637548946\/<\/a><\/p>\n<p>.<\/p>\n<p>Outros representantes do PSOL j\u00e1 haviam se posicionado contra a absurda pris\u00e3o dos tr\u00eas manifestantes. Veja as falas do l\u00edder do PSOL na C\u00e2mara, Glauber Braga, e do deputado estadual Marcelo Freixo:<\/p>\n<p><a href=\"https:\/\/www.facebook.com\/psol50oficial\/videos\/879835408841272\/\">https:\/\/www.facebook.com\/psol50oficial\/videos\/879835408841272\/<\/a><\/p>\n<p>.<\/p>\n<p><a href=\"https:\/\/www.facebook.com\/psol50oficial\/videos\/879709472187199\/\">https:\/\/www.facebook.com\/psol50oficial\/videos\/879709472187199\/<\/a><\/p>\n","protected":false},"excerpt":{"rendered":"<p>Tr\u00eas militantes do Movimento dos Trabalhadores Sem-Teto (MTST) de S\u00e3o Paulo est\u00e3o presos arbitrariamente desde a \u00faltima sexta-feira (28\/04), quando aconteceu a grande Greve Geral contra a reforma da Previd\u00eancia e o governo Temer. S\u00e3o verdadeiros presos pol\u00edticos. A alega\u00e7\u00e3o pela pris\u00e3o de Juraci, Luciano e Ricardo \u00e9 coisa da Ditadura Militar: garantia da &#8220;ordem [&hellip;]<\/p>\n","protected":false},"author":2,"featured_media":16497,"comment_status":"open","ping_status":"open","sticky":false,"template":"","format":"standard","meta":{"_acf_changed":false,"footnotes":""},"categories":[10,1882,1104,6],"tags":[1191,1793,552,161,101,1945,585],"class_list":{"0":"post-16526","1":"post","2":"type-post","3":"status-publish","4":"format-standard","5":"has-post-thumbnail","7":"category-acao-parlamentares","8":"category-brasil","9":"category-movimento","10":"category-noticias","11":"tag-glauber-braga","12":"tag-greve-geral","13":"tag-ivan-valente","14":"tag-marcelo-freixo","15":"tag-mtst","16":"tag-povo-sem-medo","17":"tag-presos-politicos"},"acf":[],"yoast_head":"<!-- This site is optimized with the Yoast SEO plugin v26.5 - https:\/\/yoast.com\/wordpress\/plugins\/seo\/ -->\n<title>Lutar n\u00e3o \u00e9 crime: Libertem os presos pol\u00edticos da Greve Geral! - PSOL 50<\/title>\n<meta name=\"robots\" content=\"index, follow, max-snippet:-1, max-image-preview:large, max-video-preview:-1\" \/>\n<link rel=\"canonical\" href=\"https:\/\/psol50.org.br\/lutar-nao-e-crime-libertem-os-presos-politicos-da-greve-geral\/\" \/>\n<meta property=\"og:locale\" content=\"pt_BR\" \/>\n<meta property=\"og:type\" content=\"article\" \/>\n<meta property=\"og:title\" content=\"Lutar n\u00e3o \u00e9 crime: Libertem os presos pol\u00edticos da Greve Geral! - PSOL 50\" \/>\n<meta property=\"og:description\" content=\"Tr\u00eas militantes do Movimento dos Trabalhadores Sem-Teto (MTST) de S\u00e3o Paulo est\u00e3o presos arbitrariamente desde a \u00faltima sexta-feira (28\/04), quando aconteceu a grande Greve Geral contra a reforma da Previd\u00eancia e o governo Temer. S\u00e3o verdadeiros presos pol\u00edticos. A alega\u00e7\u00e3o pela pris\u00e3o de Juraci, Luciano e Ricardo \u00e9 coisa da Ditadura Militar: garantia da &#8220;ordem [&hellip;]\" \/>\n<meta property=\"og:url\" content=\"https:\/\/psol50.org.br\/lutar-nao-e-crime-libertem-os-presos-politicos-da-greve-geral\/\" \/>\n<meta property=\"og:site_name\" content=\"PSOL 50\" \/>\n<meta property=\"article:publisher\" content=\"https:\/\/www.facebook.com\/psol50\" \/>\n<meta property=\"article:published_time\" content=\"2017-05-03T20:51:14+00:00\" \/>\n<meta property=\"og:image\" content=\"https:\/\/psol50.org.br\/inc\/uploads\/2018\/07\/capa.png\" \/>\n\t<meta property=\"og:image:width\" content=\"1350\" \/>\n\t<meta property=\"og:image:height\" content=\"900\" \/>\n\t<meta property=\"og:image:type\" content=\"image\/png\" \/>\n<meta name=\"author\" content=\"Comunica\u00e7\u00e3o PSOL\" \/>\n<meta name=\"twitter:card\" content=\"summary_large_image\" \/>\n<meta name=\"twitter:creator\" content=\"@psol50\" \/>\n<meta name=\"twitter:site\" content=\"@psol50\" \/>\n<meta name=\"twitter:label1\" content=\"Escrito por\" \/>\n\t<meta name=\"twitter:data1\" content=\"Comunica\u00e7\u00e3o PSOL\" \/>\n\t<meta name=\"twitter:label2\" content=\"Est. tempo de leitura\" \/>\n\t<meta name=\"twitter:data2\" content=\"1 minuto\" \/>\n<script type=\"application\/ld+json\" class=\"yoast-schema-graph\">{\"@context\":\"https:\/\/schema.org\",\"@graph\":[{\"@type\":\"Article\",\"@id\":\"https:\/\/psol50.org.br\/lutar-nao-e-crime-libertem-os-presos-politicos-da-greve-geral\/#article\",\"isPartOf\":{\"@id\":\"https:\/\/psol50.org.br\/lutar-nao-e-crime-libertem-os-presos-politicos-da-greve-geral\/\"},\"author\":{\"name\":\"Comunica\u00e7\u00e3o PSOL\",\"@id\":\"https:\/\/psol50.org.br\/#\/schema\/person\/475dfa57d0b815993c714c2e96491fcd\"},\"headline\":\"Lutar n\u00e3o \u00e9 crime: Libertem os presos pol\u00edticos da Greve Geral!\",\"datePublished\":\"2017-05-03T20:51:14+00:00\",\"mainEntityOfPage\":{\"@id\":\"https:\/\/psol50.org.br\/lutar-nao-e-crime-libertem-os-presos-politicos-da-greve-geral\/\"},\"wordCount\":272,\"commentCount\":0,\"publisher\":{\"@id\":\"https:\/\/psol50.org.br\/#organization\"},\"image\":{\"@id\":\"https:\/\/psol50.org.br\/lutar-nao-e-crime-libertem-os-presos-politicos-da-greve-geral\/#primaryimage\"},\"thumbnailUrl\":\"\",\"keywords\":[\"Glauber Braga\",\"greve geral\",\"Ivan Valente\",\"Marcelo Freixo\",\"MTST\",\"Povo Sem medo\",\"presos pol\u00edticos\"],\"articleSection\":[\"A\u00e7\u00e3o Parlamentar\",\"Brasil\",\"Movimento\",\"Not\u00edcias\"],\"inLanguage\":\"pt-BR\",\"potentialAction\":[{\"@type\":\"CommentAction\",\"name\":\"Comment\",\"target\":[\"https:\/\/psol50.org.br\/lutar-nao-e-crime-libertem-os-presos-politicos-da-greve-geral\/#respond\"]}]},{\"@type\":\"WebPage\",\"@id\":\"https:\/\/psol50.org.br\/lutar-nao-e-crime-libertem-os-presos-politicos-da-greve-geral\/\",\"url\":\"https:\/\/psol50.org.br\/lutar-nao-e-crime-libertem-os-presos-politicos-da-greve-geral\/\",\"name\":\"Lutar n\u00e3o \u00e9 crime: Libertem os presos pol\u00edticos da Greve Geral! - PSOL 50\",\"isPartOf\":{\"@id\":\"https:\/\/psol50.org.br\/#website\"},\"primaryImageOfPage\":{\"@id\":\"https:\/\/psol50.org.br\/lutar-nao-e-crime-libertem-os-presos-politicos-da-greve-geral\/#primaryimage\"},\"image\":{\"@id\":\"https:\/\/psol50.org.br\/lutar-nao-e-crime-libertem-os-presos-politicos-da-greve-geral\/#primaryimage\"},\"thumbnailUrl\":\"\",\"datePublished\":\"2017-05-03T20:51:14+00:00\",\"breadcrumb\":{\"@id\":\"https:\/\/psol50.org.br\/lutar-nao-e-crime-libertem-os-presos-politicos-da-greve-geral\/#breadcrumb\"},\"inLanguage\":\"pt-BR\",\"potentialAction\":[{\"@type\":\"ReadAction\",\"target\":[\"https:\/\/psol50.org.br\/lutar-nao-e-crime-libertem-os-presos-politicos-da-greve-geral\/\"]}]},{\"@type\":\"ImageObject\",\"inLanguage\":\"pt-BR\",\"@id\":\"https:\/\/psol50.org.br\/lutar-nao-e-crime-libertem-os-presos-politicos-da-greve-geral\/#primaryimage\",\"url\":\"\",\"contentUrl\":\"\"},{\"@type\":\"BreadcrumbList\",\"@id\":\"https:\/\/psol50.org.br\/lutar-nao-e-crime-libertem-os-presos-politicos-da-greve-geral\/#breadcrumb\",\"itemListElement\":[{\"@type\":\"ListItem\",\"position\":1,\"name\":\"In\u00edcio\",\"item\":\"https:\/\/psol50.org.br\/\"},{\"@type\":\"ListItem\",\"position\":2,\"name\":\"Lutar n\u00e3o \u00e9 crime: Libertem os presos pol\u00edticos da Greve Geral!\"}]},{\"@type\":\"WebSite\",\"@id\":\"https:\/\/psol50.org.br\/#website\",\"url\":\"https:\/\/psol50.org.br\/\",\"name\":\"PSOL 50\",\"description\":\"Site oficial do Partido Socialismo e Liberdade\",\"publisher\":{\"@id\":\"https:\/\/psol50.org.br\/#organization\"},\"alternateName\":\"PSOL50\",\"potentialAction\":[{\"@type\":\"SearchAction\",\"target\":{\"@type\":\"EntryPoint\",\"urlTemplate\":\"https:\/\/psol50.org.br\/?s={search_term_string}\"},\"query-input\":{\"@type\":\"PropertyValueSpecification\",\"valueRequired\":true,\"valueName\":\"search_term_string\"}}],\"inLanguage\":\"pt-BR\"},{\"@type\":\"Organization\",\"@id\":\"https:\/\/psol50.org.br\/#organization\",\"name\":\"PSOL 50\",\"alternateName\":\"PSOL 50\",\"url\":\"https:\/\/psol50.org.br\/\",\"logo\":{\"@type\":\"ImageObject\",\"inLanguage\":\"pt-BR\",\"@id\":\"https:\/\/psol50.org.br\/#\/schema\/logo\/image\/\",\"url\":\"https:\/\/psol50.org.br\/inc\/uploads\/2018\/07\/capa.png\",\"contentUrl\":\"https:\/\/psol50.org.br\/inc\/uploads\/2018\/07\/capa.png\",\"width\":1350,\"height\":900,\"caption\":\"PSOL 50\"},\"image\":{\"@id\":\"https:\/\/psol50.org.br\/#\/schema\/logo\/image\/\"},\"sameAs\":[\"https:\/\/www.facebook.com\/psol50\",\"https:\/\/x.com\/psol50\",\"https:\/\/www.instagram.com\/psol50\/\",\"https:\/\/www.youtube.com\/channel\/UC7SnJS5o1os7a6CaiNabzcg\"]},{\"@type\":\"Person\",\"@id\":\"https:\/\/psol50.org.br\/#\/schema\/person\/475dfa57d0b815993c714c2e96491fcd\",\"name\":\"Comunica\u00e7\u00e3o PSOL\",\"image\":{\"@type\":\"ImageObject\",\"inLanguage\":\"pt-BR\",\"@id\":\"https:\/\/psol50.org.br\/#\/schema\/person\/image\/\",\"url\":\"https:\/\/secure.gravatar.com\/avatar\/b34fc4f4e468a4e51785917065a3db57b841f5c95dba6ad8c73aaf8f66f8f9bf?s=96&d=mm&r=g\",\"contentUrl\":\"https:\/\/secure.gravatar.com\/avatar\/b34fc4f4e468a4e51785917065a3db57b841f5c95dba6ad8c73aaf8f66f8f9bf?s=96&d=mm&r=g\",\"caption\":\"Comunica\u00e7\u00e3o PSOL\"}}]}<\/script>\n<!-- \/ Yoast SEO plugin. -->","yoast_head_json":{"title":"Lutar n\u00e3o \u00e9 crime: Libertem os presos pol\u00edticos da Greve Geral! - PSOL 50","robots":{"index":"index","follow":"follow","max-snippet":"max-snippet:-1","max-image-preview":"max-image-preview:large","max-video-preview":"max-video-preview:-1"},"canonical":"https:\/\/psol50.org.br\/lutar-nao-e-crime-libertem-os-presos-politicos-da-greve-geral\/","og_locale":"pt_BR","og_type":"article","og_title":"Lutar n\u00e3o \u00e9 crime: Libertem os presos pol\u00edticos da Greve Geral! - PSOL 50","og_description":"Tr\u00eas militantes do Movimento dos Trabalhadores Sem-Teto (MTST) de S\u00e3o Paulo est\u00e3o presos arbitrariamente desde a \u00faltima sexta-feira (28\/04), quando aconteceu a grande Greve Geral contra a reforma da Previd\u00eancia e o governo Temer. S\u00e3o verdadeiros presos pol\u00edticos. A alega\u00e7\u00e3o pela pris\u00e3o de Juraci, Luciano e Ricardo \u00e9 coisa da Ditadura Militar: garantia da &#8220;ordem [&hellip;]","og_url":"https:\/\/psol50.org.br\/lutar-nao-e-crime-libertem-os-presos-politicos-da-greve-geral\/","og_site_name":"PSOL 50","article_publisher":"https:\/\/www.facebook.com\/psol50","article_published_time":"2017-05-03T20:51:14+00:00","og_image":[{"width":1350,"height":900,"url":"https:\/\/psol50.org.br\/inc\/uploads\/2018\/07\/capa.png","type":"image\/png"}],"author":"Comunica\u00e7\u00e3o PSOL","twitter_card":"summary_large_image","twitter_creator":"@psol50","twitter_site":"@psol50","twitter_misc":{"Escrito por":"Comunica\u00e7\u00e3o PSOL","Est. tempo de leitura":"1 minuto"},"schema":{"@context":"https:\/\/schema.org","@graph":[{"@type":"Article","@id":"https:\/\/psol50.org.br\/lutar-nao-e-crime-libertem-os-presos-politicos-da-greve-geral\/#article","isPartOf":{"@id":"https:\/\/psol50.org.br\/lutar-nao-e-crime-libertem-os-presos-politicos-da-greve-geral\/"},"author":{"name":"Comunica\u00e7\u00e3o PSOL","@id":"https:\/\/psol50.org.br\/#\/schema\/person\/475dfa57d0b815993c714c2e96491fcd"},"headline":"Lutar n\u00e3o \u00e9 crime: Libertem os presos pol\u00edticos da Greve Geral!","datePublished":"2017-05-03T20:51:14+00:00","mainEntityOfPage":{"@id":"https:\/\/psol50.org.br\/lutar-nao-e-crime-libertem-os-presos-politicos-da-greve-geral\/"},"wordCount":272,"commentCount":0,"publisher":{"@id":"https:\/\/psol50.org.br\/#organization"},"image":{"@id":"https:\/\/psol50.org.br\/lutar-nao-e-crime-libertem-os-presos-politicos-da-greve-geral\/#primaryimage"},"thumbnailUrl":"","keywords":["Glauber Braga","greve geral","Ivan Valente","Marcelo Freixo","MTST","Povo Sem medo","presos pol\u00edticos"],"articleSection":["A\u00e7\u00e3o Parlamentar","Brasil","Movimento","Not\u00edcias"],"inLanguage":"pt-BR","potentialAction":[{"@type":"CommentAction","name":"Comment","target":["https:\/\/psol50.org.br\/lutar-nao-e-crime-libertem-os-presos-politicos-da-greve-geral\/#respond"]}]},{"@type":"WebPage","@id":"https:\/\/psol50.org.br\/lutar-nao-e-crime-libertem-os-presos-politicos-da-greve-geral\/","url":"https:\/\/psol50.org.br\/lutar-nao-e-crime-libertem-os-presos-politicos-da-greve-geral\/","name":"Lutar n\u00e3o \u00e9 crime: Libertem os presos pol\u00edticos da Greve Geral! - PSOL 50","isPartOf":{"@id":"https:\/\/psol50.org.br\/#website"},"primaryImageOfPage":{"@id":"https:\/\/psol50.org.br\/lutar-nao-e-crime-libertem-os-presos-politicos-da-greve-geral\/#primaryimage"},"image":{"@id":"https:\/\/psol50.org.br\/lutar-nao-e-crime-libertem-os-presos-politicos-da-greve-geral\/#primaryimage"},"thumbnailUrl":"","datePublished":"2017-05-03T20:51:14+00:00","breadcrumb":{"@id":"https:\/\/psol50.org.br\/lutar-nao-e-crime-libertem-os-presos-politicos-da-greve-geral\/#breadcrumb"},"inLanguage":"pt-BR","potentialAction":[{"@type":"ReadAction","target":["https:\/\/psol50.org.br\/lutar-nao-e-crime-libertem-os-presos-politicos-da-greve-geral\/"]}]},{"@type":"ImageObject","inLanguage":"pt-BR","@id":"https:\/\/psol50.org.br\/lutar-nao-e-crime-libertem-os-presos-politicos-da-greve-geral\/#primaryimage","url":"","contentUrl":""},{"@type":"BreadcrumbList","@id":"https:\/\/psol50.org.br\/lutar-nao-e-crime-libertem-os-presos-politicos-da-greve-geral\/#breadcrumb","itemListElement":[{"@type":"ListItem","position":1,"name":"In\u00edcio","item":"https:\/\/psol50.org.br\/"},{"@type":"ListItem","position":2,"name":"Lutar n\u00e3o \u00e9 crime: Libertem os presos pol\u00edticos da Greve Geral!"}]},{"@type":"WebSite","@id":"https:\/\/psol50.org.br\/#website","url":"https:\/\/psol50.org.br\/","name":"PSOL 50","description":"Site oficial do Partido Socialismo e Liberdade","publisher":{"@id":"https:\/\/psol50.org.br\/#organization"},"alternateName":"PSOL50","potentialAction":[{"@type":"SearchAction","target":{"@type":"EntryPoint","urlTemplate":"https:\/\/psol50.org.br\/?s={search_term_string}"},"query-input":{"@type":"PropertyValueSpecification","valueRequired":true,"valueName":"search_term_string"}}],"inLanguage":"pt-BR"},{"@type":"Organization","@id":"https:\/\/psol50.org.br\/#organization","name":"PSOL 50","alternateName":"PSOL 50","url":"https:\/\/psol50.org.br\/","logo":{"@type":"ImageObject","inLanguage":"pt-BR","@id":"https:\/\/psol50.org.br\/#\/schema\/logo\/image\/","url":"https:\/\/psol50.org.br\/inc\/uploads\/2018\/07\/capa.png","contentUrl":"https:\/\/psol50.org.br\/inc\/uploads\/2018\/07\/capa.png","width":1350,"height":900,"caption":"PSOL 50"},"image":{"@id":"https:\/\/psol50.org.br\/#\/schema\/logo\/image\/"},"sameAs":["https:\/\/www.facebook.com\/psol50","https:\/\/x.com\/psol50","https:\/\/www.instagram.com\/psol50\/","https:\/\/www.youtube.com\/channel\/UC7SnJS5o1os7a6CaiNabzcg"]},{"@type":"Person","@id":"https:\/\/psol50.org.br\/#\/schema\/person\/475dfa57d0b815993c714c2e96491fcd","name":"Comunica\u00e7\u00e3o PSOL","image":{"@type":"ImageObject","inLanguage":"pt-BR","@id":"https:\/\/psol50.org.br\/#\/schema\/person\/image\/","url":"https:\/\/secure.gravatar.com\/avatar\/b34fc4f4e468a4e51785917065a3db57b841f5c95dba6ad8c73aaf8f66f8f9bf?s=96&d=mm&r=g","contentUrl":"https:\/\/secure.gravatar.com\/avatar\/b34fc4f4e468a4e51785917065a3db57b841f5c95dba6ad8c73aaf8f66f8f9bf?s=96&d=mm&r=g","caption":"Comunica\u00e7\u00e3o PSOL"}}]}},"_links":{"self":[{"href":"https:\/\/psol50.org.br\/rest\/wp\/v2\/posts\/16526","targetHints":{"allow":["GET"]}}],"collection":[{"href":"https:\/\/psol50.org.br\/rest\/wp\/v2\/posts"}],"about":[{"href":"https:\/\/psol50.org.br\/rest\/wp\/v2\/types\/post"}],"author":[{"embeddable":true,"href":"https:\/\/psol50.org.br\/rest\/wp\/v2\/users\/2"}],"replies":[{"embeddable":true,"href":"https:\/\/psol50.org.br\/rest\/wp\/v2\/comments?post=16526"}],"version-history":[{"count":0,"href":"https:\/\/psol50.org.br\/rest\/wp\/v2\/posts\/16526\/revisions"}],"wp:featuredmedia":[{"embeddable":true,"href":"https:\/\/psol50.org.br\/rest\/"}],"wp:attachment":[{"href":"https:\/\/psol50.org.br\/rest\/wp\/v2\/media?parent=16526"}],"wp:term":[{"taxonomy":"category","embeddable":true,"href":"https:\/\/psol50.org.br\/rest\/wp\/v2\/categories?post=16526"},{"taxonomy":"post_tag","embeddable":true,"href":"https:\/\/psol50.org.br\/rest\/wp\/v2\/tags?post=16526"}],"curies":[{"name":"wp","href":"https:\/\/api.w.org\/{rel}","templated":true}]}}